{"id":97985019,"date":"2017-11-27T09:17:21","date_gmt":"2017-11-27T12:17:21","guid":{"rendered":"http:\/\/acrimat.org.br\/portal\/?p=97985019"},"modified":"2017-11-27T09:17:21","modified_gmt":"2017-11-27T12:17:21","slug":"icms-reduzido-seguira-ate-2019","status":"publish","type":"post","link":"https:\/\/acrimat.org.br\/portal\/icms-reduzido-seguira-ate-2019\/","title":{"rendered":"ICMS reduzido seguir\u00e1 at\u00e9 2019"},"content":{"rendered":"<p>A comercializa\u00e7\u00e3o interna e interestadual de insumo agropecu\u00e1rios seguir\u00e3o com base de c\u00e1lculo do Imposto sobre Circula\u00e7\u00e3o de Mercadorias e Servi\u00e7os (ICMS) reduzida no Estado at\u00e9 abril de 2019. A medida consta em decreto publicado pelo governo de Mato Grosso, por meio da Secretaria de Estado de Fazenda (Sefaz). O objetivo \u00e9, segundo o Executivo, a preserva\u00e7\u00e3o de um cen\u00e1rio mais justo, com equil\u00edbrio fiscal e fomento ao desenvolvimento econ\u00f4mico estadual.<\/p>\n<p>A Sefaz pretende fazer um estudo aprofundado para que haja uma al\u00edquota justa repartida entre o estado produtor e o estado consumidor dos insumos. O secret\u00e1rio da Pasta, Gustavo de Oliveira, ressalta que o levantamento permitir\u00e1 a identifica\u00e7\u00e3o de dados importantes sobre a produ\u00e7\u00e3o dos insumos, com informa\u00e7\u00f5es sobre os estados produtores e consumidores e qual \u00e9 a rela\u00e7\u00e3o tribut\u00e1ria entre esses entes. Com isso, ser\u00e1 poss\u00edvel encontrar uma solu\u00e7\u00e3o para a quest\u00e3o tribut\u00e1ria do segmento da agropecu\u00e1ria, sem impactar grandes custos para o produtor. \u201cAlguns estudos mostram que o encerramento do Conv\u00eanio 100 aumentaria o custo de produ\u00e7\u00e3o em mais de 6% em algumas culturas agropecu\u00e1rias, o que praticamente inviabilizaria a produ\u00e7\u00e3o porque \u00e9 maior do que a margem que o produtor tem\u201d.<\/p>\n<p><strong>Redu\u00e7\u00f5es<\/strong><\/p>\n<p>Conforme texto do Conv\u00eanio 100, a redu\u00e7\u00e3o de 60% na base de c\u00e1lculo do ICMS \u00e9 aplicada nas opera\u00e7\u00f5es interestaduais com sementes, fertilizantes e defensivos agr\u00edcolas. O benef\u00edcio se estende a ra\u00e7\u00f5es para animais e opera\u00e7\u00f5es com esterco animal, mudas de plantas e res\u00edduos agroindustriais org\u00e2nicos, usados como mat\u00e9ria-prima na fabrica\u00e7\u00e3o de insumos para a agricultura.<\/p>\n<p>J\u00e1 a redu\u00e7\u00e3o de 30% \u00e9 aplicada nas sa\u00eddas interestaduais de produtos destinados \u00e0 alimenta\u00e7\u00e3o animal ou \u00e0 fabrica\u00e7\u00e3o de ra\u00e7\u00e3o, como farelos, cascas e tortas de soja, aveia e canola. O Conv\u00eanio permite ainda a isen\u00e7\u00e3o da carga tribut\u00e1ria nas opera\u00e7\u00f5es internas de insumos agropecu\u00e1rios, como calc\u00e1rio, gesso e sementes em geral. Em Mato Grosso todas as opera\u00e7\u00f5es internas que t\u00eam por finalidade o uso e consumo no processo de industrializa\u00e7\u00e3o de produto agropecu\u00e1rio s\u00e3o beneficiadas com a isen\u00e7\u00e3o.<\/p>\n<p>Para manter o benef\u00edcio \u00e9 preciso que o produto esteja registrado no Minist\u00e9rio da Agricultura, Pecu\u00e1ria e Abastecimento (Mapa) e que seja destinado exclusivamente ao uso na agricultura e pecu\u00e1ria. <em>(Com Assessoria)<\/em><\/p>\n","protected":false},"excerpt":{"rendered":"<p>Redu\u00e7\u00e3o de 30% \u00e9 aplicada nas sa\u00eddas interestaduais de produtos destinados \u00e0 alimenta\u00e7\u00e3o animal ou \u00e0 fabrica\u00e7\u00e3o de ra\u00e7\u00e3o, como farelos, cascas e tortas de soja, aveia e canola<\/p>\n","protected":false},"author":11,"featured_media":97985020,"comment_status":"closed","ping_status":"closed","sticky":false,"template":"","format":"standard","meta":{"footnotes":""},"categories":[6,1],"tags":[],"class_list":["post-97985019","post","type-post","status-publish","format-standard","has-post-thumbnail","hentry","category-destaque","category-noticia"],"yoast_head":"<!-- This site is optimized with the Yoast SEO plugin v24.8.1 - https:\/\/yoast.com\/wordpress\/plugins\/seo\/ -->\n<title>ICMS reduzido seguir\u00e1 at\u00e9 2019 - Acrimat<\/title>\n<meta name=\"robots\" content=\"index, follow, max-snippet:-1, max-image-preview:large, max-video-preview:-1\" \/>\n<link rel=\"canonical\" href=\"https:\/\/acrimat.org.br\/portal\/icms-reduzido-seguira-ate-2019\/\" \/>\n<meta property=\"og:locale\" content=\"pt_BR\" \/>\n<meta property=\"og:type\" content=\"article\" \/>\n<meta property=\"og:title\" content=\"ICMS reduzido seguir\u00e1 at\u00e9 2019 - Acrimat\" \/>\n<meta property=\"og:description\" content=\"Redu\u00e7\u00e3o de 30% \u00e9 aplicada nas sa\u00eddas interestaduais de produtos destinados \u00e0 alimenta\u00e7\u00e3o animal ou \u00e0 fabrica\u00e7\u00e3o de ra\u00e7\u00e3o, como farelos, cascas e tortas de soja, aveia e canola\" \/>\n<meta property=\"og:url\" content=\"https:\/\/acrimat.org.br\/portal\/icms-reduzido-seguira-ate-2019\/\" \/>\n<meta property=\"og:site_name\" content=\"Acrimat\" \/>\n<meta property=\"article:published_time\" content=\"2017-11-27T12:17:21+00:00\" \/>\n<meta property=\"og:image\" content=\"https:\/\/acrimat.org.br\/portal\/wp-content\/uploads\/2017\/11\/confinamento5-1.jpg\" \/>\n\t<meta property=\"og:image:width\" content=\"730\" \/>\n\t<meta property=\"og:image:height\" content=\"502\" \/>\n\t<meta property=\"og:image:type\" content=\"image\/jpeg\" \/>\n<meta name=\"author\" content=\"P\u00e9ricles C\u00e2ndido\" \/>\n<meta name=\"twitter:card\" content=\"summary_large_image\" \/>\n<meta name=\"twitter:label1\" content=\"Escrito por\" \/>\n\t<meta name=\"twitter:data1\" content=\"P\u00e9ricles C\u00e2ndido\" \/>\n\t<meta name=\"twitter:label2\" content=\"Est. tempo de leitura\" \/>\n\t<meta name=\"twitter:data2\" content=\"2 minutos\" \/>\n<script type=\"application\/ld+json\" class=\"yoast-schema-graph\">{\"@context\":\"https:\/\/schema.org\",\"@graph\":[{\"@type\":\"Article\",\"@id\":\"https:\/\/acrimat.org.br\/portal\/icms-reduzido-seguira-ate-2019\/#article\",\"isPartOf\":{\"@id\":\"https:\/\/acrimat.org.br\/portal\/icms-reduzido-seguira-ate-2019\/\"},\"author\":{\"name\":\"P\u00e9ricles C\u00e2ndido\",\"@id\":\"https:\/\/acrimat.org.br\/portal\/#\/schema\/person\/18df8bcf6890e924fe5d8b5afd2bec0f\"},\"headline\":\"ICMS reduzido seguir\u00e1 at\u00e9 2019\",\"datePublished\":\"2017-11-27T12:17:21+00:00\",\"mainEntityOfPage\":{\"@id\":\"https:\/\/acrimat.org.br\/portal\/icms-reduzido-seguira-ate-2019\/\"},\"wordCount\":414,\"publisher\":{\"@id\":\"https:\/\/acrimat.org.br\/portal\/#organization\"},\"image\":{\"@id\":\"https:\/\/acrimat.org.br\/portal\/icms-reduzido-seguira-ate-2019\/#primaryimage\"},\"thumbnailUrl\":\"https:\/\/acrimat.org.br\/portal\/wp-content\/uploads\/2017\/11\/confinamento5-1.jpg\",\"articleSection\":[\"Destaques\",\"Not\u00edcias\"],\"inLanguage\":\"pt-BR\"},{\"@type\":\"WebPage\",\"@id\":\"https:\/\/acrimat.org.br\/portal\/icms-reduzido-seguira-ate-2019\/\",\"url\":\"https:\/\/acrimat.org.br\/portal\/icms-reduzido-seguira-ate-2019\/\",\"name\":\"ICMS reduzido seguir\u00e1 at\u00e9 2019 - Acrimat\",\"isPartOf\":{\"@id\":\"https:\/\/acrimat.org.br\/portal\/#website\"},\"primaryImageOfPage\":{\"@id\":\"https:\/\/acrimat.org.br\/portal\/icms-reduzido-seguira-ate-2019\/#primaryimage\"},\"image\":{\"@id\":\"https:\/\/acrimat.org.br\/portal\/icms-reduzido-seguira-ate-2019\/#primaryimage\"},\"thumbnailUrl\":\"https:\/\/acrimat.org.br\/portal\/wp-content\/uploads\/2017\/11\/confinamento5-1.jpg\",\"datePublished\":\"2017-11-27T12:17:21+00:00\",\"breadcrumb\":{\"@id\":\"https:\/\/acrimat.org.br\/portal\/icms-reduzido-seguira-ate-2019\/#breadcrumb\"},\"inLanguage\":\"pt-BR\",\"potentialAction\":[{\"@type\":\"ReadAction\",\"target\":[\"https:\/\/acrimat.org.br\/portal\/icms-reduzido-seguira-ate-2019\/\"]}]},{\"@type\":\"ImageObject\",\"inLanguage\":\"pt-BR\",\"@id\":\"https:\/\/acrimat.org.br\/portal\/icms-reduzido-seguira-ate-2019\/#primaryimage\",\"url\":\"https:\/\/acrimat.org.br\/portal\/wp-content\/uploads\/2017\/11\/confinamento5-1.jpg\",\"contentUrl\":\"https:\/\/acrimat.org.br\/portal\/wp-content\/uploads\/2017\/11\/confinamento5-1.jpg\",\"width\":730,\"height\":502},{\"@type\":\"BreadcrumbList\",\"@id\":\"https:\/\/acrimat.org.br\/portal\/icms-reduzido-seguira-ate-2019\/#breadcrumb\",\"itemListElement\":[{\"@type\":\"ListItem\",\"position\":1,\"name\":\"In\u00edcio\",\"item\":\"https:\/\/acrimat.org.br\/portal\/\"},{\"@type\":\"ListItem\",\"position\":2,\"name\":\"ICMS reduzido seguir\u00e1 at\u00e9 2019\"}]},{\"@type\":\"WebSite\",\"@id\":\"https:\/\/acrimat.org.br\/portal\/#website\",\"url\":\"https:\/\/acrimat.org.br\/portal\/\",\"name\":\"Acrimat\",\"description\":\"Associa\u00e7\u00e3o dos Criadores de Mato Grosso\",\"publisher\":{\"@id\":\"https:\/\/acrimat.org.br\/portal\/#organization\"},\"potentialAction\":[{\"@type\":\"SearchAction\",\"target\":{\"@type\":\"EntryPoint\",\"urlTemplate\":\"https:\/\/acrimat.org.br\/portal\/?s={search_term_string}\"},\"query-input\":{\"@type\":\"PropertyValueSpecification\",\"valueRequired\":true,\"valueName\":\"search_term_string\"}}],\"inLanguage\":\"pt-BR\"},{\"@type\":\"Organization\",\"@id\":\"https:\/\/acrimat.org.br\/portal\/#organization\",\"name\":\"Associa\u00e7\u00e3o dos Criadores de Mato Grosso\",\"url\":\"https:\/\/acrimat.org.br\/portal\/\",\"logo\":{\"@type\":\"ImageObject\",\"inLanguage\":\"pt-BR\",\"@id\":\"https:\/\/acrimat.org.br\/portal\/#\/schema\/logo\/image\/\",\"url\":\"https:\/\/acrimat.org.br\/portal\/wp-content\/uploads\/2018\/03\/logo-peq-original.png\",\"contentUrl\":\"https:\/\/acrimat.org.br\/portal\/wp-content\/uploads\/2018\/03\/logo-peq-original.png\",\"width\":174,\"height\":171,\"caption\":\"Associa\u00e7\u00e3o dos Criadores de Mato Grosso\"},\"image\":{\"@id\":\"https:\/\/acrimat.org.br\/portal\/#\/schema\/logo\/image\/\"}},{\"@type\":\"Person\",\"@id\":\"https:\/\/acrimat.org.br\/portal\/#\/schema\/person\/18df8bcf6890e924fe5d8b5afd2bec0f\",\"name\":\"P\u00e9ricles C\u00e2ndido\",\"image\":{\"@type\":\"ImageObject\",\"inLanguage\":\"pt-BR\",\"@id\":\"https:\/\/acrimat.org.br\/portal\/#\/schema\/person\/image\/\",\"url\":\"https:\/\/secure.gravatar.com\/avatar\/33e2a2b971dc363ed2df53d0d3bfbd18?s=96&d=mm&r=g\",\"contentUrl\":\"https:\/\/secure.gravatar.com\/avatar\/33e2a2b971dc363ed2df53d0d3bfbd18?s=96&d=mm&r=g\",\"caption\":\"P\u00e9ricles C\u00e2ndido\"},\"sameAs\":[\"ascom@acrimat.org.br\"],\"url\":\"https:\/\/acrimat.org.br\/portal\/author\/designergrafico\/\"}]}<\/script>\n<!-- \/ Yoast SEO plugin. -->","yoast_head_json":{"title":"ICMS reduzido seguir\u00e1 at\u00e9 2019 - Acrimat","robots":{"index":"index","follow":"follow","max-snippet":"max-snippet:-1","max-image-preview":"max-image-preview:large","max-video-preview":"max-video-preview:-1"},"canonical":"https:\/\/acrimat.org.br\/portal\/icms-reduzido-seguira-ate-2019\/","og_locale":"pt_BR","og_type":"article","og_title":"ICMS reduzido seguir\u00e1 at\u00e9 2019 - Acrimat","og_description":"Redu\u00e7\u00e3o de 30% \u00e9 aplicada nas sa\u00eddas interestaduais de produtos destinados \u00e0 alimenta\u00e7\u00e3o animal ou \u00e0 fabrica\u00e7\u00e3o de ra\u00e7\u00e3o, como farelos, cascas e tortas de soja, aveia e canola","og_url":"https:\/\/acrimat.org.br\/portal\/icms-reduzido-seguira-ate-2019\/","og_site_name":"Acrimat","article_published_time":"2017-11-27T12:17:21+00:00","og_image":[{"width":730,"height":502,"url":"https:\/\/acrimat.org.br\/portal\/wp-content\/uploads\/2017\/11\/confinamento5-1.jpg","type":"image\/jpeg"}],"author":"P\u00e9ricles C\u00e2ndido","twitter_card":"summary_large_image","twitter_misc":{"Escrito por":"P\u00e9ricles C\u00e2ndido","Est. tempo de leitura":"2 minutos"},"schema":{"@context":"https:\/\/schema.org","@graph":[{"@type":"Article","@id":"https:\/\/acrimat.org.br\/portal\/icms-reduzido-seguira-ate-2019\/#article","isPartOf":{"@id":"https:\/\/acrimat.org.br\/portal\/icms-reduzido-seguira-ate-2019\/"},"author":{"name":"P\u00e9ricles C\u00e2ndido","@id":"https:\/\/acrimat.org.br\/portal\/#\/schema\/person\/18df8bcf6890e924fe5d8b5afd2bec0f"},"headline":"ICMS reduzido seguir\u00e1 at\u00e9 2019","datePublished":"2017-11-27T12:17:21+00:00","mainEntityOfPage":{"@id":"https:\/\/acrimat.org.br\/portal\/icms-reduzido-seguira-ate-2019\/"},"wordCount":414,"publisher":{"@id":"https:\/\/acrimat.org.br\/portal\/#organization"},"image":{"@id":"https:\/\/acrimat.org.br\/portal\/icms-reduzido-seguira-ate-2019\/#primaryimage"},"thumbnailUrl":"https:\/\/acrimat.org.br\/portal\/wp-content\/uploads\/2017\/11\/confinamento5-1.jpg","articleSection":["Destaques","Not\u00edcias"],"inLanguage":"pt-BR"},{"@type":"WebPage","@id":"https:\/\/acrimat.org.br\/portal\/icms-reduzido-seguira-ate-2019\/","url":"https:\/\/acrimat.org.br\/portal\/icms-reduzido-seguira-ate-2019\/","name":"ICMS reduzido seguir\u00e1 at\u00e9 2019 - Acrimat","isPartOf":{"@id":"https:\/\/acrimat.org.br\/portal\/#website"},"primaryImageOfPage":{"@id":"https:\/\/acrimat.org.br\/portal\/icms-reduzido-seguira-ate-2019\/#primaryimage"},"image":{"@id":"https:\/\/acrimat.org.br\/portal\/icms-reduzido-seguira-ate-2019\/#primaryimage"},"thumbnailUrl":"https:\/\/acrimat.org.br\/portal\/wp-content\/uploads\/2017\/11\/confinamento5-1.jpg","datePublished":"2017-11-27T12:17:21+00:00","breadcrumb":{"@id":"https:\/\/acrimat.org.br\/portal\/icms-reduzido-seguira-ate-2019\/#breadcrumb"},"inLanguage":"pt-BR","potentialAction":[{"@type":"ReadAction","target":["https:\/\/acrimat.org.br\/portal\/icms-reduzido-seguira-ate-2019\/"]}]},{"@type":"ImageObject","inLanguage":"pt-BR","@id":"https:\/\/acrimat.org.br\/portal\/icms-reduzido-seguira-ate-2019\/#primaryimage","url":"https:\/\/acrimat.org.br\/portal\/wp-content\/uploads\/2017\/11\/confinamento5-1.jpg","contentUrl":"https:\/\/acrimat.org.br\/portal\/wp-content\/uploads\/2017\/11\/confinamento5-1.jpg","width":730,"height":502},{"@type":"BreadcrumbList","@id":"https:\/\/acrimat.org.br\/portal\/icms-reduzido-seguira-ate-2019\/#breadcrumb","itemListElement":[{"@type":"ListItem","position":1,"name":"In\u00edcio","item":"https:\/\/acrimat.org.br\/portal\/"},{"@type":"ListItem","position":2,"name":"ICMS reduzido seguir\u00e1 at\u00e9 2019"}]},{"@type":"WebSite","@id":"https:\/\/acrimat.org.br\/portal\/#website","url":"https:\/\/acrimat.org.br\/portal\/","name":"Acrimat","description":"Associa\u00e7\u00e3o dos Criadores de Mato Grosso","publisher":{"@id":"https:\/\/acrimat.org.br\/portal\/#organization"},"potentialAction":[{"@type":"SearchAction","target":{"@type":"EntryPoint","urlTemplate":"https:\/\/acrimat.org.br\/portal\/?s={search_term_string}"},"query-input":{"@type":"PropertyValueSpecification","valueRequired":true,"valueName":"search_term_string"}}],"inLanguage":"pt-BR"},{"@type":"Organization","@id":"https:\/\/acrimat.org.br\/portal\/#organization","name":"Associa\u00e7\u00e3o dos Criadores de Mato Grosso","url":"https:\/\/acrimat.org.br\/portal\/","logo":{"@type":"ImageObject","inLanguage":"pt-BR","@id":"https:\/\/acrimat.org.br\/portal\/#\/schema\/logo\/image\/","url":"https:\/\/acrimat.org.br\/portal\/wp-content\/uploads\/2018\/03\/logo-peq-original.png","contentUrl":"https:\/\/acrimat.org.br\/portal\/wp-content\/uploads\/2018\/03\/logo-peq-original.png","width":174,"height":171,"caption":"Associa\u00e7\u00e3o dos Criadores de Mato Grosso"},"image":{"@id":"https:\/\/acrimat.org.br\/portal\/#\/schema\/logo\/image\/"}},{"@type":"Person","@id":"https:\/\/acrimat.org.br\/portal\/#\/schema\/person\/18df8bcf6890e924fe5d8b5afd2bec0f","name":"P\u00e9ricles C\u00e2ndido","image":{"@type":"ImageObject","inLanguage":"pt-BR","@id":"https:\/\/acrimat.org.br\/portal\/#\/schema\/person\/image\/","url":"https:\/\/secure.gravatar.com\/avatar\/33e2a2b971dc363ed2df53d0d3bfbd18?s=96&d=mm&r=g","contentUrl":"https:\/\/secure.gravatar.com\/avatar\/33e2a2b971dc363ed2df53d0d3bfbd18?s=96&d=mm&r=g","caption":"P\u00e9ricles C\u00e2ndido"},"sameAs":["ascom@acrimat.org.br"],"url":"https:\/\/acrimat.org.br\/portal\/author\/designergrafico\/"}]}},"_links":{"self":[{"href":"https:\/\/acrimat.org.br\/portal\/wp-json\/wp\/v2\/posts\/97985019","targetHints":{"allow":["GET"]}}],"collection":[{"href":"https:\/\/acrimat.org.br\/portal\/wp-json\/wp\/v2\/posts"}],"about":[{"href":"https:\/\/acrimat.org.br\/portal\/wp-json\/wp\/v2\/types\/post"}],"author":[{"embeddable":true,"href":"https:\/\/acrimat.org.br\/portal\/wp-json\/wp\/v2\/users\/11"}],"replies":[{"embeddable":true,"href":"https:\/\/acrimat.org.br\/portal\/wp-json\/wp\/v2\/comments?post=97985019"}],"version-history":[{"count":1,"href":"https:\/\/acrimat.org.br\/portal\/wp-json\/wp\/v2\/posts\/97985019\/revisions"}],"predecessor-version":[{"id":97985021,"href":"https:\/\/acrimat.org.br\/portal\/wp-json\/wp\/v2\/posts\/97985019\/revisions\/97985021"}],"wp:featuredmedia":[{"embeddable":true,"href":"https:\/\/acrimat.org.br\/portal\/wp-json\/wp\/v2\/media\/97985020"}],"wp:attachment":[{"href":"https:\/\/acrimat.org.br\/portal\/wp-json\/wp\/v2\/media?parent=97985019"}],"wp:term":[{"taxonomy":"category","embeddable":true,"href":"https:\/\/acrimat.org.br\/portal\/wp-json\/wp\/v2\/categories?post=97985019"},{"taxonomy":"post_tag","embeddable":true,"href":"https:\/\/acrimat.org.br\/portal\/wp-json\/wp\/v2\/tags?post=97985019"}],"curies":[{"name":"wp","href":"https:\/\/api.w.org\/{rel}","templated":true}]}}