{"id":97985022,"date":"2017-11-27T09:19:43","date_gmt":"2017-11-27T12:19:43","guid":{"rendered":"http:\/\/acrimat.org.br\/portal\/?p=97985022"},"modified":"2017-11-27T09:19:43","modified_gmt":"2017-11-27T12:19:43","slug":"carnes-apos-dois-meses-de-suspensao-filipinas-reabrem-mercado-ao-brasil","status":"publish","type":"post","link":"https:\/\/acrimat.org.br\/portal\/carnes-apos-dois-meses-de-suspensao-filipinas-reabrem-mercado-ao-brasil\/","title":{"rendered":"Carnes: ap\u00f3s dois meses de suspens\u00e3o, Filipinas reabrem mercado ao Brasil"},"content":{"rendered":"<p>As Filipinas reabriram o mercado para as carnes bovina, su\u00edna e de frango brasileiras, afirma a Associa\u00e7\u00e3o Brasileira de Prote\u00edna Animal (ABPA). Segundo a entidade, o Departamento de Agricultura daquele pa\u00eds emitiu nesta sexta-feira, dia 24, um memorando sobre a reabertura, no qual diz que o sistema brasileiro atende \u00e0s normas filipinas de seguran\u00e7a alimentar e de sa\u00fade animal.<\/p>\n<p>A suspens\u00e3o das importa\u00e7\u00f5es dos produtos brasileiros ocorreu de fato em setembro deste ano, embora a informa\u00e7\u00e3o tenha sido recebida em julho. Antes disso, o Brasil havia embarcado para as Filipinas o equivalente a 35 mil toneladas de carne de frango ao longo de 2017. De carne su\u00edna, foram cerca de 2 mil toneladas entre janeiro e setembro, segundo a ABPA.<\/p>\n<p>&#8220;O Brasil recebeu h\u00e1 poucas semanas uma miss\u00e3o t\u00e9cnica do governo filipino e mostrou que nossa estrutura est\u00e1 plenamente adequada para atender \u00e0s suas exig\u00eancias&#8221;, disse em nota o presidente-executivo da ABPA, Francisco Turra. &#8220;Esta conquista aponta para perspectivas otimistas sobre os embarques de aves e de su\u00ednos em 2018.&#8221;<\/p>\n","protected":false},"excerpt":{"rendered":"<p>Memorando enviado pelo governo filipino afirma que sistema brasileiro atende \u00e0 normas de seguran\u00e7a e sa\u00fade animal; suspens\u00e3o efetiva havia ocorrido em setembro<\/p>\n","protected":false},"author":11,"featured_media":97985023,"comment_status":"closed","ping_status":"closed","sticky":false,"template":"","format":"standard","meta":{"footnotes":""},"categories":[6,1],"tags":[],"class_list":["post-97985022","post","type-post","status-publish","format-standard","has-post-thumbnail","hentry","category-destaque","category-noticia"],"yoast_head":"<!-- This site is optimized with the Yoast SEO plugin v24.8.1 - https:\/\/yoast.com\/wordpress\/plugins\/seo\/ -->\n<title>Carnes: ap\u00f3s dois meses de suspens\u00e3o, Filipinas reabrem mercado ao Brasil - Acrimat<\/title>\n<meta name=\"robots\" content=\"index, follow, max-snippet:-1, max-image-preview:large, max-video-preview:-1\" \/>\n<link rel=\"canonical\" href=\"https:\/\/acrimat.org.br\/portal\/carnes-apos-dois-meses-de-suspensao-filipinas-reabrem-mercado-ao-brasil\/\" \/>\n<meta property=\"og:locale\" content=\"pt_BR\" \/>\n<meta property=\"og:type\" content=\"article\" \/>\n<meta property=\"og:title\" content=\"Carnes: ap\u00f3s dois meses de suspens\u00e3o, Filipinas reabrem mercado ao Brasil - Acrimat\" \/>\n<meta property=\"og:description\" content=\"Memorando enviado pelo governo filipino afirma que sistema brasileiro atende \u00e0 normas de seguran\u00e7a e sa\u00fade animal; suspens\u00e3o efetiva havia ocorrido em setembro\" \/>\n<meta property=\"og:url\" content=\"https:\/\/acrimat.org.br\/portal\/carnes-apos-dois-meses-de-suspensao-filipinas-reabrem-mercado-ao-brasil\/\" \/>\n<meta property=\"og:site_name\" content=\"Acrimat\" \/>\n<meta property=\"article:published_time\" content=\"2017-11-27T12:19:43+00:00\" \/>\n<meta property=\"og:image\" content=\"https:\/\/acrimat.org.br\/portal\/wp-content\/uploads\/2017\/11\/abate3-1.jpg\" \/>\n\t<meta property=\"og:image:width\" content=\"416\" \/>\n\t<meta property=\"og:image:height\" content=\"285\" \/>\n\t<meta property=\"og:image:type\" content=\"image\/jpeg\" \/>\n<meta name=\"author\" content=\"P\u00e9ricles C\u00e2ndido\" \/>\n<meta name=\"twitter:card\" content=\"summary_large_image\" \/>\n<meta name=\"twitter:label1\" content=\"Escrito por\" \/>\n\t<meta name=\"twitter:data1\" content=\"P\u00e9ricles C\u00e2ndido\" \/>\n\t<meta name=\"twitter:label2\" content=\"Est. tempo de leitura\" \/>\n\t<meta name=\"twitter:data2\" content=\"1 minuto\" \/>\n<script type=\"application\/ld+json\" class=\"yoast-schema-graph\">{\"@context\":\"https:\/\/schema.org\",\"@graph\":[{\"@type\":\"Article\",\"@id\":\"https:\/\/acrimat.org.br\/portal\/carnes-apos-dois-meses-de-suspensao-filipinas-reabrem-mercado-ao-brasil\/#article\",\"isPartOf\":{\"@id\":\"https:\/\/acrimat.org.br\/portal\/carnes-apos-dois-meses-de-suspensao-filipinas-reabrem-mercado-ao-brasil\/\"},\"author\":{\"name\":\"P\u00e9ricles C\u00e2ndido\",\"@id\":\"https:\/\/acrimat.org.br\/portal\/#\/schema\/person\/18df8bcf6890e924fe5d8b5afd2bec0f\"},\"headline\":\"Carnes: ap\u00f3s dois meses de suspens\u00e3o, Filipinas reabrem mercado ao Brasil\",\"datePublished\":\"2017-11-27T12:19:43+00:00\",\"mainEntityOfPage\":{\"@id\":\"https:\/\/acrimat.org.br\/portal\/carnes-apos-dois-meses-de-suspensao-filipinas-reabrem-mercado-ao-brasil\/\"},\"wordCount\":192,\"publisher\":{\"@id\":\"https:\/\/acrimat.org.br\/portal\/#organization\"},\"image\":{\"@id\":\"https:\/\/acrimat.org.br\/portal\/carnes-apos-dois-meses-de-suspensao-filipinas-reabrem-mercado-ao-brasil\/#primaryimage\"},\"thumbnailUrl\":\"https:\/\/acrimat.org.br\/portal\/wp-content\/uploads\/2017\/11\/abate3-1.jpg\",\"articleSection\":[\"Destaques\",\"Not\u00edcias\"],\"inLanguage\":\"pt-BR\"},{\"@type\":\"WebPage\",\"@id\":\"https:\/\/acrimat.org.br\/portal\/carnes-apos-dois-meses-de-suspensao-filipinas-reabrem-mercado-ao-brasil\/\",\"url\":\"https:\/\/acrimat.org.br\/portal\/carnes-apos-dois-meses-de-suspensao-filipinas-reabrem-mercado-ao-brasil\/\",\"name\":\"Carnes: ap\u00f3s dois meses de suspens\u00e3o, Filipinas reabrem mercado ao Brasil - Acrimat\",\"isPartOf\":{\"@id\":\"https:\/\/acrimat.org.br\/portal\/#website\"},\"primaryImageOfPage\":{\"@id\":\"https:\/\/acrimat.org.br\/portal\/carnes-apos-dois-meses-de-suspensao-filipinas-reabrem-mercado-ao-brasil\/#primaryimage\"},\"image\":{\"@id\":\"https:\/\/acrimat.org.br\/portal\/carnes-apos-dois-meses-de-suspensao-filipinas-reabrem-mercado-ao-brasil\/#primaryimage\"},\"thumbnailUrl\":\"https:\/\/acrimat.org.br\/portal\/wp-content\/uploads\/2017\/11\/abate3-1.jpg\",\"datePublished\":\"2017-11-27T12:19:43+00:00\",\"breadcrumb\":{\"@id\":\"https:\/\/acrimat.org.br\/portal\/carnes-apos-dois-meses-de-suspensao-filipinas-reabrem-mercado-ao-brasil\/#breadcrumb\"},\"inLanguage\":\"pt-BR\",\"potentialAction\":[{\"@type\":\"ReadAction\",\"target\":[\"https:\/\/acrimat.org.br\/portal\/carnes-apos-dois-meses-de-suspensao-filipinas-reabrem-mercado-ao-brasil\/\"]}]},{\"@type\":\"ImageObject\",\"inLanguage\":\"pt-BR\",\"@id\":\"https:\/\/acrimat.org.br\/portal\/carnes-apos-dois-meses-de-suspensao-filipinas-reabrem-mercado-ao-brasil\/#primaryimage\",\"url\":\"https:\/\/acrimat.org.br\/portal\/wp-content\/uploads\/2017\/11\/abate3-1.jpg\",\"contentUrl\":\"https:\/\/acrimat.org.br\/portal\/wp-content\/uploads\/2017\/11\/abate3-1.jpg\",\"width\":416,\"height\":285},{\"@type\":\"BreadcrumbList\",\"@id\":\"https:\/\/acrimat.org.br\/portal\/carnes-apos-dois-meses-de-suspensao-filipinas-reabrem-mercado-ao-brasil\/#breadcrumb\",\"itemListElement\":[{\"@type\":\"ListItem\",\"position\":1,\"name\":\"In\u00edcio\",\"item\":\"https:\/\/acrimat.org.br\/portal\/\"},{\"@type\":\"ListItem\",\"position\":2,\"name\":\"Carnes: ap\u00f3s dois meses de suspens\u00e3o, Filipinas reabrem mercado ao Brasil\"}]},{\"@type\":\"WebSite\",\"@id\":\"https:\/\/acrimat.org.br\/portal\/#website\",\"url\":\"https:\/\/acrimat.org.br\/portal\/\",\"name\":\"Acrimat\",\"description\":\"Associa\u00e7\u00e3o dos Criadores de Mato Grosso\",\"publisher\":{\"@id\":\"https:\/\/acrimat.org.br\/portal\/#organization\"},\"potentialAction\":[{\"@type\":\"SearchAction\",\"target\":{\"@type\":\"EntryPoint\",\"urlTemplate\":\"https:\/\/acrimat.org.br\/portal\/?s={search_term_string}\"},\"query-input\":{\"@type\":\"PropertyValueSpecification\",\"valueRequired\":true,\"valueName\":\"search_term_string\"}}],\"inLanguage\":\"pt-BR\"},{\"@type\":\"Organization\",\"@id\":\"https:\/\/acrimat.org.br\/portal\/#organization\",\"name\":\"Associa\u00e7\u00e3o dos Criadores de Mato Grosso\",\"url\":\"https:\/\/acrimat.org.br\/portal\/\",\"logo\":{\"@type\":\"ImageObject\",\"inLanguage\":\"pt-BR\",\"@id\":\"https:\/\/acrimat.org.br\/portal\/#\/schema\/logo\/image\/\",\"url\":\"https:\/\/acrimat.org.br\/portal\/wp-content\/uploads\/2018\/03\/logo-peq-original.png\",\"contentUrl\":\"https:\/\/acrimat.org.br\/portal\/wp-content\/uploads\/2018\/03\/logo-peq-original.png\",\"width\":174,\"height\":171,\"caption\":\"Associa\u00e7\u00e3o dos Criadores de Mato Grosso\"},\"image\":{\"@id\":\"https:\/\/acrimat.org.br\/portal\/#\/schema\/logo\/image\/\"}},{\"@type\":\"Person\",\"@id\":\"https:\/\/acrimat.org.br\/portal\/#\/schema\/person\/18df8bcf6890e924fe5d8b5afd2bec0f\",\"name\":\"P\u00e9ricles C\u00e2ndido\",\"image\":{\"@type\":\"ImageObject\",\"inLanguage\":\"pt-BR\",\"@id\":\"https:\/\/acrimat.org.br\/portal\/#\/schema\/person\/image\/\",\"url\":\"https:\/\/secure.gravatar.com\/avatar\/33e2a2b971dc363ed2df53d0d3bfbd18?s=96&d=mm&r=g\",\"contentUrl\":\"https:\/\/secure.gravatar.com\/avatar\/33e2a2b971dc363ed2df53d0d3bfbd18?s=96&d=mm&r=g\",\"caption\":\"P\u00e9ricles C\u00e2ndido\"},\"sameAs\":[\"ascom@acrimat.org.br\"],\"url\":\"https:\/\/acrimat.org.br\/portal\/author\/designergrafico\/\"}]}<\/script>\n<!-- \/ Yoast SEO plugin. -->","yoast_head_json":{"title":"Carnes: ap\u00f3s dois meses de suspens\u00e3o, Filipinas reabrem mercado ao Brasil - Acrimat","robots":{"index":"index","follow":"follow","max-snippet":"max-snippet:-1","max-image-preview":"max-image-preview:large","max-video-preview":"max-video-preview:-1"},"canonical":"https:\/\/acrimat.org.br\/portal\/carnes-apos-dois-meses-de-suspensao-filipinas-reabrem-mercado-ao-brasil\/","og_locale":"pt_BR","og_type":"article","og_title":"Carnes: ap\u00f3s dois meses de suspens\u00e3o, Filipinas reabrem mercado ao Brasil - Acrimat","og_description":"Memorando enviado pelo governo filipino afirma que sistema brasileiro atende \u00e0 normas de seguran\u00e7a e sa\u00fade animal; suspens\u00e3o efetiva havia ocorrido em setembro","og_url":"https:\/\/acrimat.org.br\/portal\/carnes-apos-dois-meses-de-suspensao-filipinas-reabrem-mercado-ao-brasil\/","og_site_name":"Acrimat","article_published_time":"2017-11-27T12:19:43+00:00","og_image":[{"width":416,"height":285,"url":"https:\/\/acrimat.org.br\/portal\/wp-content\/uploads\/2017\/11\/abate3-1.jpg","type":"image\/jpeg"}],"author":"P\u00e9ricles C\u00e2ndido","twitter_card":"summary_large_image","twitter_misc":{"Escrito por":"P\u00e9ricles C\u00e2ndido","Est. tempo de leitura":"1 minuto"},"schema":{"@context":"https:\/\/schema.org","@graph":[{"@type":"Article","@id":"https:\/\/acrimat.org.br\/portal\/carnes-apos-dois-meses-de-suspensao-filipinas-reabrem-mercado-ao-brasil\/#article","isPartOf":{"@id":"https:\/\/acrimat.org.br\/portal\/carnes-apos-dois-meses-de-suspensao-filipinas-reabrem-mercado-ao-brasil\/"},"author":{"name":"P\u00e9ricles C\u00e2ndido","@id":"https:\/\/acrimat.org.br\/portal\/#\/schema\/person\/18df8bcf6890e924fe5d8b5afd2bec0f"},"headline":"Carnes: ap\u00f3s dois meses de suspens\u00e3o, Filipinas reabrem mercado ao Brasil","datePublished":"2017-11-27T12:19:43+00:00","mainEntityOfPage":{"@id":"https:\/\/acrimat.org.br\/portal\/carnes-apos-dois-meses-de-suspensao-filipinas-reabrem-mercado-ao-brasil\/"},"wordCount":192,"publisher":{"@id":"https:\/\/acrimat.org.br\/portal\/#organization"},"image":{"@id":"https:\/\/acrimat.org.br\/portal\/carnes-apos-dois-meses-de-suspensao-filipinas-reabrem-mercado-ao-brasil\/#primaryimage"},"thumbnailUrl":"https:\/\/acrimat.org.br\/portal\/wp-content\/uploads\/2017\/11\/abate3-1.jpg","articleSection":["Destaques","Not\u00edcias"],"inLanguage":"pt-BR"},{"@type":"WebPage","@id":"https:\/\/acrimat.org.br\/portal\/carnes-apos-dois-meses-de-suspensao-filipinas-reabrem-mercado-ao-brasil\/","url":"https:\/\/acrimat.org.br\/portal\/carnes-apos-dois-meses-de-suspensao-filipinas-reabrem-mercado-ao-brasil\/","name":"Carnes: ap\u00f3s dois meses de suspens\u00e3o, Filipinas reabrem mercado ao Brasil - Acrimat","isPartOf":{"@id":"https:\/\/acrimat.org.br\/portal\/#website"},"primaryImageOfPage":{"@id":"https:\/\/acrimat.org.br\/portal\/carnes-apos-dois-meses-de-suspensao-filipinas-reabrem-mercado-ao-brasil\/#primaryimage"},"image":{"@id":"https:\/\/acrimat.org.br\/portal\/carnes-apos-dois-meses-de-suspensao-filipinas-reabrem-mercado-ao-brasil\/#primaryimage"},"thumbnailUrl":"https:\/\/acrimat.org.br\/portal\/wp-content\/uploads\/2017\/11\/abate3-1.jpg","datePublished":"2017-11-27T12:19:43+00:00","breadcrumb":{"@id":"https:\/\/acrimat.org.br\/portal\/carnes-apos-dois-meses-de-suspensao-filipinas-reabrem-mercado-ao-brasil\/#breadcrumb"},"inLanguage":"pt-BR","potentialAction":[{"@type":"ReadAction","target":["https:\/\/acrimat.org.br\/portal\/carnes-apos-dois-meses-de-suspensao-filipinas-reabrem-mercado-ao-brasil\/"]}]},{"@type":"ImageObject","inLanguage":"pt-BR","@id":"https:\/\/acrimat.org.br\/portal\/carnes-apos-dois-meses-de-suspensao-filipinas-reabrem-mercado-ao-brasil\/#primaryimage","url":"https:\/\/acrimat.org.br\/portal\/wp-content\/uploads\/2017\/11\/abate3-1.jpg","contentUrl":"https:\/\/acrimat.org.br\/portal\/wp-content\/uploads\/2017\/11\/abate3-1.jpg","width":416,"height":285},{"@type":"BreadcrumbList","@id":"https:\/\/acrimat.org.br\/portal\/carnes-apos-dois-meses-de-suspensao-filipinas-reabrem-mercado-ao-brasil\/#breadcrumb","itemListElement":[{"@type":"ListItem","position":1,"name":"In\u00edcio","item":"https:\/\/acrimat.org.br\/portal\/"},{"@type":"ListItem","position":2,"name":"Carnes: ap\u00f3s dois meses de suspens\u00e3o, Filipinas reabrem mercado ao Brasil"}]},{"@type":"WebSite","@id":"https:\/\/acrimat.org.br\/portal\/#website","url":"https:\/\/acrimat.org.br\/portal\/","name":"Acrimat","description":"Associa\u00e7\u00e3o dos Criadores de Mato Grosso","publisher":{"@id":"https:\/\/acrimat.org.br\/portal\/#organization"},"potentialAction":[{"@type":"SearchAction","target":{"@type":"EntryPoint","urlTemplate":"https:\/\/acrimat.org.br\/portal\/?s={search_term_string}"},"query-input":{"@type":"PropertyValueSpecification","valueRequired":true,"valueName":"search_term_string"}}],"inLanguage":"pt-BR"},{"@type":"Organization","@id":"https:\/\/acrimat.org.br\/portal\/#organization","name":"Associa\u00e7\u00e3o dos Criadores de Mato Grosso","url":"https:\/\/acrimat.org.br\/portal\/","logo":{"@type":"ImageObject","inLanguage":"pt-BR","@id":"https:\/\/acrimat.org.br\/portal\/#\/schema\/logo\/image\/","url":"https:\/\/acrimat.org.br\/portal\/wp-content\/uploads\/2018\/03\/logo-peq-original.png","contentUrl":"https:\/\/acrimat.org.br\/portal\/wp-content\/uploads\/2018\/03\/logo-peq-original.png","width":174,"height":171,"caption":"Associa\u00e7\u00e3o dos Criadores de Mato Grosso"},"image":{"@id":"https:\/\/acrimat.org.br\/portal\/#\/schema\/logo\/image\/"}},{"@type":"Person","@id":"https:\/\/acrimat.org.br\/portal\/#\/schema\/person\/18df8bcf6890e924fe5d8b5afd2bec0f","name":"P\u00e9ricles C\u00e2ndido","image":{"@type":"ImageObject","inLanguage":"pt-BR","@id":"https:\/\/acrimat.org.br\/portal\/#\/schema\/person\/image\/","url":"https:\/\/secure.gravatar.com\/avatar\/33e2a2b971dc363ed2df53d0d3bfbd18?s=96&d=mm&r=g","contentUrl":"https:\/\/secure.gravatar.com\/avatar\/33e2a2b971dc363ed2df53d0d3bfbd18?s=96&d=mm&r=g","caption":"P\u00e9ricles C\u00e2ndido"},"sameAs":["ascom@acrimat.org.br"],"url":"https:\/\/acrimat.org.br\/portal\/author\/designergrafico\/"}]}},"_links":{"self":[{"href":"https:\/\/acrimat.org.br\/portal\/wp-json\/wp\/v2\/posts\/97985022","targetHints":{"allow":["GET"]}}],"collection":[{"href":"https:\/\/acrimat.org.br\/portal\/wp-json\/wp\/v2\/posts"}],"about":[{"href":"https:\/\/acrimat.org.br\/portal\/wp-json\/wp\/v2\/types\/post"}],"author":[{"embeddable":true,"href":"https:\/\/acrimat.org.br\/portal\/wp-json\/wp\/v2\/users\/11"}],"replies":[{"embeddable":true,"href":"https:\/\/acrimat.org.br\/portal\/wp-json\/wp\/v2\/comments?post=97985022"}],"version-history":[{"count":1,"href":"https:\/\/acrimat.org.br\/portal\/wp-json\/wp\/v2\/posts\/97985022\/revisions"}],"predecessor-version":[{"id":97985024,"href":"https:\/\/acrimat.org.br\/portal\/wp-json\/wp\/v2\/posts\/97985022\/revisions\/97985024"}],"wp:featuredmedia":[{"embeddable":true,"href":"https:\/\/acrimat.org.br\/portal\/wp-json\/wp\/v2\/media\/97985023"}],"wp:attachment":[{"href":"https:\/\/acrimat.org.br\/portal\/wp-json\/wp\/v2\/media?parent=97985022"}],"wp:term":[{"taxonomy":"category","embeddable":true,"href":"https:\/\/acrimat.org.br\/portal\/wp-json\/wp\/v2\/categories?post=97985022"},{"taxonomy":"post_tag","embeddable":true,"href":"https:\/\/acrimat.org.br\/portal\/wp-json\/wp\/v2\/tags?post=97985022"}],"curies":[{"name":"wp","href":"https:\/\/api.w.org\/{rel}","templated":true}]}}