{"id":97985036,"date":"2017-11-28T08:41:14","date_gmt":"2017-11-28T11:41:14","guid":{"rendered":"http:\/\/acrimat.org.br\/portal\/?p=97985036"},"modified":"2017-11-28T08:44:37","modified_gmt":"2017-11-28T11:44:37","slug":"rabobank-exportacao-de-carne-bovina-deve-crescer-5-em-2018","status":"publish","type":"post","link":"https:\/\/acrimat.org.br\/portal\/rabobank-exportacao-de-carne-bovina-deve-crescer-5-em-2018\/","title":{"rendered":"Rabobank: exporta\u00e7\u00e3o de carne bovina deve crescer 5% em 2018"},"content":{"rendered":"<p>As exporta\u00e7\u00f5es brasileiras de carne bovina devem crescer 5% em volume em 2018, afirmou nesta segunda-feira, 27, o analista s\u00eanior do Rabobank Adolfo Fontes, ao Broadcast Agro, servi\u00e7o de not\u00edcias em tempo real do Grupo Estado, nos bastidores do Summit Agroneg\u00f3cio 2017. A perspectiva do analista leva em conta que o embargo da R\u00fassia \u00e0s carnes brasileiras seja resolvido em 60 dias. Caso isso n\u00e3o aconte\u00e7a, as proje\u00e7\u00f5es precisar\u00e3o ser revisadas. Al\u00e9m disso, ele parte do princ\u00edpio de que os embarques da carne bovina in natura aos Estados Unidos tamb\u00e9m sejam retomados ainda no in\u00edcio de 2018. \u201cEssa \u00e9 a chave para o Brasil buscar outros mercados como M\u00e9xico, Canad\u00e1 e Jap\u00e3o\u201d, afirmou Fontes. Estes pa\u00edses que ainda n\u00e3o comercializam com o Brasil s\u00e3o respons\u00e1veis por 40% do mercado global de carne bovina.<\/p>\n<p>Com as mesmas condi\u00e7\u00f5es, ele projeta que as exporta\u00e7\u00f5es de carnes su\u00edna e de frango avancem cerca de 3% no pr\u00f3ximo ano. \u201cAs compras da China devem voltar a crescer depois de ajustes sofridos em 2017\u201d, disse. As compras da Coreia do Sul, de Santa Catarina, devem sustentar os embarques tamb\u00e9m. \u201cAgora, caso a R\u00fassia n\u00e3o retome as compras de carne su\u00edna brasileira at\u00e9 fevereiro, vamos ter muita press\u00e3o interna de pre\u00e7os\u201d, disse. A R\u00fassia consome 10% da produ\u00e7\u00e3o brasileira.<\/p>\n","protected":false},"excerpt":{"rendered":"<p>A perspectiva do analista leva em conta que o embargo da R\u00fassia \u00e0s carnes brasileiras seja resolvido em 60 dias<\/p>\n","protected":false},"author":11,"featured_media":97985037,"comment_status":"closed","ping_status":"closed","sticky":false,"template":"","format":"standard","meta":{"footnotes":""},"categories":[6,1],"tags":[],"class_list":["post-97985036","post","type-post","status-publish","format-standard","has-post-thumbnail","hentry","category-destaque","category-noticia"],"yoast_head":"<!-- This site is optimized with the Yoast SEO plugin v24.8.1 - https:\/\/yoast.com\/wordpress\/plugins\/seo\/ -->\n<title>Rabobank: exporta\u00e7\u00e3o de carne bovina deve crescer 5% em 2018 - Acrimat<\/title>\n<meta name=\"robots\" content=\"index, follow, max-snippet:-1, max-image-preview:large, max-video-preview:-1\" \/>\n<link rel=\"canonical\" href=\"https:\/\/acrimat.org.br\/portal\/rabobank-exportacao-de-carne-bovina-deve-crescer-5-em-2018\/\" \/>\n<meta property=\"og:locale\" content=\"pt_BR\" \/>\n<meta property=\"og:type\" content=\"article\" \/>\n<meta property=\"og:title\" content=\"Rabobank: exporta\u00e7\u00e3o de carne bovina deve crescer 5% em 2018 - Acrimat\" \/>\n<meta property=\"og:description\" content=\"A perspectiva do analista leva em conta que o embargo da R\u00fassia \u00e0s carnes brasileiras seja resolvido em 60 dias\" \/>\n<meta property=\"og:url\" content=\"https:\/\/acrimat.org.br\/portal\/rabobank-exportacao-de-carne-bovina-deve-crescer-5-em-2018\/\" \/>\n<meta property=\"og:site_name\" content=\"Acrimat\" \/>\n<meta property=\"article:published_time\" content=\"2017-11-28T11:41:14+00:00\" \/>\n<meta property=\"article:modified_time\" content=\"2017-11-28T11:44:37+00:00\" \/>\n<meta property=\"og:image\" content=\"https:\/\/acrimat.org.br\/portal\/wp-content\/uploads\/2017\/11\/atuacao-do-medico-veterinario-na.jpg\" \/>\n\t<meta property=\"og:image:width\" content=\"672\" \/>\n\t<meta property=\"og:image:height\" content=\"372\" \/>\n\t<meta property=\"og:image:type\" content=\"image\/jpeg\" \/>\n<meta name=\"author\" content=\"P\u00e9ricles C\u00e2ndido\" \/>\n<meta name=\"twitter:card\" content=\"summary_large_image\" \/>\n<meta name=\"twitter:label1\" content=\"Escrito por\" \/>\n\t<meta name=\"twitter:data1\" content=\"P\u00e9ricles C\u00e2ndido\" \/>\n\t<meta name=\"twitter:label2\" content=\"Est. tempo de leitura\" \/>\n\t<meta name=\"twitter:data2\" content=\"1 minuto\" \/>\n<script type=\"application\/ld+json\" class=\"yoast-schema-graph\">{\"@context\":\"https:\/\/schema.org\",\"@graph\":[{\"@type\":\"Article\",\"@id\":\"https:\/\/acrimat.org.br\/portal\/rabobank-exportacao-de-carne-bovina-deve-crescer-5-em-2018\/#article\",\"isPartOf\":{\"@id\":\"https:\/\/acrimat.org.br\/portal\/rabobank-exportacao-de-carne-bovina-deve-crescer-5-em-2018\/\"},\"author\":{\"name\":\"P\u00e9ricles C\u00e2ndido\",\"@id\":\"https:\/\/acrimat.org.br\/portal\/#\/schema\/person\/18df8bcf6890e924fe5d8b5afd2bec0f\"},\"headline\":\"Rabobank: exporta\u00e7\u00e3o de carne bovina deve crescer 5% em 2018\",\"datePublished\":\"2017-11-28T11:41:14+00:00\",\"dateModified\":\"2017-11-28T11:44:37+00:00\",\"mainEntityOfPage\":{\"@id\":\"https:\/\/acrimat.org.br\/portal\/rabobank-exportacao-de-carne-bovina-deve-crescer-5-em-2018\/\"},\"wordCount\":243,\"publisher\":{\"@id\":\"https:\/\/acrimat.org.br\/portal\/#organization\"},\"image\":{\"@id\":\"https:\/\/acrimat.org.br\/portal\/rabobank-exportacao-de-carne-bovina-deve-crescer-5-em-2018\/#primaryimage\"},\"thumbnailUrl\":\"https:\/\/acrimat.org.br\/portal\/wp-content\/uploads\/2017\/11\/atuacao-do-medico-veterinario-na.jpg\",\"articleSection\":[\"Destaques\",\"Not\u00edcias\"],\"inLanguage\":\"pt-BR\"},{\"@type\":\"WebPage\",\"@id\":\"https:\/\/acrimat.org.br\/portal\/rabobank-exportacao-de-carne-bovina-deve-crescer-5-em-2018\/\",\"url\":\"https:\/\/acrimat.org.br\/portal\/rabobank-exportacao-de-carne-bovina-deve-crescer-5-em-2018\/\",\"name\":\"Rabobank: exporta\u00e7\u00e3o de carne bovina deve crescer 5% em 2018 - Acrimat\",\"isPartOf\":{\"@id\":\"https:\/\/acrimat.org.br\/portal\/#website\"},\"primaryImageOfPage\":{\"@id\":\"https:\/\/acrimat.org.br\/portal\/rabobank-exportacao-de-carne-bovina-deve-crescer-5-em-2018\/#primaryimage\"},\"image\":{\"@id\":\"https:\/\/acrimat.org.br\/portal\/rabobank-exportacao-de-carne-bovina-deve-crescer-5-em-2018\/#primaryimage\"},\"thumbnailUrl\":\"https:\/\/acrimat.org.br\/portal\/wp-content\/uploads\/2017\/11\/atuacao-do-medico-veterinario-na.jpg\",\"datePublished\":\"2017-11-28T11:41:14+00:00\",\"dateModified\":\"2017-11-28T11:44:37+00:00\",\"breadcrumb\":{\"@id\":\"https:\/\/acrimat.org.br\/portal\/rabobank-exportacao-de-carne-bovina-deve-crescer-5-em-2018\/#breadcrumb\"},\"inLanguage\":\"pt-BR\",\"potentialAction\":[{\"@type\":\"ReadAction\",\"target\":[\"https:\/\/acrimat.org.br\/portal\/rabobank-exportacao-de-carne-bovina-deve-crescer-5-em-2018\/\"]}]},{\"@type\":\"ImageObject\",\"inLanguage\":\"pt-BR\",\"@id\":\"https:\/\/acrimat.org.br\/portal\/rabobank-exportacao-de-carne-bovina-deve-crescer-5-em-2018\/#primaryimage\",\"url\":\"https:\/\/acrimat.org.br\/portal\/wp-content\/uploads\/2017\/11\/atuacao-do-medico-veterinario-na.jpg\",\"contentUrl\":\"https:\/\/acrimat.org.br\/portal\/wp-content\/uploads\/2017\/11\/atuacao-do-medico-veterinario-na.jpg\",\"width\":672,\"height\":372},{\"@type\":\"BreadcrumbList\",\"@id\":\"https:\/\/acrimat.org.br\/portal\/rabobank-exportacao-de-carne-bovina-deve-crescer-5-em-2018\/#breadcrumb\",\"itemListElement\":[{\"@type\":\"ListItem\",\"position\":1,\"name\":\"In\u00edcio\",\"item\":\"https:\/\/acrimat.org.br\/portal\/\"},{\"@type\":\"ListItem\",\"position\":2,\"name\":\"Rabobank: exporta\u00e7\u00e3o de carne bovina deve crescer 5% em 2018\"}]},{\"@type\":\"WebSite\",\"@id\":\"https:\/\/acrimat.org.br\/portal\/#website\",\"url\":\"https:\/\/acrimat.org.br\/portal\/\",\"name\":\"Acrimat\",\"description\":\"Associa\u00e7\u00e3o dos Criadores de Mato Grosso\",\"publisher\":{\"@id\":\"https:\/\/acrimat.org.br\/portal\/#organization\"},\"potentialAction\":[{\"@type\":\"SearchAction\",\"target\":{\"@type\":\"EntryPoint\",\"urlTemplate\":\"https:\/\/acrimat.org.br\/portal\/?s={search_term_string}\"},\"query-input\":{\"@type\":\"PropertyValueSpecification\",\"valueRequired\":true,\"valueName\":\"search_term_string\"}}],\"inLanguage\":\"pt-BR\"},{\"@type\":\"Organization\",\"@id\":\"https:\/\/acrimat.org.br\/portal\/#organization\",\"name\":\"Associa\u00e7\u00e3o dos Criadores de Mato Grosso\",\"url\":\"https:\/\/acrimat.org.br\/portal\/\",\"logo\":{\"@type\":\"ImageObject\",\"inLanguage\":\"pt-BR\",\"@id\":\"https:\/\/acrimat.org.br\/portal\/#\/schema\/logo\/image\/\",\"url\":\"https:\/\/acrimat.org.br\/portal\/wp-content\/uploads\/2018\/03\/logo-peq-original.png\",\"contentUrl\":\"https:\/\/acrimat.org.br\/portal\/wp-content\/uploads\/2018\/03\/logo-peq-original.png\",\"width\":174,\"height\":171,\"caption\":\"Associa\u00e7\u00e3o dos Criadores de Mato Grosso\"},\"image\":{\"@id\":\"https:\/\/acrimat.org.br\/portal\/#\/schema\/logo\/image\/\"}},{\"@type\":\"Person\",\"@id\":\"https:\/\/acrimat.org.br\/portal\/#\/schema\/person\/18df8bcf6890e924fe5d8b5afd2bec0f\",\"name\":\"P\u00e9ricles C\u00e2ndido\",\"image\":{\"@type\":\"ImageObject\",\"inLanguage\":\"pt-BR\",\"@id\":\"https:\/\/acrimat.org.br\/portal\/#\/schema\/person\/image\/\",\"url\":\"https:\/\/secure.gravatar.com\/avatar\/33e2a2b971dc363ed2df53d0d3bfbd18?s=96&d=mm&r=g\",\"contentUrl\":\"https:\/\/secure.gravatar.com\/avatar\/33e2a2b971dc363ed2df53d0d3bfbd18?s=96&d=mm&r=g\",\"caption\":\"P\u00e9ricles C\u00e2ndido\"},\"sameAs\":[\"ascom@acrimat.org.br\"],\"url\":\"https:\/\/acrimat.org.br\/portal\/author\/designergrafico\/\"}]}<\/script>\n<!-- \/ Yoast SEO plugin. -->","yoast_head_json":{"title":"Rabobank: exporta\u00e7\u00e3o de carne bovina deve crescer 5% em 2018 - Acrimat","robots":{"index":"index","follow":"follow","max-snippet":"max-snippet:-1","max-image-preview":"max-image-preview:large","max-video-preview":"max-video-preview:-1"},"canonical":"https:\/\/acrimat.org.br\/portal\/rabobank-exportacao-de-carne-bovina-deve-crescer-5-em-2018\/","og_locale":"pt_BR","og_type":"article","og_title":"Rabobank: exporta\u00e7\u00e3o de carne bovina deve crescer 5% em 2018 - Acrimat","og_description":"A perspectiva do analista leva em conta que o embargo da R\u00fassia \u00e0s carnes brasileiras seja resolvido em 60 dias","og_url":"https:\/\/acrimat.org.br\/portal\/rabobank-exportacao-de-carne-bovina-deve-crescer-5-em-2018\/","og_site_name":"Acrimat","article_published_time":"2017-11-28T11:41:14+00:00","article_modified_time":"2017-11-28T11:44:37+00:00","og_image":[{"width":672,"height":372,"url":"https:\/\/acrimat.org.br\/portal\/wp-content\/uploads\/2017\/11\/atuacao-do-medico-veterinario-na.jpg","type":"image\/jpeg"}],"author":"P\u00e9ricles C\u00e2ndido","twitter_card":"summary_large_image","twitter_misc":{"Escrito por":"P\u00e9ricles C\u00e2ndido","Est. tempo de leitura":"1 minuto"},"schema":{"@context":"https:\/\/schema.org","@graph":[{"@type":"Article","@id":"https:\/\/acrimat.org.br\/portal\/rabobank-exportacao-de-carne-bovina-deve-crescer-5-em-2018\/#article","isPartOf":{"@id":"https:\/\/acrimat.org.br\/portal\/rabobank-exportacao-de-carne-bovina-deve-crescer-5-em-2018\/"},"author":{"name":"P\u00e9ricles C\u00e2ndido","@id":"https:\/\/acrimat.org.br\/portal\/#\/schema\/person\/18df8bcf6890e924fe5d8b5afd2bec0f"},"headline":"Rabobank: exporta\u00e7\u00e3o de carne bovina deve crescer 5% em 2018","datePublished":"2017-11-28T11:41:14+00:00","dateModified":"2017-11-28T11:44:37+00:00","mainEntityOfPage":{"@id":"https:\/\/acrimat.org.br\/portal\/rabobank-exportacao-de-carne-bovina-deve-crescer-5-em-2018\/"},"wordCount":243,"publisher":{"@id":"https:\/\/acrimat.org.br\/portal\/#organization"},"image":{"@id":"https:\/\/acrimat.org.br\/portal\/rabobank-exportacao-de-carne-bovina-deve-crescer-5-em-2018\/#primaryimage"},"thumbnailUrl":"https:\/\/acrimat.org.br\/portal\/wp-content\/uploads\/2017\/11\/atuacao-do-medico-veterinario-na.jpg","articleSection":["Destaques","Not\u00edcias"],"inLanguage":"pt-BR"},{"@type":"WebPage","@id":"https:\/\/acrimat.org.br\/portal\/rabobank-exportacao-de-carne-bovina-deve-crescer-5-em-2018\/","url":"https:\/\/acrimat.org.br\/portal\/rabobank-exportacao-de-carne-bovina-deve-crescer-5-em-2018\/","name":"Rabobank: exporta\u00e7\u00e3o de carne bovina deve crescer 5% em 2018 - Acrimat","isPartOf":{"@id":"https:\/\/acrimat.org.br\/portal\/#website"},"primaryImageOfPage":{"@id":"https:\/\/acrimat.org.br\/portal\/rabobank-exportacao-de-carne-bovina-deve-crescer-5-em-2018\/#primaryimage"},"image":{"@id":"https:\/\/acrimat.org.br\/portal\/rabobank-exportacao-de-carne-bovina-deve-crescer-5-em-2018\/#primaryimage"},"thumbnailUrl":"https:\/\/acrimat.org.br\/portal\/wp-content\/uploads\/2017\/11\/atuacao-do-medico-veterinario-na.jpg","datePublished":"2017-11-28T11:41:14+00:00","dateModified":"2017-11-28T11:44:37+00:00","breadcrumb":{"@id":"https:\/\/acrimat.org.br\/portal\/rabobank-exportacao-de-carne-bovina-deve-crescer-5-em-2018\/#breadcrumb"},"inLanguage":"pt-BR","potentialAction":[{"@type":"ReadAction","target":["https:\/\/acrimat.org.br\/portal\/rabobank-exportacao-de-carne-bovina-deve-crescer-5-em-2018\/"]}]},{"@type":"ImageObject","inLanguage":"pt-BR","@id":"https:\/\/acrimat.org.br\/portal\/rabobank-exportacao-de-carne-bovina-deve-crescer-5-em-2018\/#primaryimage","url":"https:\/\/acrimat.org.br\/portal\/wp-content\/uploads\/2017\/11\/atuacao-do-medico-veterinario-na.jpg","contentUrl":"https:\/\/acrimat.org.br\/portal\/wp-content\/uploads\/2017\/11\/atuacao-do-medico-veterinario-na.jpg","width":672,"height":372},{"@type":"BreadcrumbList","@id":"https:\/\/acrimat.org.br\/portal\/rabobank-exportacao-de-carne-bovina-deve-crescer-5-em-2018\/#breadcrumb","itemListElement":[{"@type":"ListItem","position":1,"name":"In\u00edcio","item":"https:\/\/acrimat.org.br\/portal\/"},{"@type":"ListItem","position":2,"name":"Rabobank: exporta\u00e7\u00e3o de carne bovina deve crescer 5% em 2018"}]},{"@type":"WebSite","@id":"https:\/\/acrimat.org.br\/portal\/#website","url":"https:\/\/acrimat.org.br\/portal\/","name":"Acrimat","description":"Associa\u00e7\u00e3o dos Criadores de Mato Grosso","publisher":{"@id":"https:\/\/acrimat.org.br\/portal\/#organization"},"potentialAction":[{"@type":"SearchAction","target":{"@type":"EntryPoint","urlTemplate":"https:\/\/acrimat.org.br\/portal\/?s={search_term_string}"},"query-input":{"@type":"PropertyValueSpecification","valueRequired":true,"valueName":"search_term_string"}}],"inLanguage":"pt-BR"},{"@type":"Organization","@id":"https:\/\/acrimat.org.br\/portal\/#organization","name":"Associa\u00e7\u00e3o dos Criadores de Mato Grosso","url":"https:\/\/acrimat.org.br\/portal\/","logo":{"@type":"ImageObject","inLanguage":"pt-BR","@id":"https:\/\/acrimat.org.br\/portal\/#\/schema\/logo\/image\/","url":"https:\/\/acrimat.org.br\/portal\/wp-content\/uploads\/2018\/03\/logo-peq-original.png","contentUrl":"https:\/\/acrimat.org.br\/portal\/wp-content\/uploads\/2018\/03\/logo-peq-original.png","width":174,"height":171,"caption":"Associa\u00e7\u00e3o dos Criadores de Mato Grosso"},"image":{"@id":"https:\/\/acrimat.org.br\/portal\/#\/schema\/logo\/image\/"}},{"@type":"Person","@id":"https:\/\/acrimat.org.br\/portal\/#\/schema\/person\/18df8bcf6890e924fe5d8b5afd2bec0f","name":"P\u00e9ricles C\u00e2ndido","image":{"@type":"ImageObject","inLanguage":"pt-BR","@id":"https:\/\/acrimat.org.br\/portal\/#\/schema\/person\/image\/","url":"https:\/\/secure.gravatar.com\/avatar\/33e2a2b971dc363ed2df53d0d3bfbd18?s=96&d=mm&r=g","contentUrl":"https:\/\/secure.gravatar.com\/avatar\/33e2a2b971dc363ed2df53d0d3bfbd18?s=96&d=mm&r=g","caption":"P\u00e9ricles C\u00e2ndido"},"sameAs":["ascom@acrimat.org.br"],"url":"https:\/\/acrimat.org.br\/portal\/author\/designergrafico\/"}]}},"_links":{"self":[{"href":"https:\/\/acrimat.org.br\/portal\/wp-json\/wp\/v2\/posts\/97985036","targetHints":{"allow":["GET"]}}],"collection":[{"href":"https:\/\/acrimat.org.br\/portal\/wp-json\/wp\/v2\/posts"}],"about":[{"href":"https:\/\/acrimat.org.br\/portal\/wp-json\/wp\/v2\/types\/post"}],"author":[{"embeddable":true,"href":"https:\/\/acrimat.org.br\/portal\/wp-json\/wp\/v2\/users\/11"}],"replies":[{"embeddable":true,"href":"https:\/\/acrimat.org.br\/portal\/wp-json\/wp\/v2\/comments?post=97985036"}],"version-history":[{"count":1,"href":"https:\/\/acrimat.org.br\/portal\/wp-json\/wp\/v2\/posts\/97985036\/revisions"}],"predecessor-version":[{"id":97985039,"href":"https:\/\/acrimat.org.br\/portal\/wp-json\/wp\/v2\/posts\/97985036\/revisions\/97985039"}],"wp:featuredmedia":[{"embeddable":true,"href":"https:\/\/acrimat.org.br\/portal\/wp-json\/wp\/v2\/media\/97985037"}],"wp:attachment":[{"href":"https:\/\/acrimat.org.br\/portal\/wp-json\/wp\/v2\/media?parent=97985036"}],"wp:term":[{"taxonomy":"category","embeddable":true,"href":"https:\/\/acrimat.org.br\/portal\/wp-json\/wp\/v2\/categories?post=97985036"},{"taxonomy":"post_tag","embeddable":true,"href":"https:\/\/acrimat.org.br\/portal\/wp-json\/wp\/v2\/tags?post=97985036"}],"curies":[{"name":"wp","href":"https:\/\/api.w.org\/{rel}","templated":true}]}}