{"id":97985040,"date":"2017-11-28T08:44:07","date_gmt":"2017-11-28T11:44:07","guid":{"rendered":"http:\/\/acrimat.org.br\/portal\/?p=97985040"},"modified":"2017-11-28T08:44:07","modified_gmt":"2017-11-28T11:44:07","slug":"mundo-tera-consumo-extra-de-45-milhoes-de-toneladas-de-carnes-em-10-anos","status":"publish","type":"post","link":"https:\/\/acrimat.org.br\/portal\/mundo-tera-consumo-extra-de-45-milhoes-de-toneladas-de-carnes-em-10-anos\/","title":{"rendered":"Mundo ter\u00e1 consumo extra de 45 milh\u00f5es de toneladas de carnes em 10 anos"},"content":{"rendered":"<p>O consumo de carnes no mundo deve crescer 45 milh\u00f5es de toneladas nos pr\u00f3ximos 10 anos, estimou o analista s\u00eanior do Rabobank, Adolfo Fontes, durante o Summit Agroneg\u00f3cio 2017, realizado em S\u00e3o Paulo. Deste incremento, 10 milh\u00f5es de toneladas devem ser apenas em carne bovina. Conforme Fontes, o aumento da demanda global por prote\u00ednas sustenta a import\u00e2ncia da oferta brasileira, que tem potencial de expandir, com ganhos de produtividade.<\/p>\n<p>Fontes destacou que, no mercado da prote\u00edna de frango, o Brasil deve se manter como o principal exportador e com a vantagem de ser o \u00fanico pa\u00eds, entre os principais produtores, livre de influenza avi\u00e1ria. O status sanit\u00e1rio pode, inclusive, dar o aval para as carnes concorrentes ganharem mercado. Um exemplo \u00e9 a comercializa\u00e7\u00e3o com o M\u00e9xico, pa\u00eds para o qual o Brasil exporta carne de frango desde 2013 e que vem ganhando participa\u00e7\u00e3o nos \u00faltimos tempos. \u201cAgora que temos frango no M\u00e9xico expectativa \u00e9 abrir para su\u00ednos\u201d, disse Fontes. Entre janeiro e outubro, os mexicanos compraram 88,5 mil toneladas de carne de frango do Brasil.<\/p>\n<p>Em rela\u00e7\u00e3o \u00e0 carne bovina, Fontes destacou que o Pa\u00eds pode incrementar sua produ\u00e7\u00e3o sem a necessidade de ocupar novos espa\u00e7os ou mesmo desmatar, j\u00e1 que \u00e9 poss\u00edvel recuperar as pastagens degradadas. \u201cEsperamos que a produ\u00e7\u00e3o da pecu\u00e1ria fa\u00e7a uma transforma\u00e7\u00e3o\u201d, disse em refer\u00eancia \u00e0 recupera\u00e7\u00e3o e intensifica\u00e7\u00e3o das \u00e1reas degradadas e ao trabalho de integra\u00e7\u00e3o lavoura-pecu\u00e1ria-florestas, que podem produzir ganhos de produtividade. Para o analista, sem desmatar \u00e9 poss\u00edvel aumentar a produ\u00e7\u00e3o de carne bovina em 2% e liberar cerca de 10 milh\u00f5es de hectares para o cultivo de soja.<\/p>\n","protected":false},"excerpt":{"rendered":"<p>Deste incremento, 10 milh\u00f5es de toneladas devem ser apenas em carne bovina<\/p>\n","protected":false},"author":11,"featured_media":97985038,"comment_status":"closed","ping_status":"closed","sticky":false,"template":"","format":"standard","meta":{"footnotes":""},"categories":[6,1],"tags":[],"class_list":["post-97985040","post","type-post","status-publish","format-standard","has-post-thumbnail","hentry","category-destaque","category-noticia"],"yoast_head":"<!-- This site is optimized with the Yoast SEO plugin v24.8.1 - https:\/\/yoast.com\/wordpress\/plugins\/seo\/ -->\n<title>Mundo ter\u00e1 consumo extra de 45 milh\u00f5es de toneladas de carnes em 10 anos - Acrimat<\/title>\n<meta name=\"robots\" content=\"index, follow, max-snippet:-1, max-image-preview:large, max-video-preview:-1\" \/>\n<link rel=\"canonical\" href=\"https:\/\/acrimat.org.br\/portal\/mundo-tera-consumo-extra-de-45-milhoes-de-toneladas-de-carnes-em-10-anos\/\" \/>\n<meta property=\"og:locale\" content=\"pt_BR\" \/>\n<meta property=\"og:type\" content=\"article\" \/>\n<meta property=\"og:title\" content=\"Mundo ter\u00e1 consumo extra de 45 milh\u00f5es de toneladas de carnes em 10 anos - Acrimat\" \/>\n<meta property=\"og:description\" content=\"Deste incremento, 10 milh\u00f5es de toneladas devem ser apenas em carne bovina\" \/>\n<meta property=\"og:url\" content=\"https:\/\/acrimat.org.br\/portal\/mundo-tera-consumo-extra-de-45-milhoes-de-toneladas-de-carnes-em-10-anos\/\" \/>\n<meta property=\"og:site_name\" content=\"Acrimat\" \/>\n<meta property=\"article:published_time\" content=\"2017-11-28T11:44:07+00:00\" \/>\n<meta property=\"og:image\" content=\"https:\/\/acrimat.org.br\/portal\/wp-content\/uploads\/2017\/11\/carne-mercado3.jpg\" \/>\n\t<meta property=\"og:image:width\" content=\"730\" \/>\n\t<meta property=\"og:image:height\" content=\"502\" \/>\n\t<meta property=\"og:image:type\" content=\"image\/jpeg\" \/>\n<meta name=\"author\" content=\"P\u00e9ricles C\u00e2ndido\" \/>\n<meta name=\"twitter:card\" content=\"summary_large_image\" \/>\n<meta name=\"twitter:label1\" content=\"Escrito por\" \/>\n\t<meta name=\"twitter:data1\" content=\"P\u00e9ricles C\u00e2ndido\" \/>\n\t<meta name=\"twitter:label2\" content=\"Est. tempo de leitura\" \/>\n\t<meta name=\"twitter:data2\" content=\"1 minuto\" \/>\n<script type=\"application\/ld+json\" class=\"yoast-schema-graph\">{\"@context\":\"https:\/\/schema.org\",\"@graph\":[{\"@type\":\"Article\",\"@id\":\"https:\/\/acrimat.org.br\/portal\/mundo-tera-consumo-extra-de-45-milhoes-de-toneladas-de-carnes-em-10-anos\/#article\",\"isPartOf\":{\"@id\":\"https:\/\/acrimat.org.br\/portal\/mundo-tera-consumo-extra-de-45-milhoes-de-toneladas-de-carnes-em-10-anos\/\"},\"author\":{\"name\":\"P\u00e9ricles C\u00e2ndido\",\"@id\":\"https:\/\/acrimat.org.br\/portal\/#\/schema\/person\/18df8bcf6890e924fe5d8b5afd2bec0f\"},\"headline\":\"Mundo ter\u00e1 consumo extra de 45 milh\u00f5es de toneladas de carnes em 10 anos\",\"datePublished\":\"2017-11-28T11:44:07+00:00\",\"mainEntityOfPage\":{\"@id\":\"https:\/\/acrimat.org.br\/portal\/mundo-tera-consumo-extra-de-45-milhoes-de-toneladas-de-carnes-em-10-anos\/\"},\"wordCount\":300,\"publisher\":{\"@id\":\"https:\/\/acrimat.org.br\/portal\/#organization\"},\"image\":{\"@id\":\"https:\/\/acrimat.org.br\/portal\/mundo-tera-consumo-extra-de-45-milhoes-de-toneladas-de-carnes-em-10-anos\/#primaryimage\"},\"thumbnailUrl\":\"https:\/\/acrimat.org.br\/portal\/wp-content\/uploads\/2017\/11\/carne-mercado3.jpg\",\"articleSection\":[\"Destaques\",\"Not\u00edcias\"],\"inLanguage\":\"pt-BR\"},{\"@type\":\"WebPage\",\"@id\":\"https:\/\/acrimat.org.br\/portal\/mundo-tera-consumo-extra-de-45-milhoes-de-toneladas-de-carnes-em-10-anos\/\",\"url\":\"https:\/\/acrimat.org.br\/portal\/mundo-tera-consumo-extra-de-45-milhoes-de-toneladas-de-carnes-em-10-anos\/\",\"name\":\"Mundo ter\u00e1 consumo extra de 45 milh\u00f5es de toneladas de carnes em 10 anos - Acrimat\",\"isPartOf\":{\"@id\":\"https:\/\/acrimat.org.br\/portal\/#website\"},\"primaryImageOfPage\":{\"@id\":\"https:\/\/acrimat.org.br\/portal\/mundo-tera-consumo-extra-de-45-milhoes-de-toneladas-de-carnes-em-10-anos\/#primaryimage\"},\"image\":{\"@id\":\"https:\/\/acrimat.org.br\/portal\/mundo-tera-consumo-extra-de-45-milhoes-de-toneladas-de-carnes-em-10-anos\/#primaryimage\"},\"thumbnailUrl\":\"https:\/\/acrimat.org.br\/portal\/wp-content\/uploads\/2017\/11\/carne-mercado3.jpg\",\"datePublished\":\"2017-11-28T11:44:07+00:00\",\"breadcrumb\":{\"@id\":\"https:\/\/acrimat.org.br\/portal\/mundo-tera-consumo-extra-de-45-milhoes-de-toneladas-de-carnes-em-10-anos\/#breadcrumb\"},\"inLanguage\":\"pt-BR\",\"potentialAction\":[{\"@type\":\"ReadAction\",\"target\":[\"https:\/\/acrimat.org.br\/portal\/mundo-tera-consumo-extra-de-45-milhoes-de-toneladas-de-carnes-em-10-anos\/\"]}]},{\"@type\":\"ImageObject\",\"inLanguage\":\"pt-BR\",\"@id\":\"https:\/\/acrimat.org.br\/portal\/mundo-tera-consumo-extra-de-45-milhoes-de-toneladas-de-carnes-em-10-anos\/#primaryimage\",\"url\":\"https:\/\/acrimat.org.br\/portal\/wp-content\/uploads\/2017\/11\/carne-mercado3.jpg\",\"contentUrl\":\"https:\/\/acrimat.org.br\/portal\/wp-content\/uploads\/2017\/11\/carne-mercado3.jpg\",\"width\":730,\"height\":502},{\"@type\":\"BreadcrumbList\",\"@id\":\"https:\/\/acrimat.org.br\/portal\/mundo-tera-consumo-extra-de-45-milhoes-de-toneladas-de-carnes-em-10-anos\/#breadcrumb\",\"itemListElement\":[{\"@type\":\"ListItem\",\"position\":1,\"name\":\"In\u00edcio\",\"item\":\"https:\/\/acrimat.org.br\/portal\/\"},{\"@type\":\"ListItem\",\"position\":2,\"name\":\"Mundo ter\u00e1 consumo extra de 45 milh\u00f5es de toneladas de carnes em 10 anos\"}]},{\"@type\":\"WebSite\",\"@id\":\"https:\/\/acrimat.org.br\/portal\/#website\",\"url\":\"https:\/\/acrimat.org.br\/portal\/\",\"name\":\"Acrimat\",\"description\":\"Associa\u00e7\u00e3o dos Criadores de Mato Grosso\",\"publisher\":{\"@id\":\"https:\/\/acrimat.org.br\/portal\/#organization\"},\"potentialAction\":[{\"@type\":\"SearchAction\",\"target\":{\"@type\":\"EntryPoint\",\"urlTemplate\":\"https:\/\/acrimat.org.br\/portal\/?s={search_term_string}\"},\"query-input\":{\"@type\":\"PropertyValueSpecification\",\"valueRequired\":true,\"valueName\":\"search_term_string\"}}],\"inLanguage\":\"pt-BR\"},{\"@type\":\"Organization\",\"@id\":\"https:\/\/acrimat.org.br\/portal\/#organization\",\"name\":\"Associa\u00e7\u00e3o dos Criadores de Mato Grosso\",\"url\":\"https:\/\/acrimat.org.br\/portal\/\",\"logo\":{\"@type\":\"ImageObject\",\"inLanguage\":\"pt-BR\",\"@id\":\"https:\/\/acrimat.org.br\/portal\/#\/schema\/logo\/image\/\",\"url\":\"https:\/\/acrimat.org.br\/portal\/wp-content\/uploads\/2018\/03\/logo-peq-original.png\",\"contentUrl\":\"https:\/\/acrimat.org.br\/portal\/wp-content\/uploads\/2018\/03\/logo-peq-original.png\",\"width\":174,\"height\":171,\"caption\":\"Associa\u00e7\u00e3o dos Criadores de Mato Grosso\"},\"image\":{\"@id\":\"https:\/\/acrimat.org.br\/portal\/#\/schema\/logo\/image\/\"}},{\"@type\":\"Person\",\"@id\":\"https:\/\/acrimat.org.br\/portal\/#\/schema\/person\/18df8bcf6890e924fe5d8b5afd2bec0f\",\"name\":\"P\u00e9ricles C\u00e2ndido\",\"image\":{\"@type\":\"ImageObject\",\"inLanguage\":\"pt-BR\",\"@id\":\"https:\/\/acrimat.org.br\/portal\/#\/schema\/person\/image\/\",\"url\":\"https:\/\/secure.gravatar.com\/avatar\/33e2a2b971dc363ed2df53d0d3bfbd18?s=96&d=mm&r=g\",\"contentUrl\":\"https:\/\/secure.gravatar.com\/avatar\/33e2a2b971dc363ed2df53d0d3bfbd18?s=96&d=mm&r=g\",\"caption\":\"P\u00e9ricles C\u00e2ndido\"},\"sameAs\":[\"ascom@acrimat.org.br\"],\"url\":\"https:\/\/acrimat.org.br\/portal\/author\/designergrafico\/\"}]}<\/script>\n<!-- \/ Yoast SEO plugin. -->","yoast_head_json":{"title":"Mundo ter\u00e1 consumo extra de 45 milh\u00f5es de toneladas de carnes em 10 anos - Acrimat","robots":{"index":"index","follow":"follow","max-snippet":"max-snippet:-1","max-image-preview":"max-image-preview:large","max-video-preview":"max-video-preview:-1"},"canonical":"https:\/\/acrimat.org.br\/portal\/mundo-tera-consumo-extra-de-45-milhoes-de-toneladas-de-carnes-em-10-anos\/","og_locale":"pt_BR","og_type":"article","og_title":"Mundo ter\u00e1 consumo extra de 45 milh\u00f5es de toneladas de carnes em 10 anos - Acrimat","og_description":"Deste incremento, 10 milh\u00f5es de toneladas devem ser apenas em carne bovina","og_url":"https:\/\/acrimat.org.br\/portal\/mundo-tera-consumo-extra-de-45-milhoes-de-toneladas-de-carnes-em-10-anos\/","og_site_name":"Acrimat","article_published_time":"2017-11-28T11:44:07+00:00","og_image":[{"width":730,"height":502,"url":"https:\/\/acrimat.org.br\/portal\/wp-content\/uploads\/2017\/11\/carne-mercado3.jpg","type":"image\/jpeg"}],"author":"P\u00e9ricles C\u00e2ndido","twitter_card":"summary_large_image","twitter_misc":{"Escrito por":"P\u00e9ricles C\u00e2ndido","Est. tempo de leitura":"1 minuto"},"schema":{"@context":"https:\/\/schema.org","@graph":[{"@type":"Article","@id":"https:\/\/acrimat.org.br\/portal\/mundo-tera-consumo-extra-de-45-milhoes-de-toneladas-de-carnes-em-10-anos\/#article","isPartOf":{"@id":"https:\/\/acrimat.org.br\/portal\/mundo-tera-consumo-extra-de-45-milhoes-de-toneladas-de-carnes-em-10-anos\/"},"author":{"name":"P\u00e9ricles C\u00e2ndido","@id":"https:\/\/acrimat.org.br\/portal\/#\/schema\/person\/18df8bcf6890e924fe5d8b5afd2bec0f"},"headline":"Mundo ter\u00e1 consumo extra de 45 milh\u00f5es de toneladas de carnes em 10 anos","datePublished":"2017-11-28T11:44:07+00:00","mainEntityOfPage":{"@id":"https:\/\/acrimat.org.br\/portal\/mundo-tera-consumo-extra-de-45-milhoes-de-toneladas-de-carnes-em-10-anos\/"},"wordCount":300,"publisher":{"@id":"https:\/\/acrimat.org.br\/portal\/#organization"},"image":{"@id":"https:\/\/acrimat.org.br\/portal\/mundo-tera-consumo-extra-de-45-milhoes-de-toneladas-de-carnes-em-10-anos\/#primaryimage"},"thumbnailUrl":"https:\/\/acrimat.org.br\/portal\/wp-content\/uploads\/2017\/11\/carne-mercado3.jpg","articleSection":["Destaques","Not\u00edcias"],"inLanguage":"pt-BR"},{"@type":"WebPage","@id":"https:\/\/acrimat.org.br\/portal\/mundo-tera-consumo-extra-de-45-milhoes-de-toneladas-de-carnes-em-10-anos\/","url":"https:\/\/acrimat.org.br\/portal\/mundo-tera-consumo-extra-de-45-milhoes-de-toneladas-de-carnes-em-10-anos\/","name":"Mundo ter\u00e1 consumo extra de 45 milh\u00f5es de toneladas de carnes em 10 anos - Acrimat","isPartOf":{"@id":"https:\/\/acrimat.org.br\/portal\/#website"},"primaryImageOfPage":{"@id":"https:\/\/acrimat.org.br\/portal\/mundo-tera-consumo-extra-de-45-milhoes-de-toneladas-de-carnes-em-10-anos\/#primaryimage"},"image":{"@id":"https:\/\/acrimat.org.br\/portal\/mundo-tera-consumo-extra-de-45-milhoes-de-toneladas-de-carnes-em-10-anos\/#primaryimage"},"thumbnailUrl":"https:\/\/acrimat.org.br\/portal\/wp-content\/uploads\/2017\/11\/carne-mercado3.jpg","datePublished":"2017-11-28T11:44:07+00:00","breadcrumb":{"@id":"https:\/\/acrimat.org.br\/portal\/mundo-tera-consumo-extra-de-45-milhoes-de-toneladas-de-carnes-em-10-anos\/#breadcrumb"},"inLanguage":"pt-BR","potentialAction":[{"@type":"ReadAction","target":["https:\/\/acrimat.org.br\/portal\/mundo-tera-consumo-extra-de-45-milhoes-de-toneladas-de-carnes-em-10-anos\/"]}]},{"@type":"ImageObject","inLanguage":"pt-BR","@id":"https:\/\/acrimat.org.br\/portal\/mundo-tera-consumo-extra-de-45-milhoes-de-toneladas-de-carnes-em-10-anos\/#primaryimage","url":"https:\/\/acrimat.org.br\/portal\/wp-content\/uploads\/2017\/11\/carne-mercado3.jpg","contentUrl":"https:\/\/acrimat.org.br\/portal\/wp-content\/uploads\/2017\/11\/carne-mercado3.jpg","width":730,"height":502},{"@type":"BreadcrumbList","@id":"https:\/\/acrimat.org.br\/portal\/mundo-tera-consumo-extra-de-45-milhoes-de-toneladas-de-carnes-em-10-anos\/#breadcrumb","itemListElement":[{"@type":"ListItem","position":1,"name":"In\u00edcio","item":"https:\/\/acrimat.org.br\/portal\/"},{"@type":"ListItem","position":2,"name":"Mundo ter\u00e1 consumo extra de 45 milh\u00f5es de toneladas de carnes em 10 anos"}]},{"@type":"WebSite","@id":"https:\/\/acrimat.org.br\/portal\/#website","url":"https:\/\/acrimat.org.br\/portal\/","name":"Acrimat","description":"Associa\u00e7\u00e3o dos Criadores de Mato Grosso","publisher":{"@id":"https:\/\/acrimat.org.br\/portal\/#organization"},"potentialAction":[{"@type":"SearchAction","target":{"@type":"EntryPoint","urlTemplate":"https:\/\/acrimat.org.br\/portal\/?s={search_term_string}"},"query-input":{"@type":"PropertyValueSpecification","valueRequired":true,"valueName":"search_term_string"}}],"inLanguage":"pt-BR"},{"@type":"Organization","@id":"https:\/\/acrimat.org.br\/portal\/#organization","name":"Associa\u00e7\u00e3o dos Criadores de Mato Grosso","url":"https:\/\/acrimat.org.br\/portal\/","logo":{"@type":"ImageObject","inLanguage":"pt-BR","@id":"https:\/\/acrimat.org.br\/portal\/#\/schema\/logo\/image\/","url":"https:\/\/acrimat.org.br\/portal\/wp-content\/uploads\/2018\/03\/logo-peq-original.png","contentUrl":"https:\/\/acrimat.org.br\/portal\/wp-content\/uploads\/2018\/03\/logo-peq-original.png","width":174,"height":171,"caption":"Associa\u00e7\u00e3o dos Criadores de Mato Grosso"},"image":{"@id":"https:\/\/acrimat.org.br\/portal\/#\/schema\/logo\/image\/"}},{"@type":"Person","@id":"https:\/\/acrimat.org.br\/portal\/#\/schema\/person\/18df8bcf6890e924fe5d8b5afd2bec0f","name":"P\u00e9ricles C\u00e2ndido","image":{"@type":"ImageObject","inLanguage":"pt-BR","@id":"https:\/\/acrimat.org.br\/portal\/#\/schema\/person\/image\/","url":"https:\/\/secure.gravatar.com\/avatar\/33e2a2b971dc363ed2df53d0d3bfbd18?s=96&d=mm&r=g","contentUrl":"https:\/\/secure.gravatar.com\/avatar\/33e2a2b971dc363ed2df53d0d3bfbd18?s=96&d=mm&r=g","caption":"P\u00e9ricles C\u00e2ndido"},"sameAs":["ascom@acrimat.org.br"],"url":"https:\/\/acrimat.org.br\/portal\/author\/designergrafico\/"}]}},"_links":{"self":[{"href":"https:\/\/acrimat.org.br\/portal\/wp-json\/wp\/v2\/posts\/97985040","targetHints":{"allow":["GET"]}}],"collection":[{"href":"https:\/\/acrimat.org.br\/portal\/wp-json\/wp\/v2\/posts"}],"about":[{"href":"https:\/\/acrimat.org.br\/portal\/wp-json\/wp\/v2\/types\/post"}],"author":[{"embeddable":true,"href":"https:\/\/acrimat.org.br\/portal\/wp-json\/wp\/v2\/users\/11"}],"replies":[{"embeddable":true,"href":"https:\/\/acrimat.org.br\/portal\/wp-json\/wp\/v2\/comments?post=97985040"}],"version-history":[{"count":1,"href":"https:\/\/acrimat.org.br\/portal\/wp-json\/wp\/v2\/posts\/97985040\/revisions"}],"predecessor-version":[{"id":97985041,"href":"https:\/\/acrimat.org.br\/portal\/wp-json\/wp\/v2\/posts\/97985040\/revisions\/97985041"}],"wp:featuredmedia":[{"embeddable":true,"href":"https:\/\/acrimat.org.br\/portal\/wp-json\/wp\/v2\/media\/97985038"}],"wp:attachment":[{"href":"https:\/\/acrimat.org.br\/portal\/wp-json\/wp\/v2\/media?parent=97985040"}],"wp:term":[{"taxonomy":"category","embeddable":true,"href":"https:\/\/acrimat.org.br\/portal\/wp-json\/wp\/v2\/categories?post=97985040"},{"taxonomy":"post_tag","embeddable":true,"href":"https:\/\/acrimat.org.br\/portal\/wp-json\/wp\/v2\/tags?post=97985040"}],"curies":[{"name":"wp","href":"https:\/\/api.w.org\/{rel}","templated":true}]}}