{"id":97985053,"date":"2017-11-29T08:22:43","date_gmt":"2017-11-29T11:22:43","guid":{"rendered":"http:\/\/acrimat.org.br\/portal\/?p=97985053"},"modified":"2017-11-29T08:22:43","modified_gmt":"2017-11-29T11:22:43","slug":"mais-um-mes-de-alta-nas-exportacoes-brasileiras-de-carne-bovina-in-natura","status":"publish","type":"post","link":"https:\/\/acrimat.org.br\/portal\/mais-um-mes-de-alta-nas-exportacoes-brasileiras-de-carne-bovina-in-natura\/","title":{"rendered":"Mais um m\u00eas de alta nas exporta\u00e7\u00f5es brasileiras de carne bovina in natura"},"content":{"rendered":"<p>Segundo dados do Minist\u00e9rio da Ind\u00fastria, Com\u00e9rcio Exterior e Servi\u00e7os, at\u00e9 a quarta semana de novembro, foram exportadas 92,8 mil toneladas de carne bovina in natura, com faturamento total de US$398,4 milh\u00f5es.<\/p>\n<p>A m\u00e9dia di\u00e1ria foi de 5,8 mil toneladas.<\/p>\n<p>Caso o ritmo das exporta\u00e7\u00f5es continue, o volume total exportado deve ser de 116,0 mil toneladas, alta de 53,0% em rela\u00e7\u00e3o ao mesmo per\u00edodo do ano passado. J\u00e1 s\u00e3o seis meses de alta no volume exportado em rela\u00e7\u00e3o ao \u00faltimo ano (figura 1).<\/p>\n<p>Figura 1.<\/p>\n<p>Volume de carne bovina in natura exportada pelo Brasil.<\/p>\n<div id=\"attachment_97985054\" style=\"width: 592px\" class=\"wp-caption alignnone\"><a href=\"http:\/\/acrimat.org.br\/portal\/wp-content\/uploads\/2017\/11\/171129-news-noticias-2-1.jpg\"><img fetchpriority=\"high\" decoding=\"async\" aria-describedby=\"caption-attachment-97985054\" class=\"wp-image-97985054 size-full\" src=\"http:\/\/acrimat.org.br\/portal\/wp-content\/uploads\/2017\/11\/171129-news-noticias-2-1.jpg\" alt=\"\" width=\"582\" height=\"352\" srcset=\"https:\/\/acrimat.org.br\/portal\/wp-content\/uploads\/2017\/11\/171129-news-noticias-2-1.jpg 582w, https:\/\/acrimat.org.br\/portal\/wp-content\/uploads\/2017\/11\/171129-news-noticias-2-1-300x181.jpg 300w, https:\/\/acrimat.org.br\/portal\/wp-content\/uploads\/2017\/11\/171129-news-noticias-2-1-250x151.jpg 250w, https:\/\/acrimat.org.br\/portal\/wp-content\/uploads\/2017\/11\/171129-news-noticias-2-1-550x333.jpg 550w, https:\/\/acrimat.org.br\/portal\/wp-content\/uploads\/2017\/11\/171129-news-noticias-2-1-298x180.jpg 298w, https:\/\/acrimat.org.br\/portal\/wp-content\/uploads\/2017\/11\/171129-news-noticias-2-1-496x300.jpg 496w\" sizes=\"(max-width: 582px) 100vw, 582px\" \/><\/a><p id=\"caption-attachment-97985054\" class=\"wp-caption-text\">*Volume de 2017 at\u00e9 a quarta semana.<br \/> Fonte: MDIC \/ Scot Consultoria \u2013 <a href=\"http:\/\/www.scotconsultoria.com.br\">www.scotconsultoria.com.br<\/a><\/p><\/div>\n<p>Entre os principais compradores de carne bovina in natura, em volume, de janeiro a outubro de 2017, est\u00e3o: Hong Kong, China, R\u00fassia e Egito.<\/p>\n<p>Na \u00faltima segunda-feira (20\/11), a R\u00fassia restringiu a importa\u00e7\u00e3o de carne bovina e su\u00edna do Brasil. Normalmente esse per\u00edodo do ano \u00e9 marcado por redu\u00e7\u00e3o nas importa\u00e7\u00f5es desse pa\u00eds por quest\u00f5es clim\u00e1ticas, o que n\u00e3o deve afetar t\u00e3o fortemente as exporta\u00e7\u00f5es. Entretanto, fica a expectativa de que a retomada aconte\u00e7a logo j\u00e1 que o pa\u00eds \u00e9 um importante comprador.<\/p>\n<p><em><strong>Scot Consultoria<\/strong><\/em><\/p>\n","protected":false},"excerpt":{"rendered":"<p>At\u00e9 a quarta semana de novembro, foram exportadas 92,8 mil toneladas de carne bovina in natura, com faturamento total de US$398,4 milh\u00f5es<\/p>\n","protected":false},"author":11,"featured_media":97985057,"comment_status":"closed","ping_status":"closed","sticky":false,"template":"","format":"standard","meta":{"footnotes":""},"categories":[6,1],"tags":[],"class_list":["post-97985053","post","type-post","status-publish","format-standard","has-post-thumbnail","hentry","category-destaque","category-noticia"],"yoast_head":"<!-- This site is optimized with the Yoast SEO plugin v24.8.1 - https:\/\/yoast.com\/wordpress\/plugins\/seo\/ -->\n<title>Mais um m\u00eas de alta nas exporta\u00e7\u00f5es brasileiras de carne bovina in natura - Acrimat<\/title>\n<meta name=\"robots\" content=\"index, follow, max-snippet:-1, max-image-preview:large, max-video-preview:-1\" \/>\n<link rel=\"canonical\" href=\"https:\/\/acrimat.org.br\/portal\/mais-um-mes-de-alta-nas-exportacoes-brasileiras-de-carne-bovina-in-natura\/\" \/>\n<meta property=\"og:locale\" content=\"pt_BR\" \/>\n<meta property=\"og:type\" content=\"article\" \/>\n<meta property=\"og:title\" content=\"Mais um m\u00eas de alta nas exporta\u00e7\u00f5es brasileiras de carne bovina in natura - Acrimat\" \/>\n<meta property=\"og:description\" content=\"At\u00e9 a quarta semana de novembro, foram exportadas 92,8 mil toneladas de carne bovina in natura, com faturamento total de US$398,4 milh\u00f5es\" \/>\n<meta property=\"og:url\" content=\"https:\/\/acrimat.org.br\/portal\/mais-um-mes-de-alta-nas-exportacoes-brasileiras-de-carne-bovina-in-natura\/\" \/>\n<meta property=\"og:site_name\" content=\"Acrimat\" \/>\n<meta property=\"article:published_time\" content=\"2017-11-29T11:22:43+00:00\" \/>\n<meta property=\"og:image\" content=\"https:\/\/acrimat.org.br\/portal\/wp-content\/uploads\/2017\/11\/exportacoes3-1.jpg\" \/>\n\t<meta property=\"og:image:width\" content=\"730\" \/>\n\t<meta property=\"og:image:height\" content=\"502\" \/>\n\t<meta property=\"og:image:type\" content=\"image\/jpeg\" \/>\n<meta name=\"author\" content=\"P\u00e9ricles C\u00e2ndido\" \/>\n<meta name=\"twitter:card\" content=\"summary_large_image\" \/>\n<meta name=\"twitter:label1\" content=\"Escrito por\" \/>\n\t<meta name=\"twitter:data1\" content=\"P\u00e9ricles C\u00e2ndido\" \/>\n\t<meta name=\"twitter:label2\" content=\"Est. tempo de leitura\" \/>\n\t<meta name=\"twitter:data2\" content=\"1 minuto\" \/>\n<script type=\"application\/ld+json\" class=\"yoast-schema-graph\">{\"@context\":\"https:\/\/schema.org\",\"@graph\":[{\"@type\":\"Article\",\"@id\":\"https:\/\/acrimat.org.br\/portal\/mais-um-mes-de-alta-nas-exportacoes-brasileiras-de-carne-bovina-in-natura\/#article\",\"isPartOf\":{\"@id\":\"https:\/\/acrimat.org.br\/portal\/mais-um-mes-de-alta-nas-exportacoes-brasileiras-de-carne-bovina-in-natura\/\"},\"author\":{\"name\":\"P\u00e9ricles C\u00e2ndido\",\"@id\":\"https:\/\/acrimat.org.br\/portal\/#\/schema\/person\/18df8bcf6890e924fe5d8b5afd2bec0f\"},\"headline\":\"Mais um m\u00eas de alta nas exporta\u00e7\u00f5es brasileiras de carne bovina in natura\",\"datePublished\":\"2017-11-29T11:22:43+00:00\",\"mainEntityOfPage\":{\"@id\":\"https:\/\/acrimat.org.br\/portal\/mais-um-mes-de-alta-nas-exportacoes-brasileiras-de-carne-bovina-in-natura\/\"},\"wordCount\":233,\"publisher\":{\"@id\":\"https:\/\/acrimat.org.br\/portal\/#organization\"},\"image\":{\"@id\":\"https:\/\/acrimat.org.br\/portal\/mais-um-mes-de-alta-nas-exportacoes-brasileiras-de-carne-bovina-in-natura\/#primaryimage\"},\"thumbnailUrl\":\"https:\/\/acrimat.org.br\/portal\/wp-content\/uploads\/2017\/11\/exportacoes3-1.jpg\",\"articleSection\":[\"Destaques\",\"Not\u00edcias\"],\"inLanguage\":\"pt-BR\"},{\"@type\":\"WebPage\",\"@id\":\"https:\/\/acrimat.org.br\/portal\/mais-um-mes-de-alta-nas-exportacoes-brasileiras-de-carne-bovina-in-natura\/\",\"url\":\"https:\/\/acrimat.org.br\/portal\/mais-um-mes-de-alta-nas-exportacoes-brasileiras-de-carne-bovina-in-natura\/\",\"name\":\"Mais um m\u00eas de alta nas exporta\u00e7\u00f5es brasileiras de carne bovina in natura - Acrimat\",\"isPartOf\":{\"@id\":\"https:\/\/acrimat.org.br\/portal\/#website\"},\"primaryImageOfPage\":{\"@id\":\"https:\/\/acrimat.org.br\/portal\/mais-um-mes-de-alta-nas-exportacoes-brasileiras-de-carne-bovina-in-natura\/#primaryimage\"},\"image\":{\"@id\":\"https:\/\/acrimat.org.br\/portal\/mais-um-mes-de-alta-nas-exportacoes-brasileiras-de-carne-bovina-in-natura\/#primaryimage\"},\"thumbnailUrl\":\"https:\/\/acrimat.org.br\/portal\/wp-content\/uploads\/2017\/11\/exportacoes3-1.jpg\",\"datePublished\":\"2017-11-29T11:22:43+00:00\",\"breadcrumb\":{\"@id\":\"https:\/\/acrimat.org.br\/portal\/mais-um-mes-de-alta-nas-exportacoes-brasileiras-de-carne-bovina-in-natura\/#breadcrumb\"},\"inLanguage\":\"pt-BR\",\"potentialAction\":[{\"@type\":\"ReadAction\",\"target\":[\"https:\/\/acrimat.org.br\/portal\/mais-um-mes-de-alta-nas-exportacoes-brasileiras-de-carne-bovina-in-natura\/\"]}]},{\"@type\":\"ImageObject\",\"inLanguage\":\"pt-BR\",\"@id\":\"https:\/\/acrimat.org.br\/portal\/mais-um-mes-de-alta-nas-exportacoes-brasileiras-de-carne-bovina-in-natura\/#primaryimage\",\"url\":\"https:\/\/acrimat.org.br\/portal\/wp-content\/uploads\/2017\/11\/exportacoes3-1.jpg\",\"contentUrl\":\"https:\/\/acrimat.org.br\/portal\/wp-content\/uploads\/2017\/11\/exportacoes3-1.jpg\",\"width\":730,\"height\":502},{\"@type\":\"BreadcrumbList\",\"@id\":\"https:\/\/acrimat.org.br\/portal\/mais-um-mes-de-alta-nas-exportacoes-brasileiras-de-carne-bovina-in-natura\/#breadcrumb\",\"itemListElement\":[{\"@type\":\"ListItem\",\"position\":1,\"name\":\"In\u00edcio\",\"item\":\"https:\/\/acrimat.org.br\/portal\/\"},{\"@type\":\"ListItem\",\"position\":2,\"name\":\"Mais um m\u00eas de alta nas exporta\u00e7\u00f5es brasileiras de carne bovina in natura\"}]},{\"@type\":\"WebSite\",\"@id\":\"https:\/\/acrimat.org.br\/portal\/#website\",\"url\":\"https:\/\/acrimat.org.br\/portal\/\",\"name\":\"Acrimat\",\"description\":\"Associa\u00e7\u00e3o dos Criadores de Mato Grosso\",\"publisher\":{\"@id\":\"https:\/\/acrimat.org.br\/portal\/#organization\"},\"potentialAction\":[{\"@type\":\"SearchAction\",\"target\":{\"@type\":\"EntryPoint\",\"urlTemplate\":\"https:\/\/acrimat.org.br\/portal\/?s={search_term_string}\"},\"query-input\":{\"@type\":\"PropertyValueSpecification\",\"valueRequired\":true,\"valueName\":\"search_term_string\"}}],\"inLanguage\":\"pt-BR\"},{\"@type\":\"Organization\",\"@id\":\"https:\/\/acrimat.org.br\/portal\/#organization\",\"name\":\"Associa\u00e7\u00e3o dos Criadores de Mato Grosso\",\"url\":\"https:\/\/acrimat.org.br\/portal\/\",\"logo\":{\"@type\":\"ImageObject\",\"inLanguage\":\"pt-BR\",\"@id\":\"https:\/\/acrimat.org.br\/portal\/#\/schema\/logo\/image\/\",\"url\":\"https:\/\/acrimat.org.br\/portal\/wp-content\/uploads\/2018\/03\/logo-peq-original.png\",\"contentUrl\":\"https:\/\/acrimat.org.br\/portal\/wp-content\/uploads\/2018\/03\/logo-peq-original.png\",\"width\":174,\"height\":171,\"caption\":\"Associa\u00e7\u00e3o dos Criadores de Mato Grosso\"},\"image\":{\"@id\":\"https:\/\/acrimat.org.br\/portal\/#\/schema\/logo\/image\/\"}},{\"@type\":\"Person\",\"@id\":\"https:\/\/acrimat.org.br\/portal\/#\/schema\/person\/18df8bcf6890e924fe5d8b5afd2bec0f\",\"name\":\"P\u00e9ricles C\u00e2ndido\",\"image\":{\"@type\":\"ImageObject\",\"inLanguage\":\"pt-BR\",\"@id\":\"https:\/\/acrimat.org.br\/portal\/#\/schema\/person\/image\/\",\"url\":\"https:\/\/secure.gravatar.com\/avatar\/33e2a2b971dc363ed2df53d0d3bfbd18?s=96&d=mm&r=g\",\"contentUrl\":\"https:\/\/secure.gravatar.com\/avatar\/33e2a2b971dc363ed2df53d0d3bfbd18?s=96&d=mm&r=g\",\"caption\":\"P\u00e9ricles C\u00e2ndido\"},\"sameAs\":[\"ascom@acrimat.org.br\"],\"url\":\"https:\/\/acrimat.org.br\/portal\/author\/designergrafico\/\"}]}<\/script>\n<!-- \/ Yoast SEO plugin. -->","yoast_head_json":{"title":"Mais um m\u00eas de alta nas exporta\u00e7\u00f5es brasileiras de carne bovina in natura - Acrimat","robots":{"index":"index","follow":"follow","max-snippet":"max-snippet:-1","max-image-preview":"max-image-preview:large","max-video-preview":"max-video-preview:-1"},"canonical":"https:\/\/acrimat.org.br\/portal\/mais-um-mes-de-alta-nas-exportacoes-brasileiras-de-carne-bovina-in-natura\/","og_locale":"pt_BR","og_type":"article","og_title":"Mais um m\u00eas de alta nas exporta\u00e7\u00f5es brasileiras de carne bovina in natura - Acrimat","og_description":"At\u00e9 a quarta semana de novembro, foram exportadas 92,8 mil toneladas de carne bovina in natura, com faturamento total de US$398,4 milh\u00f5es","og_url":"https:\/\/acrimat.org.br\/portal\/mais-um-mes-de-alta-nas-exportacoes-brasileiras-de-carne-bovina-in-natura\/","og_site_name":"Acrimat","article_published_time":"2017-11-29T11:22:43+00:00","og_image":[{"width":730,"height":502,"url":"https:\/\/acrimat.org.br\/portal\/wp-content\/uploads\/2017\/11\/exportacoes3-1.jpg","type":"image\/jpeg"}],"author":"P\u00e9ricles C\u00e2ndido","twitter_card":"summary_large_image","twitter_misc":{"Escrito por":"P\u00e9ricles C\u00e2ndido","Est. tempo de leitura":"1 minuto"},"schema":{"@context":"https:\/\/schema.org","@graph":[{"@type":"Article","@id":"https:\/\/acrimat.org.br\/portal\/mais-um-mes-de-alta-nas-exportacoes-brasileiras-de-carne-bovina-in-natura\/#article","isPartOf":{"@id":"https:\/\/acrimat.org.br\/portal\/mais-um-mes-de-alta-nas-exportacoes-brasileiras-de-carne-bovina-in-natura\/"},"author":{"name":"P\u00e9ricles C\u00e2ndido","@id":"https:\/\/acrimat.org.br\/portal\/#\/schema\/person\/18df8bcf6890e924fe5d8b5afd2bec0f"},"headline":"Mais um m\u00eas de alta nas exporta\u00e7\u00f5es brasileiras de carne bovina in natura","datePublished":"2017-11-29T11:22:43+00:00","mainEntityOfPage":{"@id":"https:\/\/acrimat.org.br\/portal\/mais-um-mes-de-alta-nas-exportacoes-brasileiras-de-carne-bovina-in-natura\/"},"wordCount":233,"publisher":{"@id":"https:\/\/acrimat.org.br\/portal\/#organization"},"image":{"@id":"https:\/\/acrimat.org.br\/portal\/mais-um-mes-de-alta-nas-exportacoes-brasileiras-de-carne-bovina-in-natura\/#primaryimage"},"thumbnailUrl":"https:\/\/acrimat.org.br\/portal\/wp-content\/uploads\/2017\/11\/exportacoes3-1.jpg","articleSection":["Destaques","Not\u00edcias"],"inLanguage":"pt-BR"},{"@type":"WebPage","@id":"https:\/\/acrimat.org.br\/portal\/mais-um-mes-de-alta-nas-exportacoes-brasileiras-de-carne-bovina-in-natura\/","url":"https:\/\/acrimat.org.br\/portal\/mais-um-mes-de-alta-nas-exportacoes-brasileiras-de-carne-bovina-in-natura\/","name":"Mais um m\u00eas de alta nas exporta\u00e7\u00f5es brasileiras de carne bovina in natura - Acrimat","isPartOf":{"@id":"https:\/\/acrimat.org.br\/portal\/#website"},"primaryImageOfPage":{"@id":"https:\/\/acrimat.org.br\/portal\/mais-um-mes-de-alta-nas-exportacoes-brasileiras-de-carne-bovina-in-natura\/#primaryimage"},"image":{"@id":"https:\/\/acrimat.org.br\/portal\/mais-um-mes-de-alta-nas-exportacoes-brasileiras-de-carne-bovina-in-natura\/#primaryimage"},"thumbnailUrl":"https:\/\/acrimat.org.br\/portal\/wp-content\/uploads\/2017\/11\/exportacoes3-1.jpg","datePublished":"2017-11-29T11:22:43+00:00","breadcrumb":{"@id":"https:\/\/acrimat.org.br\/portal\/mais-um-mes-de-alta-nas-exportacoes-brasileiras-de-carne-bovina-in-natura\/#breadcrumb"},"inLanguage":"pt-BR","potentialAction":[{"@type":"ReadAction","target":["https:\/\/acrimat.org.br\/portal\/mais-um-mes-de-alta-nas-exportacoes-brasileiras-de-carne-bovina-in-natura\/"]}]},{"@type":"ImageObject","inLanguage":"pt-BR","@id":"https:\/\/acrimat.org.br\/portal\/mais-um-mes-de-alta-nas-exportacoes-brasileiras-de-carne-bovina-in-natura\/#primaryimage","url":"https:\/\/acrimat.org.br\/portal\/wp-content\/uploads\/2017\/11\/exportacoes3-1.jpg","contentUrl":"https:\/\/acrimat.org.br\/portal\/wp-content\/uploads\/2017\/11\/exportacoes3-1.jpg","width":730,"height":502},{"@type":"BreadcrumbList","@id":"https:\/\/acrimat.org.br\/portal\/mais-um-mes-de-alta-nas-exportacoes-brasileiras-de-carne-bovina-in-natura\/#breadcrumb","itemListElement":[{"@type":"ListItem","position":1,"name":"In\u00edcio","item":"https:\/\/acrimat.org.br\/portal\/"},{"@type":"ListItem","position":2,"name":"Mais um m\u00eas de alta nas exporta\u00e7\u00f5es brasileiras de carne bovina in natura"}]},{"@type":"WebSite","@id":"https:\/\/acrimat.org.br\/portal\/#website","url":"https:\/\/acrimat.org.br\/portal\/","name":"Acrimat","description":"Associa\u00e7\u00e3o dos Criadores de Mato Grosso","publisher":{"@id":"https:\/\/acrimat.org.br\/portal\/#organization"},"potentialAction":[{"@type":"SearchAction","target":{"@type":"EntryPoint","urlTemplate":"https:\/\/acrimat.org.br\/portal\/?s={search_term_string}"},"query-input":{"@type":"PropertyValueSpecification","valueRequired":true,"valueName":"search_term_string"}}],"inLanguage":"pt-BR"},{"@type":"Organization","@id":"https:\/\/acrimat.org.br\/portal\/#organization","name":"Associa\u00e7\u00e3o dos Criadores de Mato Grosso","url":"https:\/\/acrimat.org.br\/portal\/","logo":{"@type":"ImageObject","inLanguage":"pt-BR","@id":"https:\/\/acrimat.org.br\/portal\/#\/schema\/logo\/image\/","url":"https:\/\/acrimat.org.br\/portal\/wp-content\/uploads\/2018\/03\/logo-peq-original.png","contentUrl":"https:\/\/acrimat.org.br\/portal\/wp-content\/uploads\/2018\/03\/logo-peq-original.png","width":174,"height":171,"caption":"Associa\u00e7\u00e3o dos Criadores de Mato Grosso"},"image":{"@id":"https:\/\/acrimat.org.br\/portal\/#\/schema\/logo\/image\/"}},{"@type":"Person","@id":"https:\/\/acrimat.org.br\/portal\/#\/schema\/person\/18df8bcf6890e924fe5d8b5afd2bec0f","name":"P\u00e9ricles C\u00e2ndido","image":{"@type":"ImageObject","inLanguage":"pt-BR","@id":"https:\/\/acrimat.org.br\/portal\/#\/schema\/person\/image\/","url":"https:\/\/secure.gravatar.com\/avatar\/33e2a2b971dc363ed2df53d0d3bfbd18?s=96&d=mm&r=g","contentUrl":"https:\/\/secure.gravatar.com\/avatar\/33e2a2b971dc363ed2df53d0d3bfbd18?s=96&d=mm&r=g","caption":"P\u00e9ricles C\u00e2ndido"},"sameAs":["ascom@acrimat.org.br"],"url":"https:\/\/acrimat.org.br\/portal\/author\/designergrafico\/"}]}},"_links":{"self":[{"href":"https:\/\/acrimat.org.br\/portal\/wp-json\/wp\/v2\/posts\/97985053","targetHints":{"allow":["GET"]}}],"collection":[{"href":"https:\/\/acrimat.org.br\/portal\/wp-json\/wp\/v2\/posts"}],"about":[{"href":"https:\/\/acrimat.org.br\/portal\/wp-json\/wp\/v2\/types\/post"}],"author":[{"embeddable":true,"href":"https:\/\/acrimat.org.br\/portal\/wp-json\/wp\/v2\/users\/11"}],"replies":[{"embeddable":true,"href":"https:\/\/acrimat.org.br\/portal\/wp-json\/wp\/v2\/comments?post=97985053"}],"version-history":[{"count":3,"href":"https:\/\/acrimat.org.br\/portal\/wp-json\/wp\/v2\/posts\/97985053\/revisions"}],"predecessor-version":[{"id":97985058,"href":"https:\/\/acrimat.org.br\/portal\/wp-json\/wp\/v2\/posts\/97985053\/revisions\/97985058"}],"wp:featuredmedia":[{"embeddable":true,"href":"https:\/\/acrimat.org.br\/portal\/wp-json\/wp\/v2\/media\/97985057"}],"wp:attachment":[{"href":"https:\/\/acrimat.org.br\/portal\/wp-json\/wp\/v2\/media?parent=97985053"}],"wp:term":[{"taxonomy":"category","embeddable":true,"href":"https:\/\/acrimat.org.br\/portal\/wp-json\/wp\/v2\/categories?post=97985053"},{"taxonomy":"post_tag","embeddable":true,"href":"https:\/\/acrimat.org.br\/portal\/wp-json\/wp\/v2\/tags?post=97985053"}],"curies":[{"name":"wp","href":"https:\/\/api.w.org\/{rel}","templated":true}]}}