{"id":97985059,"date":"2017-11-29T08:24:51","date_gmt":"2017-11-29T11:24:51","guid":{"rendered":"http:\/\/acrimat.org.br\/portal\/?p=97985059"},"modified":"2017-11-29T08:24:51","modified_gmt":"2017-11-29T11:24:51","slug":"levantamento-ira-mapear-uso-do-senepol-em-rebanhos-comerciais-do-brasil","status":"publish","type":"post","link":"https:\/\/acrimat.org.br\/portal\/levantamento-ira-mapear-uso-do-senepol-em-rebanhos-comerciais-do-brasil\/","title":{"rendered":"Levantamento ir\u00e1 mapear uso do Senepol em rebanhos comerciais do Brasil"},"content":{"rendered":"<p>A Associa\u00e7\u00e3o Brasileira dos Criadores de Bovinos Senepol (ABCB Senepol) realizar\u00e1 em seis meses um mapeamento dos animais meio-sangue (nascidos de cruzamento industrial entre o Senepol e outras ra\u00e7as de corte) no Pa\u00eds. A parceria \u00e9 feita com a Scot Consultoria (Bebedouro\/SP) e o Centro de Estudos Avan\u00e7ados em Economia Aplicada (Cepea, Esalq\/USP, Piracicaba\/SP).<\/p>\n<p>De acordo com o presidente da ABCB Senepol, Pedro Crosara Gustin, as informa\u00e7\u00f5es coletadas pela Scot e pelo Cepea ser\u00e3o utilizadas para planejar diversas a\u00e7\u00f5es de valoriza\u00e7\u00e3o da ra\u00e7a, em toda a cadeia produtiva, dentro do PMGS (Programa de Melhoramento Gen\u00e9tico do Senepol), garantindo a certifica\u00e7\u00e3o de ponta a ponta, ou seja, do pasto ao prato.<\/p>\n<p>Um dos projetos beneficiados com a pesquisa ser\u00e1 o sistema de certifica\u00e7\u00e3o de criat\u00f3rios \u201cPMGS Approved\u201d, selo de qualidade que est\u00e1 sendo implantado pela ABCB Senepol e que funcionar\u00e1 como um atestado ao mercado de que o criat\u00f3rio creditado adota pr\u00e1ticas e condutas alinhadas com as atuais exig\u00eancias do consumidor na produ\u00e7\u00e3o de animais melhoradores.<\/p>\n<p>Outro projeto que utilizar\u00e1 as informa\u00e7\u00f5es do mapeamento ser\u00e1 o \u201cSenepol Quality Assurance\u201d, selo de garantia para a carne produzida dentro do padr\u00e3o de qualidade estabelecido pelo PMGS Approved. A proposta \u00e9 desenvolver a\u00e7\u00f5es em conjunto com frigor\u00edficos parceiros, para colocar no mercado uma carne certificada pelo Senepol Quality Assurance.<\/p>\n<p>\u201cOs dados coletados pela Scot Consultoria e pelo CEPEA ajudar\u00e3o a aprimorar esses dois selos de qualidade de forma profissional e estruturada, certificando o processo produtivo de ponta a ponta\u201d, finaliza o presidente da ABCB Senepol.<\/p>\n<p>O levantamento ficar\u00e1 a cargo da Scot Consultoria, empresa especializada em coleta, an\u00e1lise e divulga\u00e7\u00e3o de informa\u00e7\u00f5es de mercado para o campo. J\u00e1 o Cepea ficar\u00e1 respons\u00e1vel por medir e quantificar o valor econ\u00f4mico que o meio-sangue Senepol imprime porteira adentro, comparando os resultados com outros levantamentos feitos em rebanhos comerciais pelo pr\u00f3prio centro de pesquisa.<\/p>\n<p>A ra\u00e7a vem sendo cada vez mais utilizada na pecu\u00e1ria comercial por proporcionar alto grau de heterose quando utilizada em cruzamentos com zebu\u00ednos, garantindo 30% a mais de ganhos econ\u00f4micos em compara\u00e7\u00e3o a outros animais cruzados.<\/p>\n<p>Importada h\u00e1 17 anos dos Estados Unidos e das Ilhas Virgens (Saint Croix), a ra\u00e7a consegue manter um bom desempenho mesmo em regi\u00f5es de clima quente e em sistemas a pasto, que \u00e9 o cen\u00e1rio mais comum na pecu\u00e1ria comercial brasileira. Isso contribui para o uso de touro Senepol, tanto em monta natural quanto para repasse das f\u00eameas, em sistemas de cruzamento industrial.<\/p>\n","protected":false},"excerpt":{"rendered":"<p>Ap\u00f3s conclu\u00edda, resultados da pesquisa ir\u00e3o beneficiar projetos do setor<\/p>\n","protected":false},"author":11,"featured_media":97985060,"comment_status":"closed","ping_status":"closed","sticky":false,"template":"","format":"standard","meta":{"footnotes":""},"categories":[6,1],"tags":[],"class_list":["post-97985059","post","type-post","status-publish","format-standard","has-post-thumbnail","hentry","category-destaque","category-noticia"],"yoast_head":"<!-- This site is optimized with the Yoast SEO plugin v24.8.1 - https:\/\/yoast.com\/wordpress\/plugins\/seo\/ -->\n<title>Levantamento ir\u00e1 mapear uso do Senepol em rebanhos comerciais do Brasil - Acrimat<\/title>\n<meta name=\"robots\" content=\"index, follow, max-snippet:-1, max-image-preview:large, max-video-preview:-1\" \/>\n<link rel=\"canonical\" href=\"https:\/\/acrimat.org.br\/portal\/levantamento-ira-mapear-uso-do-senepol-em-rebanhos-comerciais-do-brasil\/\" \/>\n<meta property=\"og:locale\" content=\"pt_BR\" \/>\n<meta property=\"og:type\" content=\"article\" \/>\n<meta property=\"og:title\" content=\"Levantamento ir\u00e1 mapear uso do Senepol em rebanhos comerciais do Brasil - Acrimat\" \/>\n<meta property=\"og:description\" content=\"Ap\u00f3s conclu\u00edda, resultados da pesquisa ir\u00e3o beneficiar projetos do setor\" \/>\n<meta property=\"og:url\" content=\"https:\/\/acrimat.org.br\/portal\/levantamento-ira-mapear-uso-do-senepol-em-rebanhos-comerciais-do-brasil\/\" \/>\n<meta property=\"og:site_name\" content=\"Acrimat\" \/>\n<meta property=\"article:published_time\" content=\"2017-11-29T11:24:51+00:00\" \/>\n<meta property=\"og:image\" content=\"https:\/\/acrimat.org.br\/portal\/wp-content\/uploads\/2017\/11\/senepol-touro-reproducao.jpg\" \/>\n\t<meta property=\"og:image:width\" content=\"600\" \/>\n\t<meta property=\"og:image:height\" content=\"400\" \/>\n\t<meta property=\"og:image:type\" content=\"image\/jpeg\" \/>\n<meta name=\"author\" content=\"P\u00e9ricles C\u00e2ndido\" \/>\n<meta name=\"twitter:card\" content=\"summary_large_image\" \/>\n<meta name=\"twitter:label1\" content=\"Escrito por\" \/>\n\t<meta name=\"twitter:data1\" content=\"P\u00e9ricles C\u00e2ndido\" \/>\n\t<meta name=\"twitter:label2\" content=\"Est. tempo de leitura\" \/>\n\t<meta name=\"twitter:data2\" content=\"2 minutos\" \/>\n<script type=\"application\/ld+json\" class=\"yoast-schema-graph\">{\"@context\":\"https:\/\/schema.org\",\"@graph\":[{\"@type\":\"Article\",\"@id\":\"https:\/\/acrimat.org.br\/portal\/levantamento-ira-mapear-uso-do-senepol-em-rebanhos-comerciais-do-brasil\/#article\",\"isPartOf\":{\"@id\":\"https:\/\/acrimat.org.br\/portal\/levantamento-ira-mapear-uso-do-senepol-em-rebanhos-comerciais-do-brasil\/\"},\"author\":{\"name\":\"P\u00e9ricles C\u00e2ndido\",\"@id\":\"https:\/\/acrimat.org.br\/portal\/#\/schema\/person\/18df8bcf6890e924fe5d8b5afd2bec0f\"},\"headline\":\"Levantamento ir\u00e1 mapear uso do Senepol em rebanhos comerciais do Brasil\",\"datePublished\":\"2017-11-29T11:24:51+00:00\",\"mainEntityOfPage\":{\"@id\":\"https:\/\/acrimat.org.br\/portal\/levantamento-ira-mapear-uso-do-senepol-em-rebanhos-comerciais-do-brasil\/\"},\"wordCount\":453,\"publisher\":{\"@id\":\"https:\/\/acrimat.org.br\/portal\/#organization\"},\"image\":{\"@id\":\"https:\/\/acrimat.org.br\/portal\/levantamento-ira-mapear-uso-do-senepol-em-rebanhos-comerciais-do-brasil\/#primaryimage\"},\"thumbnailUrl\":\"https:\/\/acrimat.org.br\/portal\/wp-content\/uploads\/2017\/11\/senepol-touro-reproducao.jpg\",\"articleSection\":[\"Destaques\",\"Not\u00edcias\"],\"inLanguage\":\"pt-BR\"},{\"@type\":\"WebPage\",\"@id\":\"https:\/\/acrimat.org.br\/portal\/levantamento-ira-mapear-uso-do-senepol-em-rebanhos-comerciais-do-brasil\/\",\"url\":\"https:\/\/acrimat.org.br\/portal\/levantamento-ira-mapear-uso-do-senepol-em-rebanhos-comerciais-do-brasil\/\",\"name\":\"Levantamento ir\u00e1 mapear uso do Senepol em rebanhos comerciais do Brasil - Acrimat\",\"isPartOf\":{\"@id\":\"https:\/\/acrimat.org.br\/portal\/#website\"},\"primaryImageOfPage\":{\"@id\":\"https:\/\/acrimat.org.br\/portal\/levantamento-ira-mapear-uso-do-senepol-em-rebanhos-comerciais-do-brasil\/#primaryimage\"},\"image\":{\"@id\":\"https:\/\/acrimat.org.br\/portal\/levantamento-ira-mapear-uso-do-senepol-em-rebanhos-comerciais-do-brasil\/#primaryimage\"},\"thumbnailUrl\":\"https:\/\/acrimat.org.br\/portal\/wp-content\/uploads\/2017\/11\/senepol-touro-reproducao.jpg\",\"datePublished\":\"2017-11-29T11:24:51+00:00\",\"breadcrumb\":{\"@id\":\"https:\/\/acrimat.org.br\/portal\/levantamento-ira-mapear-uso-do-senepol-em-rebanhos-comerciais-do-brasil\/#breadcrumb\"},\"inLanguage\":\"pt-BR\",\"potentialAction\":[{\"@type\":\"ReadAction\",\"target\":[\"https:\/\/acrimat.org.br\/portal\/levantamento-ira-mapear-uso-do-senepol-em-rebanhos-comerciais-do-brasil\/\"]}]},{\"@type\":\"ImageObject\",\"inLanguage\":\"pt-BR\",\"@id\":\"https:\/\/acrimat.org.br\/portal\/levantamento-ira-mapear-uso-do-senepol-em-rebanhos-comerciais-do-brasil\/#primaryimage\",\"url\":\"https:\/\/acrimat.org.br\/portal\/wp-content\/uploads\/2017\/11\/senepol-touro-reproducao.jpg\",\"contentUrl\":\"https:\/\/acrimat.org.br\/portal\/wp-content\/uploads\/2017\/11\/senepol-touro-reproducao.jpg\",\"width\":600,\"height\":400},{\"@type\":\"BreadcrumbList\",\"@id\":\"https:\/\/acrimat.org.br\/portal\/levantamento-ira-mapear-uso-do-senepol-em-rebanhos-comerciais-do-brasil\/#breadcrumb\",\"itemListElement\":[{\"@type\":\"ListItem\",\"position\":1,\"name\":\"In\u00edcio\",\"item\":\"https:\/\/acrimat.org.br\/portal\/\"},{\"@type\":\"ListItem\",\"position\":2,\"name\":\"Levantamento ir\u00e1 mapear uso do Senepol em rebanhos comerciais do Brasil\"}]},{\"@type\":\"WebSite\",\"@id\":\"https:\/\/acrimat.org.br\/portal\/#website\",\"url\":\"https:\/\/acrimat.org.br\/portal\/\",\"name\":\"Acrimat\",\"description\":\"Associa\u00e7\u00e3o dos Criadores de Mato Grosso\",\"publisher\":{\"@id\":\"https:\/\/acrimat.org.br\/portal\/#organization\"},\"potentialAction\":[{\"@type\":\"SearchAction\",\"target\":{\"@type\":\"EntryPoint\",\"urlTemplate\":\"https:\/\/acrimat.org.br\/portal\/?s={search_term_string}\"},\"query-input\":{\"@type\":\"PropertyValueSpecification\",\"valueRequired\":true,\"valueName\":\"search_term_string\"}}],\"inLanguage\":\"pt-BR\"},{\"@type\":\"Organization\",\"@id\":\"https:\/\/acrimat.org.br\/portal\/#organization\",\"name\":\"Associa\u00e7\u00e3o dos Criadores de Mato Grosso\",\"url\":\"https:\/\/acrimat.org.br\/portal\/\",\"logo\":{\"@type\":\"ImageObject\",\"inLanguage\":\"pt-BR\",\"@id\":\"https:\/\/acrimat.org.br\/portal\/#\/schema\/logo\/image\/\",\"url\":\"https:\/\/acrimat.org.br\/portal\/wp-content\/uploads\/2018\/03\/logo-peq-original.png\",\"contentUrl\":\"https:\/\/acrimat.org.br\/portal\/wp-content\/uploads\/2018\/03\/logo-peq-original.png\",\"width\":174,\"height\":171,\"caption\":\"Associa\u00e7\u00e3o dos Criadores de Mato Grosso\"},\"image\":{\"@id\":\"https:\/\/acrimat.org.br\/portal\/#\/schema\/logo\/image\/\"}},{\"@type\":\"Person\",\"@id\":\"https:\/\/acrimat.org.br\/portal\/#\/schema\/person\/18df8bcf6890e924fe5d8b5afd2bec0f\",\"name\":\"P\u00e9ricles C\u00e2ndido\",\"image\":{\"@type\":\"ImageObject\",\"inLanguage\":\"pt-BR\",\"@id\":\"https:\/\/acrimat.org.br\/portal\/#\/schema\/person\/image\/\",\"url\":\"https:\/\/secure.gravatar.com\/avatar\/33e2a2b971dc363ed2df53d0d3bfbd18?s=96&d=mm&r=g\",\"contentUrl\":\"https:\/\/secure.gravatar.com\/avatar\/33e2a2b971dc363ed2df53d0d3bfbd18?s=96&d=mm&r=g\",\"caption\":\"P\u00e9ricles C\u00e2ndido\"},\"sameAs\":[\"ascom@acrimat.org.br\"],\"url\":\"https:\/\/acrimat.org.br\/portal\/author\/designergrafico\/\"}]}<\/script>\n<!-- \/ Yoast SEO plugin. -->","yoast_head_json":{"title":"Levantamento ir\u00e1 mapear uso do Senepol em rebanhos comerciais do Brasil - Acrimat","robots":{"index":"index","follow":"follow","max-snippet":"max-snippet:-1","max-image-preview":"max-image-preview:large","max-video-preview":"max-video-preview:-1"},"canonical":"https:\/\/acrimat.org.br\/portal\/levantamento-ira-mapear-uso-do-senepol-em-rebanhos-comerciais-do-brasil\/","og_locale":"pt_BR","og_type":"article","og_title":"Levantamento ir\u00e1 mapear uso do Senepol em rebanhos comerciais do Brasil - Acrimat","og_description":"Ap\u00f3s conclu\u00edda, resultados da pesquisa ir\u00e3o beneficiar projetos do setor","og_url":"https:\/\/acrimat.org.br\/portal\/levantamento-ira-mapear-uso-do-senepol-em-rebanhos-comerciais-do-brasil\/","og_site_name":"Acrimat","article_published_time":"2017-11-29T11:24:51+00:00","og_image":[{"width":600,"height":400,"url":"https:\/\/acrimat.org.br\/portal\/wp-content\/uploads\/2017\/11\/senepol-touro-reproducao.jpg","type":"image\/jpeg"}],"author":"P\u00e9ricles C\u00e2ndido","twitter_card":"summary_large_image","twitter_misc":{"Escrito por":"P\u00e9ricles C\u00e2ndido","Est. tempo de leitura":"2 minutos"},"schema":{"@context":"https:\/\/schema.org","@graph":[{"@type":"Article","@id":"https:\/\/acrimat.org.br\/portal\/levantamento-ira-mapear-uso-do-senepol-em-rebanhos-comerciais-do-brasil\/#article","isPartOf":{"@id":"https:\/\/acrimat.org.br\/portal\/levantamento-ira-mapear-uso-do-senepol-em-rebanhos-comerciais-do-brasil\/"},"author":{"name":"P\u00e9ricles C\u00e2ndido","@id":"https:\/\/acrimat.org.br\/portal\/#\/schema\/person\/18df8bcf6890e924fe5d8b5afd2bec0f"},"headline":"Levantamento ir\u00e1 mapear uso do Senepol em rebanhos comerciais do Brasil","datePublished":"2017-11-29T11:24:51+00:00","mainEntityOfPage":{"@id":"https:\/\/acrimat.org.br\/portal\/levantamento-ira-mapear-uso-do-senepol-em-rebanhos-comerciais-do-brasil\/"},"wordCount":453,"publisher":{"@id":"https:\/\/acrimat.org.br\/portal\/#organization"},"image":{"@id":"https:\/\/acrimat.org.br\/portal\/levantamento-ira-mapear-uso-do-senepol-em-rebanhos-comerciais-do-brasil\/#primaryimage"},"thumbnailUrl":"https:\/\/acrimat.org.br\/portal\/wp-content\/uploads\/2017\/11\/senepol-touro-reproducao.jpg","articleSection":["Destaques","Not\u00edcias"],"inLanguage":"pt-BR"},{"@type":"WebPage","@id":"https:\/\/acrimat.org.br\/portal\/levantamento-ira-mapear-uso-do-senepol-em-rebanhos-comerciais-do-brasil\/","url":"https:\/\/acrimat.org.br\/portal\/levantamento-ira-mapear-uso-do-senepol-em-rebanhos-comerciais-do-brasil\/","name":"Levantamento ir\u00e1 mapear uso do Senepol em rebanhos comerciais do Brasil - Acrimat","isPartOf":{"@id":"https:\/\/acrimat.org.br\/portal\/#website"},"primaryImageOfPage":{"@id":"https:\/\/acrimat.org.br\/portal\/levantamento-ira-mapear-uso-do-senepol-em-rebanhos-comerciais-do-brasil\/#primaryimage"},"image":{"@id":"https:\/\/acrimat.org.br\/portal\/levantamento-ira-mapear-uso-do-senepol-em-rebanhos-comerciais-do-brasil\/#primaryimage"},"thumbnailUrl":"https:\/\/acrimat.org.br\/portal\/wp-content\/uploads\/2017\/11\/senepol-touro-reproducao.jpg","datePublished":"2017-11-29T11:24:51+00:00","breadcrumb":{"@id":"https:\/\/acrimat.org.br\/portal\/levantamento-ira-mapear-uso-do-senepol-em-rebanhos-comerciais-do-brasil\/#breadcrumb"},"inLanguage":"pt-BR","potentialAction":[{"@type":"ReadAction","target":["https:\/\/acrimat.org.br\/portal\/levantamento-ira-mapear-uso-do-senepol-em-rebanhos-comerciais-do-brasil\/"]}]},{"@type":"ImageObject","inLanguage":"pt-BR","@id":"https:\/\/acrimat.org.br\/portal\/levantamento-ira-mapear-uso-do-senepol-em-rebanhos-comerciais-do-brasil\/#primaryimage","url":"https:\/\/acrimat.org.br\/portal\/wp-content\/uploads\/2017\/11\/senepol-touro-reproducao.jpg","contentUrl":"https:\/\/acrimat.org.br\/portal\/wp-content\/uploads\/2017\/11\/senepol-touro-reproducao.jpg","width":600,"height":400},{"@type":"BreadcrumbList","@id":"https:\/\/acrimat.org.br\/portal\/levantamento-ira-mapear-uso-do-senepol-em-rebanhos-comerciais-do-brasil\/#breadcrumb","itemListElement":[{"@type":"ListItem","position":1,"name":"In\u00edcio","item":"https:\/\/acrimat.org.br\/portal\/"},{"@type":"ListItem","position":2,"name":"Levantamento ir\u00e1 mapear uso do Senepol em rebanhos comerciais do Brasil"}]},{"@type":"WebSite","@id":"https:\/\/acrimat.org.br\/portal\/#website","url":"https:\/\/acrimat.org.br\/portal\/","name":"Acrimat","description":"Associa\u00e7\u00e3o dos Criadores de Mato Grosso","publisher":{"@id":"https:\/\/acrimat.org.br\/portal\/#organization"},"potentialAction":[{"@type":"SearchAction","target":{"@type":"EntryPoint","urlTemplate":"https:\/\/acrimat.org.br\/portal\/?s={search_term_string}"},"query-input":{"@type":"PropertyValueSpecification","valueRequired":true,"valueName":"search_term_string"}}],"inLanguage":"pt-BR"},{"@type":"Organization","@id":"https:\/\/acrimat.org.br\/portal\/#organization","name":"Associa\u00e7\u00e3o dos Criadores de Mato Grosso","url":"https:\/\/acrimat.org.br\/portal\/","logo":{"@type":"ImageObject","inLanguage":"pt-BR","@id":"https:\/\/acrimat.org.br\/portal\/#\/schema\/logo\/image\/","url":"https:\/\/acrimat.org.br\/portal\/wp-content\/uploads\/2018\/03\/logo-peq-original.png","contentUrl":"https:\/\/acrimat.org.br\/portal\/wp-content\/uploads\/2018\/03\/logo-peq-original.png","width":174,"height":171,"caption":"Associa\u00e7\u00e3o dos Criadores de Mato Grosso"},"image":{"@id":"https:\/\/acrimat.org.br\/portal\/#\/schema\/logo\/image\/"}},{"@type":"Person","@id":"https:\/\/acrimat.org.br\/portal\/#\/schema\/person\/18df8bcf6890e924fe5d8b5afd2bec0f","name":"P\u00e9ricles C\u00e2ndido","image":{"@type":"ImageObject","inLanguage":"pt-BR","@id":"https:\/\/acrimat.org.br\/portal\/#\/schema\/person\/image\/","url":"https:\/\/secure.gravatar.com\/avatar\/33e2a2b971dc363ed2df53d0d3bfbd18?s=96&d=mm&r=g","contentUrl":"https:\/\/secure.gravatar.com\/avatar\/33e2a2b971dc363ed2df53d0d3bfbd18?s=96&d=mm&r=g","caption":"P\u00e9ricles C\u00e2ndido"},"sameAs":["ascom@acrimat.org.br"],"url":"https:\/\/acrimat.org.br\/portal\/author\/designergrafico\/"}]}},"_links":{"self":[{"href":"https:\/\/acrimat.org.br\/portal\/wp-json\/wp\/v2\/posts\/97985059","targetHints":{"allow":["GET"]}}],"collection":[{"href":"https:\/\/acrimat.org.br\/portal\/wp-json\/wp\/v2\/posts"}],"about":[{"href":"https:\/\/acrimat.org.br\/portal\/wp-json\/wp\/v2\/types\/post"}],"author":[{"embeddable":true,"href":"https:\/\/acrimat.org.br\/portal\/wp-json\/wp\/v2\/users\/11"}],"replies":[{"embeddable":true,"href":"https:\/\/acrimat.org.br\/portal\/wp-json\/wp\/v2\/comments?post=97985059"}],"version-history":[{"count":1,"href":"https:\/\/acrimat.org.br\/portal\/wp-json\/wp\/v2\/posts\/97985059\/revisions"}],"predecessor-version":[{"id":97985061,"href":"https:\/\/acrimat.org.br\/portal\/wp-json\/wp\/v2\/posts\/97985059\/revisions\/97985061"}],"wp:featuredmedia":[{"embeddable":true,"href":"https:\/\/acrimat.org.br\/portal\/wp-json\/wp\/v2\/media\/97985060"}],"wp:attachment":[{"href":"https:\/\/acrimat.org.br\/portal\/wp-json\/wp\/v2\/media?parent=97985059"}],"wp:term":[{"taxonomy":"category","embeddable":true,"href":"https:\/\/acrimat.org.br\/portal\/wp-json\/wp\/v2\/categories?post=97985059"},{"taxonomy":"post_tag","embeddable":true,"href":"https:\/\/acrimat.org.br\/portal\/wp-json\/wp\/v2\/tags?post=97985059"}],"curies":[{"name":"wp","href":"https:\/\/api.w.org\/{rel}","templated":true}]}}