{"id":97985062,"date":"2017-11-29T08:27:57","date_gmt":"2017-11-29T11:27:57","guid":{"rendered":"http:\/\/acrimat.org.br\/portal\/?p=97985062"},"modified":"2017-11-29T08:27:57","modified_gmt":"2017-11-29T11:27:57","slug":"brasil-negocia-uso-de-porto-na-espanha-para-ampliar-exportacao-para-africa-e-europa","status":"publish","type":"post","link":"https:\/\/acrimat.org.br\/portal\/brasil-negocia-uso-de-porto-na-espanha-para-ampliar-exportacao-para-africa-e-europa\/","title":{"rendered":"Brasil negocia uso de porto na Espanha para ampliar exporta\u00e7\u00e3o para \u00c1frica e Europa"},"content":{"rendered":"<p>O Minist\u00e9rio da Agricultura, Pecu\u00e1ria e Abastecimento (Mapa), em parceria com o Minist\u00e9rio das Rela\u00e7\u00f5es Exteriores, realizou, nesta segunda-feira, dia 27, encontro entre operadores log\u00edsticos e entidades setoriais do agroneg\u00f3cio brasileiro com a diretoria do Porto de Las Palmas, nas Ilhas Can\u00e1rias, Espanha. Durante o encontro foram apresentadas oportunidades de log\u00edstica na Espanha por meio da utiliza\u00e7\u00e3o daquele &#8220;hub&#8221; de reexporta\u00e7\u00e3o de commodities brasileiras para \u00c1frica e Europa.<\/p>\n<p>O porto de Las Palmas opera linhas mar\u00edtimas para mais de 30 pa\u00edses africanos. O terminal estaria preparado para atraca\u00e7\u00e3o de navios de grande porte e capacitado para armazenamento de gr\u00e3os, frutas, carnes e m\u00e1quinas, que poderiam ser redistribu\u00eddos para diferentes destinos africanos, em embarca\u00e7\u00f5es menores.<\/p>\n<p>Para o diretor do Departamento de Promo\u00e7\u00e3o Internacional do Agroneg\u00f3cio, Evaldo da Silva J\u00fanior, a exist\u00eancia de rotas de com\u00e9rcio alternativas \u00e0s que j\u00e1 s\u00e3o tradicionalmente utilizadas pelos exportadores de produtos agropecu\u00e1rios brasileiros seria salutar para o pa\u00eds.<\/p>\n<p>\u201cA oportunidade apresentada pelos espanh\u00f3is \u00e9 especialmente interessante porque possibilita a distribui\u00e7\u00e3o dos nossos produtos com agilidade e custo competitivo tanto para a \u00c1frica \u2013 uma fronteira ainda a ser melhor explorada \u2013 quanto para a Uni\u00e3o Europeia, que \u00e9 atualmente nosso segundo maior mercado importador. As importa\u00e7\u00f5es europeias devem aumentar consideravelmente ap\u00f3s a conclus\u00e3o das negocia\u00e7\u00f5es do acordo comercial com o Mercosul, prevista para ocorrer ainda em 2017\u201d, disse Silva J\u00fanior.<\/p>\n<p>Est\u00e1 prevista para o in\u00edcio de 2018 uma miss\u00e3o t\u00e9cnica para visitar Porto de Las Palmas com a participa\u00e7\u00e3o de empres\u00e1rios brasileiros.<\/p>\n","protected":false},"excerpt":{"rendered":"<p>Distribui\u00e7\u00e3o de produtos pelas Ilhas Can\u00e1rias seria mais r\u00e1pida e mais barata, de acordo com Minist\u00e9rio da Agricultura<\/p>\n","protected":false},"author":11,"featured_media":97985064,"comment_status":"closed","ping_status":"closed","sticky":false,"template":"","format":"standard","meta":{"footnotes":""},"categories":[6,1],"tags":[],"class_list":["post-97985062","post","type-post","status-publish","format-standard","has-post-thumbnail","hentry","category-destaque","category-noticia"],"yoast_head":"<!-- This site is optimized with the Yoast SEO plugin v24.8.1 - https:\/\/yoast.com\/wordpress\/plugins\/seo\/ -->\n<title>Brasil negocia uso de porto na Espanha para ampliar exporta\u00e7\u00e3o para \u00c1frica e Europa - Acrimat<\/title>\n<meta name=\"robots\" content=\"index, follow, max-snippet:-1, max-image-preview:large, max-video-preview:-1\" \/>\n<link rel=\"canonical\" href=\"https:\/\/acrimat.org.br\/portal\/brasil-negocia-uso-de-porto-na-espanha-para-ampliar-exportacao-para-africa-e-europa\/\" \/>\n<meta property=\"og:locale\" content=\"pt_BR\" \/>\n<meta property=\"og:type\" content=\"article\" \/>\n<meta property=\"og:title\" content=\"Brasil negocia uso de porto na Espanha para ampliar exporta\u00e7\u00e3o para \u00c1frica e Europa - Acrimat\" \/>\n<meta property=\"og:description\" content=\"Distribui\u00e7\u00e3o de produtos pelas Ilhas Can\u00e1rias seria mais r\u00e1pida e mais barata, de acordo com Minist\u00e9rio da Agricultura\" \/>\n<meta property=\"og:url\" content=\"https:\/\/acrimat.org.br\/portal\/brasil-negocia-uso-de-porto-na-espanha-para-ampliar-exportacao-para-africa-e-europa\/\" \/>\n<meta property=\"og:site_name\" content=\"Acrimat\" \/>\n<meta property=\"article:published_time\" content=\"2017-11-29T11:27:57+00:00\" \/>\n<meta property=\"og:image\" content=\"https:\/\/acrimat.org.br\/portal\/wp-content\/uploads\/2017\/11\/porto2.jpg\" \/>\n\t<meta property=\"og:image:width\" content=\"640\" \/>\n\t<meta property=\"og:image:height\" content=\"440\" \/>\n\t<meta property=\"og:image:type\" content=\"image\/jpeg\" \/>\n<meta name=\"author\" content=\"P\u00e9ricles C\u00e2ndido\" \/>\n<meta name=\"twitter:card\" content=\"summary_large_image\" \/>\n<meta name=\"twitter:label1\" content=\"Escrito por\" \/>\n\t<meta name=\"twitter:data1\" content=\"P\u00e9ricles C\u00e2ndido\" \/>\n\t<meta name=\"twitter:label2\" content=\"Est. tempo de leitura\" \/>\n\t<meta name=\"twitter:data2\" content=\"1 minuto\" \/>\n<script type=\"application\/ld+json\" class=\"yoast-schema-graph\">{\"@context\":\"https:\/\/schema.org\",\"@graph\":[{\"@type\":\"Article\",\"@id\":\"https:\/\/acrimat.org.br\/portal\/brasil-negocia-uso-de-porto-na-espanha-para-ampliar-exportacao-para-africa-e-europa\/#article\",\"isPartOf\":{\"@id\":\"https:\/\/acrimat.org.br\/portal\/brasil-negocia-uso-de-porto-na-espanha-para-ampliar-exportacao-para-africa-e-europa\/\"},\"author\":{\"name\":\"P\u00e9ricles C\u00e2ndido\",\"@id\":\"https:\/\/acrimat.org.br\/portal\/#\/schema\/person\/18df8bcf6890e924fe5d8b5afd2bec0f\"},\"headline\":\"Brasil negocia uso de porto na Espanha para ampliar exporta\u00e7\u00e3o para \u00c1frica e Europa\",\"datePublished\":\"2017-11-29T11:27:57+00:00\",\"mainEntityOfPage\":{\"@id\":\"https:\/\/acrimat.org.br\/portal\/brasil-negocia-uso-de-porto-na-espanha-para-ampliar-exportacao-para-africa-e-europa\/\"},\"wordCount\":291,\"publisher\":{\"@id\":\"https:\/\/acrimat.org.br\/portal\/#organization\"},\"image\":{\"@id\":\"https:\/\/acrimat.org.br\/portal\/brasil-negocia-uso-de-porto-na-espanha-para-ampliar-exportacao-para-africa-e-europa\/#primaryimage\"},\"thumbnailUrl\":\"https:\/\/acrimat.org.br\/portal\/wp-content\/uploads\/2017\/11\/porto2.jpg\",\"articleSection\":[\"Destaques\",\"Not\u00edcias\"],\"inLanguage\":\"pt-BR\"},{\"@type\":\"WebPage\",\"@id\":\"https:\/\/acrimat.org.br\/portal\/brasil-negocia-uso-de-porto-na-espanha-para-ampliar-exportacao-para-africa-e-europa\/\",\"url\":\"https:\/\/acrimat.org.br\/portal\/brasil-negocia-uso-de-porto-na-espanha-para-ampliar-exportacao-para-africa-e-europa\/\",\"name\":\"Brasil negocia uso de porto na Espanha para ampliar exporta\u00e7\u00e3o para \u00c1frica e Europa - Acrimat\",\"isPartOf\":{\"@id\":\"https:\/\/acrimat.org.br\/portal\/#website\"},\"primaryImageOfPage\":{\"@id\":\"https:\/\/acrimat.org.br\/portal\/brasil-negocia-uso-de-porto-na-espanha-para-ampliar-exportacao-para-africa-e-europa\/#primaryimage\"},\"image\":{\"@id\":\"https:\/\/acrimat.org.br\/portal\/brasil-negocia-uso-de-porto-na-espanha-para-ampliar-exportacao-para-africa-e-europa\/#primaryimage\"},\"thumbnailUrl\":\"https:\/\/acrimat.org.br\/portal\/wp-content\/uploads\/2017\/11\/porto2.jpg\",\"datePublished\":\"2017-11-29T11:27:57+00:00\",\"breadcrumb\":{\"@id\":\"https:\/\/acrimat.org.br\/portal\/brasil-negocia-uso-de-porto-na-espanha-para-ampliar-exportacao-para-africa-e-europa\/#breadcrumb\"},\"inLanguage\":\"pt-BR\",\"potentialAction\":[{\"@type\":\"ReadAction\",\"target\":[\"https:\/\/acrimat.org.br\/portal\/brasil-negocia-uso-de-porto-na-espanha-para-ampliar-exportacao-para-africa-e-europa\/\"]}]},{\"@type\":\"ImageObject\",\"inLanguage\":\"pt-BR\",\"@id\":\"https:\/\/acrimat.org.br\/portal\/brasil-negocia-uso-de-porto-na-espanha-para-ampliar-exportacao-para-africa-e-europa\/#primaryimage\",\"url\":\"https:\/\/acrimat.org.br\/portal\/wp-content\/uploads\/2017\/11\/porto2.jpg\",\"contentUrl\":\"https:\/\/acrimat.org.br\/portal\/wp-content\/uploads\/2017\/11\/porto2.jpg\",\"width\":640,\"height\":440},{\"@type\":\"BreadcrumbList\",\"@id\":\"https:\/\/acrimat.org.br\/portal\/brasil-negocia-uso-de-porto-na-espanha-para-ampliar-exportacao-para-africa-e-europa\/#breadcrumb\",\"itemListElement\":[{\"@type\":\"ListItem\",\"position\":1,\"name\":\"In\u00edcio\",\"item\":\"https:\/\/acrimat.org.br\/portal\/\"},{\"@type\":\"ListItem\",\"position\":2,\"name\":\"Brasil negocia uso de porto na Espanha para ampliar exporta\u00e7\u00e3o para \u00c1frica e Europa\"}]},{\"@type\":\"WebSite\",\"@id\":\"https:\/\/acrimat.org.br\/portal\/#website\",\"url\":\"https:\/\/acrimat.org.br\/portal\/\",\"name\":\"Acrimat\",\"description\":\"Associa\u00e7\u00e3o dos Criadores de Mato Grosso\",\"publisher\":{\"@id\":\"https:\/\/acrimat.org.br\/portal\/#organization\"},\"potentialAction\":[{\"@type\":\"SearchAction\",\"target\":{\"@type\":\"EntryPoint\",\"urlTemplate\":\"https:\/\/acrimat.org.br\/portal\/?s={search_term_string}\"},\"query-input\":{\"@type\":\"PropertyValueSpecification\",\"valueRequired\":true,\"valueName\":\"search_term_string\"}}],\"inLanguage\":\"pt-BR\"},{\"@type\":\"Organization\",\"@id\":\"https:\/\/acrimat.org.br\/portal\/#organization\",\"name\":\"Associa\u00e7\u00e3o dos Criadores de Mato Grosso\",\"url\":\"https:\/\/acrimat.org.br\/portal\/\",\"logo\":{\"@type\":\"ImageObject\",\"inLanguage\":\"pt-BR\",\"@id\":\"https:\/\/acrimat.org.br\/portal\/#\/schema\/logo\/image\/\",\"url\":\"https:\/\/acrimat.org.br\/portal\/wp-content\/uploads\/2018\/03\/logo-peq-original.png\",\"contentUrl\":\"https:\/\/acrimat.org.br\/portal\/wp-content\/uploads\/2018\/03\/logo-peq-original.png\",\"width\":174,\"height\":171,\"caption\":\"Associa\u00e7\u00e3o dos Criadores de Mato Grosso\"},\"image\":{\"@id\":\"https:\/\/acrimat.org.br\/portal\/#\/schema\/logo\/image\/\"}},{\"@type\":\"Person\",\"@id\":\"https:\/\/acrimat.org.br\/portal\/#\/schema\/person\/18df8bcf6890e924fe5d8b5afd2bec0f\",\"name\":\"P\u00e9ricles C\u00e2ndido\",\"image\":{\"@type\":\"ImageObject\",\"inLanguage\":\"pt-BR\",\"@id\":\"https:\/\/acrimat.org.br\/portal\/#\/schema\/person\/image\/\",\"url\":\"https:\/\/secure.gravatar.com\/avatar\/33e2a2b971dc363ed2df53d0d3bfbd18?s=96&d=mm&r=g\",\"contentUrl\":\"https:\/\/secure.gravatar.com\/avatar\/33e2a2b971dc363ed2df53d0d3bfbd18?s=96&d=mm&r=g\",\"caption\":\"P\u00e9ricles C\u00e2ndido\"},\"sameAs\":[\"ascom@acrimat.org.br\"],\"url\":\"https:\/\/acrimat.org.br\/portal\/author\/designergrafico\/\"}]}<\/script>\n<!-- \/ Yoast SEO plugin. -->","yoast_head_json":{"title":"Brasil negocia uso de porto na Espanha para ampliar exporta\u00e7\u00e3o para \u00c1frica e Europa - Acrimat","robots":{"index":"index","follow":"follow","max-snippet":"max-snippet:-1","max-image-preview":"max-image-preview:large","max-video-preview":"max-video-preview:-1"},"canonical":"https:\/\/acrimat.org.br\/portal\/brasil-negocia-uso-de-porto-na-espanha-para-ampliar-exportacao-para-africa-e-europa\/","og_locale":"pt_BR","og_type":"article","og_title":"Brasil negocia uso de porto na Espanha para ampliar exporta\u00e7\u00e3o para \u00c1frica e Europa - Acrimat","og_description":"Distribui\u00e7\u00e3o de produtos pelas Ilhas Can\u00e1rias seria mais r\u00e1pida e mais barata, de acordo com Minist\u00e9rio da Agricultura","og_url":"https:\/\/acrimat.org.br\/portal\/brasil-negocia-uso-de-porto-na-espanha-para-ampliar-exportacao-para-africa-e-europa\/","og_site_name":"Acrimat","article_published_time":"2017-11-29T11:27:57+00:00","og_image":[{"width":640,"height":440,"url":"https:\/\/acrimat.org.br\/portal\/wp-content\/uploads\/2017\/11\/porto2.jpg","type":"image\/jpeg"}],"author":"P\u00e9ricles C\u00e2ndido","twitter_card":"summary_large_image","twitter_misc":{"Escrito por":"P\u00e9ricles C\u00e2ndido","Est. tempo de leitura":"1 minuto"},"schema":{"@context":"https:\/\/schema.org","@graph":[{"@type":"Article","@id":"https:\/\/acrimat.org.br\/portal\/brasil-negocia-uso-de-porto-na-espanha-para-ampliar-exportacao-para-africa-e-europa\/#article","isPartOf":{"@id":"https:\/\/acrimat.org.br\/portal\/brasil-negocia-uso-de-porto-na-espanha-para-ampliar-exportacao-para-africa-e-europa\/"},"author":{"name":"P\u00e9ricles C\u00e2ndido","@id":"https:\/\/acrimat.org.br\/portal\/#\/schema\/person\/18df8bcf6890e924fe5d8b5afd2bec0f"},"headline":"Brasil negocia uso de porto na Espanha para ampliar exporta\u00e7\u00e3o para \u00c1frica e Europa","datePublished":"2017-11-29T11:27:57+00:00","mainEntityOfPage":{"@id":"https:\/\/acrimat.org.br\/portal\/brasil-negocia-uso-de-porto-na-espanha-para-ampliar-exportacao-para-africa-e-europa\/"},"wordCount":291,"publisher":{"@id":"https:\/\/acrimat.org.br\/portal\/#organization"},"image":{"@id":"https:\/\/acrimat.org.br\/portal\/brasil-negocia-uso-de-porto-na-espanha-para-ampliar-exportacao-para-africa-e-europa\/#primaryimage"},"thumbnailUrl":"https:\/\/acrimat.org.br\/portal\/wp-content\/uploads\/2017\/11\/porto2.jpg","articleSection":["Destaques","Not\u00edcias"],"inLanguage":"pt-BR"},{"@type":"WebPage","@id":"https:\/\/acrimat.org.br\/portal\/brasil-negocia-uso-de-porto-na-espanha-para-ampliar-exportacao-para-africa-e-europa\/","url":"https:\/\/acrimat.org.br\/portal\/brasil-negocia-uso-de-porto-na-espanha-para-ampliar-exportacao-para-africa-e-europa\/","name":"Brasil negocia uso de porto na Espanha para ampliar exporta\u00e7\u00e3o para \u00c1frica e Europa - Acrimat","isPartOf":{"@id":"https:\/\/acrimat.org.br\/portal\/#website"},"primaryImageOfPage":{"@id":"https:\/\/acrimat.org.br\/portal\/brasil-negocia-uso-de-porto-na-espanha-para-ampliar-exportacao-para-africa-e-europa\/#primaryimage"},"image":{"@id":"https:\/\/acrimat.org.br\/portal\/brasil-negocia-uso-de-porto-na-espanha-para-ampliar-exportacao-para-africa-e-europa\/#primaryimage"},"thumbnailUrl":"https:\/\/acrimat.org.br\/portal\/wp-content\/uploads\/2017\/11\/porto2.jpg","datePublished":"2017-11-29T11:27:57+00:00","breadcrumb":{"@id":"https:\/\/acrimat.org.br\/portal\/brasil-negocia-uso-de-porto-na-espanha-para-ampliar-exportacao-para-africa-e-europa\/#breadcrumb"},"inLanguage":"pt-BR","potentialAction":[{"@type":"ReadAction","target":["https:\/\/acrimat.org.br\/portal\/brasil-negocia-uso-de-porto-na-espanha-para-ampliar-exportacao-para-africa-e-europa\/"]}]},{"@type":"ImageObject","inLanguage":"pt-BR","@id":"https:\/\/acrimat.org.br\/portal\/brasil-negocia-uso-de-porto-na-espanha-para-ampliar-exportacao-para-africa-e-europa\/#primaryimage","url":"https:\/\/acrimat.org.br\/portal\/wp-content\/uploads\/2017\/11\/porto2.jpg","contentUrl":"https:\/\/acrimat.org.br\/portal\/wp-content\/uploads\/2017\/11\/porto2.jpg","width":640,"height":440},{"@type":"BreadcrumbList","@id":"https:\/\/acrimat.org.br\/portal\/brasil-negocia-uso-de-porto-na-espanha-para-ampliar-exportacao-para-africa-e-europa\/#breadcrumb","itemListElement":[{"@type":"ListItem","position":1,"name":"In\u00edcio","item":"https:\/\/acrimat.org.br\/portal\/"},{"@type":"ListItem","position":2,"name":"Brasil negocia uso de porto na Espanha para ampliar exporta\u00e7\u00e3o para \u00c1frica e Europa"}]},{"@type":"WebSite","@id":"https:\/\/acrimat.org.br\/portal\/#website","url":"https:\/\/acrimat.org.br\/portal\/","name":"Acrimat","description":"Associa\u00e7\u00e3o dos Criadores de Mato Grosso","publisher":{"@id":"https:\/\/acrimat.org.br\/portal\/#organization"},"potentialAction":[{"@type":"SearchAction","target":{"@type":"EntryPoint","urlTemplate":"https:\/\/acrimat.org.br\/portal\/?s={search_term_string}"},"query-input":{"@type":"PropertyValueSpecification","valueRequired":true,"valueName":"search_term_string"}}],"inLanguage":"pt-BR"},{"@type":"Organization","@id":"https:\/\/acrimat.org.br\/portal\/#organization","name":"Associa\u00e7\u00e3o dos Criadores de Mato Grosso","url":"https:\/\/acrimat.org.br\/portal\/","logo":{"@type":"ImageObject","inLanguage":"pt-BR","@id":"https:\/\/acrimat.org.br\/portal\/#\/schema\/logo\/image\/","url":"https:\/\/acrimat.org.br\/portal\/wp-content\/uploads\/2018\/03\/logo-peq-original.png","contentUrl":"https:\/\/acrimat.org.br\/portal\/wp-content\/uploads\/2018\/03\/logo-peq-original.png","width":174,"height":171,"caption":"Associa\u00e7\u00e3o dos Criadores de Mato Grosso"},"image":{"@id":"https:\/\/acrimat.org.br\/portal\/#\/schema\/logo\/image\/"}},{"@type":"Person","@id":"https:\/\/acrimat.org.br\/portal\/#\/schema\/person\/18df8bcf6890e924fe5d8b5afd2bec0f","name":"P\u00e9ricles C\u00e2ndido","image":{"@type":"ImageObject","inLanguage":"pt-BR","@id":"https:\/\/acrimat.org.br\/portal\/#\/schema\/person\/image\/","url":"https:\/\/secure.gravatar.com\/avatar\/33e2a2b971dc363ed2df53d0d3bfbd18?s=96&d=mm&r=g","contentUrl":"https:\/\/secure.gravatar.com\/avatar\/33e2a2b971dc363ed2df53d0d3bfbd18?s=96&d=mm&r=g","caption":"P\u00e9ricles C\u00e2ndido"},"sameAs":["ascom@acrimat.org.br"],"url":"https:\/\/acrimat.org.br\/portal\/author\/designergrafico\/"}]}},"_links":{"self":[{"href":"https:\/\/acrimat.org.br\/portal\/wp-json\/wp\/v2\/posts\/97985062","targetHints":{"allow":["GET"]}}],"collection":[{"href":"https:\/\/acrimat.org.br\/portal\/wp-json\/wp\/v2\/posts"}],"about":[{"href":"https:\/\/acrimat.org.br\/portal\/wp-json\/wp\/v2\/types\/post"}],"author":[{"embeddable":true,"href":"https:\/\/acrimat.org.br\/portal\/wp-json\/wp\/v2\/users\/11"}],"replies":[{"embeddable":true,"href":"https:\/\/acrimat.org.br\/portal\/wp-json\/wp\/v2\/comments?post=97985062"}],"version-history":[{"count":1,"href":"https:\/\/acrimat.org.br\/portal\/wp-json\/wp\/v2\/posts\/97985062\/revisions"}],"predecessor-version":[{"id":97985065,"href":"https:\/\/acrimat.org.br\/portal\/wp-json\/wp\/v2\/posts\/97985062\/revisions\/97985065"}],"wp:featuredmedia":[{"embeddable":true,"href":"https:\/\/acrimat.org.br\/portal\/wp-json\/wp\/v2\/media\/97985064"}],"wp:attachment":[{"href":"https:\/\/acrimat.org.br\/portal\/wp-json\/wp\/v2\/media?parent=97985062"}],"wp:term":[{"taxonomy":"category","embeddable":true,"href":"https:\/\/acrimat.org.br\/portal\/wp-json\/wp\/v2\/categories?post=97985062"},{"taxonomy":"post_tag","embeddable":true,"href":"https:\/\/acrimat.org.br\/portal\/wp-json\/wp\/v2\/tags?post=97985062"}],"curies":[{"name":"wp","href":"https:\/\/api.w.org\/{rel}","templated":true}]}}