{"id":97985066,"date":"2017-11-29T08:29:47","date_gmt":"2017-11-29T11:29:47","guid":{"rendered":"http:\/\/acrimat.org.br\/portal\/?p=97985066"},"modified":"2017-11-29T08:29:47","modified_gmt":"2017-11-29T11:29:47","slug":"sombra-na-ilpf-nao-aumenta-incidencia-de-verminoses","status":"publish","type":"post","link":"https:\/\/acrimat.org.br\/portal\/sombra-na-ilpf-nao-aumenta-incidencia-de-verminoses\/","title":{"rendered":"Sombra na ILPF n\u00e3o aumenta incid\u00eancia de verminoses"},"content":{"rendered":"<p>A incid\u00eancia de verminoses em gado de corte em sistema silvipastoril (pecu\u00e1ria-floresta) n\u00e3o \u00e9 maior do que na pecu\u00e1ria exclusiva. A conclus\u00e3o \u00e9 de uma pesquisa que acaba de ser encerrada na Embrapa Agrossilvipastoril, em Sinop, MT. A informa\u00e7\u00e3o contraria a hip\u00f3tese inicial de que as condi\u00e7\u00f5es microclim\u00e1ticas no sistema silvipastoril poderiam favorecer a ocorr\u00eancia de vermes.<\/p>\n<p>Esse resultado mostra que, nos sistemas de pecu\u00e1ria integrada com \u00e1rvores, o controle de verminoses n\u00e3o precisa ser diferente em rela\u00e7\u00e3o \u00e0 pecu\u00e1ria tradicional. O n\u00famero de dosagens de verm\u00edfugos deve ser o mesmo em ambos os sistemas de produ\u00e7\u00e3o.<\/p>\n<p>Financiada pela Funda\u00e7\u00e3o de Amparo \u00e0 Pesquisa do Estado de Mato Grosso (Fapemat), a pesquisa avaliou durante dois anos a quantidade de ovos de helmintos por grama de fezes em animais da ra\u00e7a Nelore, com peso inicial de 250 kg. Tamb\u00e9m foram monitoradas a quantidade e a diversidade de esp\u00e9cies de insetos cole\u00f3pteros nos sistemas, como os besouros rola-bosta. Esses animais atuam na decomposi\u00e7\u00e3o do bolo fecal.<\/p>\n<p>Como os vermes utilizam as fezes frescas na fase de vida livre, a atua\u00e7\u00e3o dos cole\u00f3pteros e o tempo necess\u00e1rio \u00e0 degrada\u00e7\u00e3o do bolo fecal est\u00e3o diretamente relacionados \u00e0 incid\u00eancia de verminoses no rebanho, proporcionando um controle natural.<\/p>\n<p>De acordo com o pesquisador Luciano Lopes, quando comparados os dois sistemas, n\u00e3o houve diferen\u00e7a nem na quantidade de ovos de helmintos presentes nas fezes, nem na quantidade e diversidade de cole\u00f3pteros e nem mesmo no tempo de decomposi\u00e7\u00e3o do bolo fecal. A compara\u00e7\u00e3o entre o rendimento do gado em ganho de peso tamb\u00e9m n\u00e3o indicou qualquer varia\u00e7\u00e3o causada pelas verminoses.<\/p>\n<p>\u201cNos respaldamos na literatura para explicar o que pode ter acontecido. Uma das raz\u00f5es que considero pertinentes \u00e9 que como no sistema solteiro n\u00f3s trabalhamos bem e com alta performance, e alta lota\u00e7\u00e3o, encontrei nesse monocultivo uma disponibilidade de alimento muito grande para esses besouros. Talvez esse seja um fator fundamental. Se eu tivesse comparado com uma pastagem com menor capacidade de suporte, talvez encontrasse diferen\u00e7a. Como tenho um n\u00famero maior de placas fecais e consequentemente maior disponibilidade de alimentos, isso pode ter feito a diferen\u00e7a\u201d, avalia o pesquisador da Embrapa Luciano Lopes.<\/p>\n<p>Considerado positivo para o sistema ILPF, o resultado contraria a hip\u00f3tese inicial de que o sombreamento aumentaria a incid\u00eancia de verminoses. Tal suposi\u00e7\u00e3o veio de outro resultado de pesquisa desenvolvida na Embrapa Agrossilvipastoril, em que numa \u00e1rea de ILPF com pecu\u00e1ria leiteira, verificou-se que a sombra contribuiu para maior contamina\u00e7\u00e3o das pastagens por larvas de parasitas.<\/p>\n<p>\u201cComo tenho uma condi\u00e7\u00e3o microclim\u00e1tica melhor no silvipastoril, ela \u00e9 boa para o animal, por\u00e9m \u00e9 tamb\u00e9m favor\u00e1vel para a fase de vida livre desse parasita. Com a \u00e1rea sombreada, \u00e9 poss\u00edvel aumentar a contamina\u00e7\u00e3o das pastagens\u201d, ressalta o pesquisador.<\/p>\n<p>Por\u00e9m, mesmo com o aumento do risco de contamina\u00e7\u00e3o na sombra, os resultados na pesquisa com a pecu\u00e1ria de corte n\u00e3o apontaram diferen\u00e7a.<\/p>\n<p>\u201cApesar de a contamina\u00e7\u00e3o poder ser maior, o animal n\u00e3o parece ser afetado pelo problema. Isso pode ser explicado pela resposta imunol\u00f3gica. O que nos leva a acreditar que o animal nessas condi\u00e7\u00f5es microclim\u00e1ticas \u00e9 capaz de reagir melhor do ponto de vista de resposta imune do que o animal a pleno sol, sem nenhum tipo de sombreamento. A avalia\u00e7\u00e3o do sistema imunol\u00f3gico e dos indicadores do sistema imune ser\u00e1 a \u00faltima etapa do processo, para fechar o ciclo,\u201d explica Lopes apontando os pr\u00f3ximos passos da pesquisa.<\/p>\n<p>De acordo com o cientista da Embrapa, o resultado obtido com gado nelore poderia ser diferente caso fosse feito com ra\u00e7as leiteiras, uma vez que os animais de leite s\u00e3o mais sens\u00edveis aos parasitas que os de corte.<\/p>\n<p><strong>Verminoses &#8211;<\/strong> A presen\u00e7a de vermes (nematoides) gastrointestinais nos rebanhos de corte e leite pode trazer uma s\u00e9rie de preju\u00edzos ao desempenho animal, como perda de peso e redu\u00e7\u00e3o da produ\u00e7\u00e3o de leite. Estudo realizado pela Universidade Federal Rural do Rio de Janeiro em 2014 estimou em 7,11 bilh\u00f5es de d\u00f3lares as perdas anuais provocadas por esses parasitas no Brasil.<\/p>\n<p>A ocorr\u00eancia dessas verminoses varia de acordo com fatores clim\u00e1ticos, idade e ra\u00e7a dos animais, tipo de explora\u00e7\u00e3o (gado de leite ou corte), manejo e tipo de pastagens, sistema de cria\u00e7\u00e3o (intensiva, semi-intensiva ou extensiva) e \u00e9poca do ano (seca ou \u00e1guas). Em geral, ocorrem com maior frequ\u00eancia em bezerros ap\u00f3s a desmama e aos 24-30 meses de idade.<\/p>\n<p>As esp\u00e9cies mais comuns encontradas no Brasil s\u00e3o <em>Cooperia<\/em>, <em>Haemonchus<\/em>, <em>Trichostrongylus<\/em>, <em>Oesophagostomum<\/em> e <em>Trichuris<\/em>. Na Embrapa Agrossilvipastoril, um levantamento pr\u00e9vio indicou predominantemente a presen\u00e7a das esp\u00e9cies <em>Cooperia<\/em>, seguida de <em>Oesophagostomum<\/em>, <em>Haemonchus<\/em> e <em>Teladorsagia<\/em>.<\/p>\n<p><em><strong>Embrapa<\/strong><\/em><\/p>\n","protected":false},"excerpt":{"rendered":"<p>Pesquisa da Embrapa Agrossilvipastoril aponta que ocorr\u00eancia de vermes no sistema \u00e9 similar \u00e0 da pecu\u00e1ria exclusiva<\/p>\n","protected":false},"author":11,"featured_media":97985067,"comment_status":"closed","ping_status":"closed","sticky":false,"template":"","format":"standard","meta":{"footnotes":""},"categories":[6,1],"tags":[],"class_list":["post-97985066","post","type-post","status-publish","format-standard","has-post-thumbnail","hentry","category-destaque","category-noticia"],"yoast_head":"<!-- This site is optimized with the Yoast SEO plugin v24.8.1 - https:\/\/yoast.com\/wordpress\/plugins\/seo\/ -->\n<title>Sombra na ILPF n\u00e3o aumenta incid\u00eancia de verminoses - Acrimat<\/title>\n<meta name=\"robots\" content=\"index, follow, max-snippet:-1, max-image-preview:large, max-video-preview:-1\" \/>\n<link rel=\"canonical\" href=\"https:\/\/acrimat.org.br\/portal\/sombra-na-ilpf-nao-aumenta-incidencia-de-verminoses\/\" \/>\n<meta property=\"og:locale\" content=\"pt_BR\" \/>\n<meta property=\"og:type\" content=\"article\" \/>\n<meta property=\"og:title\" content=\"Sombra na ILPF n\u00e3o aumenta incid\u00eancia de verminoses - Acrimat\" \/>\n<meta property=\"og:description\" content=\"Pesquisa da Embrapa Agrossilvipastoril aponta que ocorr\u00eancia de vermes no sistema \u00e9 similar \u00e0 da pecu\u00e1ria exclusiva\" \/>\n<meta property=\"og:url\" content=\"https:\/\/acrimat.org.br\/portal\/sombra-na-ilpf-nao-aumenta-incidencia-de-verminoses\/\" \/>\n<meta property=\"og:site_name\" content=\"Acrimat\" \/>\n<meta property=\"article:published_time\" content=\"2017-11-29T11:29:47+00:00\" \/>\n<meta property=\"og:image\" content=\"https:\/\/acrimat.org.br\/portal\/wp-content\/uploads\/2017\/11\/12642.jpg\" \/>\n\t<meta property=\"og:image:width\" content=\"700\" \/>\n\t<meta property=\"og:image:height\" content=\"501\" \/>\n\t<meta property=\"og:image:type\" content=\"image\/jpeg\" \/>\n<meta name=\"author\" content=\"P\u00e9ricles C\u00e2ndido\" \/>\n<meta name=\"twitter:card\" content=\"summary_large_image\" \/>\n<meta name=\"twitter:label1\" content=\"Escrito por\" \/>\n\t<meta name=\"twitter:data1\" content=\"P\u00e9ricles C\u00e2ndido\" \/>\n\t<meta name=\"twitter:label2\" content=\"Est. tempo de leitura\" \/>\n\t<meta name=\"twitter:data2\" content=\"4 minutos\" \/>\n<script type=\"application\/ld+json\" class=\"yoast-schema-graph\">{\"@context\":\"https:\/\/schema.org\",\"@graph\":[{\"@type\":\"Article\",\"@id\":\"https:\/\/acrimat.org.br\/portal\/sombra-na-ilpf-nao-aumenta-incidencia-de-verminoses\/#article\",\"isPartOf\":{\"@id\":\"https:\/\/acrimat.org.br\/portal\/sombra-na-ilpf-nao-aumenta-incidencia-de-verminoses\/\"},\"author\":{\"name\":\"P\u00e9ricles C\u00e2ndido\",\"@id\":\"https:\/\/acrimat.org.br\/portal\/#\/schema\/person\/18df8bcf6890e924fe5d8b5afd2bec0f\"},\"headline\":\"Sombra na ILPF n\u00e3o aumenta incid\u00eancia de verminoses\",\"datePublished\":\"2017-11-29T11:29:47+00:00\",\"mainEntityOfPage\":{\"@id\":\"https:\/\/acrimat.org.br\/portal\/sombra-na-ilpf-nao-aumenta-incidencia-de-verminoses\/\"},\"wordCount\":839,\"publisher\":{\"@id\":\"https:\/\/acrimat.org.br\/portal\/#organization\"},\"image\":{\"@id\":\"https:\/\/acrimat.org.br\/portal\/sombra-na-ilpf-nao-aumenta-incidencia-de-verminoses\/#primaryimage\"},\"thumbnailUrl\":\"https:\/\/acrimat.org.br\/portal\/wp-content\/uploads\/2017\/11\/12642.jpg\",\"articleSection\":[\"Destaques\",\"Not\u00edcias\"],\"inLanguage\":\"pt-BR\"},{\"@type\":\"WebPage\",\"@id\":\"https:\/\/acrimat.org.br\/portal\/sombra-na-ilpf-nao-aumenta-incidencia-de-verminoses\/\",\"url\":\"https:\/\/acrimat.org.br\/portal\/sombra-na-ilpf-nao-aumenta-incidencia-de-verminoses\/\",\"name\":\"Sombra na ILPF n\u00e3o aumenta incid\u00eancia de verminoses - Acrimat\",\"isPartOf\":{\"@id\":\"https:\/\/acrimat.org.br\/portal\/#website\"},\"primaryImageOfPage\":{\"@id\":\"https:\/\/acrimat.org.br\/portal\/sombra-na-ilpf-nao-aumenta-incidencia-de-verminoses\/#primaryimage\"},\"image\":{\"@id\":\"https:\/\/acrimat.org.br\/portal\/sombra-na-ilpf-nao-aumenta-incidencia-de-verminoses\/#primaryimage\"},\"thumbnailUrl\":\"https:\/\/acrimat.org.br\/portal\/wp-content\/uploads\/2017\/11\/12642.jpg\",\"datePublished\":\"2017-11-29T11:29:47+00:00\",\"breadcrumb\":{\"@id\":\"https:\/\/acrimat.org.br\/portal\/sombra-na-ilpf-nao-aumenta-incidencia-de-verminoses\/#breadcrumb\"},\"inLanguage\":\"pt-BR\",\"potentialAction\":[{\"@type\":\"ReadAction\",\"target\":[\"https:\/\/acrimat.org.br\/portal\/sombra-na-ilpf-nao-aumenta-incidencia-de-verminoses\/\"]}]},{\"@type\":\"ImageObject\",\"inLanguage\":\"pt-BR\",\"@id\":\"https:\/\/acrimat.org.br\/portal\/sombra-na-ilpf-nao-aumenta-incidencia-de-verminoses\/#primaryimage\",\"url\":\"https:\/\/acrimat.org.br\/portal\/wp-content\/uploads\/2017\/11\/12642.jpg\",\"contentUrl\":\"https:\/\/acrimat.org.br\/portal\/wp-content\/uploads\/2017\/11\/12642.jpg\",\"width\":700,\"height\":501},{\"@type\":\"BreadcrumbList\",\"@id\":\"https:\/\/acrimat.org.br\/portal\/sombra-na-ilpf-nao-aumenta-incidencia-de-verminoses\/#breadcrumb\",\"itemListElement\":[{\"@type\":\"ListItem\",\"position\":1,\"name\":\"In\u00edcio\",\"item\":\"https:\/\/acrimat.org.br\/portal\/\"},{\"@type\":\"ListItem\",\"position\":2,\"name\":\"Sombra na ILPF n\u00e3o aumenta incid\u00eancia de verminoses\"}]},{\"@type\":\"WebSite\",\"@id\":\"https:\/\/acrimat.org.br\/portal\/#website\",\"url\":\"https:\/\/acrimat.org.br\/portal\/\",\"name\":\"Acrimat\",\"description\":\"Associa\u00e7\u00e3o dos Criadores de Mato Grosso\",\"publisher\":{\"@id\":\"https:\/\/acrimat.org.br\/portal\/#organization\"},\"potentialAction\":[{\"@type\":\"SearchAction\",\"target\":{\"@type\":\"EntryPoint\",\"urlTemplate\":\"https:\/\/acrimat.org.br\/portal\/?s={search_term_string}\"},\"query-input\":{\"@type\":\"PropertyValueSpecification\",\"valueRequired\":true,\"valueName\":\"search_term_string\"}}],\"inLanguage\":\"pt-BR\"},{\"@type\":\"Organization\",\"@id\":\"https:\/\/acrimat.org.br\/portal\/#organization\",\"name\":\"Associa\u00e7\u00e3o dos Criadores de Mato Grosso\",\"url\":\"https:\/\/acrimat.org.br\/portal\/\",\"logo\":{\"@type\":\"ImageObject\",\"inLanguage\":\"pt-BR\",\"@id\":\"https:\/\/acrimat.org.br\/portal\/#\/schema\/logo\/image\/\",\"url\":\"https:\/\/acrimat.org.br\/portal\/wp-content\/uploads\/2018\/03\/logo-peq-original.png\",\"contentUrl\":\"https:\/\/acrimat.org.br\/portal\/wp-content\/uploads\/2018\/03\/logo-peq-original.png\",\"width\":174,\"height\":171,\"caption\":\"Associa\u00e7\u00e3o dos Criadores de Mato Grosso\"},\"image\":{\"@id\":\"https:\/\/acrimat.org.br\/portal\/#\/schema\/logo\/image\/\"}},{\"@type\":\"Person\",\"@id\":\"https:\/\/acrimat.org.br\/portal\/#\/schema\/person\/18df8bcf6890e924fe5d8b5afd2bec0f\",\"name\":\"P\u00e9ricles C\u00e2ndido\",\"image\":{\"@type\":\"ImageObject\",\"inLanguage\":\"pt-BR\",\"@id\":\"https:\/\/acrimat.org.br\/portal\/#\/schema\/person\/image\/\",\"url\":\"https:\/\/secure.gravatar.com\/avatar\/33e2a2b971dc363ed2df53d0d3bfbd18?s=96&d=mm&r=g\",\"contentUrl\":\"https:\/\/secure.gravatar.com\/avatar\/33e2a2b971dc363ed2df53d0d3bfbd18?s=96&d=mm&r=g\",\"caption\":\"P\u00e9ricles C\u00e2ndido\"},\"sameAs\":[\"ascom@acrimat.org.br\"],\"url\":\"https:\/\/acrimat.org.br\/portal\/author\/designergrafico\/\"}]}<\/script>\n<!-- \/ Yoast SEO plugin. -->","yoast_head_json":{"title":"Sombra na ILPF n\u00e3o aumenta incid\u00eancia de verminoses - Acrimat","robots":{"index":"index","follow":"follow","max-snippet":"max-snippet:-1","max-image-preview":"max-image-preview:large","max-video-preview":"max-video-preview:-1"},"canonical":"https:\/\/acrimat.org.br\/portal\/sombra-na-ilpf-nao-aumenta-incidencia-de-verminoses\/","og_locale":"pt_BR","og_type":"article","og_title":"Sombra na ILPF n\u00e3o aumenta incid\u00eancia de verminoses - Acrimat","og_description":"Pesquisa da Embrapa Agrossilvipastoril aponta que ocorr\u00eancia de vermes no sistema \u00e9 similar \u00e0 da pecu\u00e1ria exclusiva","og_url":"https:\/\/acrimat.org.br\/portal\/sombra-na-ilpf-nao-aumenta-incidencia-de-verminoses\/","og_site_name":"Acrimat","article_published_time":"2017-11-29T11:29:47+00:00","og_image":[{"width":700,"height":501,"url":"https:\/\/acrimat.org.br\/portal\/wp-content\/uploads\/2017\/11\/12642.jpg","type":"image\/jpeg"}],"author":"P\u00e9ricles C\u00e2ndido","twitter_card":"summary_large_image","twitter_misc":{"Escrito por":"P\u00e9ricles C\u00e2ndido","Est. tempo de leitura":"4 minutos"},"schema":{"@context":"https:\/\/schema.org","@graph":[{"@type":"Article","@id":"https:\/\/acrimat.org.br\/portal\/sombra-na-ilpf-nao-aumenta-incidencia-de-verminoses\/#article","isPartOf":{"@id":"https:\/\/acrimat.org.br\/portal\/sombra-na-ilpf-nao-aumenta-incidencia-de-verminoses\/"},"author":{"name":"P\u00e9ricles C\u00e2ndido","@id":"https:\/\/acrimat.org.br\/portal\/#\/schema\/person\/18df8bcf6890e924fe5d8b5afd2bec0f"},"headline":"Sombra na ILPF n\u00e3o aumenta incid\u00eancia de verminoses","datePublished":"2017-11-29T11:29:47+00:00","mainEntityOfPage":{"@id":"https:\/\/acrimat.org.br\/portal\/sombra-na-ilpf-nao-aumenta-incidencia-de-verminoses\/"},"wordCount":839,"publisher":{"@id":"https:\/\/acrimat.org.br\/portal\/#organization"},"image":{"@id":"https:\/\/acrimat.org.br\/portal\/sombra-na-ilpf-nao-aumenta-incidencia-de-verminoses\/#primaryimage"},"thumbnailUrl":"https:\/\/acrimat.org.br\/portal\/wp-content\/uploads\/2017\/11\/12642.jpg","articleSection":["Destaques","Not\u00edcias"],"inLanguage":"pt-BR"},{"@type":"WebPage","@id":"https:\/\/acrimat.org.br\/portal\/sombra-na-ilpf-nao-aumenta-incidencia-de-verminoses\/","url":"https:\/\/acrimat.org.br\/portal\/sombra-na-ilpf-nao-aumenta-incidencia-de-verminoses\/","name":"Sombra na ILPF n\u00e3o aumenta incid\u00eancia de verminoses - Acrimat","isPartOf":{"@id":"https:\/\/acrimat.org.br\/portal\/#website"},"primaryImageOfPage":{"@id":"https:\/\/acrimat.org.br\/portal\/sombra-na-ilpf-nao-aumenta-incidencia-de-verminoses\/#primaryimage"},"image":{"@id":"https:\/\/acrimat.org.br\/portal\/sombra-na-ilpf-nao-aumenta-incidencia-de-verminoses\/#primaryimage"},"thumbnailUrl":"https:\/\/acrimat.org.br\/portal\/wp-content\/uploads\/2017\/11\/12642.jpg","datePublished":"2017-11-29T11:29:47+00:00","breadcrumb":{"@id":"https:\/\/acrimat.org.br\/portal\/sombra-na-ilpf-nao-aumenta-incidencia-de-verminoses\/#breadcrumb"},"inLanguage":"pt-BR","potentialAction":[{"@type":"ReadAction","target":["https:\/\/acrimat.org.br\/portal\/sombra-na-ilpf-nao-aumenta-incidencia-de-verminoses\/"]}]},{"@type":"ImageObject","inLanguage":"pt-BR","@id":"https:\/\/acrimat.org.br\/portal\/sombra-na-ilpf-nao-aumenta-incidencia-de-verminoses\/#primaryimage","url":"https:\/\/acrimat.org.br\/portal\/wp-content\/uploads\/2017\/11\/12642.jpg","contentUrl":"https:\/\/acrimat.org.br\/portal\/wp-content\/uploads\/2017\/11\/12642.jpg","width":700,"height":501},{"@type":"BreadcrumbList","@id":"https:\/\/acrimat.org.br\/portal\/sombra-na-ilpf-nao-aumenta-incidencia-de-verminoses\/#breadcrumb","itemListElement":[{"@type":"ListItem","position":1,"name":"In\u00edcio","item":"https:\/\/acrimat.org.br\/portal\/"},{"@type":"ListItem","position":2,"name":"Sombra na ILPF n\u00e3o aumenta incid\u00eancia de verminoses"}]},{"@type":"WebSite","@id":"https:\/\/acrimat.org.br\/portal\/#website","url":"https:\/\/acrimat.org.br\/portal\/","name":"Acrimat","description":"Associa\u00e7\u00e3o dos Criadores de Mato Grosso","publisher":{"@id":"https:\/\/acrimat.org.br\/portal\/#organization"},"potentialAction":[{"@type":"SearchAction","target":{"@type":"EntryPoint","urlTemplate":"https:\/\/acrimat.org.br\/portal\/?s={search_term_string}"},"query-input":{"@type":"PropertyValueSpecification","valueRequired":true,"valueName":"search_term_string"}}],"inLanguage":"pt-BR"},{"@type":"Organization","@id":"https:\/\/acrimat.org.br\/portal\/#organization","name":"Associa\u00e7\u00e3o dos Criadores de Mato Grosso","url":"https:\/\/acrimat.org.br\/portal\/","logo":{"@type":"ImageObject","inLanguage":"pt-BR","@id":"https:\/\/acrimat.org.br\/portal\/#\/schema\/logo\/image\/","url":"https:\/\/acrimat.org.br\/portal\/wp-content\/uploads\/2018\/03\/logo-peq-original.png","contentUrl":"https:\/\/acrimat.org.br\/portal\/wp-content\/uploads\/2018\/03\/logo-peq-original.png","width":174,"height":171,"caption":"Associa\u00e7\u00e3o dos Criadores de Mato Grosso"},"image":{"@id":"https:\/\/acrimat.org.br\/portal\/#\/schema\/logo\/image\/"}},{"@type":"Person","@id":"https:\/\/acrimat.org.br\/portal\/#\/schema\/person\/18df8bcf6890e924fe5d8b5afd2bec0f","name":"P\u00e9ricles C\u00e2ndido","image":{"@type":"ImageObject","inLanguage":"pt-BR","@id":"https:\/\/acrimat.org.br\/portal\/#\/schema\/person\/image\/","url":"https:\/\/secure.gravatar.com\/avatar\/33e2a2b971dc363ed2df53d0d3bfbd18?s=96&d=mm&r=g","contentUrl":"https:\/\/secure.gravatar.com\/avatar\/33e2a2b971dc363ed2df53d0d3bfbd18?s=96&d=mm&r=g","caption":"P\u00e9ricles C\u00e2ndido"},"sameAs":["ascom@acrimat.org.br"],"url":"https:\/\/acrimat.org.br\/portal\/author\/designergrafico\/"}]}},"_links":{"self":[{"href":"https:\/\/acrimat.org.br\/portal\/wp-json\/wp\/v2\/posts\/97985066","targetHints":{"allow":["GET"]}}],"collection":[{"href":"https:\/\/acrimat.org.br\/portal\/wp-json\/wp\/v2\/posts"}],"about":[{"href":"https:\/\/acrimat.org.br\/portal\/wp-json\/wp\/v2\/types\/post"}],"author":[{"embeddable":true,"href":"https:\/\/acrimat.org.br\/portal\/wp-json\/wp\/v2\/users\/11"}],"replies":[{"embeddable":true,"href":"https:\/\/acrimat.org.br\/portal\/wp-json\/wp\/v2\/comments?post=97985066"}],"version-history":[{"count":1,"href":"https:\/\/acrimat.org.br\/portal\/wp-json\/wp\/v2\/posts\/97985066\/revisions"}],"predecessor-version":[{"id":97985068,"href":"https:\/\/acrimat.org.br\/portal\/wp-json\/wp\/v2\/posts\/97985066\/revisions\/97985068"}],"wp:featuredmedia":[{"embeddable":true,"href":"https:\/\/acrimat.org.br\/portal\/wp-json\/wp\/v2\/media\/97985067"}],"wp:attachment":[{"href":"https:\/\/acrimat.org.br\/portal\/wp-json\/wp\/v2\/media?parent=97985066"}],"wp:term":[{"taxonomy":"category","embeddable":true,"href":"https:\/\/acrimat.org.br\/portal\/wp-json\/wp\/v2\/categories?post=97985066"},{"taxonomy":"post_tag","embeddable":true,"href":"https:\/\/acrimat.org.br\/portal\/wp-json\/wp\/v2\/tags?post=97985066"}],"curies":[{"name":"wp","href":"https:\/\/api.w.org\/{rel}","templated":true}]}}