{"id":97985075,"date":"2017-11-30T08:32:11","date_gmt":"2017-11-30T11:32:11","guid":{"rendered":"http:\/\/acrimat.org.br\/portal\/?p=97985075"},"modified":"2017-11-30T08:38:12","modified_gmt":"2017-11-30T11:38:12","slug":"carne-sustentavel-quer-sair-do-nicho-e-ampliar-vendas","status":"publish","type":"post","link":"https:\/\/acrimat.org.br\/portal\/carne-sustentavel-quer-sair-do-nicho-e-ampliar-vendas\/","title":{"rendered":"Carne sustent\u00e1vel quer sair do nicho e ampliar vendas"},"content":{"rendered":"<p>A onda da alimenta\u00e7\u00e3o saud\u00e1vel veio para ficar \u2013 e agora ganha for\u00e7a na ind\u00fastria de prote\u00edna animal brasileira. Para atender \u00e0 demanda dos consumidores, empresas lan\u00e7am linhas de produtos sustent\u00e1veis, como carnes sem antibi\u00f3ticos e ovos de galinhas criadas soltas, fora de gaiolas. A produ\u00e7\u00e3o de prote\u00edna animal org\u00e2nica, ainda que t\u00edmida quando comparada \u00e0s grandes cifras norte-americanas, vem crescendo no Pa\u00eds. Segundo a consultoria Euromonitor, em 2016, foram vendidas 116,6 mil toneladas de carne org\u00e2nica no Brasil. Em igual per\u00edodo, foram comercializadas 1,3 mil toneladas de ovos org\u00e2nicos.<\/p>\n<p>Esse crescimento tende a se acelerar, uma vez que, em 2017, diversas empresas anunciaram revis\u00e3o em seus processos de fabrica\u00e7\u00e3o para seguir essa tend\u00eancia global. Kraft Heinz, Nestl\u00e9, a rede Giraffas, o Grupo P\u00e3o de A\u00e7\u00facar e a BRF, maior exportadora global de frango, assumiram neste ano o compromisso de deixar de usar ovos de galinhas confinadas em gaiolas at\u00e9 2025. A JBS se comprometeu a fazer o mesmo at\u00e9 2020, e a International Meal Company \u2013 dona de empresas como Frango Assado, Viena e Brunella \u2013, at\u00e9 2022.<\/p>\n<p>No ano passado, diversas companhias tamb\u00e9m j\u00e1 haviam se posicionado: as redes McDonald\u2019s, Burger King, Subway e Brazil Fast Food Corporation (do Bob\u2019s, Pizza Hut e KFC). J\u00e1 a Tyson Foods, maior processadora de carne dos Estados Unidos, eliminou em junho o uso de todos os antibi\u00f3ticos de seus frangos com a marca Tyson.<\/p>\n<p>Seguindo o movimento do varejo, a cadeia produtiva se mobiliza para suprir essa demanda. Desde julho, a granja Mantiqueira, a maior da Am\u00e9rica do Sul, localizada no interior de Minas Gerais, passou a produzir diariamente 154 mil ovos cage free \u2013 oriundos de galinhas livres de gaiola. \u201cMesmo enquanto o meio av\u00edcola brasileiro e \u00f3rg\u00e3os como o Minist\u00e9rio da Agricultura e a Associa\u00e7\u00e3o Brasileira de Prote\u00edna Animal (ABPA) ainda discutem a ado\u00e7\u00e3o do sistema cage free, decidimos nos antecipar e lan\u00e7ar a linha Happy Eggs, a primeira linha do g\u00eanero em larga escala do Pa\u00eds\u201d, diz o presidente do Grupo Mantiqueira, Leandro Pinto.<\/p>\n<p><a href=\"http:\/\/acrimat.org.br\/portal\/wp-content\/uploads\/2017\/11\/consumoverdeweb.png\"><img fetchpriority=\"high\" decoding=\"async\" class=\"alignnone size-full wp-image-97985079\" src=\"http:\/\/acrimat.org.br\/portal\/wp-content\/uploads\/2017\/11\/consumoverdeweb.png\" alt=\"\" width=\"719\" height=\"566\" srcset=\"https:\/\/acrimat.org.br\/portal\/wp-content\/uploads\/2017\/11\/consumoverdeweb.png 719w, https:\/\/acrimat.org.br\/portal\/wp-content\/uploads\/2017\/11\/consumoverdeweb-300x236.png 300w, https:\/\/acrimat.org.br\/portal\/wp-content\/uploads\/2017\/11\/consumoverdeweb-250x197.png 250w, https:\/\/acrimat.org.br\/portal\/wp-content\/uploads\/2017\/11\/consumoverdeweb-550x433.png 550w, https:\/\/acrimat.org.br\/portal\/wp-content\/uploads\/2017\/11\/consumoverdeweb-229x180.png 229w, https:\/\/acrimat.org.br\/portal\/wp-content\/uploads\/2017\/11\/consumoverdeweb-381x300.png 381w, https:\/\/acrimat.org.br\/portal\/wp-content\/uploads\/2017\/11\/consumoverdeweb-635x500.png 635w\" sizes=\"(max-width: 719px) 100vw, 719px\" \/><\/a><\/p>\n<p>O custo da nova linha, afirma, \u00e9 de 35% a 40% maior que do que o sistema convencional. \u201cA resposta do mercado \u00e9 t\u00edmida. Por\u00e9m, acreditamos no projeto e continuaremos investindo.\u201d<\/p>\n<p>A granja tamb\u00e9m \u00e9 fornecedora do Grupo P\u00e3o de A\u00e7\u00facar, que lan\u00e7ou a sua linha no meio do ano pela marca Taeq. \u201cApenas quatro meses ap\u00f3s o lan\u00e7amento, foi notada uma evolu\u00e7\u00e3o significativa da venda \u2013 112% acima da expectativa inicial\u201d, afirmou a empresa, em nota. Em outubro, a linha correspondeu a 3,2% das vendas de todos os ovos de marcas exclusivas do grupo. Segundo o P\u00e3o de A\u00e7\u00facar, at\u00e9 dezembro, a expectativa \u00e9 de que a participa\u00e7\u00e3o chegue a 5%. Em breve, ser\u00e1 lan\u00e7ada uma linha de ovos vermelhos cage free, que ser\u00e3o fornecidos pela granja Korin.<\/p>\n<p>Al\u00e9m dos ovos, outro derivado que ganha apelo natural s\u00e3o os l\u00e1cteos. A Nestl\u00e9, nos \u00faltimos meses, fechou parceria com nove novos produtores no interior de S\u00e3o Paulo interessados na convers\u00e3o de suas propriedades para a produ\u00e7\u00e3o de leite org\u00e2nico. \u201cAgora j\u00e1 s\u00e3o 27 fazendas contratadas, representando 21,5 mil litros por dia\u201d, afirmou a empresa, em nota. O plano \u00e9 alcan\u00e7ar 30 mil litros por dia no primeiro semestre de 2019 \u2013 quando a Nestl\u00e9 passar\u00e1 a comercializar o produto.<\/p>\n<p><strong>Desafio.<\/strong> Na trincheira da produ\u00e7\u00e3o de carne livre de antibi\u00f3ticos e org\u00e2nica no Pa\u00eds, a Korin, que tamb\u00e9m produz ovos, frutas e vegetais, vem expandindo sua gama de produtos \u2013 j\u00e1 s\u00e3o 236 \u2013 e acompanhando a evolu\u00e7\u00e3o do mercado global. Neste ano, a empresa lan\u00e7ou linhas de embutidos sustent\u00e1veis e org\u00e2nicos, como alm\u00f4ndegas, quibes e hamb\u00fargueres. \u201cAno que vem, ser\u00e1 a vez do charque org\u00e2nico\u201d, conta Reginaldo Morikawa, diretor superintendente da Korin. Este ano, a empresa realizou a primeira exporta\u00e7\u00e3o de frango org\u00e2nico do Brasil, para Hong Kong. \u201cEm fevereiro, exportaremos para os Emirados \u00c1rabes\u201d, diz ele. A carne bovina org\u00e2nica comercializada pela Korin \u00e9 produzida no Pantanal, seguindo normas t\u00e9cnicas e de sustentabilidade recomendadas pela Associa\u00e7\u00e3o Brasileira de Produtores Org\u00e2nicos (ABPO).<\/p>\n<p><strong>Obst\u00e1culos.<\/strong> \u201cO uso de gr\u00e3os org\u00e2nicos \u00e9 um dos maiores gargalos para a produ\u00e7\u00e3o desse tipo de carne, porque as safras de soja e milho org\u00e2nicos s\u00e3o muito pequenas, limitadas a pequenos produtores\u201d, observa Sylvia Wachsner, coordenadora do Centro de Intelig\u00eancia em Org\u00e2nicos da Sociedade Nacional de Agricultura (SNA). Cerca de 90% da colheita de gr\u00e3os no Pa\u00eds \u00e9 de lavouras transg\u00eanicas.<\/p>\n<p>Esse \u00e9 um dos desafios enfrentados pela Seara, do grupo JBS, que lan\u00e7ou em 2015 a linha de frangos DaGranja. \u201cO produto atende a toda \u00e0 legisla\u00e7\u00e3o do frango verde, com ra\u00e7\u00e3o vegetal, certificado de bem-estar animal e aus\u00eancia de antibi\u00f3ticos\u201d, afirma Marcelli Ganzarolli, gerente executiva de Marketing de Seara. \u201cPor\u00e9m, n\u00e3o trabalhamos com ra\u00e7\u00e3o org\u00e2nica, at\u00e9 porque a produ\u00e7\u00e3o \u00e9 muito restrita para a escala de que precisamos.\u201d<\/p>\n<p>Ela afirma que a empresa quadruplicou o volume de vendas do in\u00edcio do projeto para agora. \u201cAinda temos o desafio de distribuir mais por todo o Pa\u00eds. Para isso, precisamos conquistar o varejista em rela\u00e7\u00e3o ao valor do produto e o benef\u00edcio que ele entrega.\u201d<\/p>\n<p>O pre\u00e7o ainda \u00e9 um fator limitante para a ades\u00e3o mais expressiva de produtos naturais, mas, segundo especialistas, a disparidade tende a cair. \u201cN\u00f3s j\u00e1 baixamos cinco vezes o pre\u00e7o do fil\u00e9 de peito de frango, por exemplo\u201d, diz Morikawa. \u201cS\u00f3 este ano reduzimos em 12%, pois investimos em uma m\u00e1quina de corte autom\u00e1tico que deu ganho de escala em 3%.\u201d<\/p>\n","protected":false},"excerpt":{"rendered":"<p>Grandes grupos investem em prote\u00edna proveniente de criat\u00f3rios que usam antibi\u00f3ticos e n\u00e3o confinam animais<\/p>\n","protected":false},"author":11,"featured_media":97985082,"comment_status":"closed","ping_status":"closed","sticky":false,"template":"","format":"standard","meta":{"footnotes":""},"categories":[6,1],"tags":[],"class_list":["post-97985075","post","type-post","status-publish","format-standard","has-post-thumbnail","hentry","category-destaque","category-noticia"],"yoast_head":"<!-- This site is optimized with the Yoast SEO plugin v24.8.1 - https:\/\/yoast.com\/wordpress\/plugins\/seo\/ -->\n<title>Carne sustent\u00e1vel quer sair do nicho e ampliar vendas - Acrimat<\/title>\n<meta name=\"robots\" content=\"index, follow, max-snippet:-1, max-image-preview:large, max-video-preview:-1\" \/>\n<link rel=\"canonical\" href=\"https:\/\/acrimat.org.br\/portal\/carne-sustentavel-quer-sair-do-nicho-e-ampliar-vendas\/\" \/>\n<meta property=\"og:locale\" content=\"pt_BR\" \/>\n<meta property=\"og:type\" content=\"article\" \/>\n<meta property=\"og:title\" content=\"Carne sustent\u00e1vel quer sair do nicho e ampliar vendas - Acrimat\" \/>\n<meta property=\"og:description\" content=\"Grandes grupos investem em prote\u00edna proveniente de criat\u00f3rios que usam antibi\u00f3ticos e n\u00e3o confinam animais\" \/>\n<meta property=\"og:url\" content=\"https:\/\/acrimat.org.br\/portal\/carne-sustentavel-quer-sair-do-nicho-e-ampliar-vendas\/\" \/>\n<meta property=\"og:site_name\" content=\"Acrimat\" \/>\n<meta property=\"article:published_time\" content=\"2017-11-30T11:32:11+00:00\" \/>\n<meta property=\"article:modified_time\" content=\"2017-11-30T11:38:12+00:00\" \/>\n<meta property=\"og:image\" content=\"https:\/\/acrimat.org.br\/portal\/wp-content\/uploads\/2017\/11\/boi-1.jpg\" \/>\n\t<meta property=\"og:image:width\" content=\"600\" \/>\n\t<meta property=\"og:image:height\" content=\"390\" \/>\n\t<meta property=\"og:image:type\" content=\"image\/jpeg\" \/>\n<meta name=\"author\" content=\"P\u00e9ricles C\u00e2ndido\" \/>\n<meta name=\"twitter:card\" content=\"summary_large_image\" \/>\n<meta name=\"twitter:label1\" content=\"Escrito por\" \/>\n\t<meta name=\"twitter:data1\" content=\"P\u00e9ricles C\u00e2ndido\" \/>\n\t<meta name=\"twitter:label2\" content=\"Est. tempo de leitura\" \/>\n\t<meta name=\"twitter:data2\" content=\"5 minutos\" \/>\n<script type=\"application\/ld+json\" class=\"yoast-schema-graph\">{\"@context\":\"https:\/\/schema.org\",\"@graph\":[{\"@type\":\"Article\",\"@id\":\"https:\/\/acrimat.org.br\/portal\/carne-sustentavel-quer-sair-do-nicho-e-ampliar-vendas\/#article\",\"isPartOf\":{\"@id\":\"https:\/\/acrimat.org.br\/portal\/carne-sustentavel-quer-sair-do-nicho-e-ampliar-vendas\/\"},\"author\":{\"name\":\"P\u00e9ricles C\u00e2ndido\",\"@id\":\"https:\/\/acrimat.org.br\/portal\/#\/schema\/person\/18df8bcf6890e924fe5d8b5afd2bec0f\"},\"headline\":\"Carne sustent\u00e1vel quer sair do nicho e ampliar vendas\",\"datePublished\":\"2017-11-30T11:32:11+00:00\",\"dateModified\":\"2017-11-30T11:38:12+00:00\",\"mainEntityOfPage\":{\"@id\":\"https:\/\/acrimat.org.br\/portal\/carne-sustentavel-quer-sair-do-nicho-e-ampliar-vendas\/\"},\"wordCount\":980,\"publisher\":{\"@id\":\"https:\/\/acrimat.org.br\/portal\/#organization\"},\"image\":{\"@id\":\"https:\/\/acrimat.org.br\/portal\/carne-sustentavel-quer-sair-do-nicho-e-ampliar-vendas\/#primaryimage\"},\"thumbnailUrl\":\"https:\/\/acrimat.org.br\/portal\/wp-content\/uploads\/2017\/11\/boi-1.jpg\",\"articleSection\":[\"Destaques\",\"Not\u00edcias\"],\"inLanguage\":\"pt-BR\"},{\"@type\":\"WebPage\",\"@id\":\"https:\/\/acrimat.org.br\/portal\/carne-sustentavel-quer-sair-do-nicho-e-ampliar-vendas\/\",\"url\":\"https:\/\/acrimat.org.br\/portal\/carne-sustentavel-quer-sair-do-nicho-e-ampliar-vendas\/\",\"name\":\"Carne sustent\u00e1vel quer sair do nicho e ampliar vendas - Acrimat\",\"isPartOf\":{\"@id\":\"https:\/\/acrimat.org.br\/portal\/#website\"},\"primaryImageOfPage\":{\"@id\":\"https:\/\/acrimat.org.br\/portal\/carne-sustentavel-quer-sair-do-nicho-e-ampliar-vendas\/#primaryimage\"},\"image\":{\"@id\":\"https:\/\/acrimat.org.br\/portal\/carne-sustentavel-quer-sair-do-nicho-e-ampliar-vendas\/#primaryimage\"},\"thumbnailUrl\":\"https:\/\/acrimat.org.br\/portal\/wp-content\/uploads\/2017\/11\/boi-1.jpg\",\"datePublished\":\"2017-11-30T11:32:11+00:00\",\"dateModified\":\"2017-11-30T11:38:12+00:00\",\"breadcrumb\":{\"@id\":\"https:\/\/acrimat.org.br\/portal\/carne-sustentavel-quer-sair-do-nicho-e-ampliar-vendas\/#breadcrumb\"},\"inLanguage\":\"pt-BR\",\"potentialAction\":[{\"@type\":\"ReadAction\",\"target\":[\"https:\/\/acrimat.org.br\/portal\/carne-sustentavel-quer-sair-do-nicho-e-ampliar-vendas\/\"]}]},{\"@type\":\"ImageObject\",\"inLanguage\":\"pt-BR\",\"@id\":\"https:\/\/acrimat.org.br\/portal\/carne-sustentavel-quer-sair-do-nicho-e-ampliar-vendas\/#primaryimage\",\"url\":\"https:\/\/acrimat.org.br\/portal\/wp-content\/uploads\/2017\/11\/boi-1.jpg\",\"contentUrl\":\"https:\/\/acrimat.org.br\/portal\/wp-content\/uploads\/2017\/11\/boi-1.jpg\",\"width\":600,\"height\":390},{\"@type\":\"BreadcrumbList\",\"@id\":\"https:\/\/acrimat.org.br\/portal\/carne-sustentavel-quer-sair-do-nicho-e-ampliar-vendas\/#breadcrumb\",\"itemListElement\":[{\"@type\":\"ListItem\",\"position\":1,\"name\":\"In\u00edcio\",\"item\":\"https:\/\/acrimat.org.br\/portal\/\"},{\"@type\":\"ListItem\",\"position\":2,\"name\":\"Carne sustent\u00e1vel quer sair do nicho e ampliar vendas\"}]},{\"@type\":\"WebSite\",\"@id\":\"https:\/\/acrimat.org.br\/portal\/#website\",\"url\":\"https:\/\/acrimat.org.br\/portal\/\",\"name\":\"Acrimat\",\"description\":\"Associa\u00e7\u00e3o dos Criadores de Mato Grosso\",\"publisher\":{\"@id\":\"https:\/\/acrimat.org.br\/portal\/#organization\"},\"potentialAction\":[{\"@type\":\"SearchAction\",\"target\":{\"@type\":\"EntryPoint\",\"urlTemplate\":\"https:\/\/acrimat.org.br\/portal\/?s={search_term_string}\"},\"query-input\":{\"@type\":\"PropertyValueSpecification\",\"valueRequired\":true,\"valueName\":\"search_term_string\"}}],\"inLanguage\":\"pt-BR\"},{\"@type\":\"Organization\",\"@id\":\"https:\/\/acrimat.org.br\/portal\/#organization\",\"name\":\"Associa\u00e7\u00e3o dos Criadores de Mato Grosso\",\"url\":\"https:\/\/acrimat.org.br\/portal\/\",\"logo\":{\"@type\":\"ImageObject\",\"inLanguage\":\"pt-BR\",\"@id\":\"https:\/\/acrimat.org.br\/portal\/#\/schema\/logo\/image\/\",\"url\":\"https:\/\/acrimat.org.br\/portal\/wp-content\/uploads\/2018\/03\/logo-peq-original.png\",\"contentUrl\":\"https:\/\/acrimat.org.br\/portal\/wp-content\/uploads\/2018\/03\/logo-peq-original.png\",\"width\":174,\"height\":171,\"caption\":\"Associa\u00e7\u00e3o dos Criadores de Mato Grosso\"},\"image\":{\"@id\":\"https:\/\/acrimat.org.br\/portal\/#\/schema\/logo\/image\/\"}},{\"@type\":\"Person\",\"@id\":\"https:\/\/acrimat.org.br\/portal\/#\/schema\/person\/18df8bcf6890e924fe5d8b5afd2bec0f\",\"name\":\"P\u00e9ricles C\u00e2ndido\",\"image\":{\"@type\":\"ImageObject\",\"inLanguage\":\"pt-BR\",\"@id\":\"https:\/\/acrimat.org.br\/portal\/#\/schema\/person\/image\/\",\"url\":\"https:\/\/secure.gravatar.com\/avatar\/33e2a2b971dc363ed2df53d0d3bfbd18?s=96&d=mm&r=g\",\"contentUrl\":\"https:\/\/secure.gravatar.com\/avatar\/33e2a2b971dc363ed2df53d0d3bfbd18?s=96&d=mm&r=g\",\"caption\":\"P\u00e9ricles C\u00e2ndido\"},\"sameAs\":[\"ascom@acrimat.org.br\"],\"url\":\"https:\/\/acrimat.org.br\/portal\/author\/designergrafico\/\"}]}<\/script>\n<!-- \/ Yoast SEO plugin. -->","yoast_head_json":{"title":"Carne sustent\u00e1vel quer sair do nicho e ampliar vendas - Acrimat","robots":{"index":"index","follow":"follow","max-snippet":"max-snippet:-1","max-image-preview":"max-image-preview:large","max-video-preview":"max-video-preview:-1"},"canonical":"https:\/\/acrimat.org.br\/portal\/carne-sustentavel-quer-sair-do-nicho-e-ampliar-vendas\/","og_locale":"pt_BR","og_type":"article","og_title":"Carne sustent\u00e1vel quer sair do nicho e ampliar vendas - Acrimat","og_description":"Grandes grupos investem em prote\u00edna proveniente de criat\u00f3rios que usam antibi\u00f3ticos e n\u00e3o confinam animais","og_url":"https:\/\/acrimat.org.br\/portal\/carne-sustentavel-quer-sair-do-nicho-e-ampliar-vendas\/","og_site_name":"Acrimat","article_published_time":"2017-11-30T11:32:11+00:00","article_modified_time":"2017-11-30T11:38:12+00:00","og_image":[{"width":600,"height":390,"url":"https:\/\/acrimat.org.br\/portal\/wp-content\/uploads\/2017\/11\/boi-1.jpg","type":"image\/jpeg"}],"author":"P\u00e9ricles C\u00e2ndido","twitter_card":"summary_large_image","twitter_misc":{"Escrito por":"P\u00e9ricles C\u00e2ndido","Est. tempo de leitura":"5 minutos"},"schema":{"@context":"https:\/\/schema.org","@graph":[{"@type":"Article","@id":"https:\/\/acrimat.org.br\/portal\/carne-sustentavel-quer-sair-do-nicho-e-ampliar-vendas\/#article","isPartOf":{"@id":"https:\/\/acrimat.org.br\/portal\/carne-sustentavel-quer-sair-do-nicho-e-ampliar-vendas\/"},"author":{"name":"P\u00e9ricles C\u00e2ndido","@id":"https:\/\/acrimat.org.br\/portal\/#\/schema\/person\/18df8bcf6890e924fe5d8b5afd2bec0f"},"headline":"Carne sustent\u00e1vel quer sair do nicho e ampliar vendas","datePublished":"2017-11-30T11:32:11+00:00","dateModified":"2017-11-30T11:38:12+00:00","mainEntityOfPage":{"@id":"https:\/\/acrimat.org.br\/portal\/carne-sustentavel-quer-sair-do-nicho-e-ampliar-vendas\/"},"wordCount":980,"publisher":{"@id":"https:\/\/acrimat.org.br\/portal\/#organization"},"image":{"@id":"https:\/\/acrimat.org.br\/portal\/carne-sustentavel-quer-sair-do-nicho-e-ampliar-vendas\/#primaryimage"},"thumbnailUrl":"https:\/\/acrimat.org.br\/portal\/wp-content\/uploads\/2017\/11\/boi-1.jpg","articleSection":["Destaques","Not\u00edcias"],"inLanguage":"pt-BR"},{"@type":"WebPage","@id":"https:\/\/acrimat.org.br\/portal\/carne-sustentavel-quer-sair-do-nicho-e-ampliar-vendas\/","url":"https:\/\/acrimat.org.br\/portal\/carne-sustentavel-quer-sair-do-nicho-e-ampliar-vendas\/","name":"Carne sustent\u00e1vel quer sair do nicho e ampliar vendas - Acrimat","isPartOf":{"@id":"https:\/\/acrimat.org.br\/portal\/#website"},"primaryImageOfPage":{"@id":"https:\/\/acrimat.org.br\/portal\/carne-sustentavel-quer-sair-do-nicho-e-ampliar-vendas\/#primaryimage"},"image":{"@id":"https:\/\/acrimat.org.br\/portal\/carne-sustentavel-quer-sair-do-nicho-e-ampliar-vendas\/#primaryimage"},"thumbnailUrl":"https:\/\/acrimat.org.br\/portal\/wp-content\/uploads\/2017\/11\/boi-1.jpg","datePublished":"2017-11-30T11:32:11+00:00","dateModified":"2017-11-30T11:38:12+00:00","breadcrumb":{"@id":"https:\/\/acrimat.org.br\/portal\/carne-sustentavel-quer-sair-do-nicho-e-ampliar-vendas\/#breadcrumb"},"inLanguage":"pt-BR","potentialAction":[{"@type":"ReadAction","target":["https:\/\/acrimat.org.br\/portal\/carne-sustentavel-quer-sair-do-nicho-e-ampliar-vendas\/"]}]},{"@type":"ImageObject","inLanguage":"pt-BR","@id":"https:\/\/acrimat.org.br\/portal\/carne-sustentavel-quer-sair-do-nicho-e-ampliar-vendas\/#primaryimage","url":"https:\/\/acrimat.org.br\/portal\/wp-content\/uploads\/2017\/11\/boi-1.jpg","contentUrl":"https:\/\/acrimat.org.br\/portal\/wp-content\/uploads\/2017\/11\/boi-1.jpg","width":600,"height":390},{"@type":"BreadcrumbList","@id":"https:\/\/acrimat.org.br\/portal\/carne-sustentavel-quer-sair-do-nicho-e-ampliar-vendas\/#breadcrumb","itemListElement":[{"@type":"ListItem","position":1,"name":"In\u00edcio","item":"https:\/\/acrimat.org.br\/portal\/"},{"@type":"ListItem","position":2,"name":"Carne sustent\u00e1vel quer sair do nicho e ampliar vendas"}]},{"@type":"WebSite","@id":"https:\/\/acrimat.org.br\/portal\/#website","url":"https:\/\/acrimat.org.br\/portal\/","name":"Acrimat","description":"Associa\u00e7\u00e3o dos Criadores de Mato Grosso","publisher":{"@id":"https:\/\/acrimat.org.br\/portal\/#organization"},"potentialAction":[{"@type":"SearchAction","target":{"@type":"EntryPoint","urlTemplate":"https:\/\/acrimat.org.br\/portal\/?s={search_term_string}"},"query-input":{"@type":"PropertyValueSpecification","valueRequired":true,"valueName":"search_term_string"}}],"inLanguage":"pt-BR"},{"@type":"Organization","@id":"https:\/\/acrimat.org.br\/portal\/#organization","name":"Associa\u00e7\u00e3o dos Criadores de Mato Grosso","url":"https:\/\/acrimat.org.br\/portal\/","logo":{"@type":"ImageObject","inLanguage":"pt-BR","@id":"https:\/\/acrimat.org.br\/portal\/#\/schema\/logo\/image\/","url":"https:\/\/acrimat.org.br\/portal\/wp-content\/uploads\/2018\/03\/logo-peq-original.png","contentUrl":"https:\/\/acrimat.org.br\/portal\/wp-content\/uploads\/2018\/03\/logo-peq-original.png","width":174,"height":171,"caption":"Associa\u00e7\u00e3o dos Criadores de Mato Grosso"},"image":{"@id":"https:\/\/acrimat.org.br\/portal\/#\/schema\/logo\/image\/"}},{"@type":"Person","@id":"https:\/\/acrimat.org.br\/portal\/#\/schema\/person\/18df8bcf6890e924fe5d8b5afd2bec0f","name":"P\u00e9ricles C\u00e2ndido","image":{"@type":"ImageObject","inLanguage":"pt-BR","@id":"https:\/\/acrimat.org.br\/portal\/#\/schema\/person\/image\/","url":"https:\/\/secure.gravatar.com\/avatar\/33e2a2b971dc363ed2df53d0d3bfbd18?s=96&d=mm&r=g","contentUrl":"https:\/\/secure.gravatar.com\/avatar\/33e2a2b971dc363ed2df53d0d3bfbd18?s=96&d=mm&r=g","caption":"P\u00e9ricles C\u00e2ndido"},"sameAs":["ascom@acrimat.org.br"],"url":"https:\/\/acrimat.org.br\/portal\/author\/designergrafico\/"}]}},"_links":{"self":[{"href":"https:\/\/acrimat.org.br\/portal\/wp-json\/wp\/v2\/posts\/97985075","targetHints":{"allow":["GET"]}}],"collection":[{"href":"https:\/\/acrimat.org.br\/portal\/wp-json\/wp\/v2\/posts"}],"about":[{"href":"https:\/\/acrimat.org.br\/portal\/wp-json\/wp\/v2\/types\/post"}],"author":[{"embeddable":true,"href":"https:\/\/acrimat.org.br\/portal\/wp-json\/wp\/v2\/users\/11"}],"replies":[{"embeddable":true,"href":"https:\/\/acrimat.org.br\/portal\/wp-json\/wp\/v2\/comments?post=97985075"}],"version-history":[{"count":3,"href":"https:\/\/acrimat.org.br\/portal\/wp-json\/wp\/v2\/posts\/97985075\/revisions"}],"predecessor-version":[{"id":97985081,"href":"https:\/\/acrimat.org.br\/portal\/wp-json\/wp\/v2\/posts\/97985075\/revisions\/97985081"}],"wp:featuredmedia":[{"embeddable":true,"href":"https:\/\/acrimat.org.br\/portal\/wp-json\/wp\/v2\/media\/97985082"}],"wp:attachment":[{"href":"https:\/\/acrimat.org.br\/portal\/wp-json\/wp\/v2\/media?parent=97985075"}],"wp:term":[{"taxonomy":"category","embeddable":true,"href":"https:\/\/acrimat.org.br\/portal\/wp-json\/wp\/v2\/categories?post=97985075"},{"taxonomy":"post_tag","embeddable":true,"href":"https:\/\/acrimat.org.br\/portal\/wp-json\/wp\/v2\/tags?post=97985075"}],"curies":[{"name":"wp","href":"https:\/\/api.w.org\/{rel}","templated":true}]}}