{"id":97985083,"date":"2017-11-30T08:41:53","date_gmt":"2017-11-30T11:41:53","guid":{"rendered":"http:\/\/acrimat.org.br\/portal\/?p=97985083"},"modified":"2017-11-30T08:55:56","modified_gmt":"2017-11-30T11:55:56","slug":"confinadores-de-animais-especiais-planejam-para-2018-cooperativa-verticalizada-do-pasto-ao-varejo-e-sairao-dos-frigorificos","status":"publish","type":"post","link":"https:\/\/acrimat.org.br\/portal\/confinadores-de-animais-especiais-planejam-para-2018-cooperativa-verticalizada-do-pasto-ao-varejo-e-sairao-dos-frigorificos\/","title":{"rendered":"Confinadores de animais especiais planejam para 2018 cooperativa verticalizada"},"content":{"rendered":"<p>Jos\u00e9 Lemos Monteiro, pecuarista de Campo Grande (MS), conversou com o Not\u00edcias Agr\u00edcolas para contar sobre uma nova Cooperativa de Pecu\u00e1ria que est\u00e1 sendo articulada no estado.<\/p>\n<p>Segundo Monteiro, a cooperativa \u00e9 composta, at\u00e9 ent\u00e3o, por 21 produtores tecnificados que realizam o cruzamento industrial de ra\u00e7as brit\u00e2nicas. Esses pecuaristas desejam que essa carne do pasto chegue direto nas casas dos consumidores por meio de casas de carne conveniadas.<\/p>\n<p>Ele conta que a qualidade da carne oferecida ser\u00e1 diferente, &#8220;fora do comum&#8221; em maciez e sabor. Essa carne diferenciada j\u00e1 \u00e9 comercializada para frigor\u00edficos, que a vendem em pre\u00e7os e locais diferenciados atualmente. Com o advento da cooperativa, pretende-se ampliar esse mercado.<\/p>\n<p>A capacidade de abate ainda n\u00e3o est\u00e1 definida, mas esse grupo re\u00fane mais de 100.000 cabe\u00e7as de gado. Al\u00e9m disso, ele conta que o objetivo \u00e9 que esses pecuaristas deixem de ser apenas vendedores de boi e passem a ser vendedores de carne.<\/p>\n<p>Monteiro diz tamb\u00e9m aguardar o final de 2017, um ano turbulento para o setor, com ansiedade, esperando que o cen\u00e1rio permane\u00e7a est\u00e1vel em 2018, permitindo um real encaminhamento do pre\u00e7o da arroba.<\/p>\n<p>Confira a entrevista com Jos\u00e9 Lemos Monteiro &#8211; Pecuarista<\/p>\n<div class=\"video-wrapper\">\u00a0[su_youtube url=&#8221;https:\/\/www.youtube.com\/watch?v=dThtOn5fBS4&#8243; width=&#8221;640&#8243;]<\/div>\n","protected":false},"excerpt":{"rendered":"<p>Esses pecuaristas desejam que essa carne do pasto chegue direto nas casas dos consumidores por meio de casas de carne conveniadas<\/p>\n","protected":false},"author":11,"featured_media":97985084,"comment_status":"closed","ping_status":"closed","sticky":false,"template":"","format":"standard","meta":{"footnotes":""},"categories":[6,1],"tags":[],"class_list":["post-97985083","post","type-post","status-publish","format-standard","has-post-thumbnail","hentry","category-destaque","category-noticia"],"yoast_head":"<!-- This site is optimized with the Yoast SEO plugin v24.8.1 - https:\/\/yoast.com\/wordpress\/plugins\/seo\/ -->\n<title>Confinadores de animais especiais planejam para 2018 cooperativa verticalizada - Acrimat<\/title>\n<meta name=\"robots\" content=\"index, follow, max-snippet:-1, max-image-preview:large, max-video-preview:-1\" \/>\n<link rel=\"canonical\" href=\"https:\/\/acrimat.org.br\/portal\/confinadores-de-animais-especiais-planejam-para-2018-cooperativa-verticalizada-do-pasto-ao-varejo-e-sairao-dos-frigorificos\/\" \/>\n<meta property=\"og:locale\" content=\"pt_BR\" \/>\n<meta property=\"og:type\" content=\"article\" \/>\n<meta property=\"og:title\" content=\"Confinadores de animais especiais planejam para 2018 cooperativa verticalizada - Acrimat\" \/>\n<meta property=\"og:description\" content=\"Esses pecuaristas desejam que essa carne do pasto chegue direto nas casas dos consumidores por meio de casas de carne conveniadas\" \/>\n<meta property=\"og:url\" content=\"https:\/\/acrimat.org.br\/portal\/confinadores-de-animais-especiais-planejam-para-2018-cooperativa-verticalizada-do-pasto-ao-varejo-e-sairao-dos-frigorificos\/\" \/>\n<meta property=\"og:site_name\" content=\"Acrimat\" \/>\n<meta property=\"article:published_time\" content=\"2017-11-30T11:41:53+00:00\" \/>\n<meta property=\"article:modified_time\" content=\"2017-11-30T11:55:56+00:00\" \/>\n<meta property=\"og:image\" content=\"https:\/\/acrimat.org.br\/portal\/wp-content\/uploads\/2017\/11\/confinamento7.jpg\" \/>\n\t<meta property=\"og:image:width\" content=\"730\" \/>\n\t<meta property=\"og:image:height\" content=\"502\" \/>\n\t<meta property=\"og:image:type\" content=\"image\/jpeg\" \/>\n<meta name=\"author\" content=\"P\u00e9ricles C\u00e2ndido\" \/>\n<meta name=\"twitter:card\" content=\"summary_large_image\" \/>\n<meta name=\"twitter:label1\" content=\"Escrito por\" \/>\n\t<meta name=\"twitter:data1\" content=\"P\u00e9ricles C\u00e2ndido\" \/>\n\t<meta name=\"twitter:label2\" content=\"Est. tempo de leitura\" \/>\n\t<meta name=\"twitter:data2\" content=\"1 minuto\" \/>\n<script type=\"application\/ld+json\" class=\"yoast-schema-graph\">{\"@context\":\"https:\/\/schema.org\",\"@graph\":[{\"@type\":\"Article\",\"@id\":\"https:\/\/acrimat.org.br\/portal\/confinadores-de-animais-especiais-planejam-para-2018-cooperativa-verticalizada-do-pasto-ao-varejo-e-sairao-dos-frigorificos\/#article\",\"isPartOf\":{\"@id\":\"https:\/\/acrimat.org.br\/portal\/confinadores-de-animais-especiais-planejam-para-2018-cooperativa-verticalizada-do-pasto-ao-varejo-e-sairao-dos-frigorificos\/\"},\"author\":{\"name\":\"P\u00e9ricles C\u00e2ndido\",\"@id\":\"https:\/\/acrimat.org.br\/portal\/#\/schema\/person\/18df8bcf6890e924fe5d8b5afd2bec0f\"},\"headline\":\"Confinadores de animais especiais planejam para 2018 cooperativa verticalizada\",\"datePublished\":\"2017-11-30T11:41:53+00:00\",\"dateModified\":\"2017-11-30T11:55:56+00:00\",\"mainEntityOfPage\":{\"@id\":\"https:\/\/acrimat.org.br\/portal\/confinadores-de-animais-especiais-planejam-para-2018-cooperativa-verticalizada-do-pasto-ao-varejo-e-sairao-dos-frigorificos\/\"},\"wordCount\":225,\"publisher\":{\"@id\":\"https:\/\/acrimat.org.br\/portal\/#organization\"},\"image\":{\"@id\":\"https:\/\/acrimat.org.br\/portal\/confinadores-de-animais-especiais-planejam-para-2018-cooperativa-verticalizada-do-pasto-ao-varejo-e-sairao-dos-frigorificos\/#primaryimage\"},\"thumbnailUrl\":\"https:\/\/acrimat.org.br\/portal\/wp-content\/uploads\/2017\/11\/confinamento7.jpg\",\"articleSection\":[\"Destaques\",\"Not\u00edcias\"],\"inLanguage\":\"pt-BR\"},{\"@type\":\"WebPage\",\"@id\":\"https:\/\/acrimat.org.br\/portal\/confinadores-de-animais-especiais-planejam-para-2018-cooperativa-verticalizada-do-pasto-ao-varejo-e-sairao-dos-frigorificos\/\",\"url\":\"https:\/\/acrimat.org.br\/portal\/confinadores-de-animais-especiais-planejam-para-2018-cooperativa-verticalizada-do-pasto-ao-varejo-e-sairao-dos-frigorificos\/\",\"name\":\"Confinadores de animais especiais planejam para 2018 cooperativa verticalizada - Acrimat\",\"isPartOf\":{\"@id\":\"https:\/\/acrimat.org.br\/portal\/#website\"},\"primaryImageOfPage\":{\"@id\":\"https:\/\/acrimat.org.br\/portal\/confinadores-de-animais-especiais-planejam-para-2018-cooperativa-verticalizada-do-pasto-ao-varejo-e-sairao-dos-frigorificos\/#primaryimage\"},\"image\":{\"@id\":\"https:\/\/acrimat.org.br\/portal\/confinadores-de-animais-especiais-planejam-para-2018-cooperativa-verticalizada-do-pasto-ao-varejo-e-sairao-dos-frigorificos\/#primaryimage\"},\"thumbnailUrl\":\"https:\/\/acrimat.org.br\/portal\/wp-content\/uploads\/2017\/11\/confinamento7.jpg\",\"datePublished\":\"2017-11-30T11:41:53+00:00\",\"dateModified\":\"2017-11-30T11:55:56+00:00\",\"breadcrumb\":{\"@id\":\"https:\/\/acrimat.org.br\/portal\/confinadores-de-animais-especiais-planejam-para-2018-cooperativa-verticalizada-do-pasto-ao-varejo-e-sairao-dos-frigorificos\/#breadcrumb\"},\"inLanguage\":\"pt-BR\",\"potentialAction\":[{\"@type\":\"ReadAction\",\"target\":[\"https:\/\/acrimat.org.br\/portal\/confinadores-de-animais-especiais-planejam-para-2018-cooperativa-verticalizada-do-pasto-ao-varejo-e-sairao-dos-frigorificos\/\"]}]},{\"@type\":\"ImageObject\",\"inLanguage\":\"pt-BR\",\"@id\":\"https:\/\/acrimat.org.br\/portal\/confinadores-de-animais-especiais-planejam-para-2018-cooperativa-verticalizada-do-pasto-ao-varejo-e-sairao-dos-frigorificos\/#primaryimage\",\"url\":\"https:\/\/acrimat.org.br\/portal\/wp-content\/uploads\/2017\/11\/confinamento7.jpg\",\"contentUrl\":\"https:\/\/acrimat.org.br\/portal\/wp-content\/uploads\/2017\/11\/confinamento7.jpg\",\"width\":730,\"height\":502},{\"@type\":\"BreadcrumbList\",\"@id\":\"https:\/\/acrimat.org.br\/portal\/confinadores-de-animais-especiais-planejam-para-2018-cooperativa-verticalizada-do-pasto-ao-varejo-e-sairao-dos-frigorificos\/#breadcrumb\",\"itemListElement\":[{\"@type\":\"ListItem\",\"position\":1,\"name\":\"In\u00edcio\",\"item\":\"https:\/\/acrimat.org.br\/portal\/\"},{\"@type\":\"ListItem\",\"position\":2,\"name\":\"Confinadores de animais especiais planejam para 2018 cooperativa verticalizada\"}]},{\"@type\":\"WebSite\",\"@id\":\"https:\/\/acrimat.org.br\/portal\/#website\",\"url\":\"https:\/\/acrimat.org.br\/portal\/\",\"name\":\"Acrimat\",\"description\":\"Associa\u00e7\u00e3o dos Criadores de Mato Grosso\",\"publisher\":{\"@id\":\"https:\/\/acrimat.org.br\/portal\/#organization\"},\"potentialAction\":[{\"@type\":\"SearchAction\",\"target\":{\"@type\":\"EntryPoint\",\"urlTemplate\":\"https:\/\/acrimat.org.br\/portal\/?s={search_term_string}\"},\"query-input\":{\"@type\":\"PropertyValueSpecification\",\"valueRequired\":true,\"valueName\":\"search_term_string\"}}],\"inLanguage\":\"pt-BR\"},{\"@type\":\"Organization\",\"@id\":\"https:\/\/acrimat.org.br\/portal\/#organization\",\"name\":\"Associa\u00e7\u00e3o dos Criadores de Mato Grosso\",\"url\":\"https:\/\/acrimat.org.br\/portal\/\",\"logo\":{\"@type\":\"ImageObject\",\"inLanguage\":\"pt-BR\",\"@id\":\"https:\/\/acrimat.org.br\/portal\/#\/schema\/logo\/image\/\",\"url\":\"https:\/\/acrimat.org.br\/portal\/wp-content\/uploads\/2018\/03\/logo-peq-original.png\",\"contentUrl\":\"https:\/\/acrimat.org.br\/portal\/wp-content\/uploads\/2018\/03\/logo-peq-original.png\",\"width\":174,\"height\":171,\"caption\":\"Associa\u00e7\u00e3o dos Criadores de Mato Grosso\"},\"image\":{\"@id\":\"https:\/\/acrimat.org.br\/portal\/#\/schema\/logo\/image\/\"}},{\"@type\":\"Person\",\"@id\":\"https:\/\/acrimat.org.br\/portal\/#\/schema\/person\/18df8bcf6890e924fe5d8b5afd2bec0f\",\"name\":\"P\u00e9ricles C\u00e2ndido\",\"image\":{\"@type\":\"ImageObject\",\"inLanguage\":\"pt-BR\",\"@id\":\"https:\/\/acrimat.org.br\/portal\/#\/schema\/person\/image\/\",\"url\":\"https:\/\/secure.gravatar.com\/avatar\/33e2a2b971dc363ed2df53d0d3bfbd18?s=96&d=mm&r=g\",\"contentUrl\":\"https:\/\/secure.gravatar.com\/avatar\/33e2a2b971dc363ed2df53d0d3bfbd18?s=96&d=mm&r=g\",\"caption\":\"P\u00e9ricles C\u00e2ndido\"},\"sameAs\":[\"ascom@acrimat.org.br\"],\"url\":\"https:\/\/acrimat.org.br\/portal\/author\/designergrafico\/\"}]}<\/script>\n<!-- \/ Yoast SEO plugin. -->","yoast_head_json":{"title":"Confinadores de animais especiais planejam para 2018 cooperativa verticalizada - Acrimat","robots":{"index":"index","follow":"follow","max-snippet":"max-snippet:-1","max-image-preview":"max-image-preview:large","max-video-preview":"max-video-preview:-1"},"canonical":"https:\/\/acrimat.org.br\/portal\/confinadores-de-animais-especiais-planejam-para-2018-cooperativa-verticalizada-do-pasto-ao-varejo-e-sairao-dos-frigorificos\/","og_locale":"pt_BR","og_type":"article","og_title":"Confinadores de animais especiais planejam para 2018 cooperativa verticalizada - Acrimat","og_description":"Esses pecuaristas desejam que essa carne do pasto chegue direto nas casas dos consumidores por meio de casas de carne conveniadas","og_url":"https:\/\/acrimat.org.br\/portal\/confinadores-de-animais-especiais-planejam-para-2018-cooperativa-verticalizada-do-pasto-ao-varejo-e-sairao-dos-frigorificos\/","og_site_name":"Acrimat","article_published_time":"2017-11-30T11:41:53+00:00","article_modified_time":"2017-11-30T11:55:56+00:00","og_image":[{"width":730,"height":502,"url":"https:\/\/acrimat.org.br\/portal\/wp-content\/uploads\/2017\/11\/confinamento7.jpg","type":"image\/jpeg"}],"author":"P\u00e9ricles C\u00e2ndido","twitter_card":"summary_large_image","twitter_misc":{"Escrito por":"P\u00e9ricles C\u00e2ndido","Est. tempo de leitura":"1 minuto"},"schema":{"@context":"https:\/\/schema.org","@graph":[{"@type":"Article","@id":"https:\/\/acrimat.org.br\/portal\/confinadores-de-animais-especiais-planejam-para-2018-cooperativa-verticalizada-do-pasto-ao-varejo-e-sairao-dos-frigorificos\/#article","isPartOf":{"@id":"https:\/\/acrimat.org.br\/portal\/confinadores-de-animais-especiais-planejam-para-2018-cooperativa-verticalizada-do-pasto-ao-varejo-e-sairao-dos-frigorificos\/"},"author":{"name":"P\u00e9ricles C\u00e2ndido","@id":"https:\/\/acrimat.org.br\/portal\/#\/schema\/person\/18df8bcf6890e924fe5d8b5afd2bec0f"},"headline":"Confinadores de animais especiais planejam para 2018 cooperativa verticalizada","datePublished":"2017-11-30T11:41:53+00:00","dateModified":"2017-11-30T11:55:56+00:00","mainEntityOfPage":{"@id":"https:\/\/acrimat.org.br\/portal\/confinadores-de-animais-especiais-planejam-para-2018-cooperativa-verticalizada-do-pasto-ao-varejo-e-sairao-dos-frigorificos\/"},"wordCount":225,"publisher":{"@id":"https:\/\/acrimat.org.br\/portal\/#organization"},"image":{"@id":"https:\/\/acrimat.org.br\/portal\/confinadores-de-animais-especiais-planejam-para-2018-cooperativa-verticalizada-do-pasto-ao-varejo-e-sairao-dos-frigorificos\/#primaryimage"},"thumbnailUrl":"https:\/\/acrimat.org.br\/portal\/wp-content\/uploads\/2017\/11\/confinamento7.jpg","articleSection":["Destaques","Not\u00edcias"],"inLanguage":"pt-BR"},{"@type":"WebPage","@id":"https:\/\/acrimat.org.br\/portal\/confinadores-de-animais-especiais-planejam-para-2018-cooperativa-verticalizada-do-pasto-ao-varejo-e-sairao-dos-frigorificos\/","url":"https:\/\/acrimat.org.br\/portal\/confinadores-de-animais-especiais-planejam-para-2018-cooperativa-verticalizada-do-pasto-ao-varejo-e-sairao-dos-frigorificos\/","name":"Confinadores de animais especiais planejam para 2018 cooperativa verticalizada - Acrimat","isPartOf":{"@id":"https:\/\/acrimat.org.br\/portal\/#website"},"primaryImageOfPage":{"@id":"https:\/\/acrimat.org.br\/portal\/confinadores-de-animais-especiais-planejam-para-2018-cooperativa-verticalizada-do-pasto-ao-varejo-e-sairao-dos-frigorificos\/#primaryimage"},"image":{"@id":"https:\/\/acrimat.org.br\/portal\/confinadores-de-animais-especiais-planejam-para-2018-cooperativa-verticalizada-do-pasto-ao-varejo-e-sairao-dos-frigorificos\/#primaryimage"},"thumbnailUrl":"https:\/\/acrimat.org.br\/portal\/wp-content\/uploads\/2017\/11\/confinamento7.jpg","datePublished":"2017-11-30T11:41:53+00:00","dateModified":"2017-11-30T11:55:56+00:00","breadcrumb":{"@id":"https:\/\/acrimat.org.br\/portal\/confinadores-de-animais-especiais-planejam-para-2018-cooperativa-verticalizada-do-pasto-ao-varejo-e-sairao-dos-frigorificos\/#breadcrumb"},"inLanguage":"pt-BR","potentialAction":[{"@type":"ReadAction","target":["https:\/\/acrimat.org.br\/portal\/confinadores-de-animais-especiais-planejam-para-2018-cooperativa-verticalizada-do-pasto-ao-varejo-e-sairao-dos-frigorificos\/"]}]},{"@type":"ImageObject","inLanguage":"pt-BR","@id":"https:\/\/acrimat.org.br\/portal\/confinadores-de-animais-especiais-planejam-para-2018-cooperativa-verticalizada-do-pasto-ao-varejo-e-sairao-dos-frigorificos\/#primaryimage","url":"https:\/\/acrimat.org.br\/portal\/wp-content\/uploads\/2017\/11\/confinamento7.jpg","contentUrl":"https:\/\/acrimat.org.br\/portal\/wp-content\/uploads\/2017\/11\/confinamento7.jpg","width":730,"height":502},{"@type":"BreadcrumbList","@id":"https:\/\/acrimat.org.br\/portal\/confinadores-de-animais-especiais-planejam-para-2018-cooperativa-verticalizada-do-pasto-ao-varejo-e-sairao-dos-frigorificos\/#breadcrumb","itemListElement":[{"@type":"ListItem","position":1,"name":"In\u00edcio","item":"https:\/\/acrimat.org.br\/portal\/"},{"@type":"ListItem","position":2,"name":"Confinadores de animais especiais planejam para 2018 cooperativa verticalizada"}]},{"@type":"WebSite","@id":"https:\/\/acrimat.org.br\/portal\/#website","url":"https:\/\/acrimat.org.br\/portal\/","name":"Acrimat","description":"Associa\u00e7\u00e3o dos Criadores de Mato Grosso","publisher":{"@id":"https:\/\/acrimat.org.br\/portal\/#organization"},"potentialAction":[{"@type":"SearchAction","target":{"@type":"EntryPoint","urlTemplate":"https:\/\/acrimat.org.br\/portal\/?s={search_term_string}"},"query-input":{"@type":"PropertyValueSpecification","valueRequired":true,"valueName":"search_term_string"}}],"inLanguage":"pt-BR"},{"@type":"Organization","@id":"https:\/\/acrimat.org.br\/portal\/#organization","name":"Associa\u00e7\u00e3o dos Criadores de Mato Grosso","url":"https:\/\/acrimat.org.br\/portal\/","logo":{"@type":"ImageObject","inLanguage":"pt-BR","@id":"https:\/\/acrimat.org.br\/portal\/#\/schema\/logo\/image\/","url":"https:\/\/acrimat.org.br\/portal\/wp-content\/uploads\/2018\/03\/logo-peq-original.png","contentUrl":"https:\/\/acrimat.org.br\/portal\/wp-content\/uploads\/2018\/03\/logo-peq-original.png","width":174,"height":171,"caption":"Associa\u00e7\u00e3o dos Criadores de Mato Grosso"},"image":{"@id":"https:\/\/acrimat.org.br\/portal\/#\/schema\/logo\/image\/"}},{"@type":"Person","@id":"https:\/\/acrimat.org.br\/portal\/#\/schema\/person\/18df8bcf6890e924fe5d8b5afd2bec0f","name":"P\u00e9ricles C\u00e2ndido","image":{"@type":"ImageObject","inLanguage":"pt-BR","@id":"https:\/\/acrimat.org.br\/portal\/#\/schema\/person\/image\/","url":"https:\/\/secure.gravatar.com\/avatar\/33e2a2b971dc363ed2df53d0d3bfbd18?s=96&d=mm&r=g","contentUrl":"https:\/\/secure.gravatar.com\/avatar\/33e2a2b971dc363ed2df53d0d3bfbd18?s=96&d=mm&r=g","caption":"P\u00e9ricles C\u00e2ndido"},"sameAs":["ascom@acrimat.org.br"],"url":"https:\/\/acrimat.org.br\/portal\/author\/designergrafico\/"}]}},"_links":{"self":[{"href":"https:\/\/acrimat.org.br\/portal\/wp-json\/wp\/v2\/posts\/97985083","targetHints":{"allow":["GET"]}}],"collection":[{"href":"https:\/\/acrimat.org.br\/portal\/wp-json\/wp\/v2\/posts"}],"about":[{"href":"https:\/\/acrimat.org.br\/portal\/wp-json\/wp\/v2\/types\/post"}],"author":[{"embeddable":true,"href":"https:\/\/acrimat.org.br\/portal\/wp-json\/wp\/v2\/users\/11"}],"replies":[{"embeddable":true,"href":"https:\/\/acrimat.org.br\/portal\/wp-json\/wp\/v2\/comments?post=97985083"}],"version-history":[{"count":3,"href":"https:\/\/acrimat.org.br\/portal\/wp-json\/wp\/v2\/posts\/97985083\/revisions"}],"predecessor-version":[{"id":97985096,"href":"https:\/\/acrimat.org.br\/portal\/wp-json\/wp\/v2\/posts\/97985083\/revisions\/97985096"}],"wp:featuredmedia":[{"embeddable":true,"href":"https:\/\/acrimat.org.br\/portal\/wp-json\/wp\/v2\/media\/97985084"}],"wp:attachment":[{"href":"https:\/\/acrimat.org.br\/portal\/wp-json\/wp\/v2\/media?parent=97985083"}],"wp:term":[{"taxonomy":"category","embeddable":true,"href":"https:\/\/acrimat.org.br\/portal\/wp-json\/wp\/v2\/categories?post=97985083"},{"taxonomy":"post_tag","embeddable":true,"href":"https:\/\/acrimat.org.br\/portal\/wp-json\/wp\/v2\/tags?post=97985083"}],"curies":[{"name":"wp","href":"https:\/\/api.w.org\/{rel}","templated":true}]}}