{"id":97985086,"date":"2017-11-30T08:44:00","date_gmt":"2017-11-30T11:44:00","guid":{"rendered":"http:\/\/acrimat.org.br\/portal\/?p=97985086"},"modified":"2017-11-30T08:44:00","modified_gmt":"2017-11-30T11:44:00","slug":"brasil-tem-espaco-para-crescer-no-comercio-internacional","status":"publish","type":"post","link":"https:\/\/acrimat.org.br\/portal\/brasil-tem-espaco-para-crescer-no-comercio-internacional\/","title":{"rendered":"Brasil tem espa\u00e7o para crescer no com\u00e9rcio internacional"},"content":{"rendered":"<p>O Minist\u00e9rio da Agricultura pretende ampliar a participa\u00e7\u00e3o do agroneg\u00f3cio brasileiro no com\u00e9rcio internacional, declarou o ministro em exerc\u00edcio, Eumar Novacki, na abertura do Summit Agroneg\u00f3cio Brasil 2017, em S\u00e3o Paulo. Ele ressaltou que o presidente Michel Temer \u201ctem dado todo o respaldo para as a\u00e7\u00f5es do setor\u201d. \u201cQueremos chegar a 10% de participa\u00e7\u00e3o do Brasil no mercado externo\u201d, disse Novacki. \u201cIsso representa mais US$ 30 bilh\u00f5es na economia brasileira.\u201d<\/p>\n<p>No evento, ao mencionar o tema meio ambiente, Novacki garantiu que o Brasil tem uma vasta \u00e1rea preservada, ou 66,3% das \u00e1reas do Pa\u00eds. \u201cEm nenhum lugar o produtor preserva tanto quanto no Brasil.\u201d Para ele, por causa disso, o agroneg\u00f3cio tem cerca de R$ 2 trilh\u00f5es imobilizados, \u201ca servi\u00e7o do meio ambiente\u201d.<\/p>\n<p>O diretor do Departamento de Acesso a Mercados do Minist\u00e9rio da Agricultura, Gustavo Cupertino Domingues, afirmou que ainda h\u00e1 um grande espa\u00e7o para que o Brasil explore o com\u00e9rcio exterior de produtos agropecu\u00e1rios e, para isso, est\u00e1 em andamento um plano estrat\u00e9gico para trabalhar a imagem e a sustentabilidade do agroneg\u00f3cio e a abertura de novos mercados. \u201cQueremos expandir nossa pauta de exporta\u00e7\u00f5es\u201d, disse o executivo painel \u201cNovos mercados, novas oportunidades\u201d. Segundo Domingues, o projeto ser\u00e1 realizado com base em consulta p\u00fablica, j\u00e1 iniciada, e deve avan\u00e7ar em todas as etapas de implementa\u00e7\u00e3o at\u00e9 o ano que vem.<\/p>\n<p>O presidente da Associa\u00e7\u00e3o Brasileira dos Produtores de Soja do Brasil (Aprosoja Brasil), Marcos da Rosa, tamb\u00e9m acredita que h\u00e1 espa\u00e7o para o Pa\u00eds crescer no exterior. Mas cabe \u00e0s institui\u00e7\u00f5es o papel de ajudar o governo a apresentar o Brasil aos mercados l\u00e1 fora, j\u00e1 que \u201cos adidos agr\u00edcolas n\u00e3o s\u00e3o suficientes\u201d.<\/p>\n<p><strong>Prote\u00ednas.<\/strong> J\u00e1 na pecu\u00e1ria, o analista s\u00eanior do Rabobank, Adolfo Fontes, estima que o consumo de carnes no mundo deve crescer 45 milh\u00f5es de toneladas nos pr\u00f3ximos dez anos. Desse aumento, 10 milh\u00f5es de toneladas devem ser apenas em carne bovina. Segundo Fontes, o crescimento da demanda global por prote\u00ednas sustenta a import\u00e2ncia da oferta brasileira, que tem potencial de expans\u00e3o, com ganhos de produtividade. O analista destacou que o Pa\u00eds pode elevar sua produ\u00e7\u00e3o, sem a necessidade de ocupar novos espa\u00e7os ou mesmo desmatar, j\u00e1 que \u00e9 poss\u00edvel recuperar as pastagens degradadas.<\/p>\n<p>Sobre esse assunto, o diretor de Agroneg\u00f3cios do Banco do Brasil, Marco T\u00falio Moraes da Costa, disse acreditar que a recupera\u00e7\u00e3o dessas terras \u00e9 de suma import\u00e2ncia para o desenvolvimento da produ\u00e7\u00e3o no Pa\u00eds. Para Costa, o banco apoia o uso de integra\u00e7\u00e3o lavoura-pecu\u00e1ria-floresta para retomar o cultivo em \u00e1reas degradadas. \u201cSabemos a import\u00e2ncia de dar cr\u00e9dito sustent\u00e1vel\u201d, destacou.<\/p>\n<p><strong>Exporta\u00e7\u00e3o de carne deve ser 5% maior em 2018<\/strong><\/p>\n<p>As exporta\u00e7\u00f5es brasileiras de carne bovina devem crescer 5% em volume em 2018, afirmou o analista s\u00eanior do Rabobank, Adolfo Fontes, nos bastidores do Summit Agroneg\u00f3cio 2017. A perspectiva leva em conta que o embargo da R\u00fassia \u00e0s carnes brasileiras seja resolvido em 60 dias. Caso isso n\u00e3o aconte\u00e7a, as proje\u00e7\u00f5es precisar\u00e3o ser revisadas. Ele tamb\u00e9m parte do princ\u00edpio de que os embarques da carne bovina in natura aos EUA sejam retomados no in\u00edcio de 2018. \u201cEssa \u00e9 a chave para o Brasil buscar outros mercados como M\u00e9xico, Canad\u00e1 e Jap\u00e3o\u201d, disse, explicando que eles s\u00e3o respons\u00e1veis por 40% do mercado global da prote\u00edna.<\/p>\n<p>Sob iguais condi\u00e7\u00f5es, Fontes projeta que as exporta\u00e7\u00f5es de carnes su\u00edna e de frango avancem 3% em 2018. \u201cAs compras da China devem voltar a crescer ap\u00f3s os ajustes de 2017.\u201d As compras da Coreia do Sul, por Santa Catarina, devem sustentar os embarques. \u201cCaso a R\u00fassia n\u00e3o retome as compras de carne su\u00edna at\u00e9 fevereiro, vamos ter press\u00e3o interna de pre\u00e7os.\u201d<\/p>\n","protected":false},"excerpt":{"rendered":"<p>Minist\u00e9rio da Agricultura tem plano estrat\u00e9gico para trabalhar imagem e sustentabilidade do agroneg\u00f3cio brasileiro<\/p>\n","protected":false},"author":11,"featured_media":97985087,"comment_status":"closed","ping_status":"closed","sticky":false,"template":"","format":"standard","meta":{"footnotes":""},"categories":[6,1],"tags":[],"class_list":["post-97985086","post","type-post","status-publish","format-standard","has-post-thumbnail","hentry","category-destaque","category-noticia"],"yoast_head":"<!-- This site is optimized with the Yoast SEO plugin v24.8.1 - https:\/\/yoast.com\/wordpress\/plugins\/seo\/ -->\n<title>Brasil tem espa\u00e7o para crescer no com\u00e9rcio internacional - Acrimat<\/title>\n<meta name=\"robots\" content=\"index, follow, max-snippet:-1, max-image-preview:large, max-video-preview:-1\" \/>\n<link rel=\"canonical\" href=\"https:\/\/acrimat.org.br\/portal\/brasil-tem-espaco-para-crescer-no-comercio-internacional\/\" \/>\n<meta property=\"og:locale\" content=\"pt_BR\" \/>\n<meta property=\"og:type\" content=\"article\" \/>\n<meta property=\"og:title\" content=\"Brasil tem espa\u00e7o para crescer no com\u00e9rcio internacional - Acrimat\" \/>\n<meta property=\"og:description\" content=\"Minist\u00e9rio da Agricultura tem plano estrat\u00e9gico para trabalhar imagem e sustentabilidade do agroneg\u00f3cio brasileiro\" \/>\n<meta property=\"og:url\" content=\"https:\/\/acrimat.org.br\/portal\/brasil-tem-espaco-para-crescer-no-comercio-internacional\/\" \/>\n<meta property=\"og:site_name\" content=\"Acrimat\" \/>\n<meta property=\"article:published_time\" content=\"2017-11-30T11:44:00+00:00\" \/>\n<meta property=\"og:image\" content=\"https:\/\/acrimat.org.br\/portal\/wp-content\/uploads\/2017\/11\/exportacao-carnes.jpg\" \/>\n\t<meta property=\"og:image:width\" content=\"720\" \/>\n\t<meta property=\"og:image:height\" content=\"495\" \/>\n\t<meta property=\"og:image:type\" content=\"image\/jpeg\" \/>\n<meta name=\"author\" content=\"P\u00e9ricles C\u00e2ndido\" \/>\n<meta name=\"twitter:card\" content=\"summary_large_image\" \/>\n<meta name=\"twitter:label1\" content=\"Escrito por\" \/>\n\t<meta name=\"twitter:data1\" content=\"P\u00e9ricles C\u00e2ndido\" \/>\n\t<meta name=\"twitter:label2\" content=\"Est. tempo de leitura\" \/>\n\t<meta name=\"twitter:data2\" content=\"3 minutos\" \/>\n<script type=\"application\/ld+json\" class=\"yoast-schema-graph\">{\"@context\":\"https:\/\/schema.org\",\"@graph\":[{\"@type\":\"Article\",\"@id\":\"https:\/\/acrimat.org.br\/portal\/brasil-tem-espaco-para-crescer-no-comercio-internacional\/#article\",\"isPartOf\":{\"@id\":\"https:\/\/acrimat.org.br\/portal\/brasil-tem-espaco-para-crescer-no-comercio-internacional\/\"},\"author\":{\"name\":\"P\u00e9ricles C\u00e2ndido\",\"@id\":\"https:\/\/acrimat.org.br\/portal\/#\/schema\/person\/18df8bcf6890e924fe5d8b5afd2bec0f\"},\"headline\":\"Brasil tem espa\u00e7o para crescer no com\u00e9rcio internacional\",\"datePublished\":\"2017-11-30T11:44:00+00:00\",\"mainEntityOfPage\":{\"@id\":\"https:\/\/acrimat.org.br\/portal\/brasil-tem-espaco-para-crescer-no-comercio-internacional\/\"},\"wordCount\":672,\"publisher\":{\"@id\":\"https:\/\/acrimat.org.br\/portal\/#organization\"},\"image\":{\"@id\":\"https:\/\/acrimat.org.br\/portal\/brasil-tem-espaco-para-crescer-no-comercio-internacional\/#primaryimage\"},\"thumbnailUrl\":\"https:\/\/acrimat.org.br\/portal\/wp-content\/uploads\/2017\/11\/exportacao-carnes.jpg\",\"articleSection\":[\"Destaques\",\"Not\u00edcias\"],\"inLanguage\":\"pt-BR\"},{\"@type\":\"WebPage\",\"@id\":\"https:\/\/acrimat.org.br\/portal\/brasil-tem-espaco-para-crescer-no-comercio-internacional\/\",\"url\":\"https:\/\/acrimat.org.br\/portal\/brasil-tem-espaco-para-crescer-no-comercio-internacional\/\",\"name\":\"Brasil tem espa\u00e7o para crescer no com\u00e9rcio internacional - Acrimat\",\"isPartOf\":{\"@id\":\"https:\/\/acrimat.org.br\/portal\/#website\"},\"primaryImageOfPage\":{\"@id\":\"https:\/\/acrimat.org.br\/portal\/brasil-tem-espaco-para-crescer-no-comercio-internacional\/#primaryimage\"},\"image\":{\"@id\":\"https:\/\/acrimat.org.br\/portal\/brasil-tem-espaco-para-crescer-no-comercio-internacional\/#primaryimage\"},\"thumbnailUrl\":\"https:\/\/acrimat.org.br\/portal\/wp-content\/uploads\/2017\/11\/exportacao-carnes.jpg\",\"datePublished\":\"2017-11-30T11:44:00+00:00\",\"breadcrumb\":{\"@id\":\"https:\/\/acrimat.org.br\/portal\/brasil-tem-espaco-para-crescer-no-comercio-internacional\/#breadcrumb\"},\"inLanguage\":\"pt-BR\",\"potentialAction\":[{\"@type\":\"ReadAction\",\"target\":[\"https:\/\/acrimat.org.br\/portal\/brasil-tem-espaco-para-crescer-no-comercio-internacional\/\"]}]},{\"@type\":\"ImageObject\",\"inLanguage\":\"pt-BR\",\"@id\":\"https:\/\/acrimat.org.br\/portal\/brasil-tem-espaco-para-crescer-no-comercio-internacional\/#primaryimage\",\"url\":\"https:\/\/acrimat.org.br\/portal\/wp-content\/uploads\/2017\/11\/exportacao-carnes.jpg\",\"contentUrl\":\"https:\/\/acrimat.org.br\/portal\/wp-content\/uploads\/2017\/11\/exportacao-carnes.jpg\",\"width\":720,\"height\":495},{\"@type\":\"BreadcrumbList\",\"@id\":\"https:\/\/acrimat.org.br\/portal\/brasil-tem-espaco-para-crescer-no-comercio-internacional\/#breadcrumb\",\"itemListElement\":[{\"@type\":\"ListItem\",\"position\":1,\"name\":\"In\u00edcio\",\"item\":\"https:\/\/acrimat.org.br\/portal\/\"},{\"@type\":\"ListItem\",\"position\":2,\"name\":\"Brasil tem espa\u00e7o para crescer no com\u00e9rcio internacional\"}]},{\"@type\":\"WebSite\",\"@id\":\"https:\/\/acrimat.org.br\/portal\/#website\",\"url\":\"https:\/\/acrimat.org.br\/portal\/\",\"name\":\"Acrimat\",\"description\":\"Associa\u00e7\u00e3o dos Criadores de Mato Grosso\",\"publisher\":{\"@id\":\"https:\/\/acrimat.org.br\/portal\/#organization\"},\"potentialAction\":[{\"@type\":\"SearchAction\",\"target\":{\"@type\":\"EntryPoint\",\"urlTemplate\":\"https:\/\/acrimat.org.br\/portal\/?s={search_term_string}\"},\"query-input\":{\"@type\":\"PropertyValueSpecification\",\"valueRequired\":true,\"valueName\":\"search_term_string\"}}],\"inLanguage\":\"pt-BR\"},{\"@type\":\"Organization\",\"@id\":\"https:\/\/acrimat.org.br\/portal\/#organization\",\"name\":\"Associa\u00e7\u00e3o dos Criadores de Mato Grosso\",\"url\":\"https:\/\/acrimat.org.br\/portal\/\",\"logo\":{\"@type\":\"ImageObject\",\"inLanguage\":\"pt-BR\",\"@id\":\"https:\/\/acrimat.org.br\/portal\/#\/schema\/logo\/image\/\",\"url\":\"https:\/\/acrimat.org.br\/portal\/wp-content\/uploads\/2018\/03\/logo-peq-original.png\",\"contentUrl\":\"https:\/\/acrimat.org.br\/portal\/wp-content\/uploads\/2018\/03\/logo-peq-original.png\",\"width\":174,\"height\":171,\"caption\":\"Associa\u00e7\u00e3o dos Criadores de Mato Grosso\"},\"image\":{\"@id\":\"https:\/\/acrimat.org.br\/portal\/#\/schema\/logo\/image\/\"}},{\"@type\":\"Person\",\"@id\":\"https:\/\/acrimat.org.br\/portal\/#\/schema\/person\/18df8bcf6890e924fe5d8b5afd2bec0f\",\"name\":\"P\u00e9ricles C\u00e2ndido\",\"image\":{\"@type\":\"ImageObject\",\"inLanguage\":\"pt-BR\",\"@id\":\"https:\/\/acrimat.org.br\/portal\/#\/schema\/person\/image\/\",\"url\":\"https:\/\/secure.gravatar.com\/avatar\/33e2a2b971dc363ed2df53d0d3bfbd18?s=96&d=mm&r=g\",\"contentUrl\":\"https:\/\/secure.gravatar.com\/avatar\/33e2a2b971dc363ed2df53d0d3bfbd18?s=96&d=mm&r=g\",\"caption\":\"P\u00e9ricles C\u00e2ndido\"},\"sameAs\":[\"ascom@acrimat.org.br\"],\"url\":\"https:\/\/acrimat.org.br\/portal\/author\/designergrafico\/\"}]}<\/script>\n<!-- \/ Yoast SEO plugin. -->","yoast_head_json":{"title":"Brasil tem espa\u00e7o para crescer no com\u00e9rcio internacional - Acrimat","robots":{"index":"index","follow":"follow","max-snippet":"max-snippet:-1","max-image-preview":"max-image-preview:large","max-video-preview":"max-video-preview:-1"},"canonical":"https:\/\/acrimat.org.br\/portal\/brasil-tem-espaco-para-crescer-no-comercio-internacional\/","og_locale":"pt_BR","og_type":"article","og_title":"Brasil tem espa\u00e7o para crescer no com\u00e9rcio internacional - Acrimat","og_description":"Minist\u00e9rio da Agricultura tem plano estrat\u00e9gico para trabalhar imagem e sustentabilidade do agroneg\u00f3cio brasileiro","og_url":"https:\/\/acrimat.org.br\/portal\/brasil-tem-espaco-para-crescer-no-comercio-internacional\/","og_site_name":"Acrimat","article_published_time":"2017-11-30T11:44:00+00:00","og_image":[{"width":720,"height":495,"url":"https:\/\/acrimat.org.br\/portal\/wp-content\/uploads\/2017\/11\/exportacao-carnes.jpg","type":"image\/jpeg"}],"author":"P\u00e9ricles C\u00e2ndido","twitter_card":"summary_large_image","twitter_misc":{"Escrito por":"P\u00e9ricles C\u00e2ndido","Est. tempo de leitura":"3 minutos"},"schema":{"@context":"https:\/\/schema.org","@graph":[{"@type":"Article","@id":"https:\/\/acrimat.org.br\/portal\/brasil-tem-espaco-para-crescer-no-comercio-internacional\/#article","isPartOf":{"@id":"https:\/\/acrimat.org.br\/portal\/brasil-tem-espaco-para-crescer-no-comercio-internacional\/"},"author":{"name":"P\u00e9ricles C\u00e2ndido","@id":"https:\/\/acrimat.org.br\/portal\/#\/schema\/person\/18df8bcf6890e924fe5d8b5afd2bec0f"},"headline":"Brasil tem espa\u00e7o para crescer no com\u00e9rcio internacional","datePublished":"2017-11-30T11:44:00+00:00","mainEntityOfPage":{"@id":"https:\/\/acrimat.org.br\/portal\/brasil-tem-espaco-para-crescer-no-comercio-internacional\/"},"wordCount":672,"publisher":{"@id":"https:\/\/acrimat.org.br\/portal\/#organization"},"image":{"@id":"https:\/\/acrimat.org.br\/portal\/brasil-tem-espaco-para-crescer-no-comercio-internacional\/#primaryimage"},"thumbnailUrl":"https:\/\/acrimat.org.br\/portal\/wp-content\/uploads\/2017\/11\/exportacao-carnes.jpg","articleSection":["Destaques","Not\u00edcias"],"inLanguage":"pt-BR"},{"@type":"WebPage","@id":"https:\/\/acrimat.org.br\/portal\/brasil-tem-espaco-para-crescer-no-comercio-internacional\/","url":"https:\/\/acrimat.org.br\/portal\/brasil-tem-espaco-para-crescer-no-comercio-internacional\/","name":"Brasil tem espa\u00e7o para crescer no com\u00e9rcio internacional - Acrimat","isPartOf":{"@id":"https:\/\/acrimat.org.br\/portal\/#website"},"primaryImageOfPage":{"@id":"https:\/\/acrimat.org.br\/portal\/brasil-tem-espaco-para-crescer-no-comercio-internacional\/#primaryimage"},"image":{"@id":"https:\/\/acrimat.org.br\/portal\/brasil-tem-espaco-para-crescer-no-comercio-internacional\/#primaryimage"},"thumbnailUrl":"https:\/\/acrimat.org.br\/portal\/wp-content\/uploads\/2017\/11\/exportacao-carnes.jpg","datePublished":"2017-11-30T11:44:00+00:00","breadcrumb":{"@id":"https:\/\/acrimat.org.br\/portal\/brasil-tem-espaco-para-crescer-no-comercio-internacional\/#breadcrumb"},"inLanguage":"pt-BR","potentialAction":[{"@type":"ReadAction","target":["https:\/\/acrimat.org.br\/portal\/brasil-tem-espaco-para-crescer-no-comercio-internacional\/"]}]},{"@type":"ImageObject","inLanguage":"pt-BR","@id":"https:\/\/acrimat.org.br\/portal\/brasil-tem-espaco-para-crescer-no-comercio-internacional\/#primaryimage","url":"https:\/\/acrimat.org.br\/portal\/wp-content\/uploads\/2017\/11\/exportacao-carnes.jpg","contentUrl":"https:\/\/acrimat.org.br\/portal\/wp-content\/uploads\/2017\/11\/exportacao-carnes.jpg","width":720,"height":495},{"@type":"BreadcrumbList","@id":"https:\/\/acrimat.org.br\/portal\/brasil-tem-espaco-para-crescer-no-comercio-internacional\/#breadcrumb","itemListElement":[{"@type":"ListItem","position":1,"name":"In\u00edcio","item":"https:\/\/acrimat.org.br\/portal\/"},{"@type":"ListItem","position":2,"name":"Brasil tem espa\u00e7o para crescer no com\u00e9rcio internacional"}]},{"@type":"WebSite","@id":"https:\/\/acrimat.org.br\/portal\/#website","url":"https:\/\/acrimat.org.br\/portal\/","name":"Acrimat","description":"Associa\u00e7\u00e3o dos Criadores de Mato Grosso","publisher":{"@id":"https:\/\/acrimat.org.br\/portal\/#organization"},"potentialAction":[{"@type":"SearchAction","target":{"@type":"EntryPoint","urlTemplate":"https:\/\/acrimat.org.br\/portal\/?s={search_term_string}"},"query-input":{"@type":"PropertyValueSpecification","valueRequired":true,"valueName":"search_term_string"}}],"inLanguage":"pt-BR"},{"@type":"Organization","@id":"https:\/\/acrimat.org.br\/portal\/#organization","name":"Associa\u00e7\u00e3o dos Criadores de Mato Grosso","url":"https:\/\/acrimat.org.br\/portal\/","logo":{"@type":"ImageObject","inLanguage":"pt-BR","@id":"https:\/\/acrimat.org.br\/portal\/#\/schema\/logo\/image\/","url":"https:\/\/acrimat.org.br\/portal\/wp-content\/uploads\/2018\/03\/logo-peq-original.png","contentUrl":"https:\/\/acrimat.org.br\/portal\/wp-content\/uploads\/2018\/03\/logo-peq-original.png","width":174,"height":171,"caption":"Associa\u00e7\u00e3o dos Criadores de Mato Grosso"},"image":{"@id":"https:\/\/acrimat.org.br\/portal\/#\/schema\/logo\/image\/"}},{"@type":"Person","@id":"https:\/\/acrimat.org.br\/portal\/#\/schema\/person\/18df8bcf6890e924fe5d8b5afd2bec0f","name":"P\u00e9ricles C\u00e2ndido","image":{"@type":"ImageObject","inLanguage":"pt-BR","@id":"https:\/\/acrimat.org.br\/portal\/#\/schema\/person\/image\/","url":"https:\/\/secure.gravatar.com\/avatar\/33e2a2b971dc363ed2df53d0d3bfbd18?s=96&d=mm&r=g","contentUrl":"https:\/\/secure.gravatar.com\/avatar\/33e2a2b971dc363ed2df53d0d3bfbd18?s=96&d=mm&r=g","caption":"P\u00e9ricles C\u00e2ndido"},"sameAs":["ascom@acrimat.org.br"],"url":"https:\/\/acrimat.org.br\/portal\/author\/designergrafico\/"}]}},"_links":{"self":[{"href":"https:\/\/acrimat.org.br\/portal\/wp-json\/wp\/v2\/posts\/97985086","targetHints":{"allow":["GET"]}}],"collection":[{"href":"https:\/\/acrimat.org.br\/portal\/wp-json\/wp\/v2\/posts"}],"about":[{"href":"https:\/\/acrimat.org.br\/portal\/wp-json\/wp\/v2\/types\/post"}],"author":[{"embeddable":true,"href":"https:\/\/acrimat.org.br\/portal\/wp-json\/wp\/v2\/users\/11"}],"replies":[{"embeddable":true,"href":"https:\/\/acrimat.org.br\/portal\/wp-json\/wp\/v2\/comments?post=97985086"}],"version-history":[{"count":1,"href":"https:\/\/acrimat.org.br\/portal\/wp-json\/wp\/v2\/posts\/97985086\/revisions"}],"predecessor-version":[{"id":97985088,"href":"https:\/\/acrimat.org.br\/portal\/wp-json\/wp\/v2\/posts\/97985086\/revisions\/97985088"}],"wp:featuredmedia":[{"embeddable":true,"href":"https:\/\/acrimat.org.br\/portal\/wp-json\/wp\/v2\/media\/97985087"}],"wp:attachment":[{"href":"https:\/\/acrimat.org.br\/portal\/wp-json\/wp\/v2\/media?parent=97985086"}],"wp:term":[{"taxonomy":"category","embeddable":true,"href":"https:\/\/acrimat.org.br\/portal\/wp-json\/wp\/v2\/categories?post=97985086"},{"taxonomy":"post_tag","embeddable":true,"href":"https:\/\/acrimat.org.br\/portal\/wp-json\/wp\/v2\/tags?post=97985086"}],"curies":[{"name":"wp","href":"https:\/\/api.w.org\/{rel}","templated":true}]}}