{"id":97985089,"date":"2017-11-30T08:45:34","date_gmt":"2017-11-30T11:45:34","guid":{"rendered":"http:\/\/acrimat.org.br\/portal\/?p=97985089"},"modified":"2017-11-30T08:45:34","modified_gmt":"2017-11-30T11:45:34","slug":"indea-inaugura-posto-avancado-em-porto-alegre-do-norte","status":"publish","type":"post","link":"https:\/\/acrimat.org.br\/portal\/indea-inaugura-posto-avancado-em-porto-alegre-do-norte\/","title":{"rendered":"Indea inaugura posto avan\u00e7ado em Porto Alegre do Norte"},"content":{"rendered":"<p>O Instituto de Defesa Agropecu\u00e1ria de Mato Grosso (Indea\/MT) inaugura nesta sexta-feira (01.12), um posto avan\u00e7ado no distrito de Nova Floresta, em Porto Alegre do Norte. No mesmo dia, por meio de um conv\u00eanio firmado entre a Secretaria de Estado de Desenvolvimento Econ\u00f4mico (Sedec) e o Minist\u00e9rio da Agricultura, Pecu\u00e1ria e Abastecimento (Mapa) ser\u00e3o entregues dois novos ve\u00edculos que atender\u00e3o as cidades de Porto Alegre do Norte e Canabrava do Norte, ambas localizadas na Regional de S\u00e3o F\u00e9lix do Araguaia.<\/p>\n<p>A inten\u00e7\u00e3o do Indea ao instalar esses equipamentos \u00e9 facilitar a vida dos produtores e criadores de animais que se encontram em \u00e1reas distantes das Unidades principais do \u00f3rg\u00e3o. No posto avan\u00e7ado ser\u00e1 poss\u00edvel, entre outras coisas, fazer as declara\u00e7\u00f5es de vacina e emitir a Guia de Transporte Animal (GTA). Outros benef\u00edcios tamb\u00e9m s\u00e3o apontados como a facilidade de fazer as comunica\u00e7\u00f5es da etapa de vacina\u00e7\u00f5es, as atualiza\u00e7\u00f5es de rebanho como comunicados de morte e\/ou nascimento e a emiss\u00e3o do GTA todas as vezes que houver movimenta\u00e7\u00e3o de animais, sem precisar fazer grandes descolamentos.<\/p>\n<p>Conforme explica o presidente do Indea, Guilherme Nolasco, para a quest\u00e3o da defesa sanit\u00e1ria animal, as vantagens s\u00e3o a diminui\u00e7\u00e3o dos atendimentos por escrit\u00f3rios, principalmente durante as etapas de vacina\u00e7\u00e3o, quando um n\u00famero muito grande de pecuaristas precisa de atendimento para realizar a comunica\u00e7\u00e3o de vacina\u00e7\u00e3o ao Indea, bem como, a atualiza\u00e7\u00e3o cadastral facilitada com o encurtamento da dist\u00e2ncia entre o posto e o escrit\u00f3rio central que permite ao produtor manter sempre atualizados os seus estoques. \u201cTamb\u00e9m observamos a diminui\u00e7\u00e3o do tr\u00e2nsito irregular de animais dentro destas comunidades, o que nos d\u00e1 uma garantia da rastreabilidade do rebanho, sem contar as atividades administrativas dos escrit\u00f3rios que facilitam ao produtor a comunica\u00e7\u00e3o de doen\u00e7as que, por ventura, estejam acometendo seus rebanhos e isso possibilita agilidade no atendimento veterin\u00e1rio do Indea\u201d, pontua o gestor.<\/p>\n<p>Al\u00e9m do posto de Nova Floresta, o Indea possui outros escrit\u00f3rios deste padr\u00e3o em Japuran\u00e3 (Nova Bandeirantes) e em Conselvan (Aripuan\u00e3). A previs\u00e3p \u00e9 que at\u00e9 o final deste ano outros postos avan\u00e7ados sejam inaugurados em Gleba Mercedes (Tabapor\u00e3), Adrian\u00f3polis (Vale do S\u00e3o Domingos), Paranorte (Juara) e Ponta do Aterro (Vila Bela da Sant\u00edssima Trindade).<\/p>\n","protected":false},"excerpt":{"rendered":"<p>A inten\u00e7\u00e3o do Indea ao instalar esses equipamentos \u00e9 facilitar a vida dos produtores e criadores de animais que se encontram em \u00e1reas distantes das Unidades principais do \u00f3rg\u00e3o<\/p>\n","protected":false},"author":11,"featured_media":97985090,"comment_status":"closed","ping_status":"closed","sticky":false,"template":"","format":"standard","meta":{"footnotes":""},"categories":[6,1],"tags":[],"class_list":["post-97985089","post","type-post","status-publish","format-standard","has-post-thumbnail","hentry","category-destaque","category-noticia"],"yoast_head":"<!-- This site is optimized with the Yoast SEO plugin v24.8.1 - https:\/\/yoast.com\/wordpress\/plugins\/seo\/ -->\n<title>Indea inaugura posto avan\u00e7ado em Porto Alegre do Norte - Acrimat<\/title>\n<meta name=\"robots\" content=\"index, follow, max-snippet:-1, max-image-preview:large, max-video-preview:-1\" \/>\n<link rel=\"canonical\" href=\"https:\/\/acrimat.org.br\/portal\/indea-inaugura-posto-avancado-em-porto-alegre-do-norte\/\" \/>\n<meta property=\"og:locale\" content=\"pt_BR\" \/>\n<meta property=\"og:type\" content=\"article\" \/>\n<meta property=\"og:title\" content=\"Indea inaugura posto avan\u00e7ado em Porto Alegre do Norte - Acrimat\" \/>\n<meta property=\"og:description\" content=\"A inten\u00e7\u00e3o do Indea ao instalar esses equipamentos \u00e9 facilitar a vida dos produtores e criadores de animais que se encontram em \u00e1reas distantes das Unidades principais do \u00f3rg\u00e3o\" \/>\n<meta property=\"og:url\" content=\"https:\/\/acrimat.org.br\/portal\/indea-inaugura-posto-avancado-em-porto-alegre-do-norte\/\" \/>\n<meta property=\"og:site_name\" content=\"Acrimat\" \/>\n<meta property=\"article:published_time\" content=\"2017-11-30T11:45:34+00:00\" \/>\n<meta property=\"og:image\" content=\"https:\/\/acrimat.org.br\/portal\/wp-content\/uploads\/2017\/11\/indea.jpg\" \/>\n\t<meta property=\"og:image:width\" content=\"739\" \/>\n\t<meta property=\"og:image:height\" content=\"377\" \/>\n\t<meta property=\"og:image:type\" content=\"image\/jpeg\" \/>\n<meta name=\"author\" content=\"P\u00e9ricles C\u00e2ndido\" \/>\n<meta name=\"twitter:card\" content=\"summary_large_image\" \/>\n<meta name=\"twitter:label1\" content=\"Escrito por\" \/>\n\t<meta name=\"twitter:data1\" content=\"P\u00e9ricles C\u00e2ndido\" \/>\n\t<meta name=\"twitter:label2\" content=\"Est. tempo de leitura\" \/>\n\t<meta name=\"twitter:data2\" content=\"2 minutos\" \/>\n<script type=\"application\/ld+json\" class=\"yoast-schema-graph\">{\"@context\":\"https:\/\/schema.org\",\"@graph\":[{\"@type\":\"Article\",\"@id\":\"https:\/\/acrimat.org.br\/portal\/indea-inaugura-posto-avancado-em-porto-alegre-do-norte\/#article\",\"isPartOf\":{\"@id\":\"https:\/\/acrimat.org.br\/portal\/indea-inaugura-posto-avancado-em-porto-alegre-do-norte\/\"},\"author\":{\"name\":\"P\u00e9ricles C\u00e2ndido\",\"@id\":\"https:\/\/acrimat.org.br\/portal\/#\/schema\/person\/18df8bcf6890e924fe5d8b5afd2bec0f\"},\"headline\":\"Indea inaugura posto avan\u00e7ado em Porto Alegre do Norte\",\"datePublished\":\"2017-11-30T11:45:34+00:00\",\"mainEntityOfPage\":{\"@id\":\"https:\/\/acrimat.org.br\/portal\/indea-inaugura-posto-avancado-em-porto-alegre-do-norte\/\"},\"wordCount\":421,\"publisher\":{\"@id\":\"https:\/\/acrimat.org.br\/portal\/#organization\"},\"image\":{\"@id\":\"https:\/\/acrimat.org.br\/portal\/indea-inaugura-posto-avancado-em-porto-alegre-do-norte\/#primaryimage\"},\"thumbnailUrl\":\"https:\/\/acrimat.org.br\/portal\/wp-content\/uploads\/2017\/11\/indea.jpg\",\"articleSection\":[\"Destaques\",\"Not\u00edcias\"],\"inLanguage\":\"pt-BR\"},{\"@type\":\"WebPage\",\"@id\":\"https:\/\/acrimat.org.br\/portal\/indea-inaugura-posto-avancado-em-porto-alegre-do-norte\/\",\"url\":\"https:\/\/acrimat.org.br\/portal\/indea-inaugura-posto-avancado-em-porto-alegre-do-norte\/\",\"name\":\"Indea inaugura posto avan\u00e7ado em Porto Alegre do Norte - Acrimat\",\"isPartOf\":{\"@id\":\"https:\/\/acrimat.org.br\/portal\/#website\"},\"primaryImageOfPage\":{\"@id\":\"https:\/\/acrimat.org.br\/portal\/indea-inaugura-posto-avancado-em-porto-alegre-do-norte\/#primaryimage\"},\"image\":{\"@id\":\"https:\/\/acrimat.org.br\/portal\/indea-inaugura-posto-avancado-em-porto-alegre-do-norte\/#primaryimage\"},\"thumbnailUrl\":\"https:\/\/acrimat.org.br\/portal\/wp-content\/uploads\/2017\/11\/indea.jpg\",\"datePublished\":\"2017-11-30T11:45:34+00:00\",\"breadcrumb\":{\"@id\":\"https:\/\/acrimat.org.br\/portal\/indea-inaugura-posto-avancado-em-porto-alegre-do-norte\/#breadcrumb\"},\"inLanguage\":\"pt-BR\",\"potentialAction\":[{\"@type\":\"ReadAction\",\"target\":[\"https:\/\/acrimat.org.br\/portal\/indea-inaugura-posto-avancado-em-porto-alegre-do-norte\/\"]}]},{\"@type\":\"ImageObject\",\"inLanguage\":\"pt-BR\",\"@id\":\"https:\/\/acrimat.org.br\/portal\/indea-inaugura-posto-avancado-em-porto-alegre-do-norte\/#primaryimage\",\"url\":\"https:\/\/acrimat.org.br\/portal\/wp-content\/uploads\/2017\/11\/indea.jpg\",\"contentUrl\":\"https:\/\/acrimat.org.br\/portal\/wp-content\/uploads\/2017\/11\/indea.jpg\",\"width\":739,\"height\":377},{\"@type\":\"BreadcrumbList\",\"@id\":\"https:\/\/acrimat.org.br\/portal\/indea-inaugura-posto-avancado-em-porto-alegre-do-norte\/#breadcrumb\",\"itemListElement\":[{\"@type\":\"ListItem\",\"position\":1,\"name\":\"In\u00edcio\",\"item\":\"https:\/\/acrimat.org.br\/portal\/\"},{\"@type\":\"ListItem\",\"position\":2,\"name\":\"Indea inaugura posto avan\u00e7ado em Porto Alegre do Norte\"}]},{\"@type\":\"WebSite\",\"@id\":\"https:\/\/acrimat.org.br\/portal\/#website\",\"url\":\"https:\/\/acrimat.org.br\/portal\/\",\"name\":\"Acrimat\",\"description\":\"Associa\u00e7\u00e3o dos Criadores de Mato Grosso\",\"publisher\":{\"@id\":\"https:\/\/acrimat.org.br\/portal\/#organization\"},\"potentialAction\":[{\"@type\":\"SearchAction\",\"target\":{\"@type\":\"EntryPoint\",\"urlTemplate\":\"https:\/\/acrimat.org.br\/portal\/?s={search_term_string}\"},\"query-input\":{\"@type\":\"PropertyValueSpecification\",\"valueRequired\":true,\"valueName\":\"search_term_string\"}}],\"inLanguage\":\"pt-BR\"},{\"@type\":\"Organization\",\"@id\":\"https:\/\/acrimat.org.br\/portal\/#organization\",\"name\":\"Associa\u00e7\u00e3o dos Criadores de Mato Grosso\",\"url\":\"https:\/\/acrimat.org.br\/portal\/\",\"logo\":{\"@type\":\"ImageObject\",\"inLanguage\":\"pt-BR\",\"@id\":\"https:\/\/acrimat.org.br\/portal\/#\/schema\/logo\/image\/\",\"url\":\"https:\/\/acrimat.org.br\/portal\/wp-content\/uploads\/2018\/03\/logo-peq-original.png\",\"contentUrl\":\"https:\/\/acrimat.org.br\/portal\/wp-content\/uploads\/2018\/03\/logo-peq-original.png\",\"width\":174,\"height\":171,\"caption\":\"Associa\u00e7\u00e3o dos Criadores de Mato Grosso\"},\"image\":{\"@id\":\"https:\/\/acrimat.org.br\/portal\/#\/schema\/logo\/image\/\"}},{\"@type\":\"Person\",\"@id\":\"https:\/\/acrimat.org.br\/portal\/#\/schema\/person\/18df8bcf6890e924fe5d8b5afd2bec0f\",\"name\":\"P\u00e9ricles C\u00e2ndido\",\"image\":{\"@type\":\"ImageObject\",\"inLanguage\":\"pt-BR\",\"@id\":\"https:\/\/acrimat.org.br\/portal\/#\/schema\/person\/image\/\",\"url\":\"https:\/\/secure.gravatar.com\/avatar\/33e2a2b971dc363ed2df53d0d3bfbd18?s=96&d=mm&r=g\",\"contentUrl\":\"https:\/\/secure.gravatar.com\/avatar\/33e2a2b971dc363ed2df53d0d3bfbd18?s=96&d=mm&r=g\",\"caption\":\"P\u00e9ricles C\u00e2ndido\"},\"sameAs\":[\"ascom@acrimat.org.br\"],\"url\":\"https:\/\/acrimat.org.br\/portal\/author\/designergrafico\/\"}]}<\/script>\n<!-- \/ Yoast SEO plugin. -->","yoast_head_json":{"title":"Indea inaugura posto avan\u00e7ado em Porto Alegre do Norte - Acrimat","robots":{"index":"index","follow":"follow","max-snippet":"max-snippet:-1","max-image-preview":"max-image-preview:large","max-video-preview":"max-video-preview:-1"},"canonical":"https:\/\/acrimat.org.br\/portal\/indea-inaugura-posto-avancado-em-porto-alegre-do-norte\/","og_locale":"pt_BR","og_type":"article","og_title":"Indea inaugura posto avan\u00e7ado em Porto Alegre do Norte - Acrimat","og_description":"A inten\u00e7\u00e3o do Indea ao instalar esses equipamentos \u00e9 facilitar a vida dos produtores e criadores de animais que se encontram em \u00e1reas distantes das Unidades principais do \u00f3rg\u00e3o","og_url":"https:\/\/acrimat.org.br\/portal\/indea-inaugura-posto-avancado-em-porto-alegre-do-norte\/","og_site_name":"Acrimat","article_published_time":"2017-11-30T11:45:34+00:00","og_image":[{"width":739,"height":377,"url":"https:\/\/acrimat.org.br\/portal\/wp-content\/uploads\/2017\/11\/indea.jpg","type":"image\/jpeg"}],"author":"P\u00e9ricles C\u00e2ndido","twitter_card":"summary_large_image","twitter_misc":{"Escrito por":"P\u00e9ricles C\u00e2ndido","Est. tempo de leitura":"2 minutos"},"schema":{"@context":"https:\/\/schema.org","@graph":[{"@type":"Article","@id":"https:\/\/acrimat.org.br\/portal\/indea-inaugura-posto-avancado-em-porto-alegre-do-norte\/#article","isPartOf":{"@id":"https:\/\/acrimat.org.br\/portal\/indea-inaugura-posto-avancado-em-porto-alegre-do-norte\/"},"author":{"name":"P\u00e9ricles C\u00e2ndido","@id":"https:\/\/acrimat.org.br\/portal\/#\/schema\/person\/18df8bcf6890e924fe5d8b5afd2bec0f"},"headline":"Indea inaugura posto avan\u00e7ado em Porto Alegre do Norte","datePublished":"2017-11-30T11:45:34+00:00","mainEntityOfPage":{"@id":"https:\/\/acrimat.org.br\/portal\/indea-inaugura-posto-avancado-em-porto-alegre-do-norte\/"},"wordCount":421,"publisher":{"@id":"https:\/\/acrimat.org.br\/portal\/#organization"},"image":{"@id":"https:\/\/acrimat.org.br\/portal\/indea-inaugura-posto-avancado-em-porto-alegre-do-norte\/#primaryimage"},"thumbnailUrl":"https:\/\/acrimat.org.br\/portal\/wp-content\/uploads\/2017\/11\/indea.jpg","articleSection":["Destaques","Not\u00edcias"],"inLanguage":"pt-BR"},{"@type":"WebPage","@id":"https:\/\/acrimat.org.br\/portal\/indea-inaugura-posto-avancado-em-porto-alegre-do-norte\/","url":"https:\/\/acrimat.org.br\/portal\/indea-inaugura-posto-avancado-em-porto-alegre-do-norte\/","name":"Indea inaugura posto avan\u00e7ado em Porto Alegre do Norte - Acrimat","isPartOf":{"@id":"https:\/\/acrimat.org.br\/portal\/#website"},"primaryImageOfPage":{"@id":"https:\/\/acrimat.org.br\/portal\/indea-inaugura-posto-avancado-em-porto-alegre-do-norte\/#primaryimage"},"image":{"@id":"https:\/\/acrimat.org.br\/portal\/indea-inaugura-posto-avancado-em-porto-alegre-do-norte\/#primaryimage"},"thumbnailUrl":"https:\/\/acrimat.org.br\/portal\/wp-content\/uploads\/2017\/11\/indea.jpg","datePublished":"2017-11-30T11:45:34+00:00","breadcrumb":{"@id":"https:\/\/acrimat.org.br\/portal\/indea-inaugura-posto-avancado-em-porto-alegre-do-norte\/#breadcrumb"},"inLanguage":"pt-BR","potentialAction":[{"@type":"ReadAction","target":["https:\/\/acrimat.org.br\/portal\/indea-inaugura-posto-avancado-em-porto-alegre-do-norte\/"]}]},{"@type":"ImageObject","inLanguage":"pt-BR","@id":"https:\/\/acrimat.org.br\/portal\/indea-inaugura-posto-avancado-em-porto-alegre-do-norte\/#primaryimage","url":"https:\/\/acrimat.org.br\/portal\/wp-content\/uploads\/2017\/11\/indea.jpg","contentUrl":"https:\/\/acrimat.org.br\/portal\/wp-content\/uploads\/2017\/11\/indea.jpg","width":739,"height":377},{"@type":"BreadcrumbList","@id":"https:\/\/acrimat.org.br\/portal\/indea-inaugura-posto-avancado-em-porto-alegre-do-norte\/#breadcrumb","itemListElement":[{"@type":"ListItem","position":1,"name":"In\u00edcio","item":"https:\/\/acrimat.org.br\/portal\/"},{"@type":"ListItem","position":2,"name":"Indea inaugura posto avan\u00e7ado em Porto Alegre do Norte"}]},{"@type":"WebSite","@id":"https:\/\/acrimat.org.br\/portal\/#website","url":"https:\/\/acrimat.org.br\/portal\/","name":"Acrimat","description":"Associa\u00e7\u00e3o dos Criadores de Mato Grosso","publisher":{"@id":"https:\/\/acrimat.org.br\/portal\/#organization"},"potentialAction":[{"@type":"SearchAction","target":{"@type":"EntryPoint","urlTemplate":"https:\/\/acrimat.org.br\/portal\/?s={search_term_string}"},"query-input":{"@type":"PropertyValueSpecification","valueRequired":true,"valueName":"search_term_string"}}],"inLanguage":"pt-BR"},{"@type":"Organization","@id":"https:\/\/acrimat.org.br\/portal\/#organization","name":"Associa\u00e7\u00e3o dos Criadores de Mato Grosso","url":"https:\/\/acrimat.org.br\/portal\/","logo":{"@type":"ImageObject","inLanguage":"pt-BR","@id":"https:\/\/acrimat.org.br\/portal\/#\/schema\/logo\/image\/","url":"https:\/\/acrimat.org.br\/portal\/wp-content\/uploads\/2018\/03\/logo-peq-original.png","contentUrl":"https:\/\/acrimat.org.br\/portal\/wp-content\/uploads\/2018\/03\/logo-peq-original.png","width":174,"height":171,"caption":"Associa\u00e7\u00e3o dos Criadores de Mato Grosso"},"image":{"@id":"https:\/\/acrimat.org.br\/portal\/#\/schema\/logo\/image\/"}},{"@type":"Person","@id":"https:\/\/acrimat.org.br\/portal\/#\/schema\/person\/18df8bcf6890e924fe5d8b5afd2bec0f","name":"P\u00e9ricles C\u00e2ndido","image":{"@type":"ImageObject","inLanguage":"pt-BR","@id":"https:\/\/acrimat.org.br\/portal\/#\/schema\/person\/image\/","url":"https:\/\/secure.gravatar.com\/avatar\/33e2a2b971dc363ed2df53d0d3bfbd18?s=96&d=mm&r=g","contentUrl":"https:\/\/secure.gravatar.com\/avatar\/33e2a2b971dc363ed2df53d0d3bfbd18?s=96&d=mm&r=g","caption":"P\u00e9ricles C\u00e2ndido"},"sameAs":["ascom@acrimat.org.br"],"url":"https:\/\/acrimat.org.br\/portal\/author\/designergrafico\/"}]}},"_links":{"self":[{"href":"https:\/\/acrimat.org.br\/portal\/wp-json\/wp\/v2\/posts\/97985089","targetHints":{"allow":["GET"]}}],"collection":[{"href":"https:\/\/acrimat.org.br\/portal\/wp-json\/wp\/v2\/posts"}],"about":[{"href":"https:\/\/acrimat.org.br\/portal\/wp-json\/wp\/v2\/types\/post"}],"author":[{"embeddable":true,"href":"https:\/\/acrimat.org.br\/portal\/wp-json\/wp\/v2\/users\/11"}],"replies":[{"embeddable":true,"href":"https:\/\/acrimat.org.br\/portal\/wp-json\/wp\/v2\/comments?post=97985089"}],"version-history":[{"count":1,"href":"https:\/\/acrimat.org.br\/portal\/wp-json\/wp\/v2\/posts\/97985089\/revisions"}],"predecessor-version":[{"id":97985091,"href":"https:\/\/acrimat.org.br\/portal\/wp-json\/wp\/v2\/posts\/97985089\/revisions\/97985091"}],"wp:featuredmedia":[{"embeddable":true,"href":"https:\/\/acrimat.org.br\/portal\/wp-json\/wp\/v2\/media\/97985090"}],"wp:attachment":[{"href":"https:\/\/acrimat.org.br\/portal\/wp-json\/wp\/v2\/media?parent=97985089"}],"wp:term":[{"taxonomy":"category","embeddable":true,"href":"https:\/\/acrimat.org.br\/portal\/wp-json\/wp\/v2\/categories?post=97985089"},{"taxonomy":"post_tag","embeddable":true,"href":"https:\/\/acrimat.org.br\/portal\/wp-json\/wp\/v2\/tags?post=97985089"}],"curies":[{"name":"wp","href":"https:\/\/api.w.org\/{rel}","templated":true}]}}