{"id":97985093,"date":"2017-11-30T08:49:54","date_gmt":"2017-11-30T11:49:54","guid":{"rendered":"http:\/\/acrimat.org.br\/portal\/?p=97985093"},"modified":"2017-11-30T08:49:54","modified_gmt":"2017-11-30T11:49:54","slug":"br-e-ira-querem-ampliar-parceria-comercial","status":"publish","type":"post","link":"https:\/\/acrimat.org.br\/portal\/br-e-ira-querem-ampliar-parceria-comercial\/","title":{"rendered":"BR e Ir\u00e3 querem ampliar parceria comercial"},"content":{"rendered":"<p>Na primeira reuni\u00e3o do Comit\u00ea Consultivo Agr\u00edcola Brasil-Ir\u00e3, em Bras\u00edlia, na semana passada, as partes avan\u00e7aram nas negocia\u00e7\u00f5es para assinatura de dois memorandos de entendimento. O primeiro, na \u00e1rea vegetal. O segundo, na coopera\u00e7\u00e3o em pesquisas agropecu\u00e1rias. O Ir\u00e3 \u00e9 o 5\u00ba maior parceiro comercial do agroneg\u00f3cio brasileiro.<\/p>\n<p>\u201cTrabalhamos para facilitar os neg\u00f3cios entre os dois pa\u00edses\u201d, disse Odilson Ribeiro e Silva, secret\u00e1rio de Rela\u00e7\u00f5es Internacionais do Agroneg\u00f3cio do Minist\u00e9rio da Agricultura, Pecu\u00e1ria e Abastecimento (Mapa). \u201cEsperamos que, em breve, o resultado dessa reuni\u00e3o se reflita no com\u00e9rcio Brasil-Ir\u00e3. Vamos precisar discutir ainda alguns temas para finalizar a assinatura.\u201d<\/p>\n<p>Presidida pelo vice-ministro da Agricultura, Mohammad Ali Javadi, a delega\u00e7\u00e3o iraniana \u00e9 composta por 9 t\u00e9cnicos. Na pauta da primeira reuni\u00e3o do Comit\u00ea foram discutidos procedimentos para exporta\u00e7\u00e3o de carne bovina, exporta\u00e7\u00e3o de gado vivo e material gen\u00e9tico bovino e av\u00edcola.<\/p>\n<p>Os representantes brasileiros e iranianos se comprometeram a realizar a\u00e7\u00f5es de promo\u00e7\u00e3o de produtos do agroneg\u00f3cio com os setores privados interessados na exporta\u00e7\u00e3o, a partir de 2018. E ainda no pr\u00f3ximo ano haver\u00e1 uma nova rodada de negocia\u00e7\u00f5es.<\/p>\n<p>Em 2016, o Ir\u00e3 importou US $ 2,1 bilh\u00f5es, principalmente milho, soja em gr\u00e3os e carne bovina in natura. Agora h\u00e1 interesse de exportar para o Brasil ureia, frutas secas e am\u00eandoas.<\/p>\n","protected":false},"excerpt":{"rendered":"<p>O Ir\u00e3 \u00e9 o 5\u00ba maior parceiro comercial do agro brasileiro<\/p>\n","protected":false},"author":11,"featured_media":97985094,"comment_status":"closed","ping_status":"closed","sticky":false,"template":"","format":"standard","meta":{"footnotes":""},"categories":[6,1],"tags":[],"class_list":["post-97985093","post","type-post","status-publish","format-standard","has-post-thumbnail","hentry","category-destaque","category-noticia"],"yoast_head":"<!-- This site is optimized with the Yoast SEO plugin v24.8.1 - https:\/\/yoast.com\/wordpress\/plugins\/seo\/ -->\n<title>BR e Ir\u00e3 querem ampliar parceria comercial - Acrimat<\/title>\n<meta name=\"robots\" content=\"index, follow, max-snippet:-1, max-image-preview:large, max-video-preview:-1\" \/>\n<link rel=\"canonical\" href=\"https:\/\/acrimat.org.br\/portal\/br-e-ira-querem-ampliar-parceria-comercial\/\" \/>\n<meta property=\"og:locale\" content=\"pt_BR\" \/>\n<meta property=\"og:type\" content=\"article\" \/>\n<meta property=\"og:title\" content=\"BR e Ir\u00e3 querem ampliar parceria comercial - Acrimat\" \/>\n<meta property=\"og:description\" content=\"O Ir\u00e3 \u00e9 o 5\u00ba maior parceiro comercial do agro brasileiro\" \/>\n<meta property=\"og:url\" content=\"https:\/\/acrimat.org.br\/portal\/br-e-ira-querem-ampliar-parceria-comercial\/\" \/>\n<meta property=\"og:site_name\" content=\"Acrimat\" \/>\n<meta property=\"article:published_time\" content=\"2017-11-30T11:49:54+00:00\" \/>\n<meta property=\"og:image\" content=\"https:\/\/acrimat.org.br\/portal\/wp-content\/uploads\/2017\/11\/12662.jpeg\" \/>\n\t<meta property=\"og:image:width\" content=\"768\" \/>\n\t<meta property=\"og:image:height\" content=\"511\" \/>\n\t<meta property=\"og:image:type\" content=\"image\/jpeg\" \/>\n<meta name=\"author\" content=\"P\u00e9ricles C\u00e2ndido\" \/>\n<meta name=\"twitter:card\" content=\"summary_large_image\" \/>\n<meta name=\"twitter:label1\" content=\"Escrito por\" \/>\n\t<meta name=\"twitter:data1\" content=\"P\u00e9ricles C\u00e2ndido\" \/>\n\t<meta name=\"twitter:label2\" content=\"Est. tempo de leitura\" \/>\n\t<meta name=\"twitter:data2\" content=\"1 minuto\" \/>\n<script type=\"application\/ld+json\" class=\"yoast-schema-graph\">{\"@context\":\"https:\/\/schema.org\",\"@graph\":[{\"@type\":\"Article\",\"@id\":\"https:\/\/acrimat.org.br\/portal\/br-e-ira-querem-ampliar-parceria-comercial\/#article\",\"isPartOf\":{\"@id\":\"https:\/\/acrimat.org.br\/portal\/br-e-ira-querem-ampliar-parceria-comercial\/\"},\"author\":{\"name\":\"P\u00e9ricles C\u00e2ndido\",\"@id\":\"https:\/\/acrimat.org.br\/portal\/#\/schema\/person\/18df8bcf6890e924fe5d8b5afd2bec0f\"},\"headline\":\"BR e Ir\u00e3 querem ampliar parceria comercial\",\"datePublished\":\"2017-11-30T11:49:54+00:00\",\"mainEntityOfPage\":{\"@id\":\"https:\/\/acrimat.org.br\/portal\/br-e-ira-querem-ampliar-parceria-comercial\/\"},\"wordCount\":242,\"publisher\":{\"@id\":\"https:\/\/acrimat.org.br\/portal\/#organization\"},\"image\":{\"@id\":\"https:\/\/acrimat.org.br\/portal\/br-e-ira-querem-ampliar-parceria-comercial\/#primaryimage\"},\"thumbnailUrl\":\"https:\/\/acrimat.org.br\/portal\/wp-content\/uploads\/2017\/11\/12662.jpeg\",\"articleSection\":[\"Destaques\",\"Not\u00edcias\"],\"inLanguage\":\"pt-BR\"},{\"@type\":\"WebPage\",\"@id\":\"https:\/\/acrimat.org.br\/portal\/br-e-ira-querem-ampliar-parceria-comercial\/\",\"url\":\"https:\/\/acrimat.org.br\/portal\/br-e-ira-querem-ampliar-parceria-comercial\/\",\"name\":\"BR e Ir\u00e3 querem ampliar parceria comercial - Acrimat\",\"isPartOf\":{\"@id\":\"https:\/\/acrimat.org.br\/portal\/#website\"},\"primaryImageOfPage\":{\"@id\":\"https:\/\/acrimat.org.br\/portal\/br-e-ira-querem-ampliar-parceria-comercial\/#primaryimage\"},\"image\":{\"@id\":\"https:\/\/acrimat.org.br\/portal\/br-e-ira-querem-ampliar-parceria-comercial\/#primaryimage\"},\"thumbnailUrl\":\"https:\/\/acrimat.org.br\/portal\/wp-content\/uploads\/2017\/11\/12662.jpeg\",\"datePublished\":\"2017-11-30T11:49:54+00:00\",\"breadcrumb\":{\"@id\":\"https:\/\/acrimat.org.br\/portal\/br-e-ira-querem-ampliar-parceria-comercial\/#breadcrumb\"},\"inLanguage\":\"pt-BR\",\"potentialAction\":[{\"@type\":\"ReadAction\",\"target\":[\"https:\/\/acrimat.org.br\/portal\/br-e-ira-querem-ampliar-parceria-comercial\/\"]}]},{\"@type\":\"ImageObject\",\"inLanguage\":\"pt-BR\",\"@id\":\"https:\/\/acrimat.org.br\/portal\/br-e-ira-querem-ampliar-parceria-comercial\/#primaryimage\",\"url\":\"https:\/\/acrimat.org.br\/portal\/wp-content\/uploads\/2017\/11\/12662.jpeg\",\"contentUrl\":\"https:\/\/acrimat.org.br\/portal\/wp-content\/uploads\/2017\/11\/12662.jpeg\",\"width\":768,\"height\":511},{\"@type\":\"BreadcrumbList\",\"@id\":\"https:\/\/acrimat.org.br\/portal\/br-e-ira-querem-ampliar-parceria-comercial\/#breadcrumb\",\"itemListElement\":[{\"@type\":\"ListItem\",\"position\":1,\"name\":\"In\u00edcio\",\"item\":\"https:\/\/acrimat.org.br\/portal\/\"},{\"@type\":\"ListItem\",\"position\":2,\"name\":\"BR e Ir\u00e3 querem ampliar parceria comercial\"}]},{\"@type\":\"WebSite\",\"@id\":\"https:\/\/acrimat.org.br\/portal\/#website\",\"url\":\"https:\/\/acrimat.org.br\/portal\/\",\"name\":\"Acrimat\",\"description\":\"Associa\u00e7\u00e3o dos Criadores de Mato Grosso\",\"publisher\":{\"@id\":\"https:\/\/acrimat.org.br\/portal\/#organization\"},\"potentialAction\":[{\"@type\":\"SearchAction\",\"target\":{\"@type\":\"EntryPoint\",\"urlTemplate\":\"https:\/\/acrimat.org.br\/portal\/?s={search_term_string}\"},\"query-input\":{\"@type\":\"PropertyValueSpecification\",\"valueRequired\":true,\"valueName\":\"search_term_string\"}}],\"inLanguage\":\"pt-BR\"},{\"@type\":\"Organization\",\"@id\":\"https:\/\/acrimat.org.br\/portal\/#organization\",\"name\":\"Associa\u00e7\u00e3o dos Criadores de Mato Grosso\",\"url\":\"https:\/\/acrimat.org.br\/portal\/\",\"logo\":{\"@type\":\"ImageObject\",\"inLanguage\":\"pt-BR\",\"@id\":\"https:\/\/acrimat.org.br\/portal\/#\/schema\/logo\/image\/\",\"url\":\"https:\/\/acrimat.org.br\/portal\/wp-content\/uploads\/2018\/03\/logo-peq-original.png\",\"contentUrl\":\"https:\/\/acrimat.org.br\/portal\/wp-content\/uploads\/2018\/03\/logo-peq-original.png\",\"width\":174,\"height\":171,\"caption\":\"Associa\u00e7\u00e3o dos Criadores de Mato Grosso\"},\"image\":{\"@id\":\"https:\/\/acrimat.org.br\/portal\/#\/schema\/logo\/image\/\"}},{\"@type\":\"Person\",\"@id\":\"https:\/\/acrimat.org.br\/portal\/#\/schema\/person\/18df8bcf6890e924fe5d8b5afd2bec0f\",\"name\":\"P\u00e9ricles C\u00e2ndido\",\"image\":{\"@type\":\"ImageObject\",\"inLanguage\":\"pt-BR\",\"@id\":\"https:\/\/acrimat.org.br\/portal\/#\/schema\/person\/image\/\",\"url\":\"https:\/\/secure.gravatar.com\/avatar\/33e2a2b971dc363ed2df53d0d3bfbd18?s=96&d=mm&r=g\",\"contentUrl\":\"https:\/\/secure.gravatar.com\/avatar\/33e2a2b971dc363ed2df53d0d3bfbd18?s=96&d=mm&r=g\",\"caption\":\"P\u00e9ricles C\u00e2ndido\"},\"sameAs\":[\"ascom@acrimat.org.br\"],\"url\":\"https:\/\/acrimat.org.br\/portal\/author\/designergrafico\/\"}]}<\/script>\n<!-- \/ Yoast SEO plugin. -->","yoast_head_json":{"title":"BR e Ir\u00e3 querem ampliar parceria comercial - Acrimat","robots":{"index":"index","follow":"follow","max-snippet":"max-snippet:-1","max-image-preview":"max-image-preview:large","max-video-preview":"max-video-preview:-1"},"canonical":"https:\/\/acrimat.org.br\/portal\/br-e-ira-querem-ampliar-parceria-comercial\/","og_locale":"pt_BR","og_type":"article","og_title":"BR e Ir\u00e3 querem ampliar parceria comercial - Acrimat","og_description":"O Ir\u00e3 \u00e9 o 5\u00ba maior parceiro comercial do agro brasileiro","og_url":"https:\/\/acrimat.org.br\/portal\/br-e-ira-querem-ampliar-parceria-comercial\/","og_site_name":"Acrimat","article_published_time":"2017-11-30T11:49:54+00:00","og_image":[{"width":768,"height":511,"url":"https:\/\/acrimat.org.br\/portal\/wp-content\/uploads\/2017\/11\/12662.jpeg","type":"image\/jpeg"}],"author":"P\u00e9ricles C\u00e2ndido","twitter_card":"summary_large_image","twitter_misc":{"Escrito por":"P\u00e9ricles C\u00e2ndido","Est. tempo de leitura":"1 minuto"},"schema":{"@context":"https:\/\/schema.org","@graph":[{"@type":"Article","@id":"https:\/\/acrimat.org.br\/portal\/br-e-ira-querem-ampliar-parceria-comercial\/#article","isPartOf":{"@id":"https:\/\/acrimat.org.br\/portal\/br-e-ira-querem-ampliar-parceria-comercial\/"},"author":{"name":"P\u00e9ricles C\u00e2ndido","@id":"https:\/\/acrimat.org.br\/portal\/#\/schema\/person\/18df8bcf6890e924fe5d8b5afd2bec0f"},"headline":"BR e Ir\u00e3 querem ampliar parceria comercial","datePublished":"2017-11-30T11:49:54+00:00","mainEntityOfPage":{"@id":"https:\/\/acrimat.org.br\/portal\/br-e-ira-querem-ampliar-parceria-comercial\/"},"wordCount":242,"publisher":{"@id":"https:\/\/acrimat.org.br\/portal\/#organization"},"image":{"@id":"https:\/\/acrimat.org.br\/portal\/br-e-ira-querem-ampliar-parceria-comercial\/#primaryimage"},"thumbnailUrl":"https:\/\/acrimat.org.br\/portal\/wp-content\/uploads\/2017\/11\/12662.jpeg","articleSection":["Destaques","Not\u00edcias"],"inLanguage":"pt-BR"},{"@type":"WebPage","@id":"https:\/\/acrimat.org.br\/portal\/br-e-ira-querem-ampliar-parceria-comercial\/","url":"https:\/\/acrimat.org.br\/portal\/br-e-ira-querem-ampliar-parceria-comercial\/","name":"BR e Ir\u00e3 querem ampliar parceria comercial - Acrimat","isPartOf":{"@id":"https:\/\/acrimat.org.br\/portal\/#website"},"primaryImageOfPage":{"@id":"https:\/\/acrimat.org.br\/portal\/br-e-ira-querem-ampliar-parceria-comercial\/#primaryimage"},"image":{"@id":"https:\/\/acrimat.org.br\/portal\/br-e-ira-querem-ampliar-parceria-comercial\/#primaryimage"},"thumbnailUrl":"https:\/\/acrimat.org.br\/portal\/wp-content\/uploads\/2017\/11\/12662.jpeg","datePublished":"2017-11-30T11:49:54+00:00","breadcrumb":{"@id":"https:\/\/acrimat.org.br\/portal\/br-e-ira-querem-ampliar-parceria-comercial\/#breadcrumb"},"inLanguage":"pt-BR","potentialAction":[{"@type":"ReadAction","target":["https:\/\/acrimat.org.br\/portal\/br-e-ira-querem-ampliar-parceria-comercial\/"]}]},{"@type":"ImageObject","inLanguage":"pt-BR","@id":"https:\/\/acrimat.org.br\/portal\/br-e-ira-querem-ampliar-parceria-comercial\/#primaryimage","url":"https:\/\/acrimat.org.br\/portal\/wp-content\/uploads\/2017\/11\/12662.jpeg","contentUrl":"https:\/\/acrimat.org.br\/portal\/wp-content\/uploads\/2017\/11\/12662.jpeg","width":768,"height":511},{"@type":"BreadcrumbList","@id":"https:\/\/acrimat.org.br\/portal\/br-e-ira-querem-ampliar-parceria-comercial\/#breadcrumb","itemListElement":[{"@type":"ListItem","position":1,"name":"In\u00edcio","item":"https:\/\/acrimat.org.br\/portal\/"},{"@type":"ListItem","position":2,"name":"BR e Ir\u00e3 querem ampliar parceria comercial"}]},{"@type":"WebSite","@id":"https:\/\/acrimat.org.br\/portal\/#website","url":"https:\/\/acrimat.org.br\/portal\/","name":"Acrimat","description":"Associa\u00e7\u00e3o dos Criadores de Mato Grosso","publisher":{"@id":"https:\/\/acrimat.org.br\/portal\/#organization"},"potentialAction":[{"@type":"SearchAction","target":{"@type":"EntryPoint","urlTemplate":"https:\/\/acrimat.org.br\/portal\/?s={search_term_string}"},"query-input":{"@type":"PropertyValueSpecification","valueRequired":true,"valueName":"search_term_string"}}],"inLanguage":"pt-BR"},{"@type":"Organization","@id":"https:\/\/acrimat.org.br\/portal\/#organization","name":"Associa\u00e7\u00e3o dos Criadores de Mato Grosso","url":"https:\/\/acrimat.org.br\/portal\/","logo":{"@type":"ImageObject","inLanguage":"pt-BR","@id":"https:\/\/acrimat.org.br\/portal\/#\/schema\/logo\/image\/","url":"https:\/\/acrimat.org.br\/portal\/wp-content\/uploads\/2018\/03\/logo-peq-original.png","contentUrl":"https:\/\/acrimat.org.br\/portal\/wp-content\/uploads\/2018\/03\/logo-peq-original.png","width":174,"height":171,"caption":"Associa\u00e7\u00e3o dos Criadores de Mato Grosso"},"image":{"@id":"https:\/\/acrimat.org.br\/portal\/#\/schema\/logo\/image\/"}},{"@type":"Person","@id":"https:\/\/acrimat.org.br\/portal\/#\/schema\/person\/18df8bcf6890e924fe5d8b5afd2bec0f","name":"P\u00e9ricles C\u00e2ndido","image":{"@type":"ImageObject","inLanguage":"pt-BR","@id":"https:\/\/acrimat.org.br\/portal\/#\/schema\/person\/image\/","url":"https:\/\/secure.gravatar.com\/avatar\/33e2a2b971dc363ed2df53d0d3bfbd18?s=96&d=mm&r=g","contentUrl":"https:\/\/secure.gravatar.com\/avatar\/33e2a2b971dc363ed2df53d0d3bfbd18?s=96&d=mm&r=g","caption":"P\u00e9ricles C\u00e2ndido"},"sameAs":["ascom@acrimat.org.br"],"url":"https:\/\/acrimat.org.br\/portal\/author\/designergrafico\/"}]}},"_links":{"self":[{"href":"https:\/\/acrimat.org.br\/portal\/wp-json\/wp\/v2\/posts\/97985093","targetHints":{"allow":["GET"]}}],"collection":[{"href":"https:\/\/acrimat.org.br\/portal\/wp-json\/wp\/v2\/posts"}],"about":[{"href":"https:\/\/acrimat.org.br\/portal\/wp-json\/wp\/v2\/types\/post"}],"author":[{"embeddable":true,"href":"https:\/\/acrimat.org.br\/portal\/wp-json\/wp\/v2\/users\/11"}],"replies":[{"embeddable":true,"href":"https:\/\/acrimat.org.br\/portal\/wp-json\/wp\/v2\/comments?post=97985093"}],"version-history":[{"count":1,"href":"https:\/\/acrimat.org.br\/portal\/wp-json\/wp\/v2\/posts\/97985093\/revisions"}],"predecessor-version":[{"id":97985095,"href":"https:\/\/acrimat.org.br\/portal\/wp-json\/wp\/v2\/posts\/97985093\/revisions\/97985095"}],"wp:featuredmedia":[{"embeddable":true,"href":"https:\/\/acrimat.org.br\/portal\/wp-json\/wp\/v2\/media\/97985094"}],"wp:attachment":[{"href":"https:\/\/acrimat.org.br\/portal\/wp-json\/wp\/v2\/media?parent=97985093"}],"wp:term":[{"taxonomy":"category","embeddable":true,"href":"https:\/\/acrimat.org.br\/portal\/wp-json\/wp\/v2\/categories?post=97985093"},{"taxonomy":"post_tag","embeddable":true,"href":"https:\/\/acrimat.org.br\/portal\/wp-json\/wp\/v2\/tags?post=97985093"}],"curies":[{"name":"wp","href":"https:\/\/api.w.org\/{rel}","templated":true}]}}