{"id":97985108,"date":"2017-12-01T08:53:53","date_gmt":"2017-12-01T11:53:53","guid":{"rendered":"http:\/\/acrimat.org.br\/portal\/?p=97985108"},"modified":"2017-12-01T09:05:34","modified_gmt":"2017-12-01T12:05:34","slug":"argentina-deve-defender-exportacoes-agricolas-e-america-latina-em-presidencia-do-g20","status":"publish","type":"post","link":"https:\/\/acrimat.org.br\/portal\/argentina-deve-defender-exportacoes-agricolas-e-america-latina-em-presidencia-do-g20\/","title":{"rendered":"Argentina deve defender exporta\u00e7\u00f5es agr\u00edcolas e Am\u00e9rica Latina em presid\u00eancia do G20"},"content":{"rendered":"<p>A Argentina vai usar seu papel de primeiro pa\u00eds sul-americano a comandar o G20, que re\u00fane as principais economias do mundo, para combater o protecionismo, uma vez que a regi\u00e3o exportadora de produtos agr\u00edcolas busca assegurar acesso de mercado para seus bens, disseram autoridades nesta quinta-feira.<\/p>\n<p>Tanto a Argentina quanto Brasil, tamb\u00e9m do G20, transicionaram para governos amig\u00e1veis ao mercado nos \u00faltimos anos. O presidente Mauricio Macri assumiu a Presid\u00eancia da Argentina como uma chance de marcar a ascens\u00e3o do pa\u00eds como um &#8220;lugar importante&#8221; no mundo e para impulsionar o perfil da Am\u00e9rica Latina.<\/p>\n<p>&#8220;N\u00f3s vamos colocar no centro do G20 as aspira\u00e7\u00f5es e preocupa\u00e7\u00f5es da regi\u00e3o em desenvolvimento, que \u00e9 entusiasmada por novas oportunidades&#8221;, disse Macri durante um evento na capital Buenos Aires ao inaugurar formalmente a presid\u00eancia da Argentina no G20.<\/p>\n<p>A defesa veemente da globaliza\u00e7\u00e3o ocorre no momento em que a Presid\u00eancia de Donald Trump nos Estados Unidos e a iminente sa\u00edda do Reino Unido da Uni\u00e3o Europeia levantam quest\u00f5es sobre o comprometimento de grandes economias ao livre com\u00e9rcio.<\/p>\n<p>Medidas protecionistas em pa\u00edses mais desenvolvidos poderiam amea\u00e7ar o sucesso de agendas pr\u00f3-com\u00e9rcio em pa\u00edses sul-americanos cujas economias dependem de exporta\u00e7\u00f5es agr\u00edcolas.<\/p>\n<p>O bloco comercial Mercosul, que engloba Argentina, Brasil, Paraguai e Uruguai, est\u00e1 enfrentando resist\u00eancia de produtores europeus, uma vez que busca impulsionar as exporta\u00e7\u00f5es de carne bovina como parte de um acordo com a UE que espera selar at\u00e9 o fim do ano.<\/p>\n<p>Mais cedo neste ano, os Estados Unidos impuseram tarifas sobre importa\u00e7\u00f5es de biodiesel da Argentina, um de seus maiores produtos agr\u00edcolas de exporta\u00e7\u00e3o.<\/p>\n<p>&#8220;O G20 \u00e9 um lugar ideal para continuar reafirmando os benef\u00edcios de la\u00e7os comerciais melhores, especialmente para pa\u00edses como Argentina que querem exportar seus produtos agr\u00edcolas&#8221;, disse o ministro do Tesouro, Nicolas Dujovne, durante coletiva de imprensa ap\u00f3s o discurso de Macri.<\/p>\n","protected":false},"excerpt":{"rendered":"<p>Argentina vai usar seu papel de primeiro pa\u00eds sul-americano a comandar o G20 para combater o protecionismo<\/p>\n","protected":false},"author":11,"featured_media":97985109,"comment_status":"closed","ping_status":"closed","sticky":false,"template":"","format":"standard","meta":{"footnotes":""},"categories":[6,1],"tags":[],"class_list":["post-97985108","post","type-post","status-publish","format-standard","has-post-thumbnail","hentry","category-destaque","category-noticia"],"yoast_head":"<!-- This site is optimized with the Yoast SEO plugin v24.8.1 - https:\/\/yoast.com\/wordpress\/plugins\/seo\/ -->\n<title>Argentina deve defender exporta\u00e7\u00f5es agr\u00edcolas e Am\u00e9rica Latina em presid\u00eancia do G20 - Acrimat<\/title>\n<meta name=\"robots\" content=\"index, follow, max-snippet:-1, max-image-preview:large, max-video-preview:-1\" \/>\n<link rel=\"canonical\" href=\"https:\/\/acrimat.org.br\/portal\/argentina-deve-defender-exportacoes-agricolas-e-america-latina-em-presidencia-do-g20\/\" \/>\n<meta property=\"og:locale\" content=\"pt_BR\" \/>\n<meta property=\"og:type\" content=\"article\" \/>\n<meta property=\"og:title\" content=\"Argentina deve defender exporta\u00e7\u00f5es agr\u00edcolas e Am\u00e9rica Latina em presid\u00eancia do G20 - Acrimat\" \/>\n<meta property=\"og:description\" content=\"Argentina vai usar seu papel de primeiro pa\u00eds sul-americano a comandar o G20 para combater o protecionismo\" \/>\n<meta property=\"og:url\" content=\"https:\/\/acrimat.org.br\/portal\/argentina-deve-defender-exportacoes-agricolas-e-america-latina-em-presidencia-do-g20\/\" \/>\n<meta property=\"og:site_name\" content=\"Acrimat\" \/>\n<meta property=\"article:published_time\" content=\"2017-12-01T11:53:53+00:00\" \/>\n<meta property=\"article:modified_time\" content=\"2017-12-01T12:05:34+00:00\" \/>\n<meta property=\"og:image\" content=\"https:\/\/acrimat.org.br\/portal\/wp-content\/uploads\/2017\/12\/2017-11-30t205957z_1_lynxmpedat1.jpg\" \/>\n\t<meta property=\"og:image:width\" content=\"940\" \/>\n\t<meta property=\"og:image:height\" content=\"591\" \/>\n\t<meta property=\"og:image:type\" content=\"image\/jpeg\" \/>\n<meta name=\"author\" content=\"P\u00e9ricles C\u00e2ndido\" \/>\n<meta name=\"twitter:card\" content=\"summary_large_image\" \/>\n<meta name=\"twitter:label1\" content=\"Escrito por\" \/>\n\t<meta name=\"twitter:data1\" content=\"P\u00e9ricles C\u00e2ndido\" \/>\n\t<meta name=\"twitter:label2\" content=\"Est. tempo de leitura\" \/>\n\t<meta name=\"twitter:data2\" content=\"2 minutos\" \/>\n<script type=\"application\/ld+json\" class=\"yoast-schema-graph\">{\"@context\":\"https:\/\/schema.org\",\"@graph\":[{\"@type\":\"Article\",\"@id\":\"https:\/\/acrimat.org.br\/portal\/argentina-deve-defender-exportacoes-agricolas-e-america-latina-em-presidencia-do-g20\/#article\",\"isPartOf\":{\"@id\":\"https:\/\/acrimat.org.br\/portal\/argentina-deve-defender-exportacoes-agricolas-e-america-latina-em-presidencia-do-g20\/\"},\"author\":{\"name\":\"P\u00e9ricles C\u00e2ndido\",\"@id\":\"https:\/\/acrimat.org.br\/portal\/#\/schema\/person\/18df8bcf6890e924fe5d8b5afd2bec0f\"},\"headline\":\"Argentina deve defender exporta\u00e7\u00f5es agr\u00edcolas e Am\u00e9rica Latina em presid\u00eancia do G20\",\"datePublished\":\"2017-12-01T11:53:53+00:00\",\"dateModified\":\"2017-12-01T12:05:34+00:00\",\"mainEntityOfPage\":{\"@id\":\"https:\/\/acrimat.org.br\/portal\/argentina-deve-defender-exportacoes-agricolas-e-america-latina-em-presidencia-do-g20\/\"},\"wordCount\":355,\"publisher\":{\"@id\":\"https:\/\/acrimat.org.br\/portal\/#organization\"},\"image\":{\"@id\":\"https:\/\/acrimat.org.br\/portal\/argentina-deve-defender-exportacoes-agricolas-e-america-latina-em-presidencia-do-g20\/#primaryimage\"},\"thumbnailUrl\":\"https:\/\/acrimat.org.br\/portal\/wp-content\/uploads\/2017\/12\/2017-11-30t205957z_1_lynxmpedat1.jpg\",\"articleSection\":[\"Destaques\",\"Not\u00edcias\"],\"inLanguage\":\"pt-BR\"},{\"@type\":\"WebPage\",\"@id\":\"https:\/\/acrimat.org.br\/portal\/argentina-deve-defender-exportacoes-agricolas-e-america-latina-em-presidencia-do-g20\/\",\"url\":\"https:\/\/acrimat.org.br\/portal\/argentina-deve-defender-exportacoes-agricolas-e-america-latina-em-presidencia-do-g20\/\",\"name\":\"Argentina deve defender exporta\u00e7\u00f5es agr\u00edcolas e Am\u00e9rica Latina em presid\u00eancia do G20 - Acrimat\",\"isPartOf\":{\"@id\":\"https:\/\/acrimat.org.br\/portal\/#website\"},\"primaryImageOfPage\":{\"@id\":\"https:\/\/acrimat.org.br\/portal\/argentina-deve-defender-exportacoes-agricolas-e-america-latina-em-presidencia-do-g20\/#primaryimage\"},\"image\":{\"@id\":\"https:\/\/acrimat.org.br\/portal\/argentina-deve-defender-exportacoes-agricolas-e-america-latina-em-presidencia-do-g20\/#primaryimage\"},\"thumbnailUrl\":\"https:\/\/acrimat.org.br\/portal\/wp-content\/uploads\/2017\/12\/2017-11-30t205957z_1_lynxmpedat1.jpg\",\"datePublished\":\"2017-12-01T11:53:53+00:00\",\"dateModified\":\"2017-12-01T12:05:34+00:00\",\"breadcrumb\":{\"@id\":\"https:\/\/acrimat.org.br\/portal\/argentina-deve-defender-exportacoes-agricolas-e-america-latina-em-presidencia-do-g20\/#breadcrumb\"},\"inLanguage\":\"pt-BR\",\"potentialAction\":[{\"@type\":\"ReadAction\",\"target\":[\"https:\/\/acrimat.org.br\/portal\/argentina-deve-defender-exportacoes-agricolas-e-america-latina-em-presidencia-do-g20\/\"]}]},{\"@type\":\"ImageObject\",\"inLanguage\":\"pt-BR\",\"@id\":\"https:\/\/acrimat.org.br\/portal\/argentina-deve-defender-exportacoes-agricolas-e-america-latina-em-presidencia-do-g20\/#primaryimage\",\"url\":\"https:\/\/acrimat.org.br\/portal\/wp-content\/uploads\/2017\/12\/2017-11-30t205957z_1_lynxmpedat1.jpg\",\"contentUrl\":\"https:\/\/acrimat.org.br\/portal\/wp-content\/uploads\/2017\/12\/2017-11-30t205957z_1_lynxmpedat1.jpg\",\"width\":940,\"height\":591},{\"@type\":\"BreadcrumbList\",\"@id\":\"https:\/\/acrimat.org.br\/portal\/argentina-deve-defender-exportacoes-agricolas-e-america-latina-em-presidencia-do-g20\/#breadcrumb\",\"itemListElement\":[{\"@type\":\"ListItem\",\"position\":1,\"name\":\"In\u00edcio\",\"item\":\"https:\/\/acrimat.org.br\/portal\/\"},{\"@type\":\"ListItem\",\"position\":2,\"name\":\"Argentina deve defender exporta\u00e7\u00f5es agr\u00edcolas e Am\u00e9rica Latina em presid\u00eancia do G20\"}]},{\"@type\":\"WebSite\",\"@id\":\"https:\/\/acrimat.org.br\/portal\/#website\",\"url\":\"https:\/\/acrimat.org.br\/portal\/\",\"name\":\"Acrimat\",\"description\":\"Associa\u00e7\u00e3o dos Criadores de Mato Grosso\",\"publisher\":{\"@id\":\"https:\/\/acrimat.org.br\/portal\/#organization\"},\"potentialAction\":[{\"@type\":\"SearchAction\",\"target\":{\"@type\":\"EntryPoint\",\"urlTemplate\":\"https:\/\/acrimat.org.br\/portal\/?s={search_term_string}\"},\"query-input\":{\"@type\":\"PropertyValueSpecification\",\"valueRequired\":true,\"valueName\":\"search_term_string\"}}],\"inLanguage\":\"pt-BR\"},{\"@type\":\"Organization\",\"@id\":\"https:\/\/acrimat.org.br\/portal\/#organization\",\"name\":\"Associa\u00e7\u00e3o dos Criadores de Mato Grosso\",\"url\":\"https:\/\/acrimat.org.br\/portal\/\",\"logo\":{\"@type\":\"ImageObject\",\"inLanguage\":\"pt-BR\",\"@id\":\"https:\/\/acrimat.org.br\/portal\/#\/schema\/logo\/image\/\",\"url\":\"https:\/\/acrimat.org.br\/portal\/wp-content\/uploads\/2018\/03\/logo-peq-original.png\",\"contentUrl\":\"https:\/\/acrimat.org.br\/portal\/wp-content\/uploads\/2018\/03\/logo-peq-original.png\",\"width\":174,\"height\":171,\"caption\":\"Associa\u00e7\u00e3o dos Criadores de Mato Grosso\"},\"image\":{\"@id\":\"https:\/\/acrimat.org.br\/portal\/#\/schema\/logo\/image\/\"}},{\"@type\":\"Person\",\"@id\":\"https:\/\/acrimat.org.br\/portal\/#\/schema\/person\/18df8bcf6890e924fe5d8b5afd2bec0f\",\"name\":\"P\u00e9ricles C\u00e2ndido\",\"image\":{\"@type\":\"ImageObject\",\"inLanguage\":\"pt-BR\",\"@id\":\"https:\/\/acrimat.org.br\/portal\/#\/schema\/person\/image\/\",\"url\":\"https:\/\/secure.gravatar.com\/avatar\/33e2a2b971dc363ed2df53d0d3bfbd18?s=96&d=mm&r=g\",\"contentUrl\":\"https:\/\/secure.gravatar.com\/avatar\/33e2a2b971dc363ed2df53d0d3bfbd18?s=96&d=mm&r=g\",\"caption\":\"P\u00e9ricles C\u00e2ndido\"},\"sameAs\":[\"ascom@acrimat.org.br\"],\"url\":\"https:\/\/acrimat.org.br\/portal\/author\/designergrafico\/\"}]}<\/script>\n<!-- \/ Yoast SEO plugin. -->","yoast_head_json":{"title":"Argentina deve defender exporta\u00e7\u00f5es agr\u00edcolas e Am\u00e9rica Latina em presid\u00eancia do G20 - Acrimat","robots":{"index":"index","follow":"follow","max-snippet":"max-snippet:-1","max-image-preview":"max-image-preview:large","max-video-preview":"max-video-preview:-1"},"canonical":"https:\/\/acrimat.org.br\/portal\/argentina-deve-defender-exportacoes-agricolas-e-america-latina-em-presidencia-do-g20\/","og_locale":"pt_BR","og_type":"article","og_title":"Argentina deve defender exporta\u00e7\u00f5es agr\u00edcolas e Am\u00e9rica Latina em presid\u00eancia do G20 - Acrimat","og_description":"Argentina vai usar seu papel de primeiro pa\u00eds sul-americano a comandar o G20 para combater o protecionismo","og_url":"https:\/\/acrimat.org.br\/portal\/argentina-deve-defender-exportacoes-agricolas-e-america-latina-em-presidencia-do-g20\/","og_site_name":"Acrimat","article_published_time":"2017-12-01T11:53:53+00:00","article_modified_time":"2017-12-01T12:05:34+00:00","og_image":[{"width":940,"height":591,"url":"https:\/\/acrimat.org.br\/portal\/wp-content\/uploads\/2017\/12\/2017-11-30t205957z_1_lynxmpedat1.jpg","type":"image\/jpeg"}],"author":"P\u00e9ricles C\u00e2ndido","twitter_card":"summary_large_image","twitter_misc":{"Escrito por":"P\u00e9ricles C\u00e2ndido","Est. tempo de leitura":"2 minutos"},"schema":{"@context":"https:\/\/schema.org","@graph":[{"@type":"Article","@id":"https:\/\/acrimat.org.br\/portal\/argentina-deve-defender-exportacoes-agricolas-e-america-latina-em-presidencia-do-g20\/#article","isPartOf":{"@id":"https:\/\/acrimat.org.br\/portal\/argentina-deve-defender-exportacoes-agricolas-e-america-latina-em-presidencia-do-g20\/"},"author":{"name":"P\u00e9ricles C\u00e2ndido","@id":"https:\/\/acrimat.org.br\/portal\/#\/schema\/person\/18df8bcf6890e924fe5d8b5afd2bec0f"},"headline":"Argentina deve defender exporta\u00e7\u00f5es agr\u00edcolas e Am\u00e9rica Latina em presid\u00eancia do G20","datePublished":"2017-12-01T11:53:53+00:00","dateModified":"2017-12-01T12:05:34+00:00","mainEntityOfPage":{"@id":"https:\/\/acrimat.org.br\/portal\/argentina-deve-defender-exportacoes-agricolas-e-america-latina-em-presidencia-do-g20\/"},"wordCount":355,"publisher":{"@id":"https:\/\/acrimat.org.br\/portal\/#organization"},"image":{"@id":"https:\/\/acrimat.org.br\/portal\/argentina-deve-defender-exportacoes-agricolas-e-america-latina-em-presidencia-do-g20\/#primaryimage"},"thumbnailUrl":"https:\/\/acrimat.org.br\/portal\/wp-content\/uploads\/2017\/12\/2017-11-30t205957z_1_lynxmpedat1.jpg","articleSection":["Destaques","Not\u00edcias"],"inLanguage":"pt-BR"},{"@type":"WebPage","@id":"https:\/\/acrimat.org.br\/portal\/argentina-deve-defender-exportacoes-agricolas-e-america-latina-em-presidencia-do-g20\/","url":"https:\/\/acrimat.org.br\/portal\/argentina-deve-defender-exportacoes-agricolas-e-america-latina-em-presidencia-do-g20\/","name":"Argentina deve defender exporta\u00e7\u00f5es agr\u00edcolas e Am\u00e9rica Latina em presid\u00eancia do G20 - Acrimat","isPartOf":{"@id":"https:\/\/acrimat.org.br\/portal\/#website"},"primaryImageOfPage":{"@id":"https:\/\/acrimat.org.br\/portal\/argentina-deve-defender-exportacoes-agricolas-e-america-latina-em-presidencia-do-g20\/#primaryimage"},"image":{"@id":"https:\/\/acrimat.org.br\/portal\/argentina-deve-defender-exportacoes-agricolas-e-america-latina-em-presidencia-do-g20\/#primaryimage"},"thumbnailUrl":"https:\/\/acrimat.org.br\/portal\/wp-content\/uploads\/2017\/12\/2017-11-30t205957z_1_lynxmpedat1.jpg","datePublished":"2017-12-01T11:53:53+00:00","dateModified":"2017-12-01T12:05:34+00:00","breadcrumb":{"@id":"https:\/\/acrimat.org.br\/portal\/argentina-deve-defender-exportacoes-agricolas-e-america-latina-em-presidencia-do-g20\/#breadcrumb"},"inLanguage":"pt-BR","potentialAction":[{"@type":"ReadAction","target":["https:\/\/acrimat.org.br\/portal\/argentina-deve-defender-exportacoes-agricolas-e-america-latina-em-presidencia-do-g20\/"]}]},{"@type":"ImageObject","inLanguage":"pt-BR","@id":"https:\/\/acrimat.org.br\/portal\/argentina-deve-defender-exportacoes-agricolas-e-america-latina-em-presidencia-do-g20\/#primaryimage","url":"https:\/\/acrimat.org.br\/portal\/wp-content\/uploads\/2017\/12\/2017-11-30t205957z_1_lynxmpedat1.jpg","contentUrl":"https:\/\/acrimat.org.br\/portal\/wp-content\/uploads\/2017\/12\/2017-11-30t205957z_1_lynxmpedat1.jpg","width":940,"height":591},{"@type":"BreadcrumbList","@id":"https:\/\/acrimat.org.br\/portal\/argentina-deve-defender-exportacoes-agricolas-e-america-latina-em-presidencia-do-g20\/#breadcrumb","itemListElement":[{"@type":"ListItem","position":1,"name":"In\u00edcio","item":"https:\/\/acrimat.org.br\/portal\/"},{"@type":"ListItem","position":2,"name":"Argentina deve defender exporta\u00e7\u00f5es agr\u00edcolas e Am\u00e9rica Latina em presid\u00eancia do G20"}]},{"@type":"WebSite","@id":"https:\/\/acrimat.org.br\/portal\/#website","url":"https:\/\/acrimat.org.br\/portal\/","name":"Acrimat","description":"Associa\u00e7\u00e3o dos Criadores de Mato Grosso","publisher":{"@id":"https:\/\/acrimat.org.br\/portal\/#organization"},"potentialAction":[{"@type":"SearchAction","target":{"@type":"EntryPoint","urlTemplate":"https:\/\/acrimat.org.br\/portal\/?s={search_term_string}"},"query-input":{"@type":"PropertyValueSpecification","valueRequired":true,"valueName":"search_term_string"}}],"inLanguage":"pt-BR"},{"@type":"Organization","@id":"https:\/\/acrimat.org.br\/portal\/#organization","name":"Associa\u00e7\u00e3o dos Criadores de Mato Grosso","url":"https:\/\/acrimat.org.br\/portal\/","logo":{"@type":"ImageObject","inLanguage":"pt-BR","@id":"https:\/\/acrimat.org.br\/portal\/#\/schema\/logo\/image\/","url":"https:\/\/acrimat.org.br\/portal\/wp-content\/uploads\/2018\/03\/logo-peq-original.png","contentUrl":"https:\/\/acrimat.org.br\/portal\/wp-content\/uploads\/2018\/03\/logo-peq-original.png","width":174,"height":171,"caption":"Associa\u00e7\u00e3o dos Criadores de Mato Grosso"},"image":{"@id":"https:\/\/acrimat.org.br\/portal\/#\/schema\/logo\/image\/"}},{"@type":"Person","@id":"https:\/\/acrimat.org.br\/portal\/#\/schema\/person\/18df8bcf6890e924fe5d8b5afd2bec0f","name":"P\u00e9ricles C\u00e2ndido","image":{"@type":"ImageObject","inLanguage":"pt-BR","@id":"https:\/\/acrimat.org.br\/portal\/#\/schema\/person\/image\/","url":"https:\/\/secure.gravatar.com\/avatar\/33e2a2b971dc363ed2df53d0d3bfbd18?s=96&d=mm&r=g","contentUrl":"https:\/\/secure.gravatar.com\/avatar\/33e2a2b971dc363ed2df53d0d3bfbd18?s=96&d=mm&r=g","caption":"P\u00e9ricles C\u00e2ndido"},"sameAs":["ascom@acrimat.org.br"],"url":"https:\/\/acrimat.org.br\/portal\/author\/designergrafico\/"}]}},"_links":{"self":[{"href":"https:\/\/acrimat.org.br\/portal\/wp-json\/wp\/v2\/posts\/97985108","targetHints":{"allow":["GET"]}}],"collection":[{"href":"https:\/\/acrimat.org.br\/portal\/wp-json\/wp\/v2\/posts"}],"about":[{"href":"https:\/\/acrimat.org.br\/portal\/wp-json\/wp\/v2\/types\/post"}],"author":[{"embeddable":true,"href":"https:\/\/acrimat.org.br\/portal\/wp-json\/wp\/v2\/users\/11"}],"replies":[{"embeddable":true,"href":"https:\/\/acrimat.org.br\/portal\/wp-json\/wp\/v2\/comments?post=97985108"}],"version-history":[{"count":3,"href":"https:\/\/acrimat.org.br\/portal\/wp-json\/wp\/v2\/posts\/97985108\/revisions"}],"predecessor-version":[{"id":97985126,"href":"https:\/\/acrimat.org.br\/portal\/wp-json\/wp\/v2\/posts\/97985108\/revisions\/97985126"}],"wp:featuredmedia":[{"embeddable":true,"href":"https:\/\/acrimat.org.br\/portal\/wp-json\/wp\/v2\/media\/97985109"}],"wp:attachment":[{"href":"https:\/\/acrimat.org.br\/portal\/wp-json\/wp\/v2\/media?parent=97985108"}],"wp:term":[{"taxonomy":"category","embeddable":true,"href":"https:\/\/acrimat.org.br\/portal\/wp-json\/wp\/v2\/categories?post=97985108"},{"taxonomy":"post_tag","embeddable":true,"href":"https:\/\/acrimat.org.br\/portal\/wp-json\/wp\/v2\/tags?post=97985108"}],"curies":[{"name":"wp","href":"https:\/\/api.w.org\/{rel}","templated":true}]}}