{"id":97985111,"date":"2017-12-01T08:57:24","date_gmt":"2017-12-01T11:57:24","guid":{"rendered":"http:\/\/acrimat.org.br\/portal\/?p=97985111"},"modified":"2017-12-01T09:03:44","modified_gmt":"2017-12-01T12:03:44","slug":"negociacao-mercosul-uniao-europeia-entra-em-fase-decisiva","status":"publish","type":"post","link":"https:\/\/acrimat.org.br\/portal\/negociacao-mercosul-uniao-europeia-entra-em-fase-decisiva\/","title":{"rendered":"Negocia\u00e7\u00e3o Mercosul-Uni\u00e3o Europeia entra em fase decisiva"},"content":{"rendered":"<p>As negocia\u00e7\u00f5es entre o Mercosul e a Uni\u00e3o Europeia para a cria\u00e7\u00e3o de um dos maiores acordos comerciais do mundo entra em fase crucial nesta semana. Representantes dos dois blocos se apressam em tentar superar dificuldades e resist\u00eancias antes do fim do prazo autoimposto, no m\u00eas que vem.<\/p>\n<p>Negociadores da Uni\u00e3o Europeia, que re\u00fane 28 pa\u00edses, e da uni\u00e3o aduaneira do Mercosul, composta por Brasil, Argentina, Uruguai e Paraguai, est\u00e3o em Bruxelas desde quarta-feira, e continuar\u00e3o at\u00e9 8 de dezembro, como parte das negocia\u00e7\u00f5es formais retomadas no ano passado. Os europeus querem mais concess\u00f5es em compras governamentais e redu\u00e7\u00f5es mais r\u00e1pidas de tarifas. Os sul-americanos cobram mais acesso para seus produtos agr\u00edcolas.<\/p>\n<p>O fechamento de um acordo n\u00e3o apenas iria na contram\u00e3o do crescente sentimento protecionista em muitas partes do mundo como tamb\u00e9m evidenciaria a atual propens\u00e3o a uma maior abertura econ\u00f4mica em boa parte da Am\u00e9rica do Sul. As negocia\u00e7\u00f5es comerciais e de investimentos da Europa com os EUA, conhecidas pela sigla TTIP, teriam criado a maior \u00e1rea de livre com\u00e9rcio do mundo, mas as conversas emperraram. As negocia\u00e7\u00f5es com a parte sul do Hemisf\u00e9rio Ocidental continuariam representando um quarto do produto interno bruto global e um com\u00e9rcio bilateral superior a US$ 100 bilh\u00f5es.<\/p>\n<p>Oficialmente, tanto o Mercosul como a Uni\u00e3o Europeia se dizem comprometidos a chegar a um acordo at\u00e9 o fim do ano. A Argentina espera que um acordo de princ\u00edpio possa ser anunciado durante reuni\u00e3o da Organiza\u00e7\u00e3o Mundial do Com\u00e9rcio (OMC) em Buenos Aires, em dezembro.<\/p>\n<p>O presidente da Argentina, Mauricio Macri, disse \u00e0 Bloomberg News no in\u00edcio do m\u00eas que est\u00e1 empenhado em assinar um acordo neste ano.<\/p>\n<p>Nem todos est\u00e3o t\u00e3o otimistas. O clima das conversas \u00e9 dif\u00edcil, segundo um diplomata brasileiro com conhecimento das negocia\u00e7\u00f5es, que pediu anonimato. As ofertas da UE para a carne bovina e o etanol, apresentadas no m\u00eas passado, decepcionaram.<\/p>\n<p>O maior grupo da ind\u00fastria a\u00e7ucareira do Brasil, a Unica, afirmou que se a UE oferecesse uma cota de 100.000 toneladas com tarifa de 98 euros por tonelada, conforme noticiado pela imprensa local, seria &#8220;inaceit\u00e1vel&#8221;.<\/p>\n<p>Pelo lado da UE, est\u00e1 em curso o trabalho de prepara\u00e7\u00e3o para um poss\u00edvel interc\u00e2mbio de ofertas, e os estados-membros est\u00e3o sendo consultados, segundo um representante da Comiss\u00e3o.<\/p>\n<p>Enquanto pa\u00edses como a Alemanha v\u00eam pressionando por negocia\u00e7\u00f5es r\u00e1pidas, a Fran\u00e7a cedeu \u00e0 press\u00e3o de seus produtores para n\u00e3o oferecer muitas concess\u00f5es no tocante ao com\u00e9rcio agr\u00edcola, afirmaram pessoas de ambos os lados das negocia\u00e7\u00f5es.<\/p>\n","protected":false},"excerpt":{"rendered":"<p>As negocia\u00e7\u00f5es entre o Mercosul e a Uni\u00e3o Europeia para a cria\u00e7\u00e3o de um dos maiores acordos comerciais do mundo entra em fase crucial nesta semana<\/p>\n","protected":false},"author":11,"featured_media":97985123,"comment_status":"closed","ping_status":"closed","sticky":false,"template":"","format":"standard","meta":{"footnotes":""},"categories":[6,1],"tags":[],"class_list":["post-97985111","post","type-post","status-publish","format-standard","has-post-thumbnail","hentry","category-destaque","category-noticia"],"yoast_head":"<!-- This site is optimized with the Yoast SEO plugin v24.8.1 - https:\/\/yoast.com\/wordpress\/plugins\/seo\/ -->\n<title>Negocia\u00e7\u00e3o Mercosul-Uni\u00e3o Europeia entra em fase decisiva - Acrimat<\/title>\n<meta name=\"robots\" content=\"index, follow, max-snippet:-1, max-image-preview:large, max-video-preview:-1\" \/>\n<link rel=\"canonical\" href=\"https:\/\/acrimat.org.br\/portal\/negociacao-mercosul-uniao-europeia-entra-em-fase-decisiva\/\" \/>\n<meta property=\"og:locale\" content=\"pt_BR\" \/>\n<meta property=\"og:type\" content=\"article\" \/>\n<meta property=\"og:title\" content=\"Negocia\u00e7\u00e3o Mercosul-Uni\u00e3o Europeia entra em fase decisiva - Acrimat\" \/>\n<meta property=\"og:description\" content=\"As negocia\u00e7\u00f5es entre o Mercosul e a Uni\u00e3o Europeia para a cria\u00e7\u00e3o de um dos maiores acordos comerciais do mundo entra em fase crucial nesta semana\" \/>\n<meta property=\"og:url\" content=\"https:\/\/acrimat.org.br\/portal\/negociacao-mercosul-uniao-europeia-entra-em-fase-decisiva\/\" \/>\n<meta property=\"og:site_name\" content=\"Acrimat\" \/>\n<meta property=\"article:published_time\" content=\"2017-12-01T11:57:24+00:00\" \/>\n<meta property=\"article:modified_time\" content=\"2017-12-01T12:03:44+00:00\" \/>\n<meta property=\"og:image\" content=\"https:\/\/acrimat.org.br\/portal\/wp-content\/uploads\/2017\/12\/mercosur-ue.jpg\" \/>\n\t<meta property=\"og:image:width\" content=\"748\" \/>\n\t<meta property=\"og:image:height\" content=\"498\" \/>\n\t<meta property=\"og:image:type\" content=\"image\/jpeg\" \/>\n<meta name=\"author\" content=\"P\u00e9ricles C\u00e2ndido\" \/>\n<meta name=\"twitter:card\" content=\"summary_large_image\" \/>\n<meta name=\"twitter:label1\" content=\"Escrito por\" \/>\n\t<meta name=\"twitter:data1\" content=\"P\u00e9ricles C\u00e2ndido\" \/>\n\t<meta name=\"twitter:label2\" content=\"Est. tempo de leitura\" \/>\n\t<meta name=\"twitter:data2\" content=\"2 minutos\" \/>\n<script type=\"application\/ld+json\" class=\"yoast-schema-graph\">{\"@context\":\"https:\/\/schema.org\",\"@graph\":[{\"@type\":\"Article\",\"@id\":\"https:\/\/acrimat.org.br\/portal\/negociacao-mercosul-uniao-europeia-entra-em-fase-decisiva\/#article\",\"isPartOf\":{\"@id\":\"https:\/\/acrimat.org.br\/portal\/negociacao-mercosul-uniao-europeia-entra-em-fase-decisiva\/\"},\"author\":{\"name\":\"P\u00e9ricles C\u00e2ndido\",\"@id\":\"https:\/\/acrimat.org.br\/portal\/#\/schema\/person\/18df8bcf6890e924fe5d8b5afd2bec0f\"},\"headline\":\"Negocia\u00e7\u00e3o Mercosul-Uni\u00e3o Europeia entra em fase decisiva\",\"datePublished\":\"2017-12-01T11:57:24+00:00\",\"dateModified\":\"2017-12-01T12:03:44+00:00\",\"mainEntityOfPage\":{\"@id\":\"https:\/\/acrimat.org.br\/portal\/negociacao-mercosul-uniao-europeia-entra-em-fase-decisiva\/\"},\"wordCount\":470,\"publisher\":{\"@id\":\"https:\/\/acrimat.org.br\/portal\/#organization\"},\"image\":{\"@id\":\"https:\/\/acrimat.org.br\/portal\/negociacao-mercosul-uniao-europeia-entra-em-fase-decisiva\/#primaryimage\"},\"thumbnailUrl\":\"https:\/\/acrimat.org.br\/portal\/wp-content\/uploads\/2017\/12\/mercosur-ue.jpg\",\"articleSection\":[\"Destaques\",\"Not\u00edcias\"],\"inLanguage\":\"pt-BR\"},{\"@type\":\"WebPage\",\"@id\":\"https:\/\/acrimat.org.br\/portal\/negociacao-mercosul-uniao-europeia-entra-em-fase-decisiva\/\",\"url\":\"https:\/\/acrimat.org.br\/portal\/negociacao-mercosul-uniao-europeia-entra-em-fase-decisiva\/\",\"name\":\"Negocia\u00e7\u00e3o Mercosul-Uni\u00e3o Europeia entra em fase decisiva - Acrimat\",\"isPartOf\":{\"@id\":\"https:\/\/acrimat.org.br\/portal\/#website\"},\"primaryImageOfPage\":{\"@id\":\"https:\/\/acrimat.org.br\/portal\/negociacao-mercosul-uniao-europeia-entra-em-fase-decisiva\/#primaryimage\"},\"image\":{\"@id\":\"https:\/\/acrimat.org.br\/portal\/negociacao-mercosul-uniao-europeia-entra-em-fase-decisiva\/#primaryimage\"},\"thumbnailUrl\":\"https:\/\/acrimat.org.br\/portal\/wp-content\/uploads\/2017\/12\/mercosur-ue.jpg\",\"datePublished\":\"2017-12-01T11:57:24+00:00\",\"dateModified\":\"2017-12-01T12:03:44+00:00\",\"breadcrumb\":{\"@id\":\"https:\/\/acrimat.org.br\/portal\/negociacao-mercosul-uniao-europeia-entra-em-fase-decisiva\/#breadcrumb\"},\"inLanguage\":\"pt-BR\",\"potentialAction\":[{\"@type\":\"ReadAction\",\"target\":[\"https:\/\/acrimat.org.br\/portal\/negociacao-mercosul-uniao-europeia-entra-em-fase-decisiva\/\"]}]},{\"@type\":\"ImageObject\",\"inLanguage\":\"pt-BR\",\"@id\":\"https:\/\/acrimat.org.br\/portal\/negociacao-mercosul-uniao-europeia-entra-em-fase-decisiva\/#primaryimage\",\"url\":\"https:\/\/acrimat.org.br\/portal\/wp-content\/uploads\/2017\/12\/mercosur-ue.jpg\",\"contentUrl\":\"https:\/\/acrimat.org.br\/portal\/wp-content\/uploads\/2017\/12\/mercosur-ue.jpg\",\"width\":748,\"height\":498},{\"@type\":\"BreadcrumbList\",\"@id\":\"https:\/\/acrimat.org.br\/portal\/negociacao-mercosul-uniao-europeia-entra-em-fase-decisiva\/#breadcrumb\",\"itemListElement\":[{\"@type\":\"ListItem\",\"position\":1,\"name\":\"In\u00edcio\",\"item\":\"https:\/\/acrimat.org.br\/portal\/\"},{\"@type\":\"ListItem\",\"position\":2,\"name\":\"Negocia\u00e7\u00e3o Mercosul-Uni\u00e3o Europeia entra em fase decisiva\"}]},{\"@type\":\"WebSite\",\"@id\":\"https:\/\/acrimat.org.br\/portal\/#website\",\"url\":\"https:\/\/acrimat.org.br\/portal\/\",\"name\":\"Acrimat\",\"description\":\"Associa\u00e7\u00e3o dos Criadores de Mato Grosso\",\"publisher\":{\"@id\":\"https:\/\/acrimat.org.br\/portal\/#organization\"},\"potentialAction\":[{\"@type\":\"SearchAction\",\"target\":{\"@type\":\"EntryPoint\",\"urlTemplate\":\"https:\/\/acrimat.org.br\/portal\/?s={search_term_string}\"},\"query-input\":{\"@type\":\"PropertyValueSpecification\",\"valueRequired\":true,\"valueName\":\"search_term_string\"}}],\"inLanguage\":\"pt-BR\"},{\"@type\":\"Organization\",\"@id\":\"https:\/\/acrimat.org.br\/portal\/#organization\",\"name\":\"Associa\u00e7\u00e3o dos Criadores de Mato Grosso\",\"url\":\"https:\/\/acrimat.org.br\/portal\/\",\"logo\":{\"@type\":\"ImageObject\",\"inLanguage\":\"pt-BR\",\"@id\":\"https:\/\/acrimat.org.br\/portal\/#\/schema\/logo\/image\/\",\"url\":\"https:\/\/acrimat.org.br\/portal\/wp-content\/uploads\/2018\/03\/logo-peq-original.png\",\"contentUrl\":\"https:\/\/acrimat.org.br\/portal\/wp-content\/uploads\/2018\/03\/logo-peq-original.png\",\"width\":174,\"height\":171,\"caption\":\"Associa\u00e7\u00e3o dos Criadores de Mato Grosso\"},\"image\":{\"@id\":\"https:\/\/acrimat.org.br\/portal\/#\/schema\/logo\/image\/\"}},{\"@type\":\"Person\",\"@id\":\"https:\/\/acrimat.org.br\/portal\/#\/schema\/person\/18df8bcf6890e924fe5d8b5afd2bec0f\",\"name\":\"P\u00e9ricles C\u00e2ndido\",\"image\":{\"@type\":\"ImageObject\",\"inLanguage\":\"pt-BR\",\"@id\":\"https:\/\/acrimat.org.br\/portal\/#\/schema\/person\/image\/\",\"url\":\"https:\/\/secure.gravatar.com\/avatar\/33e2a2b971dc363ed2df53d0d3bfbd18?s=96&d=mm&r=g\",\"contentUrl\":\"https:\/\/secure.gravatar.com\/avatar\/33e2a2b971dc363ed2df53d0d3bfbd18?s=96&d=mm&r=g\",\"caption\":\"P\u00e9ricles C\u00e2ndido\"},\"sameAs\":[\"ascom@acrimat.org.br\"],\"url\":\"https:\/\/acrimat.org.br\/portal\/author\/designergrafico\/\"}]}<\/script>\n<!-- \/ Yoast SEO plugin. -->","yoast_head_json":{"title":"Negocia\u00e7\u00e3o Mercosul-Uni\u00e3o Europeia entra em fase decisiva - Acrimat","robots":{"index":"index","follow":"follow","max-snippet":"max-snippet:-1","max-image-preview":"max-image-preview:large","max-video-preview":"max-video-preview:-1"},"canonical":"https:\/\/acrimat.org.br\/portal\/negociacao-mercosul-uniao-europeia-entra-em-fase-decisiva\/","og_locale":"pt_BR","og_type":"article","og_title":"Negocia\u00e7\u00e3o Mercosul-Uni\u00e3o Europeia entra em fase decisiva - Acrimat","og_description":"As negocia\u00e7\u00f5es entre o Mercosul e a Uni\u00e3o Europeia para a cria\u00e7\u00e3o de um dos maiores acordos comerciais do mundo entra em fase crucial nesta semana","og_url":"https:\/\/acrimat.org.br\/portal\/negociacao-mercosul-uniao-europeia-entra-em-fase-decisiva\/","og_site_name":"Acrimat","article_published_time":"2017-12-01T11:57:24+00:00","article_modified_time":"2017-12-01T12:03:44+00:00","og_image":[{"width":748,"height":498,"url":"https:\/\/acrimat.org.br\/portal\/wp-content\/uploads\/2017\/12\/mercosur-ue.jpg","type":"image\/jpeg"}],"author":"P\u00e9ricles C\u00e2ndido","twitter_card":"summary_large_image","twitter_misc":{"Escrito por":"P\u00e9ricles C\u00e2ndido","Est. tempo de leitura":"2 minutos"},"schema":{"@context":"https:\/\/schema.org","@graph":[{"@type":"Article","@id":"https:\/\/acrimat.org.br\/portal\/negociacao-mercosul-uniao-europeia-entra-em-fase-decisiva\/#article","isPartOf":{"@id":"https:\/\/acrimat.org.br\/portal\/negociacao-mercosul-uniao-europeia-entra-em-fase-decisiva\/"},"author":{"name":"P\u00e9ricles C\u00e2ndido","@id":"https:\/\/acrimat.org.br\/portal\/#\/schema\/person\/18df8bcf6890e924fe5d8b5afd2bec0f"},"headline":"Negocia\u00e7\u00e3o Mercosul-Uni\u00e3o Europeia entra em fase decisiva","datePublished":"2017-12-01T11:57:24+00:00","dateModified":"2017-12-01T12:03:44+00:00","mainEntityOfPage":{"@id":"https:\/\/acrimat.org.br\/portal\/negociacao-mercosul-uniao-europeia-entra-em-fase-decisiva\/"},"wordCount":470,"publisher":{"@id":"https:\/\/acrimat.org.br\/portal\/#organization"},"image":{"@id":"https:\/\/acrimat.org.br\/portal\/negociacao-mercosul-uniao-europeia-entra-em-fase-decisiva\/#primaryimage"},"thumbnailUrl":"https:\/\/acrimat.org.br\/portal\/wp-content\/uploads\/2017\/12\/mercosur-ue.jpg","articleSection":["Destaques","Not\u00edcias"],"inLanguage":"pt-BR"},{"@type":"WebPage","@id":"https:\/\/acrimat.org.br\/portal\/negociacao-mercosul-uniao-europeia-entra-em-fase-decisiva\/","url":"https:\/\/acrimat.org.br\/portal\/negociacao-mercosul-uniao-europeia-entra-em-fase-decisiva\/","name":"Negocia\u00e7\u00e3o Mercosul-Uni\u00e3o Europeia entra em fase decisiva - Acrimat","isPartOf":{"@id":"https:\/\/acrimat.org.br\/portal\/#website"},"primaryImageOfPage":{"@id":"https:\/\/acrimat.org.br\/portal\/negociacao-mercosul-uniao-europeia-entra-em-fase-decisiva\/#primaryimage"},"image":{"@id":"https:\/\/acrimat.org.br\/portal\/negociacao-mercosul-uniao-europeia-entra-em-fase-decisiva\/#primaryimage"},"thumbnailUrl":"https:\/\/acrimat.org.br\/portal\/wp-content\/uploads\/2017\/12\/mercosur-ue.jpg","datePublished":"2017-12-01T11:57:24+00:00","dateModified":"2017-12-01T12:03:44+00:00","breadcrumb":{"@id":"https:\/\/acrimat.org.br\/portal\/negociacao-mercosul-uniao-europeia-entra-em-fase-decisiva\/#breadcrumb"},"inLanguage":"pt-BR","potentialAction":[{"@type":"ReadAction","target":["https:\/\/acrimat.org.br\/portal\/negociacao-mercosul-uniao-europeia-entra-em-fase-decisiva\/"]}]},{"@type":"ImageObject","inLanguage":"pt-BR","@id":"https:\/\/acrimat.org.br\/portal\/negociacao-mercosul-uniao-europeia-entra-em-fase-decisiva\/#primaryimage","url":"https:\/\/acrimat.org.br\/portal\/wp-content\/uploads\/2017\/12\/mercosur-ue.jpg","contentUrl":"https:\/\/acrimat.org.br\/portal\/wp-content\/uploads\/2017\/12\/mercosur-ue.jpg","width":748,"height":498},{"@type":"BreadcrumbList","@id":"https:\/\/acrimat.org.br\/portal\/negociacao-mercosul-uniao-europeia-entra-em-fase-decisiva\/#breadcrumb","itemListElement":[{"@type":"ListItem","position":1,"name":"In\u00edcio","item":"https:\/\/acrimat.org.br\/portal\/"},{"@type":"ListItem","position":2,"name":"Negocia\u00e7\u00e3o Mercosul-Uni\u00e3o Europeia entra em fase decisiva"}]},{"@type":"WebSite","@id":"https:\/\/acrimat.org.br\/portal\/#website","url":"https:\/\/acrimat.org.br\/portal\/","name":"Acrimat","description":"Associa\u00e7\u00e3o dos Criadores de Mato Grosso","publisher":{"@id":"https:\/\/acrimat.org.br\/portal\/#organization"},"potentialAction":[{"@type":"SearchAction","target":{"@type":"EntryPoint","urlTemplate":"https:\/\/acrimat.org.br\/portal\/?s={search_term_string}"},"query-input":{"@type":"PropertyValueSpecification","valueRequired":true,"valueName":"search_term_string"}}],"inLanguage":"pt-BR"},{"@type":"Organization","@id":"https:\/\/acrimat.org.br\/portal\/#organization","name":"Associa\u00e7\u00e3o dos Criadores de Mato Grosso","url":"https:\/\/acrimat.org.br\/portal\/","logo":{"@type":"ImageObject","inLanguage":"pt-BR","@id":"https:\/\/acrimat.org.br\/portal\/#\/schema\/logo\/image\/","url":"https:\/\/acrimat.org.br\/portal\/wp-content\/uploads\/2018\/03\/logo-peq-original.png","contentUrl":"https:\/\/acrimat.org.br\/portal\/wp-content\/uploads\/2018\/03\/logo-peq-original.png","width":174,"height":171,"caption":"Associa\u00e7\u00e3o dos Criadores de Mato Grosso"},"image":{"@id":"https:\/\/acrimat.org.br\/portal\/#\/schema\/logo\/image\/"}},{"@type":"Person","@id":"https:\/\/acrimat.org.br\/portal\/#\/schema\/person\/18df8bcf6890e924fe5d8b5afd2bec0f","name":"P\u00e9ricles C\u00e2ndido","image":{"@type":"ImageObject","inLanguage":"pt-BR","@id":"https:\/\/acrimat.org.br\/portal\/#\/schema\/person\/image\/","url":"https:\/\/secure.gravatar.com\/avatar\/33e2a2b971dc363ed2df53d0d3bfbd18?s=96&d=mm&r=g","contentUrl":"https:\/\/secure.gravatar.com\/avatar\/33e2a2b971dc363ed2df53d0d3bfbd18?s=96&d=mm&r=g","caption":"P\u00e9ricles C\u00e2ndido"},"sameAs":["ascom@acrimat.org.br"],"url":"https:\/\/acrimat.org.br\/portal\/author\/designergrafico\/"}]}},"_links":{"self":[{"href":"https:\/\/acrimat.org.br\/portal\/wp-json\/wp\/v2\/posts\/97985111","targetHints":{"allow":["GET"]}}],"collection":[{"href":"https:\/\/acrimat.org.br\/portal\/wp-json\/wp\/v2\/posts"}],"about":[{"href":"https:\/\/acrimat.org.br\/portal\/wp-json\/wp\/v2\/types\/post"}],"author":[{"embeddable":true,"href":"https:\/\/acrimat.org.br\/portal\/wp-json\/wp\/v2\/users\/11"}],"replies":[{"embeddable":true,"href":"https:\/\/acrimat.org.br\/portal\/wp-json\/wp\/v2\/comments?post=97985111"}],"version-history":[{"count":2,"href":"https:\/\/acrimat.org.br\/portal\/wp-json\/wp\/v2\/posts\/97985111\/revisions"}],"predecessor-version":[{"id":97985124,"href":"https:\/\/acrimat.org.br\/portal\/wp-json\/wp\/v2\/posts\/97985111\/revisions\/97985124"}],"wp:featuredmedia":[{"embeddable":true,"href":"https:\/\/acrimat.org.br\/portal\/wp-json\/wp\/v2\/media\/97985123"}],"wp:attachment":[{"href":"https:\/\/acrimat.org.br\/portal\/wp-json\/wp\/v2\/media?parent=97985111"}],"wp:term":[{"taxonomy":"category","embeddable":true,"href":"https:\/\/acrimat.org.br\/portal\/wp-json\/wp\/v2\/categories?post=97985111"},{"taxonomy":"post_tag","embeddable":true,"href":"https:\/\/acrimat.org.br\/portal\/wp-json\/wp\/v2\/tags?post=97985111"}],"curies":[{"name":"wp","href":"https:\/\/api.w.org\/{rel}","templated":true}]}}