{"id":97985117,"date":"2017-12-01T09:00:22","date_gmt":"2017-12-01T12:00:22","guid":{"rendered":"http:\/\/acrimat.org.br\/portal\/?p=97985117"},"modified":"2017-12-01T09:00:22","modified_gmt":"2017-12-01T12:00:22","slug":"com-oferta-curta-e-recuperacao-no-preco-da-carne-a-cotacao-da-arroba-esta-firme","status":"publish","type":"post","link":"https:\/\/acrimat.org.br\/portal\/com-oferta-curta-e-recuperacao-no-preco-da-carne-a-cotacao-da-arroba-esta-firme\/","title":{"rendered":"Com oferta curta e recupera\u00e7\u00e3o no pre\u00e7o da carne, a cota\u00e7\u00e3o da arroba est\u00e1 firme"},"content":{"rendered":"<p>Ofertas de compra em pre\u00e7os crescentes e neg\u00f3cios fechados com cota\u00e7\u00f5es mais altas s\u00e3o uma realidade no mercado do boi.<\/p>\n<p>Com isso, h\u00e1 uma cont\u00ednua press\u00e3o de reajustes das refer\u00eancias para os bovinos terminados.<\/p>\n<p>Em S\u00e3o Paulo, no acumulado de novembro, a arroba subiu R$ 6,50 ou 4,7%. Esta varia\u00e7\u00e3o retrata bem o quadro vigente, de firmeza.<\/p>\n<p>Este cen\u00e1rio \u00e9 consequ\u00eancia de uma oferta que se mostra restrita, sobretudo em regi\u00f5es em que o confinamento n\u00e3o \u00e9 uma pr\u00e1tica comum.<\/p>\n<p>A disponibilidade de bovinos terminados em pasto \u00e9 muito baixa, t\u00edpica da \u00e9poca do ano. Esta situa\u00e7\u00e3o foi refor\u00e7ada pelo atraso na chegada das chuvas nesta temporada. A oferta de bovinos confinados se apresenta de forma irregular.<\/p>\n<p>No mercado atacadista de carne bovina os pre\u00e7os tamb\u00e9m foram reajustados. As valoriza\u00e7\u00f5es semanais para a carne com osso (boi casado) e sem osso foram de 1,7% e 0,9%, respectivamente.<\/p>\n<p>Clique <a href=\"https:\/\/www.noticiasagricolas.com.br\/cotacoes\/boi\"><span style=\"color: #0000ff;\"><strong>AQUI<\/strong> <\/span><\/a>e confira as cota\u00e7\u00f5es do boi.<\/p>\n<p>Scot Consultoria<\/p>\n","protected":false},"excerpt":{"rendered":"<p>Cen\u00e1rio \u00e9 consequ\u00eancia de uma oferta que se mostra restrita, sobretudo em regi\u00f5es em que o confinamento n\u00e3o \u00e9 uma pr\u00e1tica comum<\/p>\n","protected":false},"author":11,"featured_media":97985118,"comment_status":"closed","ping_status":"closed","sticky":false,"template":"","format":"standard","meta":{"footnotes":""},"categories":[6,1],"tags":[],"class_list":["post-97985117","post","type-post","status-publish","format-standard","has-post-thumbnail","hentry","category-destaque","category-noticia"],"yoast_head":"<!-- This site is optimized with the Yoast SEO plugin v24.8.1 - https:\/\/yoast.com\/wordpress\/plugins\/seo\/ -->\n<title>Com oferta curta e recupera\u00e7\u00e3o no pre\u00e7o da carne, a cota\u00e7\u00e3o da arroba est\u00e1 firme - Acrimat<\/title>\n<meta name=\"robots\" content=\"index, follow, max-snippet:-1, max-image-preview:large, max-video-preview:-1\" \/>\n<link rel=\"canonical\" href=\"https:\/\/acrimat.org.br\/portal\/com-oferta-curta-e-recuperacao-no-preco-da-carne-a-cotacao-da-arroba-esta-firme\/\" \/>\n<meta property=\"og:locale\" content=\"pt_BR\" \/>\n<meta property=\"og:type\" content=\"article\" \/>\n<meta property=\"og:title\" content=\"Com oferta curta e recupera\u00e7\u00e3o no pre\u00e7o da carne, a cota\u00e7\u00e3o da arroba est\u00e1 firme - Acrimat\" \/>\n<meta property=\"og:description\" content=\"Cen\u00e1rio \u00e9 consequ\u00eancia de uma oferta que se mostra restrita, sobretudo em regi\u00f5es em que o confinamento n\u00e3o \u00e9 uma pr\u00e1tica comum\" \/>\n<meta property=\"og:url\" content=\"https:\/\/acrimat.org.br\/portal\/com-oferta-curta-e-recuperacao-no-preco-da-carne-a-cotacao-da-arroba-esta-firme\/\" \/>\n<meta property=\"og:site_name\" content=\"Acrimat\" \/>\n<meta property=\"article:published_time\" content=\"2017-12-01T12:00:22+00:00\" \/>\n<meta property=\"og:image\" content=\"https:\/\/acrimat.org.br\/portal\/wp-content\/uploads\/2017\/12\/gados01.jpg\" \/>\n\t<meta property=\"og:image:width\" content=\"600\" \/>\n\t<meta property=\"og:image:height\" content=\"400\" \/>\n\t<meta property=\"og:image:type\" content=\"image\/jpeg\" \/>\n<meta name=\"author\" content=\"P\u00e9ricles C\u00e2ndido\" \/>\n<meta name=\"twitter:card\" content=\"summary_large_image\" \/>\n<meta name=\"twitter:label1\" content=\"Escrito por\" \/>\n\t<meta name=\"twitter:data1\" content=\"P\u00e9ricles C\u00e2ndido\" \/>\n\t<meta name=\"twitter:label2\" content=\"Est. tempo de leitura\" \/>\n\t<meta name=\"twitter:data2\" content=\"1 minuto\" \/>\n<script type=\"application\/ld+json\" class=\"yoast-schema-graph\">{\"@context\":\"https:\/\/schema.org\",\"@graph\":[{\"@type\":\"Article\",\"@id\":\"https:\/\/acrimat.org.br\/portal\/com-oferta-curta-e-recuperacao-no-preco-da-carne-a-cotacao-da-arroba-esta-firme\/#article\",\"isPartOf\":{\"@id\":\"https:\/\/acrimat.org.br\/portal\/com-oferta-curta-e-recuperacao-no-preco-da-carne-a-cotacao-da-arroba-esta-firme\/\"},\"author\":{\"name\":\"P\u00e9ricles C\u00e2ndido\",\"@id\":\"https:\/\/acrimat.org.br\/portal\/#\/schema\/person\/18df8bcf6890e924fe5d8b5afd2bec0f\"},\"headline\":\"Com oferta curta e recupera\u00e7\u00e3o no pre\u00e7o da carne, a cota\u00e7\u00e3o da arroba est\u00e1 firme\",\"datePublished\":\"2017-12-01T12:00:22+00:00\",\"mainEntityOfPage\":{\"@id\":\"https:\/\/acrimat.org.br\/portal\/com-oferta-curta-e-recuperacao-no-preco-da-carne-a-cotacao-da-arroba-esta-firme\/\"},\"wordCount\":189,\"publisher\":{\"@id\":\"https:\/\/acrimat.org.br\/portal\/#organization\"},\"image\":{\"@id\":\"https:\/\/acrimat.org.br\/portal\/com-oferta-curta-e-recuperacao-no-preco-da-carne-a-cotacao-da-arroba-esta-firme\/#primaryimage\"},\"thumbnailUrl\":\"https:\/\/acrimat.org.br\/portal\/wp-content\/uploads\/2017\/12\/gados01.jpg\",\"articleSection\":[\"Destaques\",\"Not\u00edcias\"],\"inLanguage\":\"pt-BR\"},{\"@type\":\"WebPage\",\"@id\":\"https:\/\/acrimat.org.br\/portal\/com-oferta-curta-e-recuperacao-no-preco-da-carne-a-cotacao-da-arroba-esta-firme\/\",\"url\":\"https:\/\/acrimat.org.br\/portal\/com-oferta-curta-e-recuperacao-no-preco-da-carne-a-cotacao-da-arroba-esta-firme\/\",\"name\":\"Com oferta curta e recupera\u00e7\u00e3o no pre\u00e7o da carne, a cota\u00e7\u00e3o da arroba est\u00e1 firme - Acrimat\",\"isPartOf\":{\"@id\":\"https:\/\/acrimat.org.br\/portal\/#website\"},\"primaryImageOfPage\":{\"@id\":\"https:\/\/acrimat.org.br\/portal\/com-oferta-curta-e-recuperacao-no-preco-da-carne-a-cotacao-da-arroba-esta-firme\/#primaryimage\"},\"image\":{\"@id\":\"https:\/\/acrimat.org.br\/portal\/com-oferta-curta-e-recuperacao-no-preco-da-carne-a-cotacao-da-arroba-esta-firme\/#primaryimage\"},\"thumbnailUrl\":\"https:\/\/acrimat.org.br\/portal\/wp-content\/uploads\/2017\/12\/gados01.jpg\",\"datePublished\":\"2017-12-01T12:00:22+00:00\",\"breadcrumb\":{\"@id\":\"https:\/\/acrimat.org.br\/portal\/com-oferta-curta-e-recuperacao-no-preco-da-carne-a-cotacao-da-arroba-esta-firme\/#breadcrumb\"},\"inLanguage\":\"pt-BR\",\"potentialAction\":[{\"@type\":\"ReadAction\",\"target\":[\"https:\/\/acrimat.org.br\/portal\/com-oferta-curta-e-recuperacao-no-preco-da-carne-a-cotacao-da-arroba-esta-firme\/\"]}]},{\"@type\":\"ImageObject\",\"inLanguage\":\"pt-BR\",\"@id\":\"https:\/\/acrimat.org.br\/portal\/com-oferta-curta-e-recuperacao-no-preco-da-carne-a-cotacao-da-arroba-esta-firme\/#primaryimage\",\"url\":\"https:\/\/acrimat.org.br\/portal\/wp-content\/uploads\/2017\/12\/gados01.jpg\",\"contentUrl\":\"https:\/\/acrimat.org.br\/portal\/wp-content\/uploads\/2017\/12\/gados01.jpg\",\"width\":600,\"height\":400},{\"@type\":\"BreadcrumbList\",\"@id\":\"https:\/\/acrimat.org.br\/portal\/com-oferta-curta-e-recuperacao-no-preco-da-carne-a-cotacao-da-arroba-esta-firme\/#breadcrumb\",\"itemListElement\":[{\"@type\":\"ListItem\",\"position\":1,\"name\":\"In\u00edcio\",\"item\":\"https:\/\/acrimat.org.br\/portal\/\"},{\"@type\":\"ListItem\",\"position\":2,\"name\":\"Com oferta curta e recupera\u00e7\u00e3o no pre\u00e7o da carne, a cota\u00e7\u00e3o da arroba est\u00e1 firme\"}]},{\"@type\":\"WebSite\",\"@id\":\"https:\/\/acrimat.org.br\/portal\/#website\",\"url\":\"https:\/\/acrimat.org.br\/portal\/\",\"name\":\"Acrimat\",\"description\":\"Associa\u00e7\u00e3o dos Criadores de Mato Grosso\",\"publisher\":{\"@id\":\"https:\/\/acrimat.org.br\/portal\/#organization\"},\"potentialAction\":[{\"@type\":\"SearchAction\",\"target\":{\"@type\":\"EntryPoint\",\"urlTemplate\":\"https:\/\/acrimat.org.br\/portal\/?s={search_term_string}\"},\"query-input\":{\"@type\":\"PropertyValueSpecification\",\"valueRequired\":true,\"valueName\":\"search_term_string\"}}],\"inLanguage\":\"pt-BR\"},{\"@type\":\"Organization\",\"@id\":\"https:\/\/acrimat.org.br\/portal\/#organization\",\"name\":\"Associa\u00e7\u00e3o dos Criadores de Mato Grosso\",\"url\":\"https:\/\/acrimat.org.br\/portal\/\",\"logo\":{\"@type\":\"ImageObject\",\"inLanguage\":\"pt-BR\",\"@id\":\"https:\/\/acrimat.org.br\/portal\/#\/schema\/logo\/image\/\",\"url\":\"https:\/\/acrimat.org.br\/portal\/wp-content\/uploads\/2018\/03\/logo-peq-original.png\",\"contentUrl\":\"https:\/\/acrimat.org.br\/portal\/wp-content\/uploads\/2018\/03\/logo-peq-original.png\",\"width\":174,\"height\":171,\"caption\":\"Associa\u00e7\u00e3o dos Criadores de Mato Grosso\"},\"image\":{\"@id\":\"https:\/\/acrimat.org.br\/portal\/#\/schema\/logo\/image\/\"}},{\"@type\":\"Person\",\"@id\":\"https:\/\/acrimat.org.br\/portal\/#\/schema\/person\/18df8bcf6890e924fe5d8b5afd2bec0f\",\"name\":\"P\u00e9ricles C\u00e2ndido\",\"image\":{\"@type\":\"ImageObject\",\"inLanguage\":\"pt-BR\",\"@id\":\"https:\/\/acrimat.org.br\/portal\/#\/schema\/person\/image\/\",\"url\":\"https:\/\/secure.gravatar.com\/avatar\/33e2a2b971dc363ed2df53d0d3bfbd18?s=96&d=mm&r=g\",\"contentUrl\":\"https:\/\/secure.gravatar.com\/avatar\/33e2a2b971dc363ed2df53d0d3bfbd18?s=96&d=mm&r=g\",\"caption\":\"P\u00e9ricles C\u00e2ndido\"},\"sameAs\":[\"ascom@acrimat.org.br\"],\"url\":\"https:\/\/acrimat.org.br\/portal\/author\/designergrafico\/\"}]}<\/script>\n<!-- \/ Yoast SEO plugin. -->","yoast_head_json":{"title":"Com oferta curta e recupera\u00e7\u00e3o no pre\u00e7o da carne, a cota\u00e7\u00e3o da arroba est\u00e1 firme - Acrimat","robots":{"index":"index","follow":"follow","max-snippet":"max-snippet:-1","max-image-preview":"max-image-preview:large","max-video-preview":"max-video-preview:-1"},"canonical":"https:\/\/acrimat.org.br\/portal\/com-oferta-curta-e-recuperacao-no-preco-da-carne-a-cotacao-da-arroba-esta-firme\/","og_locale":"pt_BR","og_type":"article","og_title":"Com oferta curta e recupera\u00e7\u00e3o no pre\u00e7o da carne, a cota\u00e7\u00e3o da arroba est\u00e1 firme - Acrimat","og_description":"Cen\u00e1rio \u00e9 consequ\u00eancia de uma oferta que se mostra restrita, sobretudo em regi\u00f5es em que o confinamento n\u00e3o \u00e9 uma pr\u00e1tica comum","og_url":"https:\/\/acrimat.org.br\/portal\/com-oferta-curta-e-recuperacao-no-preco-da-carne-a-cotacao-da-arroba-esta-firme\/","og_site_name":"Acrimat","article_published_time":"2017-12-01T12:00:22+00:00","og_image":[{"width":600,"height":400,"url":"https:\/\/acrimat.org.br\/portal\/wp-content\/uploads\/2017\/12\/gados01.jpg","type":"image\/jpeg"}],"author":"P\u00e9ricles C\u00e2ndido","twitter_card":"summary_large_image","twitter_misc":{"Escrito por":"P\u00e9ricles C\u00e2ndido","Est. tempo de leitura":"1 minuto"},"schema":{"@context":"https:\/\/schema.org","@graph":[{"@type":"Article","@id":"https:\/\/acrimat.org.br\/portal\/com-oferta-curta-e-recuperacao-no-preco-da-carne-a-cotacao-da-arroba-esta-firme\/#article","isPartOf":{"@id":"https:\/\/acrimat.org.br\/portal\/com-oferta-curta-e-recuperacao-no-preco-da-carne-a-cotacao-da-arroba-esta-firme\/"},"author":{"name":"P\u00e9ricles C\u00e2ndido","@id":"https:\/\/acrimat.org.br\/portal\/#\/schema\/person\/18df8bcf6890e924fe5d8b5afd2bec0f"},"headline":"Com oferta curta e recupera\u00e7\u00e3o no pre\u00e7o da carne, a cota\u00e7\u00e3o da arroba est\u00e1 firme","datePublished":"2017-12-01T12:00:22+00:00","mainEntityOfPage":{"@id":"https:\/\/acrimat.org.br\/portal\/com-oferta-curta-e-recuperacao-no-preco-da-carne-a-cotacao-da-arroba-esta-firme\/"},"wordCount":189,"publisher":{"@id":"https:\/\/acrimat.org.br\/portal\/#organization"},"image":{"@id":"https:\/\/acrimat.org.br\/portal\/com-oferta-curta-e-recuperacao-no-preco-da-carne-a-cotacao-da-arroba-esta-firme\/#primaryimage"},"thumbnailUrl":"https:\/\/acrimat.org.br\/portal\/wp-content\/uploads\/2017\/12\/gados01.jpg","articleSection":["Destaques","Not\u00edcias"],"inLanguage":"pt-BR"},{"@type":"WebPage","@id":"https:\/\/acrimat.org.br\/portal\/com-oferta-curta-e-recuperacao-no-preco-da-carne-a-cotacao-da-arroba-esta-firme\/","url":"https:\/\/acrimat.org.br\/portal\/com-oferta-curta-e-recuperacao-no-preco-da-carne-a-cotacao-da-arroba-esta-firme\/","name":"Com oferta curta e recupera\u00e7\u00e3o no pre\u00e7o da carne, a cota\u00e7\u00e3o da arroba est\u00e1 firme - Acrimat","isPartOf":{"@id":"https:\/\/acrimat.org.br\/portal\/#website"},"primaryImageOfPage":{"@id":"https:\/\/acrimat.org.br\/portal\/com-oferta-curta-e-recuperacao-no-preco-da-carne-a-cotacao-da-arroba-esta-firme\/#primaryimage"},"image":{"@id":"https:\/\/acrimat.org.br\/portal\/com-oferta-curta-e-recuperacao-no-preco-da-carne-a-cotacao-da-arroba-esta-firme\/#primaryimage"},"thumbnailUrl":"https:\/\/acrimat.org.br\/portal\/wp-content\/uploads\/2017\/12\/gados01.jpg","datePublished":"2017-12-01T12:00:22+00:00","breadcrumb":{"@id":"https:\/\/acrimat.org.br\/portal\/com-oferta-curta-e-recuperacao-no-preco-da-carne-a-cotacao-da-arroba-esta-firme\/#breadcrumb"},"inLanguage":"pt-BR","potentialAction":[{"@type":"ReadAction","target":["https:\/\/acrimat.org.br\/portal\/com-oferta-curta-e-recuperacao-no-preco-da-carne-a-cotacao-da-arroba-esta-firme\/"]}]},{"@type":"ImageObject","inLanguage":"pt-BR","@id":"https:\/\/acrimat.org.br\/portal\/com-oferta-curta-e-recuperacao-no-preco-da-carne-a-cotacao-da-arroba-esta-firme\/#primaryimage","url":"https:\/\/acrimat.org.br\/portal\/wp-content\/uploads\/2017\/12\/gados01.jpg","contentUrl":"https:\/\/acrimat.org.br\/portal\/wp-content\/uploads\/2017\/12\/gados01.jpg","width":600,"height":400},{"@type":"BreadcrumbList","@id":"https:\/\/acrimat.org.br\/portal\/com-oferta-curta-e-recuperacao-no-preco-da-carne-a-cotacao-da-arroba-esta-firme\/#breadcrumb","itemListElement":[{"@type":"ListItem","position":1,"name":"In\u00edcio","item":"https:\/\/acrimat.org.br\/portal\/"},{"@type":"ListItem","position":2,"name":"Com oferta curta e recupera\u00e7\u00e3o no pre\u00e7o da carne, a cota\u00e7\u00e3o da arroba est\u00e1 firme"}]},{"@type":"WebSite","@id":"https:\/\/acrimat.org.br\/portal\/#website","url":"https:\/\/acrimat.org.br\/portal\/","name":"Acrimat","description":"Associa\u00e7\u00e3o dos Criadores de Mato Grosso","publisher":{"@id":"https:\/\/acrimat.org.br\/portal\/#organization"},"potentialAction":[{"@type":"SearchAction","target":{"@type":"EntryPoint","urlTemplate":"https:\/\/acrimat.org.br\/portal\/?s={search_term_string}"},"query-input":{"@type":"PropertyValueSpecification","valueRequired":true,"valueName":"search_term_string"}}],"inLanguage":"pt-BR"},{"@type":"Organization","@id":"https:\/\/acrimat.org.br\/portal\/#organization","name":"Associa\u00e7\u00e3o dos Criadores de Mato Grosso","url":"https:\/\/acrimat.org.br\/portal\/","logo":{"@type":"ImageObject","inLanguage":"pt-BR","@id":"https:\/\/acrimat.org.br\/portal\/#\/schema\/logo\/image\/","url":"https:\/\/acrimat.org.br\/portal\/wp-content\/uploads\/2018\/03\/logo-peq-original.png","contentUrl":"https:\/\/acrimat.org.br\/portal\/wp-content\/uploads\/2018\/03\/logo-peq-original.png","width":174,"height":171,"caption":"Associa\u00e7\u00e3o dos Criadores de Mato Grosso"},"image":{"@id":"https:\/\/acrimat.org.br\/portal\/#\/schema\/logo\/image\/"}},{"@type":"Person","@id":"https:\/\/acrimat.org.br\/portal\/#\/schema\/person\/18df8bcf6890e924fe5d8b5afd2bec0f","name":"P\u00e9ricles C\u00e2ndido","image":{"@type":"ImageObject","inLanguage":"pt-BR","@id":"https:\/\/acrimat.org.br\/portal\/#\/schema\/person\/image\/","url":"https:\/\/secure.gravatar.com\/avatar\/33e2a2b971dc363ed2df53d0d3bfbd18?s=96&d=mm&r=g","contentUrl":"https:\/\/secure.gravatar.com\/avatar\/33e2a2b971dc363ed2df53d0d3bfbd18?s=96&d=mm&r=g","caption":"P\u00e9ricles C\u00e2ndido"},"sameAs":["ascom@acrimat.org.br"],"url":"https:\/\/acrimat.org.br\/portal\/author\/designergrafico\/"}]}},"_links":{"self":[{"href":"https:\/\/acrimat.org.br\/portal\/wp-json\/wp\/v2\/posts\/97985117","targetHints":{"allow":["GET"]}}],"collection":[{"href":"https:\/\/acrimat.org.br\/portal\/wp-json\/wp\/v2\/posts"}],"about":[{"href":"https:\/\/acrimat.org.br\/portal\/wp-json\/wp\/v2\/types\/post"}],"author":[{"embeddable":true,"href":"https:\/\/acrimat.org.br\/portal\/wp-json\/wp\/v2\/users\/11"}],"replies":[{"embeddable":true,"href":"https:\/\/acrimat.org.br\/portal\/wp-json\/wp\/v2\/comments?post=97985117"}],"version-history":[{"count":1,"href":"https:\/\/acrimat.org.br\/portal\/wp-json\/wp\/v2\/posts\/97985117\/revisions"}],"predecessor-version":[{"id":97985119,"href":"https:\/\/acrimat.org.br\/portal\/wp-json\/wp\/v2\/posts\/97985117\/revisions\/97985119"}],"wp:featuredmedia":[{"embeddable":true,"href":"https:\/\/acrimat.org.br\/portal\/wp-json\/wp\/v2\/media\/97985118"}],"wp:attachment":[{"href":"https:\/\/acrimat.org.br\/portal\/wp-json\/wp\/v2\/media?parent=97985117"}],"wp:term":[{"taxonomy":"category","embeddable":true,"href":"https:\/\/acrimat.org.br\/portal\/wp-json\/wp\/v2\/categories?post=97985117"},{"taxonomy":"post_tag","embeddable":true,"href":"https:\/\/acrimat.org.br\/portal\/wp-json\/wp\/v2\/tags?post=97985117"}],"curies":[{"name":"wp","href":"https:\/\/api.w.org\/{rel}","templated":true}]}}