{"id":97985120,"date":"2017-12-01T09:01:24","date_gmt":"2017-12-01T12:01:24","guid":{"rendered":"http:\/\/acrimat.org.br\/portal\/?p=97985120"},"modified":"2017-12-01T09:01:28","modified_gmt":"2017-12-01T12:01:28","slug":"cna-e-abiec-assinam-acordo-de-cooperacao-tecnica","status":"publish","type":"post","link":"https:\/\/acrimat.org.br\/portal\/cna-e-abiec-assinam-acordo-de-cooperacao-tecnica\/","title":{"rendered":"CNA e Abiec assinam acordo de coopera\u00e7\u00e3o t\u00e9cnica"},"content":{"rendered":"<p>A Confedera\u00e7\u00e3o da Agricultura e Pecu\u00e1ria do Brasil, por meio do Instituto CNA, e a Associa\u00e7\u00e3o Brasileira das Ind\u00fastrias Exportadoras de Carnes (Abiec) assinaram nesta quarta-feira, 29, em Bras\u00edlia, o acordo de coopera\u00e7\u00e3o t\u00e9cnica para transferir para o setor produtivo a gest\u00e3o do sistema de banco de dados dos rebanhos bovino e bubalino do pa\u00eds.<\/p>\n<p>Na pr\u00e1tica, a CNA passa a auxiliar o Minist\u00e9rio da Agricultura, Pecu\u00e1ria e Abastecimento (Mapa) na operacionaliza\u00e7\u00e3o da Base Nacional de Dados do Servi\u00e7o Brasileiro de Rastreabilidade da Cadeia Produtiva de Bovinos e Bubalinos (BND\/Sisbov).<\/p>\n<p>O presidente da Confedera\u00e7\u00e3o, Jo\u00e3o Martins, afirmou que a assinatura desse acordo \u00e9 o resultado de um trabalho m\u00fatuo para gerar resultados ao setor. \u201cA bandeira dessa casa \u00e9 trazer pessoas que queiram colaborar em benef\u00edcio aos produtores rurais\u201d.<\/p>\n<p>Para o presidente da Abiec, Ant\u00f4nio Camardelli, o acordo potencializa a capacidade de solu\u00e7\u00f5es dos problemas do setor produtivo e traz mais dinamismo ao sistema. \u201cA CNA tem grande potencial para gerenciar o Sisbov junto ao Minist\u00e9rio\u201d.<\/p>\n<p>Ap\u00f3s a assinatura do acordo, t\u00e9cnicos da CNA e do Instituto entregaram ao secret\u00e1rio de Defesa Agropecu\u00e1ria do Mapa, Luis Rangel, o of\u00edcio em resposta \u00e0 demanda do Minist\u00e9rio sobre o apoio operacional do BND\/Sisbov e o Plano de Trabalho para capacitar t\u00e9cnicos da CNA com rela\u00e7\u00e3o a operacionaliza\u00e7\u00e3o do sistema.<\/p>\n<p>\u201cDesde a cria\u00e7\u00e3o do Sistema que h\u00e1 uma necessidade de fazer um trabalho coordenado pelos setores p\u00fablico e privado, para que pud\u00e9ssemos demonstrar que existe rastreabilidade e confiabilidade nos produtos brasileiros. Hoje \u00e9 um marco hist\u00f3rico, pois conseguimos achar um protocolo que \u00e9 convergente ao que j\u00e1 existe\u201d.<\/p>\n<p>De acordo com assessor t\u00e9cnico do ICNA, Paulo Costa, o pr\u00f3ximo passo \u00e9 a publica\u00e7\u00e3o de uma Instru\u00e7\u00e3o Normativa que determinar\u00e1 a transi\u00e7\u00e3o da operacionaliza\u00e7\u00e3o do Sisbov do Mapa para a CNA, al\u00e9m da flexibiliza\u00e7\u00e3o de regras da IN 17 (Instru\u00e7\u00e3o Normativa).<\/p>\n<p><strong>A transfer\u00eancia \u2013<\/strong> A mudan\u00e7a da gest\u00e3o do BND\/Sisbov foi solicitada pelo ministro da Agricultura, Blairo Maggi, com base no Decreto N\u00ba 7.623\/2011, que atribui \u00e0 CNA a gest\u00e3o dos protocolos de rastreabilidade de ades\u00e3o volunt\u00e1ria. \u201cA justificativa foi de que todas as a\u00e7\u00f5es relacionadas \u00e0 exporta\u00e7\u00e3o de carne devem ficar a cargo da iniciativa privada, enquanto a fiscaliza\u00e7\u00e3o permanece no Minist\u00e9rio\u201d, disse o Secret\u00e1rio-Executivo do Instituto CNA, Andr\u00e9 Sanches.<\/p>\n<p>O objetivo do Sisbov \u00e9 registrar e identificar o rebanho bovino e bubalino brasileiro, possibilitando o rastreamento do animal desde a desmama at\u00e9 o abate. A ades\u00e3o ao servi\u00e7o pelos produtores rurais \u00e9 volunt\u00e1ria, mas no caso de comercializa\u00e7\u00e3o desse tipo de carne para mercados que exijam a rastreabilidade a ades\u00e3o se torna obrigat\u00f3ria.<\/p>\n<p>Todos os bovinos e bubalinos de estabelecimentos aprovados no Sisbov ser\u00e3o identificados e cadastrados individualmente na base de dados, com o registro de todos os insumos utilizados durante o processo produtivo.<\/p>\n","protected":false},"excerpt":{"rendered":"<p>Objetivo \u00e9 transferir para o setor produtivo a gest\u00e3o do sistema de banco de dados dos rebanhos bovino e bubalino<\/p>\n","protected":false},"author":11,"featured_media":97985121,"comment_status":"closed","ping_status":"closed","sticky":false,"template":"","format":"standard","meta":{"footnotes":""},"categories":[6,1],"tags":[],"class_list":["post-97985120","post","type-post","status-publish","format-standard","has-post-thumbnail","hentry","category-destaque","category-noticia"],"yoast_head":"<!-- This site is optimized with the Yoast SEO plugin v24.8.1 - https:\/\/yoast.com\/wordpress\/plugins\/seo\/ -->\n<title>CNA e Abiec assinam acordo de coopera\u00e7\u00e3o t\u00e9cnica - Acrimat<\/title>\n<meta name=\"robots\" content=\"index, follow, max-snippet:-1, max-image-preview:large, max-video-preview:-1\" \/>\n<link rel=\"canonical\" href=\"https:\/\/acrimat.org.br\/portal\/cna-e-abiec-assinam-acordo-de-cooperacao-tecnica\/\" \/>\n<meta property=\"og:locale\" content=\"pt_BR\" \/>\n<meta property=\"og:type\" content=\"article\" \/>\n<meta property=\"og:title\" content=\"CNA e Abiec assinam acordo de coopera\u00e7\u00e3o t\u00e9cnica - Acrimat\" \/>\n<meta property=\"og:description\" content=\"Objetivo \u00e9 transferir para o setor produtivo a gest\u00e3o do sistema de banco de dados dos rebanhos bovino e bubalino\" \/>\n<meta property=\"og:url\" content=\"https:\/\/acrimat.org.br\/portal\/cna-e-abiec-assinam-acordo-de-cooperacao-tecnica\/\" \/>\n<meta property=\"og:site_name\" content=\"Acrimat\" \/>\n<meta property=\"article:published_time\" content=\"2017-12-01T12:01:24+00:00\" \/>\n<meta property=\"article:modified_time\" content=\"2017-12-01T12:01:28+00:00\" \/>\n<meta property=\"og:image\" content=\"https:\/\/acrimat.org.br\/portal\/wp-content\/uploads\/2017\/12\/12670.jpg\" \/>\n\t<meta property=\"og:image:width\" content=\"593\" \/>\n\t<meta property=\"og:image:height\" content=\"290\" \/>\n\t<meta property=\"og:image:type\" content=\"image\/jpeg\" \/>\n<meta name=\"author\" content=\"P\u00e9ricles C\u00e2ndido\" \/>\n<meta name=\"twitter:card\" content=\"summary_large_image\" \/>\n<meta name=\"twitter:label1\" content=\"Escrito por\" \/>\n\t<meta name=\"twitter:data1\" content=\"P\u00e9ricles C\u00e2ndido\" \/>\n\t<meta name=\"twitter:label2\" content=\"Est. tempo de leitura\" \/>\n\t<meta name=\"twitter:data2\" content=\"3 minutos\" \/>\n<script type=\"application\/ld+json\" class=\"yoast-schema-graph\">{\"@context\":\"https:\/\/schema.org\",\"@graph\":[{\"@type\":\"Article\",\"@id\":\"https:\/\/acrimat.org.br\/portal\/cna-e-abiec-assinam-acordo-de-cooperacao-tecnica\/#article\",\"isPartOf\":{\"@id\":\"https:\/\/acrimat.org.br\/portal\/cna-e-abiec-assinam-acordo-de-cooperacao-tecnica\/\"},\"author\":{\"name\":\"P\u00e9ricles C\u00e2ndido\",\"@id\":\"https:\/\/acrimat.org.br\/portal\/#\/schema\/person\/18df8bcf6890e924fe5d8b5afd2bec0f\"},\"headline\":\"CNA e Abiec assinam acordo de coopera\u00e7\u00e3o t\u00e9cnica\",\"datePublished\":\"2017-12-01T12:01:24+00:00\",\"dateModified\":\"2017-12-01T12:01:28+00:00\",\"mainEntityOfPage\":{\"@id\":\"https:\/\/acrimat.org.br\/portal\/cna-e-abiec-assinam-acordo-de-cooperacao-tecnica\/\"},\"wordCount\":522,\"publisher\":{\"@id\":\"https:\/\/acrimat.org.br\/portal\/#organization\"},\"image\":{\"@id\":\"https:\/\/acrimat.org.br\/portal\/cna-e-abiec-assinam-acordo-de-cooperacao-tecnica\/#primaryimage\"},\"thumbnailUrl\":\"https:\/\/acrimat.org.br\/portal\/wp-content\/uploads\/2017\/12\/12670.jpg\",\"articleSection\":[\"Destaques\",\"Not\u00edcias\"],\"inLanguage\":\"pt-BR\"},{\"@type\":\"WebPage\",\"@id\":\"https:\/\/acrimat.org.br\/portal\/cna-e-abiec-assinam-acordo-de-cooperacao-tecnica\/\",\"url\":\"https:\/\/acrimat.org.br\/portal\/cna-e-abiec-assinam-acordo-de-cooperacao-tecnica\/\",\"name\":\"CNA e Abiec assinam acordo de coopera\u00e7\u00e3o t\u00e9cnica - Acrimat\",\"isPartOf\":{\"@id\":\"https:\/\/acrimat.org.br\/portal\/#website\"},\"primaryImageOfPage\":{\"@id\":\"https:\/\/acrimat.org.br\/portal\/cna-e-abiec-assinam-acordo-de-cooperacao-tecnica\/#primaryimage\"},\"image\":{\"@id\":\"https:\/\/acrimat.org.br\/portal\/cna-e-abiec-assinam-acordo-de-cooperacao-tecnica\/#primaryimage\"},\"thumbnailUrl\":\"https:\/\/acrimat.org.br\/portal\/wp-content\/uploads\/2017\/12\/12670.jpg\",\"datePublished\":\"2017-12-01T12:01:24+00:00\",\"dateModified\":\"2017-12-01T12:01:28+00:00\",\"breadcrumb\":{\"@id\":\"https:\/\/acrimat.org.br\/portal\/cna-e-abiec-assinam-acordo-de-cooperacao-tecnica\/#breadcrumb\"},\"inLanguage\":\"pt-BR\",\"potentialAction\":[{\"@type\":\"ReadAction\",\"target\":[\"https:\/\/acrimat.org.br\/portal\/cna-e-abiec-assinam-acordo-de-cooperacao-tecnica\/\"]}]},{\"@type\":\"ImageObject\",\"inLanguage\":\"pt-BR\",\"@id\":\"https:\/\/acrimat.org.br\/portal\/cna-e-abiec-assinam-acordo-de-cooperacao-tecnica\/#primaryimage\",\"url\":\"https:\/\/acrimat.org.br\/portal\/wp-content\/uploads\/2017\/12\/12670.jpg\",\"contentUrl\":\"https:\/\/acrimat.org.br\/portal\/wp-content\/uploads\/2017\/12\/12670.jpg\",\"width\":593,\"height\":290},{\"@type\":\"BreadcrumbList\",\"@id\":\"https:\/\/acrimat.org.br\/portal\/cna-e-abiec-assinam-acordo-de-cooperacao-tecnica\/#breadcrumb\",\"itemListElement\":[{\"@type\":\"ListItem\",\"position\":1,\"name\":\"In\u00edcio\",\"item\":\"https:\/\/acrimat.org.br\/portal\/\"},{\"@type\":\"ListItem\",\"position\":2,\"name\":\"CNA e Abiec assinam acordo de coopera\u00e7\u00e3o t\u00e9cnica\"}]},{\"@type\":\"WebSite\",\"@id\":\"https:\/\/acrimat.org.br\/portal\/#website\",\"url\":\"https:\/\/acrimat.org.br\/portal\/\",\"name\":\"Acrimat\",\"description\":\"Associa\u00e7\u00e3o dos Criadores de Mato Grosso\",\"publisher\":{\"@id\":\"https:\/\/acrimat.org.br\/portal\/#organization\"},\"potentialAction\":[{\"@type\":\"SearchAction\",\"target\":{\"@type\":\"EntryPoint\",\"urlTemplate\":\"https:\/\/acrimat.org.br\/portal\/?s={search_term_string}\"},\"query-input\":{\"@type\":\"PropertyValueSpecification\",\"valueRequired\":true,\"valueName\":\"search_term_string\"}}],\"inLanguage\":\"pt-BR\"},{\"@type\":\"Organization\",\"@id\":\"https:\/\/acrimat.org.br\/portal\/#organization\",\"name\":\"Associa\u00e7\u00e3o dos Criadores de Mato Grosso\",\"url\":\"https:\/\/acrimat.org.br\/portal\/\",\"logo\":{\"@type\":\"ImageObject\",\"inLanguage\":\"pt-BR\",\"@id\":\"https:\/\/acrimat.org.br\/portal\/#\/schema\/logo\/image\/\",\"url\":\"https:\/\/acrimat.org.br\/portal\/wp-content\/uploads\/2018\/03\/logo-peq-original.png\",\"contentUrl\":\"https:\/\/acrimat.org.br\/portal\/wp-content\/uploads\/2018\/03\/logo-peq-original.png\",\"width\":174,\"height\":171,\"caption\":\"Associa\u00e7\u00e3o dos Criadores de Mato Grosso\"},\"image\":{\"@id\":\"https:\/\/acrimat.org.br\/portal\/#\/schema\/logo\/image\/\"}},{\"@type\":\"Person\",\"@id\":\"https:\/\/acrimat.org.br\/portal\/#\/schema\/person\/18df8bcf6890e924fe5d8b5afd2bec0f\",\"name\":\"P\u00e9ricles C\u00e2ndido\",\"image\":{\"@type\":\"ImageObject\",\"inLanguage\":\"pt-BR\",\"@id\":\"https:\/\/acrimat.org.br\/portal\/#\/schema\/person\/image\/\",\"url\":\"https:\/\/secure.gravatar.com\/avatar\/33e2a2b971dc363ed2df53d0d3bfbd18?s=96&d=mm&r=g\",\"contentUrl\":\"https:\/\/secure.gravatar.com\/avatar\/33e2a2b971dc363ed2df53d0d3bfbd18?s=96&d=mm&r=g\",\"caption\":\"P\u00e9ricles C\u00e2ndido\"},\"sameAs\":[\"ascom@acrimat.org.br\"],\"url\":\"https:\/\/acrimat.org.br\/portal\/author\/designergrafico\/\"}]}<\/script>\n<!-- \/ Yoast SEO plugin. -->","yoast_head_json":{"title":"CNA e Abiec assinam acordo de coopera\u00e7\u00e3o t\u00e9cnica - Acrimat","robots":{"index":"index","follow":"follow","max-snippet":"max-snippet:-1","max-image-preview":"max-image-preview:large","max-video-preview":"max-video-preview:-1"},"canonical":"https:\/\/acrimat.org.br\/portal\/cna-e-abiec-assinam-acordo-de-cooperacao-tecnica\/","og_locale":"pt_BR","og_type":"article","og_title":"CNA e Abiec assinam acordo de coopera\u00e7\u00e3o t\u00e9cnica - Acrimat","og_description":"Objetivo \u00e9 transferir para o setor produtivo a gest\u00e3o do sistema de banco de dados dos rebanhos bovino e bubalino","og_url":"https:\/\/acrimat.org.br\/portal\/cna-e-abiec-assinam-acordo-de-cooperacao-tecnica\/","og_site_name":"Acrimat","article_published_time":"2017-12-01T12:01:24+00:00","article_modified_time":"2017-12-01T12:01:28+00:00","og_image":[{"width":593,"height":290,"url":"https:\/\/acrimat.org.br\/portal\/wp-content\/uploads\/2017\/12\/12670.jpg","type":"image\/jpeg"}],"author":"P\u00e9ricles C\u00e2ndido","twitter_card":"summary_large_image","twitter_misc":{"Escrito por":"P\u00e9ricles C\u00e2ndido","Est. tempo de leitura":"3 minutos"},"schema":{"@context":"https:\/\/schema.org","@graph":[{"@type":"Article","@id":"https:\/\/acrimat.org.br\/portal\/cna-e-abiec-assinam-acordo-de-cooperacao-tecnica\/#article","isPartOf":{"@id":"https:\/\/acrimat.org.br\/portal\/cna-e-abiec-assinam-acordo-de-cooperacao-tecnica\/"},"author":{"name":"P\u00e9ricles C\u00e2ndido","@id":"https:\/\/acrimat.org.br\/portal\/#\/schema\/person\/18df8bcf6890e924fe5d8b5afd2bec0f"},"headline":"CNA e Abiec assinam acordo de coopera\u00e7\u00e3o t\u00e9cnica","datePublished":"2017-12-01T12:01:24+00:00","dateModified":"2017-12-01T12:01:28+00:00","mainEntityOfPage":{"@id":"https:\/\/acrimat.org.br\/portal\/cna-e-abiec-assinam-acordo-de-cooperacao-tecnica\/"},"wordCount":522,"publisher":{"@id":"https:\/\/acrimat.org.br\/portal\/#organization"},"image":{"@id":"https:\/\/acrimat.org.br\/portal\/cna-e-abiec-assinam-acordo-de-cooperacao-tecnica\/#primaryimage"},"thumbnailUrl":"https:\/\/acrimat.org.br\/portal\/wp-content\/uploads\/2017\/12\/12670.jpg","articleSection":["Destaques","Not\u00edcias"],"inLanguage":"pt-BR"},{"@type":"WebPage","@id":"https:\/\/acrimat.org.br\/portal\/cna-e-abiec-assinam-acordo-de-cooperacao-tecnica\/","url":"https:\/\/acrimat.org.br\/portal\/cna-e-abiec-assinam-acordo-de-cooperacao-tecnica\/","name":"CNA e Abiec assinam acordo de coopera\u00e7\u00e3o t\u00e9cnica - Acrimat","isPartOf":{"@id":"https:\/\/acrimat.org.br\/portal\/#website"},"primaryImageOfPage":{"@id":"https:\/\/acrimat.org.br\/portal\/cna-e-abiec-assinam-acordo-de-cooperacao-tecnica\/#primaryimage"},"image":{"@id":"https:\/\/acrimat.org.br\/portal\/cna-e-abiec-assinam-acordo-de-cooperacao-tecnica\/#primaryimage"},"thumbnailUrl":"https:\/\/acrimat.org.br\/portal\/wp-content\/uploads\/2017\/12\/12670.jpg","datePublished":"2017-12-01T12:01:24+00:00","dateModified":"2017-12-01T12:01:28+00:00","breadcrumb":{"@id":"https:\/\/acrimat.org.br\/portal\/cna-e-abiec-assinam-acordo-de-cooperacao-tecnica\/#breadcrumb"},"inLanguage":"pt-BR","potentialAction":[{"@type":"ReadAction","target":["https:\/\/acrimat.org.br\/portal\/cna-e-abiec-assinam-acordo-de-cooperacao-tecnica\/"]}]},{"@type":"ImageObject","inLanguage":"pt-BR","@id":"https:\/\/acrimat.org.br\/portal\/cna-e-abiec-assinam-acordo-de-cooperacao-tecnica\/#primaryimage","url":"https:\/\/acrimat.org.br\/portal\/wp-content\/uploads\/2017\/12\/12670.jpg","contentUrl":"https:\/\/acrimat.org.br\/portal\/wp-content\/uploads\/2017\/12\/12670.jpg","width":593,"height":290},{"@type":"BreadcrumbList","@id":"https:\/\/acrimat.org.br\/portal\/cna-e-abiec-assinam-acordo-de-cooperacao-tecnica\/#breadcrumb","itemListElement":[{"@type":"ListItem","position":1,"name":"In\u00edcio","item":"https:\/\/acrimat.org.br\/portal\/"},{"@type":"ListItem","position":2,"name":"CNA e Abiec assinam acordo de coopera\u00e7\u00e3o t\u00e9cnica"}]},{"@type":"WebSite","@id":"https:\/\/acrimat.org.br\/portal\/#website","url":"https:\/\/acrimat.org.br\/portal\/","name":"Acrimat","description":"Associa\u00e7\u00e3o dos Criadores de Mato Grosso","publisher":{"@id":"https:\/\/acrimat.org.br\/portal\/#organization"},"potentialAction":[{"@type":"SearchAction","target":{"@type":"EntryPoint","urlTemplate":"https:\/\/acrimat.org.br\/portal\/?s={search_term_string}"},"query-input":{"@type":"PropertyValueSpecification","valueRequired":true,"valueName":"search_term_string"}}],"inLanguage":"pt-BR"},{"@type":"Organization","@id":"https:\/\/acrimat.org.br\/portal\/#organization","name":"Associa\u00e7\u00e3o dos Criadores de Mato Grosso","url":"https:\/\/acrimat.org.br\/portal\/","logo":{"@type":"ImageObject","inLanguage":"pt-BR","@id":"https:\/\/acrimat.org.br\/portal\/#\/schema\/logo\/image\/","url":"https:\/\/acrimat.org.br\/portal\/wp-content\/uploads\/2018\/03\/logo-peq-original.png","contentUrl":"https:\/\/acrimat.org.br\/portal\/wp-content\/uploads\/2018\/03\/logo-peq-original.png","width":174,"height":171,"caption":"Associa\u00e7\u00e3o dos Criadores de Mato Grosso"},"image":{"@id":"https:\/\/acrimat.org.br\/portal\/#\/schema\/logo\/image\/"}},{"@type":"Person","@id":"https:\/\/acrimat.org.br\/portal\/#\/schema\/person\/18df8bcf6890e924fe5d8b5afd2bec0f","name":"P\u00e9ricles C\u00e2ndido","image":{"@type":"ImageObject","inLanguage":"pt-BR","@id":"https:\/\/acrimat.org.br\/portal\/#\/schema\/person\/image\/","url":"https:\/\/secure.gravatar.com\/avatar\/33e2a2b971dc363ed2df53d0d3bfbd18?s=96&d=mm&r=g","contentUrl":"https:\/\/secure.gravatar.com\/avatar\/33e2a2b971dc363ed2df53d0d3bfbd18?s=96&d=mm&r=g","caption":"P\u00e9ricles C\u00e2ndido"},"sameAs":["ascom@acrimat.org.br"],"url":"https:\/\/acrimat.org.br\/portal\/author\/designergrafico\/"}]}},"_links":{"self":[{"href":"https:\/\/acrimat.org.br\/portal\/wp-json\/wp\/v2\/posts\/97985120","targetHints":{"allow":["GET"]}}],"collection":[{"href":"https:\/\/acrimat.org.br\/portal\/wp-json\/wp\/v2\/posts"}],"about":[{"href":"https:\/\/acrimat.org.br\/portal\/wp-json\/wp\/v2\/types\/post"}],"author":[{"embeddable":true,"href":"https:\/\/acrimat.org.br\/portal\/wp-json\/wp\/v2\/users\/11"}],"replies":[{"embeddable":true,"href":"https:\/\/acrimat.org.br\/portal\/wp-json\/wp\/v2\/comments?post=97985120"}],"version-history":[{"count":1,"href":"https:\/\/acrimat.org.br\/portal\/wp-json\/wp\/v2\/posts\/97985120\/revisions"}],"predecessor-version":[{"id":97985122,"href":"https:\/\/acrimat.org.br\/portal\/wp-json\/wp\/v2\/posts\/97985120\/revisions\/97985122"}],"wp:featuredmedia":[{"embeddable":true,"href":"https:\/\/acrimat.org.br\/portal\/wp-json\/wp\/v2\/media\/97985121"}],"wp:attachment":[{"href":"https:\/\/acrimat.org.br\/portal\/wp-json\/wp\/v2\/media?parent=97985120"}],"wp:term":[{"taxonomy":"category","embeddable":true,"href":"https:\/\/acrimat.org.br\/portal\/wp-json\/wp\/v2\/categories?post=97985120"},{"taxonomy":"post_tag","embeddable":true,"href":"https:\/\/acrimat.org.br\/portal\/wp-json\/wp\/v2\/tags?post=97985120"}],"curies":[{"name":"wp","href":"https:\/\/api.w.org\/{rel}","templated":true}]}}