{"id":97985144,"date":"2017-12-04T08:42:16","date_gmt":"2017-12-04T11:42:16","guid":{"rendered":"http:\/\/acrimat.org.br\/portal\/?p=97985144"},"modified":"2017-12-04T08:42:16","modified_gmt":"2017-12-04T11:42:16","slug":"pais-teve-maior-valor-de-exportacao-para-meses-de-novembro-dos-ultimos-4-anos","status":"publish","type":"post","link":"https:\/\/acrimat.org.br\/portal\/pais-teve-maior-valor-de-exportacao-para-meses-de-novembro-dos-ultimos-4-anos\/","title":{"rendered":"Pa\u00eds teve maior valor de exporta\u00e7\u00e3o para meses de novembro dos \u00faltimos 4 anos"},"content":{"rendered":"<p>O secret\u00e1rio de Com\u00e9rcio Exterior do Minist\u00e9rio da Ind\u00fastria, Com\u00e9rcio Exterior e Servi\u00e7os (MDIC), Abr\u00e3o Neto, destacou nesta sexta-feira, 1\u00ba de dezembro, que, no m\u00eas passado, o Pa\u00eds registrou o maior valor de exporta\u00e7\u00e3o para meses de novembro dos \u00faltimos quatro anos.<\/p>\n<p>Pelos dados do minist\u00e9rio, as exporta\u00e7\u00f5es somaram US$ 16,688 bilh\u00f5es em novembro, com alta de 2,9% em rela\u00e7\u00e3o ao mesmo m\u00eas do ano passado. Destaque para produtos como soja, milho, min\u00e9rio de ferro e carne bovina.<\/p>\n<p>Abr\u00e3o citou ainda que as importa\u00e7\u00f5es, de US$ 13,142 bilh\u00f5es em novembro (alta de 14,7%), subiram pelo 12\u00ba m\u00eas consecutivo. Novembro teve a segunda maior taxa mensal de crescimento, perdendo apenas para setembro (18,1%).<\/p>\n<p>Como destaque nas importa\u00e7\u00f5es, Abr\u00e3o citou os combust\u00edveis e as compras realizadas em \u00e1reas de insumos e bens intermedi\u00e1rios \u2013 em especial, nos setores agr\u00edcola, qu\u00edmico e de eletroeletr\u00f4nicos. Ele chamou aten\u00e7\u00e3o ainda para a alta da importa\u00e7\u00e3o de bens de capital (m\u00e1quinas), de 10,8% em novembro. Foi o quarto m\u00eas consecutivo de avan\u00e7o de importa\u00e7\u00f5es de bens de capital.<\/p>\n<p>\u201cIsso indica a retomada da economia\u201d, afirmou o secret\u00e1rio. \u201cA atividade econ\u00f4mica tem manifesta\u00e7\u00e3o clara no comportamento de importa\u00e7\u00f5es\u201d, acrescentou. Segundo ele, tanto na exporta\u00e7\u00e3o quanto na importa\u00e7\u00e3o, o valor total registrado at\u00e9 novembro j\u00e1 supera o montante fechado de todo o ano de 2016.<\/p>\n<p>Conforme os n\u00fameros do MDIC, j\u00e1 foram exportados o equivalente a US$ 200,154 bilh\u00f5es em 2017 at\u00e9 novembro e importados o valor de US$ 138,146 bilh\u00f5es.<\/p>\n<p>Abr\u00e3o tamb\u00e9m citou o fato de a quantidade exportada (quantum), que cresceu 6,9% de janeiro a novembro deste ano, ante o mesmo per\u00edodo do ano passado, ter sido obtida em rela\u00e7\u00e3o a uma base que foi recorde em 2016. \u201cRegistramos crescimento de exporta\u00e7\u00f5es para todos os destinos\u201d, disse. \u201cE a queda de importa\u00e7\u00f5es de bens de capital vem se desacelerando. H\u00e1 crescimento em todas as origens de importa\u00e7\u00f5es pelo Brasil.\u201d<\/p>\n<p>O secret\u00e1rio tamb\u00e9m justificou o fato de o super\u00e1vit comercial de novembro, de US$ 3,546 bilh\u00f5es, n\u00e3o ter sido superior ao registrado no mesmo m\u00eas do ano passado (US$ 4,753 bilh\u00f5es). \u201cEm novembro de 2016, houve exporta\u00e7\u00e3o de duas plataformas de petr\u00f3leo no valor de US$ 1,9 bilh\u00e3o, o que influencia nos n\u00fameros. Se fossem depuradas as plataformas, o crescimento das exporta\u00e7\u00f5es em novembro deste ano (ante novembro de 2016) teria sido maior, na faixa de 16,7%.\u201d<\/p>\n<p>O MDIC segue com proje\u00e7\u00e3o de super\u00e1vit comercial entre US$ 65 bilh\u00f5es e US$ 70 bilh\u00f5es em 2017. Para dezembro, a expectativa \u00e9 de resultados positivos, j\u00e1 que o m\u00eas \u00e9, tradicionalmente, de alta de exporta\u00e7\u00f5es e importa\u00e7\u00f5es mais contidas. \u201cNas exporta\u00e7\u00f5es, h\u00e1 esfor\u00e7o das empresas para cumprir seus contratos atuais\u201d, detalhou o secret\u00e1rio. \u201cNas importa\u00e7\u00f5es, o per\u00edodo \u00e9 de menor atividade, com f\u00e9rias coletivas e redu\u00e7\u00e3o da produ\u00e7\u00e3o.\u201d<\/p>\n<p><strong>Pre\u00e7os acumulados<\/strong><\/p>\n<p>Dados da balan\u00e7a comercial mostram que, de janeiro a novembro deste ano, o pre\u00e7o dos produtos exportados pelo Brasil subiu 10,7% ante o mesmo per\u00edodo do ano passado. J\u00e1 a quantidade exportada avan\u00e7ou 6,9%. Na pr\u00e1tica, o Pa\u00eds est\u00e1 exportando mais em 2017 e tamb\u00e9m recebendo mais pelo que vende.<\/p>\n<p>Os n\u00fameros indicam ainda que o pre\u00e7o dos produtos importados pelo Brasil subiu 3,7% de janeiro a novembro. J\u00e1 o quantum de importa\u00e7\u00f5es teve alta de 5,8% no per\u00edodo.<\/p>\n","protected":false},"excerpt":{"rendered":"<p>Pelos dados do minist\u00e9rio, as exporta\u00e7\u00f5es somaram US$ 16,688 bilh\u00f5es em novembro, com alta de 2,9% em rela\u00e7\u00e3o ao mesmo m\u00eas do ano passado<\/p>\n","protected":false},"author":11,"featured_media":97985145,"comment_status":"closed","ping_status":"closed","sticky":false,"template":"","format":"standard","meta":{"footnotes":""},"categories":[6,1],"tags":[],"class_list":["post-97985144","post","type-post","status-publish","format-standard","has-post-thumbnail","hentry","category-destaque","category-noticia"],"yoast_head":"<!-- This site is optimized with the Yoast SEO plugin v24.8.1 - https:\/\/yoast.com\/wordpress\/plugins\/seo\/ -->\n<title>Pa\u00eds teve maior valor de exporta\u00e7\u00e3o para meses de novembro dos \u00faltimos 4 anos - Acrimat<\/title>\n<meta name=\"robots\" content=\"index, follow, max-snippet:-1, max-image-preview:large, max-video-preview:-1\" \/>\n<link rel=\"canonical\" href=\"https:\/\/acrimat.org.br\/portal\/pais-teve-maior-valor-de-exportacao-para-meses-de-novembro-dos-ultimos-4-anos\/\" \/>\n<meta property=\"og:locale\" content=\"pt_BR\" \/>\n<meta property=\"og:type\" content=\"article\" \/>\n<meta property=\"og:title\" content=\"Pa\u00eds teve maior valor de exporta\u00e7\u00e3o para meses de novembro dos \u00faltimos 4 anos - Acrimat\" \/>\n<meta property=\"og:description\" content=\"Pelos dados do minist\u00e9rio, as exporta\u00e7\u00f5es somaram US$ 16,688 bilh\u00f5es em novembro, com alta de 2,9% em rela\u00e7\u00e3o ao mesmo m\u00eas do ano passado\" \/>\n<meta property=\"og:url\" content=\"https:\/\/acrimat.org.br\/portal\/pais-teve-maior-valor-de-exportacao-para-meses-de-novembro-dos-ultimos-4-anos\/\" \/>\n<meta property=\"og:site_name\" content=\"Acrimat\" \/>\n<meta property=\"article:published_time\" content=\"2017-12-04T11:42:16+00:00\" \/>\n<meta property=\"og:image\" content=\"https:\/\/acrimat.org.br\/portal\/wp-content\/uploads\/2017\/12\/exportacao-carne-bovina-salgada.jpg\" \/>\n\t<meta property=\"og:image:width\" content=\"730\" \/>\n\t<meta property=\"og:image:height\" content=\"502\" \/>\n\t<meta property=\"og:image:type\" content=\"image\/jpeg\" \/>\n<meta name=\"author\" content=\"P\u00e9ricles C\u00e2ndido\" \/>\n<meta name=\"twitter:card\" content=\"summary_large_image\" \/>\n<meta name=\"twitter:label1\" content=\"Escrito por\" \/>\n\t<meta name=\"twitter:data1\" content=\"P\u00e9ricles C\u00e2ndido\" \/>\n\t<meta name=\"twitter:label2\" content=\"Est. tempo de leitura\" \/>\n\t<meta name=\"twitter:data2\" content=\"3 minutos\" \/>\n<script type=\"application\/ld+json\" class=\"yoast-schema-graph\">{\"@context\":\"https:\/\/schema.org\",\"@graph\":[{\"@type\":\"Article\",\"@id\":\"https:\/\/acrimat.org.br\/portal\/pais-teve-maior-valor-de-exportacao-para-meses-de-novembro-dos-ultimos-4-anos\/#article\",\"isPartOf\":{\"@id\":\"https:\/\/acrimat.org.br\/portal\/pais-teve-maior-valor-de-exportacao-para-meses-de-novembro-dos-ultimos-4-anos\/\"},\"author\":{\"name\":\"P\u00e9ricles C\u00e2ndido\",\"@id\":\"https:\/\/acrimat.org.br\/portal\/#\/schema\/person\/18df8bcf6890e924fe5d8b5afd2bec0f\"},\"headline\":\"Pa\u00eds teve maior valor de exporta\u00e7\u00e3o para meses de novembro dos \u00faltimos 4 anos\",\"datePublished\":\"2017-12-04T11:42:16+00:00\",\"mainEntityOfPage\":{\"@id\":\"https:\/\/acrimat.org.br\/portal\/pais-teve-maior-valor-de-exportacao-para-meses-de-novembro-dos-ultimos-4-anos\/\"},\"wordCount\":611,\"publisher\":{\"@id\":\"https:\/\/acrimat.org.br\/portal\/#organization\"},\"image\":{\"@id\":\"https:\/\/acrimat.org.br\/portal\/pais-teve-maior-valor-de-exportacao-para-meses-de-novembro-dos-ultimos-4-anos\/#primaryimage\"},\"thumbnailUrl\":\"https:\/\/acrimat.org.br\/portal\/wp-content\/uploads\/2017\/12\/exportacao-carne-bovina-salgada.jpg\",\"articleSection\":[\"Destaques\",\"Not\u00edcias\"],\"inLanguage\":\"pt-BR\"},{\"@type\":\"WebPage\",\"@id\":\"https:\/\/acrimat.org.br\/portal\/pais-teve-maior-valor-de-exportacao-para-meses-de-novembro-dos-ultimos-4-anos\/\",\"url\":\"https:\/\/acrimat.org.br\/portal\/pais-teve-maior-valor-de-exportacao-para-meses-de-novembro-dos-ultimos-4-anos\/\",\"name\":\"Pa\u00eds teve maior valor de exporta\u00e7\u00e3o para meses de novembro dos \u00faltimos 4 anos - Acrimat\",\"isPartOf\":{\"@id\":\"https:\/\/acrimat.org.br\/portal\/#website\"},\"primaryImageOfPage\":{\"@id\":\"https:\/\/acrimat.org.br\/portal\/pais-teve-maior-valor-de-exportacao-para-meses-de-novembro-dos-ultimos-4-anos\/#primaryimage\"},\"image\":{\"@id\":\"https:\/\/acrimat.org.br\/portal\/pais-teve-maior-valor-de-exportacao-para-meses-de-novembro-dos-ultimos-4-anos\/#primaryimage\"},\"thumbnailUrl\":\"https:\/\/acrimat.org.br\/portal\/wp-content\/uploads\/2017\/12\/exportacao-carne-bovina-salgada.jpg\",\"datePublished\":\"2017-12-04T11:42:16+00:00\",\"breadcrumb\":{\"@id\":\"https:\/\/acrimat.org.br\/portal\/pais-teve-maior-valor-de-exportacao-para-meses-de-novembro-dos-ultimos-4-anos\/#breadcrumb\"},\"inLanguage\":\"pt-BR\",\"potentialAction\":[{\"@type\":\"ReadAction\",\"target\":[\"https:\/\/acrimat.org.br\/portal\/pais-teve-maior-valor-de-exportacao-para-meses-de-novembro-dos-ultimos-4-anos\/\"]}]},{\"@type\":\"ImageObject\",\"inLanguage\":\"pt-BR\",\"@id\":\"https:\/\/acrimat.org.br\/portal\/pais-teve-maior-valor-de-exportacao-para-meses-de-novembro-dos-ultimos-4-anos\/#primaryimage\",\"url\":\"https:\/\/acrimat.org.br\/portal\/wp-content\/uploads\/2017\/12\/exportacao-carne-bovina-salgada.jpg\",\"contentUrl\":\"https:\/\/acrimat.org.br\/portal\/wp-content\/uploads\/2017\/12\/exportacao-carne-bovina-salgada.jpg\",\"width\":730,\"height\":502},{\"@type\":\"BreadcrumbList\",\"@id\":\"https:\/\/acrimat.org.br\/portal\/pais-teve-maior-valor-de-exportacao-para-meses-de-novembro-dos-ultimos-4-anos\/#breadcrumb\",\"itemListElement\":[{\"@type\":\"ListItem\",\"position\":1,\"name\":\"In\u00edcio\",\"item\":\"https:\/\/acrimat.org.br\/portal\/\"},{\"@type\":\"ListItem\",\"position\":2,\"name\":\"Pa\u00eds teve maior valor de exporta\u00e7\u00e3o para meses de novembro dos \u00faltimos 4 anos\"}]},{\"@type\":\"WebSite\",\"@id\":\"https:\/\/acrimat.org.br\/portal\/#website\",\"url\":\"https:\/\/acrimat.org.br\/portal\/\",\"name\":\"Acrimat\",\"description\":\"Associa\u00e7\u00e3o dos Criadores de Mato Grosso\",\"publisher\":{\"@id\":\"https:\/\/acrimat.org.br\/portal\/#organization\"},\"potentialAction\":[{\"@type\":\"SearchAction\",\"target\":{\"@type\":\"EntryPoint\",\"urlTemplate\":\"https:\/\/acrimat.org.br\/portal\/?s={search_term_string}\"},\"query-input\":{\"@type\":\"PropertyValueSpecification\",\"valueRequired\":true,\"valueName\":\"search_term_string\"}}],\"inLanguage\":\"pt-BR\"},{\"@type\":\"Organization\",\"@id\":\"https:\/\/acrimat.org.br\/portal\/#organization\",\"name\":\"Associa\u00e7\u00e3o dos Criadores de Mato Grosso\",\"url\":\"https:\/\/acrimat.org.br\/portal\/\",\"logo\":{\"@type\":\"ImageObject\",\"inLanguage\":\"pt-BR\",\"@id\":\"https:\/\/acrimat.org.br\/portal\/#\/schema\/logo\/image\/\",\"url\":\"https:\/\/acrimat.org.br\/portal\/wp-content\/uploads\/2018\/03\/logo-peq-original.png\",\"contentUrl\":\"https:\/\/acrimat.org.br\/portal\/wp-content\/uploads\/2018\/03\/logo-peq-original.png\",\"width\":174,\"height\":171,\"caption\":\"Associa\u00e7\u00e3o dos Criadores de Mato Grosso\"},\"image\":{\"@id\":\"https:\/\/acrimat.org.br\/portal\/#\/schema\/logo\/image\/\"}},{\"@type\":\"Person\",\"@id\":\"https:\/\/acrimat.org.br\/portal\/#\/schema\/person\/18df8bcf6890e924fe5d8b5afd2bec0f\",\"name\":\"P\u00e9ricles C\u00e2ndido\",\"image\":{\"@type\":\"ImageObject\",\"inLanguage\":\"pt-BR\",\"@id\":\"https:\/\/acrimat.org.br\/portal\/#\/schema\/person\/image\/\",\"url\":\"https:\/\/secure.gravatar.com\/avatar\/33e2a2b971dc363ed2df53d0d3bfbd18?s=96&d=mm&r=g\",\"contentUrl\":\"https:\/\/secure.gravatar.com\/avatar\/33e2a2b971dc363ed2df53d0d3bfbd18?s=96&d=mm&r=g\",\"caption\":\"P\u00e9ricles C\u00e2ndido\"},\"sameAs\":[\"ascom@acrimat.org.br\"],\"url\":\"https:\/\/acrimat.org.br\/portal\/author\/designergrafico\/\"}]}<\/script>\n<!-- \/ Yoast SEO plugin. -->","yoast_head_json":{"title":"Pa\u00eds teve maior valor de exporta\u00e7\u00e3o para meses de novembro dos \u00faltimos 4 anos - Acrimat","robots":{"index":"index","follow":"follow","max-snippet":"max-snippet:-1","max-image-preview":"max-image-preview:large","max-video-preview":"max-video-preview:-1"},"canonical":"https:\/\/acrimat.org.br\/portal\/pais-teve-maior-valor-de-exportacao-para-meses-de-novembro-dos-ultimos-4-anos\/","og_locale":"pt_BR","og_type":"article","og_title":"Pa\u00eds teve maior valor de exporta\u00e7\u00e3o para meses de novembro dos \u00faltimos 4 anos - Acrimat","og_description":"Pelos dados do minist\u00e9rio, as exporta\u00e7\u00f5es somaram US$ 16,688 bilh\u00f5es em novembro, com alta de 2,9% em rela\u00e7\u00e3o ao mesmo m\u00eas do ano passado","og_url":"https:\/\/acrimat.org.br\/portal\/pais-teve-maior-valor-de-exportacao-para-meses-de-novembro-dos-ultimos-4-anos\/","og_site_name":"Acrimat","article_published_time":"2017-12-04T11:42:16+00:00","og_image":[{"width":730,"height":502,"url":"https:\/\/acrimat.org.br\/portal\/wp-content\/uploads\/2017\/12\/exportacao-carne-bovina-salgada.jpg","type":"image\/jpeg"}],"author":"P\u00e9ricles C\u00e2ndido","twitter_card":"summary_large_image","twitter_misc":{"Escrito por":"P\u00e9ricles C\u00e2ndido","Est. tempo de leitura":"3 minutos"},"schema":{"@context":"https:\/\/schema.org","@graph":[{"@type":"Article","@id":"https:\/\/acrimat.org.br\/portal\/pais-teve-maior-valor-de-exportacao-para-meses-de-novembro-dos-ultimos-4-anos\/#article","isPartOf":{"@id":"https:\/\/acrimat.org.br\/portal\/pais-teve-maior-valor-de-exportacao-para-meses-de-novembro-dos-ultimos-4-anos\/"},"author":{"name":"P\u00e9ricles C\u00e2ndido","@id":"https:\/\/acrimat.org.br\/portal\/#\/schema\/person\/18df8bcf6890e924fe5d8b5afd2bec0f"},"headline":"Pa\u00eds teve maior valor de exporta\u00e7\u00e3o para meses de novembro dos \u00faltimos 4 anos","datePublished":"2017-12-04T11:42:16+00:00","mainEntityOfPage":{"@id":"https:\/\/acrimat.org.br\/portal\/pais-teve-maior-valor-de-exportacao-para-meses-de-novembro-dos-ultimos-4-anos\/"},"wordCount":611,"publisher":{"@id":"https:\/\/acrimat.org.br\/portal\/#organization"},"image":{"@id":"https:\/\/acrimat.org.br\/portal\/pais-teve-maior-valor-de-exportacao-para-meses-de-novembro-dos-ultimos-4-anos\/#primaryimage"},"thumbnailUrl":"https:\/\/acrimat.org.br\/portal\/wp-content\/uploads\/2017\/12\/exportacao-carne-bovina-salgada.jpg","articleSection":["Destaques","Not\u00edcias"],"inLanguage":"pt-BR"},{"@type":"WebPage","@id":"https:\/\/acrimat.org.br\/portal\/pais-teve-maior-valor-de-exportacao-para-meses-de-novembro-dos-ultimos-4-anos\/","url":"https:\/\/acrimat.org.br\/portal\/pais-teve-maior-valor-de-exportacao-para-meses-de-novembro-dos-ultimos-4-anos\/","name":"Pa\u00eds teve maior valor de exporta\u00e7\u00e3o para meses de novembro dos \u00faltimos 4 anos - Acrimat","isPartOf":{"@id":"https:\/\/acrimat.org.br\/portal\/#website"},"primaryImageOfPage":{"@id":"https:\/\/acrimat.org.br\/portal\/pais-teve-maior-valor-de-exportacao-para-meses-de-novembro-dos-ultimos-4-anos\/#primaryimage"},"image":{"@id":"https:\/\/acrimat.org.br\/portal\/pais-teve-maior-valor-de-exportacao-para-meses-de-novembro-dos-ultimos-4-anos\/#primaryimage"},"thumbnailUrl":"https:\/\/acrimat.org.br\/portal\/wp-content\/uploads\/2017\/12\/exportacao-carne-bovina-salgada.jpg","datePublished":"2017-12-04T11:42:16+00:00","breadcrumb":{"@id":"https:\/\/acrimat.org.br\/portal\/pais-teve-maior-valor-de-exportacao-para-meses-de-novembro-dos-ultimos-4-anos\/#breadcrumb"},"inLanguage":"pt-BR","potentialAction":[{"@type":"ReadAction","target":["https:\/\/acrimat.org.br\/portal\/pais-teve-maior-valor-de-exportacao-para-meses-de-novembro-dos-ultimos-4-anos\/"]}]},{"@type":"ImageObject","inLanguage":"pt-BR","@id":"https:\/\/acrimat.org.br\/portal\/pais-teve-maior-valor-de-exportacao-para-meses-de-novembro-dos-ultimos-4-anos\/#primaryimage","url":"https:\/\/acrimat.org.br\/portal\/wp-content\/uploads\/2017\/12\/exportacao-carne-bovina-salgada.jpg","contentUrl":"https:\/\/acrimat.org.br\/portal\/wp-content\/uploads\/2017\/12\/exportacao-carne-bovina-salgada.jpg","width":730,"height":502},{"@type":"BreadcrumbList","@id":"https:\/\/acrimat.org.br\/portal\/pais-teve-maior-valor-de-exportacao-para-meses-de-novembro-dos-ultimos-4-anos\/#breadcrumb","itemListElement":[{"@type":"ListItem","position":1,"name":"In\u00edcio","item":"https:\/\/acrimat.org.br\/portal\/"},{"@type":"ListItem","position":2,"name":"Pa\u00eds teve maior valor de exporta\u00e7\u00e3o para meses de novembro dos \u00faltimos 4 anos"}]},{"@type":"WebSite","@id":"https:\/\/acrimat.org.br\/portal\/#website","url":"https:\/\/acrimat.org.br\/portal\/","name":"Acrimat","description":"Associa\u00e7\u00e3o dos Criadores de Mato Grosso","publisher":{"@id":"https:\/\/acrimat.org.br\/portal\/#organization"},"potentialAction":[{"@type":"SearchAction","target":{"@type":"EntryPoint","urlTemplate":"https:\/\/acrimat.org.br\/portal\/?s={search_term_string}"},"query-input":{"@type":"PropertyValueSpecification","valueRequired":true,"valueName":"search_term_string"}}],"inLanguage":"pt-BR"},{"@type":"Organization","@id":"https:\/\/acrimat.org.br\/portal\/#organization","name":"Associa\u00e7\u00e3o dos Criadores de Mato Grosso","url":"https:\/\/acrimat.org.br\/portal\/","logo":{"@type":"ImageObject","inLanguage":"pt-BR","@id":"https:\/\/acrimat.org.br\/portal\/#\/schema\/logo\/image\/","url":"https:\/\/acrimat.org.br\/portal\/wp-content\/uploads\/2018\/03\/logo-peq-original.png","contentUrl":"https:\/\/acrimat.org.br\/portal\/wp-content\/uploads\/2018\/03\/logo-peq-original.png","width":174,"height":171,"caption":"Associa\u00e7\u00e3o dos Criadores de Mato Grosso"},"image":{"@id":"https:\/\/acrimat.org.br\/portal\/#\/schema\/logo\/image\/"}},{"@type":"Person","@id":"https:\/\/acrimat.org.br\/portal\/#\/schema\/person\/18df8bcf6890e924fe5d8b5afd2bec0f","name":"P\u00e9ricles C\u00e2ndido","image":{"@type":"ImageObject","inLanguage":"pt-BR","@id":"https:\/\/acrimat.org.br\/portal\/#\/schema\/person\/image\/","url":"https:\/\/secure.gravatar.com\/avatar\/33e2a2b971dc363ed2df53d0d3bfbd18?s=96&d=mm&r=g","contentUrl":"https:\/\/secure.gravatar.com\/avatar\/33e2a2b971dc363ed2df53d0d3bfbd18?s=96&d=mm&r=g","caption":"P\u00e9ricles C\u00e2ndido"},"sameAs":["ascom@acrimat.org.br"],"url":"https:\/\/acrimat.org.br\/portal\/author\/designergrafico\/"}]}},"_links":{"self":[{"href":"https:\/\/acrimat.org.br\/portal\/wp-json\/wp\/v2\/posts\/97985144","targetHints":{"allow":["GET"]}}],"collection":[{"href":"https:\/\/acrimat.org.br\/portal\/wp-json\/wp\/v2\/posts"}],"about":[{"href":"https:\/\/acrimat.org.br\/portal\/wp-json\/wp\/v2\/types\/post"}],"author":[{"embeddable":true,"href":"https:\/\/acrimat.org.br\/portal\/wp-json\/wp\/v2\/users\/11"}],"replies":[{"embeddable":true,"href":"https:\/\/acrimat.org.br\/portal\/wp-json\/wp\/v2\/comments?post=97985144"}],"version-history":[{"count":1,"href":"https:\/\/acrimat.org.br\/portal\/wp-json\/wp\/v2\/posts\/97985144\/revisions"}],"predecessor-version":[{"id":97985146,"href":"https:\/\/acrimat.org.br\/portal\/wp-json\/wp\/v2\/posts\/97985144\/revisions\/97985146"}],"wp:featuredmedia":[{"embeddable":true,"href":"https:\/\/acrimat.org.br\/portal\/wp-json\/wp\/v2\/media\/97985145"}],"wp:attachment":[{"href":"https:\/\/acrimat.org.br\/portal\/wp-json\/wp\/v2\/media?parent=97985144"}],"wp:term":[{"taxonomy":"category","embeddable":true,"href":"https:\/\/acrimat.org.br\/portal\/wp-json\/wp\/v2\/categories?post=97985144"},{"taxonomy":"post_tag","embeddable":true,"href":"https:\/\/acrimat.org.br\/portal\/wp-json\/wp\/v2\/tags?post=97985144"}],"curies":[{"name":"wp","href":"https:\/\/api.w.org\/{rel}","templated":true}]}}