{"id":97985151,"date":"2017-12-04T08:46:54","date_gmt":"2017-12-04T11:46:54","guid":{"rendered":"http:\/\/acrimat.org.br\/portal\/?p=97985151"},"modified":"2017-12-04T08:46:54","modified_gmt":"2017-12-04T11:46:54","slug":"representantes-das-nacoes-unidas-conhecem-produtividade-de-mato-grosso","status":"publish","type":"post","link":"https:\/\/acrimat.org.br\/portal\/representantes-das-nacoes-unidas-conhecem-produtividade-de-mato-grosso\/","title":{"rendered":"Representantes das Na\u00e7\u00f5es Unidas conhecem produtividade de Mato Grosso"},"content":{"rendered":"<p>Recebidos na Federa\u00e7\u00e3o da Agricultura e Pecu\u00e1ria de Mato Grosso (Famato) na \u00faltima quarta-feira (29), um grupo de seis representantes do Escrit\u00f3rio das Na\u00e7\u00f5es Unidas de Servi\u00e7os para Projetos (Unops) conheceu o sistema de produ\u00e7\u00e3o agropecu\u00e1ria do Estado.<\/p>\n<p>Segundo o Instituto Mato-grossense de Economia Agropecu\u00e1ria (Imea), parte do Sistema Famato junto ao Servi\u00e7o Nacional de Aprendizagem Rural (Senar-MT) e sindicatos rurais, salienta que o campo \u00e9 respons\u00e1vel pelo desempenho do Produto Interno Bruto (PIB) do Pa\u00eds.\u00a0 Latorraca informou que 50,5% do PIB do Estado v\u00eam do agroneg\u00f3cio.<\/p>\n<p>O diretor de Rela\u00e7\u00e3o Institucionais da Famato, Jos\u00e9 Luiz Fidelis, fez uma apresenta\u00e7\u00e3o institucional sobre o sistema. O superintendente do Imea, Daniel Latorraca, mostrou dados que comprovam que Mato Grosso \u00e9 campe\u00e3o na produ\u00e7\u00e3o de soja, milho, algod\u00e3o e rebanho bovino.<\/p>\n<p>O diretor de Posicionamento Estrat\u00e9gico da Unops, o brit\u00e2nico Steve Crookey, fez uma observa\u00e7\u00e3o sobre a falta de projetos a m\u00e9dio e longo prazos. Para ele, tudo o que \u00e9 de imediato \u00e9 mais dif\u00edcil de solucionar quando se refere \u00e0s demandas de um pa\u00eds como o Brasil, pois sua geografia extensa e diversidades regionais n\u00e3o garantem essa possibilidade.<\/p>\n<p>O representante regional especialista em infraestrutura da Unops, Oscar Marenco Ruiz, disse que Mato Grosso \u00e9 tido como o Estado de oportunidades, mas que enfrenta diversos problemas de infraestrutura. \u201c\u00c9 impressionante o potencial agr\u00edcola e pecu\u00e1rio de Mato Grosso, o que falta agora s\u00e3o investimentos em log\u00edstica. Vejo que esse \u00e9 o maior gargalo do setor atualmente e que precisa ser olhado como prioridade pelas autoridades governamentais\u201d, diz Ruiz.<\/p>\n<p>Fidelis acredita que o Estado tem condi\u00e7\u00f5es de produzir muito mais do que vem produzindo, se tivesse uma log\u00edstica eficiente, incluindo rodovias federais pavimentadas, ferrovias, hidrovias e portos. \u201cCom rodovias pavimentadas e ferrovias, al\u00e9m de agilizar o transporte, ter\u00edamos mais rentabilidade\u201d, afirma o produtor e diretor da Famato.<\/p>\n<p><strong>Outras d\u00favidas.<\/strong> Os representantes da Unops ainda indagaram se a economia gerada pela produ\u00e7\u00e3o exclusivamente agropecu\u00e1ria traria ganho social para a popula\u00e7\u00e3o desses locais. Neste caso, Jos\u00e9 Luiz Fidelis e Daniel Latorraca foram incisivos em afirmar que a diferencia\u00e7\u00e3o na qualidade de vida ou melhora no bem-estar das pessoas as quais os visitantes se referiam \u00e9 acima da m\u00e9dia de qualquer outra localidade do estado e muito superior a maioria do pa\u00eds, pois a gera\u00e7\u00e3o econ\u00f4mica n\u00e3o est\u00e1 voltada somente ao ganho do produtor rural. O Agro promove um ganho em cadeia, que vai do colaborador da propriedade at\u00e9 aos moradores das cidades que perfazem esse polo produtivo, seja na venda de todo tipo de material de consumo ou em qualquer presta\u00e7\u00e3o de servi\u00e7os.<\/p>\n","protected":false},"excerpt":{"rendered":"<p>Grupo afirma que os governos precisam pensar em a\u00e7\u00f5es para serem concretizadas em m\u00e9dio e longo prazos<\/p>\n","protected":false},"author":11,"featured_media":97985152,"comment_status":"closed","ping_status":"closed","sticky":false,"template":"","format":"standard","meta":{"footnotes":""},"categories":[6,1],"tags":[],"class_list":["post-97985151","post","type-post","status-publish","format-standard","has-post-thumbnail","hentry","category-destaque","category-noticia"],"yoast_head":"<!-- This site is optimized with the Yoast SEO plugin v24.8.1 - https:\/\/yoast.com\/wordpress\/plugins\/seo\/ -->\n<title>Representantes das Na\u00e7\u00f5es Unidas conhecem produtividade de Mato Grosso - Acrimat<\/title>\n<meta name=\"robots\" content=\"index, follow, max-snippet:-1, max-image-preview:large, max-video-preview:-1\" \/>\n<link rel=\"canonical\" href=\"https:\/\/acrimat.org.br\/portal\/representantes-das-nacoes-unidas-conhecem-produtividade-de-mato-grosso\/\" \/>\n<meta property=\"og:locale\" content=\"pt_BR\" \/>\n<meta property=\"og:type\" content=\"article\" \/>\n<meta property=\"og:title\" content=\"Representantes das Na\u00e7\u00f5es Unidas conhecem produtividade de Mato Grosso - Acrimat\" \/>\n<meta property=\"og:description\" content=\"Grupo afirma que os governos precisam pensar em a\u00e7\u00f5es para serem concretizadas em m\u00e9dio e longo prazos\" \/>\n<meta property=\"og:url\" content=\"https:\/\/acrimat.org.br\/portal\/representantes-das-nacoes-unidas-conhecem-produtividade-de-mato-grosso\/\" \/>\n<meta property=\"og:site_name\" content=\"Acrimat\" \/>\n<meta property=\"article:published_time\" content=\"2017-12-04T11:46:54+00:00\" \/>\n<meta property=\"og:image\" content=\"https:\/\/acrimat.org.br\/portal\/wp-content\/uploads\/2017\/12\/reuniao-famato_nacoes-unidas_div.jpg\" \/>\n\t<meta property=\"og:image:width\" content=\"599\" \/>\n\t<meta property=\"og:image:height\" content=\"400\" \/>\n\t<meta property=\"og:image:type\" content=\"image\/jpeg\" \/>\n<meta name=\"author\" content=\"P\u00e9ricles C\u00e2ndido\" \/>\n<meta name=\"twitter:card\" content=\"summary_large_image\" \/>\n<meta name=\"twitter:label1\" content=\"Escrito por\" \/>\n\t<meta name=\"twitter:data1\" content=\"P\u00e9ricles C\u00e2ndido\" \/>\n\t<meta name=\"twitter:label2\" content=\"Est. tempo de leitura\" \/>\n\t<meta name=\"twitter:data2\" content=\"2 minutos\" \/>\n<script type=\"application\/ld+json\" class=\"yoast-schema-graph\">{\"@context\":\"https:\/\/schema.org\",\"@graph\":[{\"@type\":\"Article\",\"@id\":\"https:\/\/acrimat.org.br\/portal\/representantes-das-nacoes-unidas-conhecem-produtividade-de-mato-grosso\/#article\",\"isPartOf\":{\"@id\":\"https:\/\/acrimat.org.br\/portal\/representantes-das-nacoes-unidas-conhecem-produtividade-de-mato-grosso\/\"},\"author\":{\"name\":\"P\u00e9ricles C\u00e2ndido\",\"@id\":\"https:\/\/acrimat.org.br\/portal\/#\/schema\/person\/18df8bcf6890e924fe5d8b5afd2bec0f\"},\"headline\":\"Representantes das Na\u00e7\u00f5es Unidas conhecem produtividade de Mato Grosso\",\"datePublished\":\"2017-12-04T11:46:54+00:00\",\"mainEntityOfPage\":{\"@id\":\"https:\/\/acrimat.org.br\/portal\/representantes-das-nacoes-unidas-conhecem-produtividade-de-mato-grosso\/\"},\"wordCount\":473,\"publisher\":{\"@id\":\"https:\/\/acrimat.org.br\/portal\/#organization\"},\"image\":{\"@id\":\"https:\/\/acrimat.org.br\/portal\/representantes-das-nacoes-unidas-conhecem-produtividade-de-mato-grosso\/#primaryimage\"},\"thumbnailUrl\":\"https:\/\/acrimat.org.br\/portal\/wp-content\/uploads\/2017\/12\/reuniao-famato_nacoes-unidas_div.jpg\",\"articleSection\":[\"Destaques\",\"Not\u00edcias\"],\"inLanguage\":\"pt-BR\"},{\"@type\":\"WebPage\",\"@id\":\"https:\/\/acrimat.org.br\/portal\/representantes-das-nacoes-unidas-conhecem-produtividade-de-mato-grosso\/\",\"url\":\"https:\/\/acrimat.org.br\/portal\/representantes-das-nacoes-unidas-conhecem-produtividade-de-mato-grosso\/\",\"name\":\"Representantes das Na\u00e7\u00f5es Unidas conhecem produtividade de Mato Grosso - Acrimat\",\"isPartOf\":{\"@id\":\"https:\/\/acrimat.org.br\/portal\/#website\"},\"primaryImageOfPage\":{\"@id\":\"https:\/\/acrimat.org.br\/portal\/representantes-das-nacoes-unidas-conhecem-produtividade-de-mato-grosso\/#primaryimage\"},\"image\":{\"@id\":\"https:\/\/acrimat.org.br\/portal\/representantes-das-nacoes-unidas-conhecem-produtividade-de-mato-grosso\/#primaryimage\"},\"thumbnailUrl\":\"https:\/\/acrimat.org.br\/portal\/wp-content\/uploads\/2017\/12\/reuniao-famato_nacoes-unidas_div.jpg\",\"datePublished\":\"2017-12-04T11:46:54+00:00\",\"breadcrumb\":{\"@id\":\"https:\/\/acrimat.org.br\/portal\/representantes-das-nacoes-unidas-conhecem-produtividade-de-mato-grosso\/#breadcrumb\"},\"inLanguage\":\"pt-BR\",\"potentialAction\":[{\"@type\":\"ReadAction\",\"target\":[\"https:\/\/acrimat.org.br\/portal\/representantes-das-nacoes-unidas-conhecem-produtividade-de-mato-grosso\/\"]}]},{\"@type\":\"ImageObject\",\"inLanguage\":\"pt-BR\",\"@id\":\"https:\/\/acrimat.org.br\/portal\/representantes-das-nacoes-unidas-conhecem-produtividade-de-mato-grosso\/#primaryimage\",\"url\":\"https:\/\/acrimat.org.br\/portal\/wp-content\/uploads\/2017\/12\/reuniao-famato_nacoes-unidas_div.jpg\",\"contentUrl\":\"https:\/\/acrimat.org.br\/portal\/wp-content\/uploads\/2017\/12\/reuniao-famato_nacoes-unidas_div.jpg\",\"width\":599,\"height\":400},{\"@type\":\"BreadcrumbList\",\"@id\":\"https:\/\/acrimat.org.br\/portal\/representantes-das-nacoes-unidas-conhecem-produtividade-de-mato-grosso\/#breadcrumb\",\"itemListElement\":[{\"@type\":\"ListItem\",\"position\":1,\"name\":\"In\u00edcio\",\"item\":\"https:\/\/acrimat.org.br\/portal\/\"},{\"@type\":\"ListItem\",\"position\":2,\"name\":\"Representantes das Na\u00e7\u00f5es Unidas conhecem produtividade de Mato Grosso\"}]},{\"@type\":\"WebSite\",\"@id\":\"https:\/\/acrimat.org.br\/portal\/#website\",\"url\":\"https:\/\/acrimat.org.br\/portal\/\",\"name\":\"Acrimat\",\"description\":\"Associa\u00e7\u00e3o dos Criadores de Mato Grosso\",\"publisher\":{\"@id\":\"https:\/\/acrimat.org.br\/portal\/#organization\"},\"potentialAction\":[{\"@type\":\"SearchAction\",\"target\":{\"@type\":\"EntryPoint\",\"urlTemplate\":\"https:\/\/acrimat.org.br\/portal\/?s={search_term_string}\"},\"query-input\":{\"@type\":\"PropertyValueSpecification\",\"valueRequired\":true,\"valueName\":\"search_term_string\"}}],\"inLanguage\":\"pt-BR\"},{\"@type\":\"Organization\",\"@id\":\"https:\/\/acrimat.org.br\/portal\/#organization\",\"name\":\"Associa\u00e7\u00e3o dos Criadores de Mato Grosso\",\"url\":\"https:\/\/acrimat.org.br\/portal\/\",\"logo\":{\"@type\":\"ImageObject\",\"inLanguage\":\"pt-BR\",\"@id\":\"https:\/\/acrimat.org.br\/portal\/#\/schema\/logo\/image\/\",\"url\":\"https:\/\/acrimat.org.br\/portal\/wp-content\/uploads\/2018\/03\/logo-peq-original.png\",\"contentUrl\":\"https:\/\/acrimat.org.br\/portal\/wp-content\/uploads\/2018\/03\/logo-peq-original.png\",\"width\":174,\"height\":171,\"caption\":\"Associa\u00e7\u00e3o dos Criadores de Mato Grosso\"},\"image\":{\"@id\":\"https:\/\/acrimat.org.br\/portal\/#\/schema\/logo\/image\/\"}},{\"@type\":\"Person\",\"@id\":\"https:\/\/acrimat.org.br\/portal\/#\/schema\/person\/18df8bcf6890e924fe5d8b5afd2bec0f\",\"name\":\"P\u00e9ricles C\u00e2ndido\",\"image\":{\"@type\":\"ImageObject\",\"inLanguage\":\"pt-BR\",\"@id\":\"https:\/\/acrimat.org.br\/portal\/#\/schema\/person\/image\/\",\"url\":\"https:\/\/secure.gravatar.com\/avatar\/33e2a2b971dc363ed2df53d0d3bfbd18?s=96&d=mm&r=g\",\"contentUrl\":\"https:\/\/secure.gravatar.com\/avatar\/33e2a2b971dc363ed2df53d0d3bfbd18?s=96&d=mm&r=g\",\"caption\":\"P\u00e9ricles C\u00e2ndido\"},\"sameAs\":[\"ascom@acrimat.org.br\"],\"url\":\"https:\/\/acrimat.org.br\/portal\/author\/designergrafico\/\"}]}<\/script>\n<!-- \/ Yoast SEO plugin. -->","yoast_head_json":{"title":"Representantes das Na\u00e7\u00f5es Unidas conhecem produtividade de Mato Grosso - Acrimat","robots":{"index":"index","follow":"follow","max-snippet":"max-snippet:-1","max-image-preview":"max-image-preview:large","max-video-preview":"max-video-preview:-1"},"canonical":"https:\/\/acrimat.org.br\/portal\/representantes-das-nacoes-unidas-conhecem-produtividade-de-mato-grosso\/","og_locale":"pt_BR","og_type":"article","og_title":"Representantes das Na\u00e7\u00f5es Unidas conhecem produtividade de Mato Grosso - Acrimat","og_description":"Grupo afirma que os governos precisam pensar em a\u00e7\u00f5es para serem concretizadas em m\u00e9dio e longo prazos","og_url":"https:\/\/acrimat.org.br\/portal\/representantes-das-nacoes-unidas-conhecem-produtividade-de-mato-grosso\/","og_site_name":"Acrimat","article_published_time":"2017-12-04T11:46:54+00:00","og_image":[{"width":599,"height":400,"url":"https:\/\/acrimat.org.br\/portal\/wp-content\/uploads\/2017\/12\/reuniao-famato_nacoes-unidas_div.jpg","type":"image\/jpeg"}],"author":"P\u00e9ricles C\u00e2ndido","twitter_card":"summary_large_image","twitter_misc":{"Escrito por":"P\u00e9ricles C\u00e2ndido","Est. tempo de leitura":"2 minutos"},"schema":{"@context":"https:\/\/schema.org","@graph":[{"@type":"Article","@id":"https:\/\/acrimat.org.br\/portal\/representantes-das-nacoes-unidas-conhecem-produtividade-de-mato-grosso\/#article","isPartOf":{"@id":"https:\/\/acrimat.org.br\/portal\/representantes-das-nacoes-unidas-conhecem-produtividade-de-mato-grosso\/"},"author":{"name":"P\u00e9ricles C\u00e2ndido","@id":"https:\/\/acrimat.org.br\/portal\/#\/schema\/person\/18df8bcf6890e924fe5d8b5afd2bec0f"},"headline":"Representantes das Na\u00e7\u00f5es Unidas conhecem produtividade de Mato Grosso","datePublished":"2017-12-04T11:46:54+00:00","mainEntityOfPage":{"@id":"https:\/\/acrimat.org.br\/portal\/representantes-das-nacoes-unidas-conhecem-produtividade-de-mato-grosso\/"},"wordCount":473,"publisher":{"@id":"https:\/\/acrimat.org.br\/portal\/#organization"},"image":{"@id":"https:\/\/acrimat.org.br\/portal\/representantes-das-nacoes-unidas-conhecem-produtividade-de-mato-grosso\/#primaryimage"},"thumbnailUrl":"https:\/\/acrimat.org.br\/portal\/wp-content\/uploads\/2017\/12\/reuniao-famato_nacoes-unidas_div.jpg","articleSection":["Destaques","Not\u00edcias"],"inLanguage":"pt-BR"},{"@type":"WebPage","@id":"https:\/\/acrimat.org.br\/portal\/representantes-das-nacoes-unidas-conhecem-produtividade-de-mato-grosso\/","url":"https:\/\/acrimat.org.br\/portal\/representantes-das-nacoes-unidas-conhecem-produtividade-de-mato-grosso\/","name":"Representantes das Na\u00e7\u00f5es Unidas conhecem produtividade de Mato Grosso - Acrimat","isPartOf":{"@id":"https:\/\/acrimat.org.br\/portal\/#website"},"primaryImageOfPage":{"@id":"https:\/\/acrimat.org.br\/portal\/representantes-das-nacoes-unidas-conhecem-produtividade-de-mato-grosso\/#primaryimage"},"image":{"@id":"https:\/\/acrimat.org.br\/portal\/representantes-das-nacoes-unidas-conhecem-produtividade-de-mato-grosso\/#primaryimage"},"thumbnailUrl":"https:\/\/acrimat.org.br\/portal\/wp-content\/uploads\/2017\/12\/reuniao-famato_nacoes-unidas_div.jpg","datePublished":"2017-12-04T11:46:54+00:00","breadcrumb":{"@id":"https:\/\/acrimat.org.br\/portal\/representantes-das-nacoes-unidas-conhecem-produtividade-de-mato-grosso\/#breadcrumb"},"inLanguage":"pt-BR","potentialAction":[{"@type":"ReadAction","target":["https:\/\/acrimat.org.br\/portal\/representantes-das-nacoes-unidas-conhecem-produtividade-de-mato-grosso\/"]}]},{"@type":"ImageObject","inLanguage":"pt-BR","@id":"https:\/\/acrimat.org.br\/portal\/representantes-das-nacoes-unidas-conhecem-produtividade-de-mato-grosso\/#primaryimage","url":"https:\/\/acrimat.org.br\/portal\/wp-content\/uploads\/2017\/12\/reuniao-famato_nacoes-unidas_div.jpg","contentUrl":"https:\/\/acrimat.org.br\/portal\/wp-content\/uploads\/2017\/12\/reuniao-famato_nacoes-unidas_div.jpg","width":599,"height":400},{"@type":"BreadcrumbList","@id":"https:\/\/acrimat.org.br\/portal\/representantes-das-nacoes-unidas-conhecem-produtividade-de-mato-grosso\/#breadcrumb","itemListElement":[{"@type":"ListItem","position":1,"name":"In\u00edcio","item":"https:\/\/acrimat.org.br\/portal\/"},{"@type":"ListItem","position":2,"name":"Representantes das Na\u00e7\u00f5es Unidas conhecem produtividade de Mato Grosso"}]},{"@type":"WebSite","@id":"https:\/\/acrimat.org.br\/portal\/#website","url":"https:\/\/acrimat.org.br\/portal\/","name":"Acrimat","description":"Associa\u00e7\u00e3o dos Criadores de Mato Grosso","publisher":{"@id":"https:\/\/acrimat.org.br\/portal\/#organization"},"potentialAction":[{"@type":"SearchAction","target":{"@type":"EntryPoint","urlTemplate":"https:\/\/acrimat.org.br\/portal\/?s={search_term_string}"},"query-input":{"@type":"PropertyValueSpecification","valueRequired":true,"valueName":"search_term_string"}}],"inLanguage":"pt-BR"},{"@type":"Organization","@id":"https:\/\/acrimat.org.br\/portal\/#organization","name":"Associa\u00e7\u00e3o dos Criadores de Mato Grosso","url":"https:\/\/acrimat.org.br\/portal\/","logo":{"@type":"ImageObject","inLanguage":"pt-BR","@id":"https:\/\/acrimat.org.br\/portal\/#\/schema\/logo\/image\/","url":"https:\/\/acrimat.org.br\/portal\/wp-content\/uploads\/2018\/03\/logo-peq-original.png","contentUrl":"https:\/\/acrimat.org.br\/portal\/wp-content\/uploads\/2018\/03\/logo-peq-original.png","width":174,"height":171,"caption":"Associa\u00e7\u00e3o dos Criadores de Mato Grosso"},"image":{"@id":"https:\/\/acrimat.org.br\/portal\/#\/schema\/logo\/image\/"}},{"@type":"Person","@id":"https:\/\/acrimat.org.br\/portal\/#\/schema\/person\/18df8bcf6890e924fe5d8b5afd2bec0f","name":"P\u00e9ricles C\u00e2ndido","image":{"@type":"ImageObject","inLanguage":"pt-BR","@id":"https:\/\/acrimat.org.br\/portal\/#\/schema\/person\/image\/","url":"https:\/\/secure.gravatar.com\/avatar\/33e2a2b971dc363ed2df53d0d3bfbd18?s=96&d=mm&r=g","contentUrl":"https:\/\/secure.gravatar.com\/avatar\/33e2a2b971dc363ed2df53d0d3bfbd18?s=96&d=mm&r=g","caption":"P\u00e9ricles C\u00e2ndido"},"sameAs":["ascom@acrimat.org.br"],"url":"https:\/\/acrimat.org.br\/portal\/author\/designergrafico\/"}]}},"_links":{"self":[{"href":"https:\/\/acrimat.org.br\/portal\/wp-json\/wp\/v2\/posts\/97985151","targetHints":{"allow":["GET"]}}],"collection":[{"href":"https:\/\/acrimat.org.br\/portal\/wp-json\/wp\/v2\/posts"}],"about":[{"href":"https:\/\/acrimat.org.br\/portal\/wp-json\/wp\/v2\/types\/post"}],"author":[{"embeddable":true,"href":"https:\/\/acrimat.org.br\/portal\/wp-json\/wp\/v2\/users\/11"}],"replies":[{"embeddable":true,"href":"https:\/\/acrimat.org.br\/portal\/wp-json\/wp\/v2\/comments?post=97985151"}],"version-history":[{"count":1,"href":"https:\/\/acrimat.org.br\/portal\/wp-json\/wp\/v2\/posts\/97985151\/revisions"}],"predecessor-version":[{"id":97985153,"href":"https:\/\/acrimat.org.br\/portal\/wp-json\/wp\/v2\/posts\/97985151\/revisions\/97985153"}],"wp:featuredmedia":[{"embeddable":true,"href":"https:\/\/acrimat.org.br\/portal\/wp-json\/wp\/v2\/media\/97985152"}],"wp:attachment":[{"href":"https:\/\/acrimat.org.br\/portal\/wp-json\/wp\/v2\/media?parent=97985151"}],"wp:term":[{"taxonomy":"category","embeddable":true,"href":"https:\/\/acrimat.org.br\/portal\/wp-json\/wp\/v2\/categories?post=97985151"},{"taxonomy":"post_tag","embeddable":true,"href":"https:\/\/acrimat.org.br\/portal\/wp-json\/wp\/v2\/tags?post=97985151"}],"curies":[{"name":"wp","href":"https:\/\/api.w.org\/{rel}","templated":true}]}}