{"id":97985160,"date":"2017-12-04T08:47:40","date_gmt":"2017-12-04T11:47:40","guid":{"rendered":"http:\/\/acrimat.org.br\/portal\/?p=97985160"},"modified":"2017-12-04T11:08:25","modified_gmt":"2017-12-04T14:08:25","slug":"mercosul-e-ue-podem-estar-perto-de-acordo-comercial","status":"publish","type":"post","link":"https:\/\/acrimat.org.br\/portal\/mercosul-e-ue-podem-estar-perto-de-acordo-comercial\/","title":{"rendered":"Mercosul e UE podem estar perto de acordo comercial"},"content":{"rendered":"<p>Pacto poder\u00e1 ser assinado em reuni\u00e3o da Organiza\u00e7\u00e3o Mundial do Com\u00e9rcio em Buenos Aires. Negocia\u00e7\u00f5es j\u00e1 se arrastam h\u00e1 17 anos. Exporta\u00e7\u00e3o de carne bovina para Europa ainda continua sendo um dos empecilhos. O Mercosul acredita ser &#8220;muito poss\u00edvel&#8221; que o acordo comercial com a Uni\u00e3o Europeia (UE), processo iniciado h\u00e1 17 anos, seja finalmente anunciado dentro de dez dias em Buenos Aires.<\/p>\n<p>&#8220;\u00c9 muito poss\u00edvel que o an\u00fancio pol\u00edtico&#8221; seja feito na reuni\u00e3o ministerial da Organiza\u00e7\u00e3o Mundial de Com\u00e9rcio (OMC) que decorrer\u00e1 na capital argentina entre 10 e 13 de dezembro, disseram em Bras\u00edlia membros da equipe de negocia\u00e7\u00e3o do Mercosul citados pela ag\u00eancia de not\u00edcias Efe.<\/p>\n<p>Na semana passada, representantes dos dois blocos iniciaram uma nova rodada intensiva de negocia\u00e7\u00f5es em Bruxelas. O comiss\u00e1rio europeu de Agricultura e Desenvolvimento Rural, Phil Hogan, afirmou que a Comiss\u00e3o Europeia est\u00e1 trabalhando num novo acordo, mas destacou que o pacto tamb\u00e9m depende dos pa\u00edses do Mercosul.<\/p>\n<p>&#8220;A UE quer um acordo no fim do ano, mas certamente h\u00e1 uma grande dist\u00e2ncia entre n\u00f3s e os pa\u00edses do Mercosul em muitas \u00e1reas nesse momento&#8221;, explicou o comiss\u00e1rio.<\/p>\n<p><strong>Produtos de disc\u00f3rdia<\/strong><\/p>\n<p>Agricultura, servi\u00e7os e acessos aos mercados dos blocos s\u00e3o alguns dos temas que mais separam os dois blocos. No entanto, um dos pontos mais disputados \u00e9 a busca por uma solu\u00e7\u00e3o para produtos agr\u00edcolas sens\u00edveis, como a carne bovina e o etanol.<\/p>\n<p>A Uni\u00e3o Europeia ofereceu em setembro passado quotas anuais de 70 mil toneladas de carne bovina e de 600 mil toneladas para o etanol, o que foi considerado escasso pelo grupo que integra a Argentina, o Brasil, o Paraguai e o Uruguai. No caso da carne bovina, pa\u00edses agr\u00edcolas da UE, como Irlanda e Fran\u00e7a, se preocupam com a possibilidade de perdas para seus produtores.<\/p>\n<p>As dificuldades impostas pelos pa\u00edses do Mercosul em rela\u00e7\u00e3o aos produtos agr\u00edcolas foram criticadas pelo ministro europeu Hogan, que avaliou que n\u00e3o h\u00e1 &#8220;reciprocidade&#8221; em rela\u00e7\u00e3o a outros pontos discutidos no acordo.<\/p>\n<p>&#8220;Esse \u00e9 um acordo que abrange muito mais do que carne, uma ampla variedade de produtos que a UE quer exportar aos pa\u00edses do Mercosul e que n\u00e3o est\u00e3o sendo levados em considera\u00e7\u00e3o nesse ponto das negocia\u00e7\u00f5es. Tem de haver reciprocidade em rela\u00e7\u00e3o ao valor de mercado, e n\u00e3o vemos isso nesse momento&#8221;, disse Hogan.<\/p>\n<p>No entanto, o comiss\u00e1rio espera que os representantes do Mercosul sejam mais flex\u00edveis no dia 10 de dezembro, em Buenos Aires, num encontro que ocorrer\u00e1 em paralelo \u00e0 reuni\u00e3o ministerial da Organiza\u00e7\u00e3o Mundial de Com\u00e9rcio.<\/p>\n<p><strong>&#8220;Tens\u00e3o pr\u00e9-nupcial&#8221;<\/strong><\/p>\n<p>Ainda n\u00e3o est\u00e1 claro se um acordo poder\u00e1 ser assinado at\u00e9 o fim do ano. Na recente rodada de conversas entre os negociadores, realizada entre 6 e 10 de novembro em Bras\u00edlia, n\u00e3o se tratou, por exemplo, como cada mercado se abrir\u00e1 ao outro, um dos principais pontos do acordo.<\/p>\n<p>A expectativa do governo brasileiro, no entanto, \u00e9 que a conclus\u00e3o pol\u00edtica do acordo comercial entre o Mercosul e a Uni\u00e3o Europeia seja anunciada ainda este ano.<\/p>\n<p>Em fins de outubro, o embaixador Ronaldo Costa Filho, diretor do Departamento de Negocia\u00e7\u00f5es Internacionais do Itamaraty, afirmou que o que aconteceu, quando a UE apresentou propostas de cotas de importa\u00e7\u00e3o de carne bovina e etanol bem abaixo do esperado pelo Mercosul, foi apenas &#8220;tens\u00e3o pr\u00e9-nupcial&#8221;.<\/p>\n<p>&#8220;O importante \u00e9 que o compromisso se mant\u00e9m firme e a UE tem interesse em fechar acordo&#8221;, disse ele.<\/p>\n<p><em>A Deutsche Welle \u00e9 a emissora internacional da Alemanha e produz jornalismo independente em 30 idiomas.<\/em><\/p>\n","protected":false},"excerpt":{"rendered":"<p>Negocia\u00e7\u00f5es j\u00e1 se arrastam h\u00e1 17 anos<\/p>\n","protected":false},"author":11,"featured_media":97985123,"comment_status":"closed","ping_status":"closed","sticky":false,"template":"","format":"standard","meta":{"footnotes":""},"categories":[6,1],"tags":[],"class_list":["post-97985160","post","type-post","status-publish","format-standard","has-post-thumbnail","hentry","category-destaque","category-noticia"],"yoast_head":"<!-- This site is optimized with the Yoast SEO plugin v24.8.1 - https:\/\/yoast.com\/wordpress\/plugins\/seo\/ -->\n<title>Mercosul e UE podem estar perto de acordo comercial - Acrimat<\/title>\n<meta name=\"robots\" content=\"index, follow, max-snippet:-1, max-image-preview:large, max-video-preview:-1\" \/>\n<link rel=\"canonical\" href=\"https:\/\/acrimat.org.br\/portal\/mercosul-e-ue-podem-estar-perto-de-acordo-comercial\/\" \/>\n<meta property=\"og:locale\" content=\"pt_BR\" \/>\n<meta property=\"og:type\" content=\"article\" \/>\n<meta property=\"og:title\" content=\"Mercosul e UE podem estar perto de acordo comercial - Acrimat\" \/>\n<meta property=\"og:description\" content=\"Negocia\u00e7\u00f5es j\u00e1 se arrastam h\u00e1 17 anos\" \/>\n<meta property=\"og:url\" content=\"https:\/\/acrimat.org.br\/portal\/mercosul-e-ue-podem-estar-perto-de-acordo-comercial\/\" \/>\n<meta property=\"og:site_name\" content=\"Acrimat\" \/>\n<meta property=\"article:published_time\" content=\"2017-12-04T11:47:40+00:00\" \/>\n<meta property=\"article:modified_time\" content=\"2017-12-04T14:08:25+00:00\" \/>\n<meta property=\"og:image\" content=\"https:\/\/acrimat.org.br\/portal\/wp-content\/uploads\/2017\/12\/mercosur-ue.jpg\" \/>\n\t<meta property=\"og:image:width\" content=\"748\" \/>\n\t<meta property=\"og:image:height\" content=\"498\" \/>\n\t<meta property=\"og:image:type\" content=\"image\/jpeg\" \/>\n<meta name=\"author\" content=\"P\u00e9ricles C\u00e2ndido\" \/>\n<meta name=\"twitter:card\" content=\"summary_large_image\" \/>\n<meta name=\"twitter:label1\" content=\"Escrito por\" \/>\n\t<meta name=\"twitter:data1\" content=\"P\u00e9ricles C\u00e2ndido\" \/>\n\t<meta name=\"twitter:label2\" content=\"Est. tempo de leitura\" \/>\n\t<meta name=\"twitter:data2\" content=\"3 minutos\" \/>\n<script type=\"application\/ld+json\" class=\"yoast-schema-graph\">{\"@context\":\"https:\/\/schema.org\",\"@graph\":[{\"@type\":\"Article\",\"@id\":\"https:\/\/acrimat.org.br\/portal\/mercosul-e-ue-podem-estar-perto-de-acordo-comercial\/#article\",\"isPartOf\":{\"@id\":\"https:\/\/acrimat.org.br\/portal\/mercosul-e-ue-podem-estar-perto-de-acordo-comercial\/\"},\"author\":{\"name\":\"P\u00e9ricles C\u00e2ndido\",\"@id\":\"https:\/\/acrimat.org.br\/portal\/#\/schema\/person\/18df8bcf6890e924fe5d8b5afd2bec0f\"},\"headline\":\"Mercosul e UE podem estar perto de acordo comercial\",\"datePublished\":\"2017-12-04T11:47:40+00:00\",\"dateModified\":\"2017-12-04T14:08:25+00:00\",\"mainEntityOfPage\":{\"@id\":\"https:\/\/acrimat.org.br\/portal\/mercosul-e-ue-podem-estar-perto-de-acordo-comercial\/\"},\"wordCount\":635,\"publisher\":{\"@id\":\"https:\/\/acrimat.org.br\/portal\/#organization\"},\"image\":{\"@id\":\"https:\/\/acrimat.org.br\/portal\/mercosul-e-ue-podem-estar-perto-de-acordo-comercial\/#primaryimage\"},\"thumbnailUrl\":\"https:\/\/acrimat.org.br\/portal\/wp-content\/uploads\/2017\/12\/mercosur-ue.jpg\",\"articleSection\":[\"Destaques\",\"Not\u00edcias\"],\"inLanguage\":\"pt-BR\"},{\"@type\":\"WebPage\",\"@id\":\"https:\/\/acrimat.org.br\/portal\/mercosul-e-ue-podem-estar-perto-de-acordo-comercial\/\",\"url\":\"https:\/\/acrimat.org.br\/portal\/mercosul-e-ue-podem-estar-perto-de-acordo-comercial\/\",\"name\":\"Mercosul e UE podem estar perto de acordo comercial - Acrimat\",\"isPartOf\":{\"@id\":\"https:\/\/acrimat.org.br\/portal\/#website\"},\"primaryImageOfPage\":{\"@id\":\"https:\/\/acrimat.org.br\/portal\/mercosul-e-ue-podem-estar-perto-de-acordo-comercial\/#primaryimage\"},\"image\":{\"@id\":\"https:\/\/acrimat.org.br\/portal\/mercosul-e-ue-podem-estar-perto-de-acordo-comercial\/#primaryimage\"},\"thumbnailUrl\":\"https:\/\/acrimat.org.br\/portal\/wp-content\/uploads\/2017\/12\/mercosur-ue.jpg\",\"datePublished\":\"2017-12-04T11:47:40+00:00\",\"dateModified\":\"2017-12-04T14:08:25+00:00\",\"breadcrumb\":{\"@id\":\"https:\/\/acrimat.org.br\/portal\/mercosul-e-ue-podem-estar-perto-de-acordo-comercial\/#breadcrumb\"},\"inLanguage\":\"pt-BR\",\"potentialAction\":[{\"@type\":\"ReadAction\",\"target\":[\"https:\/\/acrimat.org.br\/portal\/mercosul-e-ue-podem-estar-perto-de-acordo-comercial\/\"]}]},{\"@type\":\"ImageObject\",\"inLanguage\":\"pt-BR\",\"@id\":\"https:\/\/acrimat.org.br\/portal\/mercosul-e-ue-podem-estar-perto-de-acordo-comercial\/#primaryimage\",\"url\":\"https:\/\/acrimat.org.br\/portal\/wp-content\/uploads\/2017\/12\/mercosur-ue.jpg\",\"contentUrl\":\"https:\/\/acrimat.org.br\/portal\/wp-content\/uploads\/2017\/12\/mercosur-ue.jpg\",\"width\":748,\"height\":498},{\"@type\":\"BreadcrumbList\",\"@id\":\"https:\/\/acrimat.org.br\/portal\/mercosul-e-ue-podem-estar-perto-de-acordo-comercial\/#breadcrumb\",\"itemListElement\":[{\"@type\":\"ListItem\",\"position\":1,\"name\":\"In\u00edcio\",\"item\":\"https:\/\/acrimat.org.br\/portal\/\"},{\"@type\":\"ListItem\",\"position\":2,\"name\":\"Mercosul e UE podem estar perto de acordo comercial\"}]},{\"@type\":\"WebSite\",\"@id\":\"https:\/\/acrimat.org.br\/portal\/#website\",\"url\":\"https:\/\/acrimat.org.br\/portal\/\",\"name\":\"Acrimat\",\"description\":\"Associa\u00e7\u00e3o dos Criadores de Mato Grosso\",\"publisher\":{\"@id\":\"https:\/\/acrimat.org.br\/portal\/#organization\"},\"potentialAction\":[{\"@type\":\"SearchAction\",\"target\":{\"@type\":\"EntryPoint\",\"urlTemplate\":\"https:\/\/acrimat.org.br\/portal\/?s={search_term_string}\"},\"query-input\":{\"@type\":\"PropertyValueSpecification\",\"valueRequired\":true,\"valueName\":\"search_term_string\"}}],\"inLanguage\":\"pt-BR\"},{\"@type\":\"Organization\",\"@id\":\"https:\/\/acrimat.org.br\/portal\/#organization\",\"name\":\"Associa\u00e7\u00e3o dos Criadores de Mato Grosso\",\"url\":\"https:\/\/acrimat.org.br\/portal\/\",\"logo\":{\"@type\":\"ImageObject\",\"inLanguage\":\"pt-BR\",\"@id\":\"https:\/\/acrimat.org.br\/portal\/#\/schema\/logo\/image\/\",\"url\":\"https:\/\/acrimat.org.br\/portal\/wp-content\/uploads\/2018\/03\/logo-peq-original.png\",\"contentUrl\":\"https:\/\/acrimat.org.br\/portal\/wp-content\/uploads\/2018\/03\/logo-peq-original.png\",\"width\":174,\"height\":171,\"caption\":\"Associa\u00e7\u00e3o dos Criadores de Mato Grosso\"},\"image\":{\"@id\":\"https:\/\/acrimat.org.br\/portal\/#\/schema\/logo\/image\/\"}},{\"@type\":\"Person\",\"@id\":\"https:\/\/acrimat.org.br\/portal\/#\/schema\/person\/18df8bcf6890e924fe5d8b5afd2bec0f\",\"name\":\"P\u00e9ricles C\u00e2ndido\",\"image\":{\"@type\":\"ImageObject\",\"inLanguage\":\"pt-BR\",\"@id\":\"https:\/\/acrimat.org.br\/portal\/#\/schema\/person\/image\/\",\"url\":\"https:\/\/secure.gravatar.com\/avatar\/33e2a2b971dc363ed2df53d0d3bfbd18?s=96&d=mm&r=g\",\"contentUrl\":\"https:\/\/secure.gravatar.com\/avatar\/33e2a2b971dc363ed2df53d0d3bfbd18?s=96&d=mm&r=g\",\"caption\":\"P\u00e9ricles C\u00e2ndido\"},\"sameAs\":[\"ascom@acrimat.org.br\"],\"url\":\"https:\/\/acrimat.org.br\/portal\/author\/designergrafico\/\"}]}<\/script>\n<!-- \/ Yoast SEO plugin. -->","yoast_head_json":{"title":"Mercosul e UE podem estar perto de acordo comercial - Acrimat","robots":{"index":"index","follow":"follow","max-snippet":"max-snippet:-1","max-image-preview":"max-image-preview:large","max-video-preview":"max-video-preview:-1"},"canonical":"https:\/\/acrimat.org.br\/portal\/mercosul-e-ue-podem-estar-perto-de-acordo-comercial\/","og_locale":"pt_BR","og_type":"article","og_title":"Mercosul e UE podem estar perto de acordo comercial - Acrimat","og_description":"Negocia\u00e7\u00f5es j\u00e1 se arrastam h\u00e1 17 anos","og_url":"https:\/\/acrimat.org.br\/portal\/mercosul-e-ue-podem-estar-perto-de-acordo-comercial\/","og_site_name":"Acrimat","article_published_time":"2017-12-04T11:47:40+00:00","article_modified_time":"2017-12-04T14:08:25+00:00","og_image":[{"width":748,"height":498,"url":"https:\/\/acrimat.org.br\/portal\/wp-content\/uploads\/2017\/12\/mercosur-ue.jpg","type":"image\/jpeg"}],"author":"P\u00e9ricles C\u00e2ndido","twitter_card":"summary_large_image","twitter_misc":{"Escrito por":"P\u00e9ricles C\u00e2ndido","Est. tempo de leitura":"3 minutos"},"schema":{"@context":"https:\/\/schema.org","@graph":[{"@type":"Article","@id":"https:\/\/acrimat.org.br\/portal\/mercosul-e-ue-podem-estar-perto-de-acordo-comercial\/#article","isPartOf":{"@id":"https:\/\/acrimat.org.br\/portal\/mercosul-e-ue-podem-estar-perto-de-acordo-comercial\/"},"author":{"name":"P\u00e9ricles C\u00e2ndido","@id":"https:\/\/acrimat.org.br\/portal\/#\/schema\/person\/18df8bcf6890e924fe5d8b5afd2bec0f"},"headline":"Mercosul e UE podem estar perto de acordo comercial","datePublished":"2017-12-04T11:47:40+00:00","dateModified":"2017-12-04T14:08:25+00:00","mainEntityOfPage":{"@id":"https:\/\/acrimat.org.br\/portal\/mercosul-e-ue-podem-estar-perto-de-acordo-comercial\/"},"wordCount":635,"publisher":{"@id":"https:\/\/acrimat.org.br\/portal\/#organization"},"image":{"@id":"https:\/\/acrimat.org.br\/portal\/mercosul-e-ue-podem-estar-perto-de-acordo-comercial\/#primaryimage"},"thumbnailUrl":"https:\/\/acrimat.org.br\/portal\/wp-content\/uploads\/2017\/12\/mercosur-ue.jpg","articleSection":["Destaques","Not\u00edcias"],"inLanguage":"pt-BR"},{"@type":"WebPage","@id":"https:\/\/acrimat.org.br\/portal\/mercosul-e-ue-podem-estar-perto-de-acordo-comercial\/","url":"https:\/\/acrimat.org.br\/portal\/mercosul-e-ue-podem-estar-perto-de-acordo-comercial\/","name":"Mercosul e UE podem estar perto de acordo comercial - Acrimat","isPartOf":{"@id":"https:\/\/acrimat.org.br\/portal\/#website"},"primaryImageOfPage":{"@id":"https:\/\/acrimat.org.br\/portal\/mercosul-e-ue-podem-estar-perto-de-acordo-comercial\/#primaryimage"},"image":{"@id":"https:\/\/acrimat.org.br\/portal\/mercosul-e-ue-podem-estar-perto-de-acordo-comercial\/#primaryimage"},"thumbnailUrl":"https:\/\/acrimat.org.br\/portal\/wp-content\/uploads\/2017\/12\/mercosur-ue.jpg","datePublished":"2017-12-04T11:47:40+00:00","dateModified":"2017-12-04T14:08:25+00:00","breadcrumb":{"@id":"https:\/\/acrimat.org.br\/portal\/mercosul-e-ue-podem-estar-perto-de-acordo-comercial\/#breadcrumb"},"inLanguage":"pt-BR","potentialAction":[{"@type":"ReadAction","target":["https:\/\/acrimat.org.br\/portal\/mercosul-e-ue-podem-estar-perto-de-acordo-comercial\/"]}]},{"@type":"ImageObject","inLanguage":"pt-BR","@id":"https:\/\/acrimat.org.br\/portal\/mercosul-e-ue-podem-estar-perto-de-acordo-comercial\/#primaryimage","url":"https:\/\/acrimat.org.br\/portal\/wp-content\/uploads\/2017\/12\/mercosur-ue.jpg","contentUrl":"https:\/\/acrimat.org.br\/portal\/wp-content\/uploads\/2017\/12\/mercosur-ue.jpg","width":748,"height":498},{"@type":"BreadcrumbList","@id":"https:\/\/acrimat.org.br\/portal\/mercosul-e-ue-podem-estar-perto-de-acordo-comercial\/#breadcrumb","itemListElement":[{"@type":"ListItem","position":1,"name":"In\u00edcio","item":"https:\/\/acrimat.org.br\/portal\/"},{"@type":"ListItem","position":2,"name":"Mercosul e UE podem estar perto de acordo comercial"}]},{"@type":"WebSite","@id":"https:\/\/acrimat.org.br\/portal\/#website","url":"https:\/\/acrimat.org.br\/portal\/","name":"Acrimat","description":"Associa\u00e7\u00e3o dos Criadores de Mato Grosso","publisher":{"@id":"https:\/\/acrimat.org.br\/portal\/#organization"},"potentialAction":[{"@type":"SearchAction","target":{"@type":"EntryPoint","urlTemplate":"https:\/\/acrimat.org.br\/portal\/?s={search_term_string}"},"query-input":{"@type":"PropertyValueSpecification","valueRequired":true,"valueName":"search_term_string"}}],"inLanguage":"pt-BR"},{"@type":"Organization","@id":"https:\/\/acrimat.org.br\/portal\/#organization","name":"Associa\u00e7\u00e3o dos Criadores de Mato Grosso","url":"https:\/\/acrimat.org.br\/portal\/","logo":{"@type":"ImageObject","inLanguage":"pt-BR","@id":"https:\/\/acrimat.org.br\/portal\/#\/schema\/logo\/image\/","url":"https:\/\/acrimat.org.br\/portal\/wp-content\/uploads\/2018\/03\/logo-peq-original.png","contentUrl":"https:\/\/acrimat.org.br\/portal\/wp-content\/uploads\/2018\/03\/logo-peq-original.png","width":174,"height":171,"caption":"Associa\u00e7\u00e3o dos Criadores de Mato Grosso"},"image":{"@id":"https:\/\/acrimat.org.br\/portal\/#\/schema\/logo\/image\/"}},{"@type":"Person","@id":"https:\/\/acrimat.org.br\/portal\/#\/schema\/person\/18df8bcf6890e924fe5d8b5afd2bec0f","name":"P\u00e9ricles C\u00e2ndido","image":{"@type":"ImageObject","inLanguage":"pt-BR","@id":"https:\/\/acrimat.org.br\/portal\/#\/schema\/person\/image\/","url":"https:\/\/secure.gravatar.com\/avatar\/33e2a2b971dc363ed2df53d0d3bfbd18?s=96&d=mm&r=g","contentUrl":"https:\/\/secure.gravatar.com\/avatar\/33e2a2b971dc363ed2df53d0d3bfbd18?s=96&d=mm&r=g","caption":"P\u00e9ricles C\u00e2ndido"},"sameAs":["ascom@acrimat.org.br"],"url":"https:\/\/acrimat.org.br\/portal\/author\/designergrafico\/"}]}},"_links":{"self":[{"href":"https:\/\/acrimat.org.br\/portal\/wp-json\/wp\/v2\/posts\/97985160","targetHints":{"allow":["GET"]}}],"collection":[{"href":"https:\/\/acrimat.org.br\/portal\/wp-json\/wp\/v2\/posts"}],"about":[{"href":"https:\/\/acrimat.org.br\/portal\/wp-json\/wp\/v2\/types\/post"}],"author":[{"embeddable":true,"href":"https:\/\/acrimat.org.br\/portal\/wp-json\/wp\/v2\/users\/11"}],"replies":[{"embeddable":true,"href":"https:\/\/acrimat.org.br\/portal\/wp-json\/wp\/v2\/comments?post=97985160"}],"version-history":[{"count":1,"href":"https:\/\/acrimat.org.br\/portal\/wp-json\/wp\/v2\/posts\/97985160\/revisions"}],"predecessor-version":[{"id":97985161,"href":"https:\/\/acrimat.org.br\/portal\/wp-json\/wp\/v2\/posts\/97985160\/revisions\/97985161"}],"wp:featuredmedia":[{"embeddable":true,"href":"https:\/\/acrimat.org.br\/portal\/wp-json\/wp\/v2\/media\/97985123"}],"wp:attachment":[{"href":"https:\/\/acrimat.org.br\/portal\/wp-json\/wp\/v2\/media?parent=97985160"}],"wp:term":[{"taxonomy":"category","embeddable":true,"href":"https:\/\/acrimat.org.br\/portal\/wp-json\/wp\/v2\/categories?post=97985160"},{"taxonomy":"post_tag","embeddable":true,"href":"https:\/\/acrimat.org.br\/portal\/wp-json\/wp\/v2\/tags?post=97985160"}],"curies":[{"name":"wp","href":"https:\/\/api.w.org\/{rel}","templated":true}]}}