{"id":97985171,"date":"2017-12-05T07:33:30","date_gmt":"2017-12-05T10:33:30","guid":{"rendered":"http:\/\/acrimat.org.br\/portal\/?p=97985171"},"modified":"2017-12-05T07:45:41","modified_gmt":"2017-12-05T10:45:41","slug":"blairo-maggi-debate-mudancas-com-servidores-do-mapa-em-mato-grosso","status":"publish","type":"post","link":"https:\/\/acrimat.org.br\/portal\/blairo-maggi-debate-mudancas-com-servidores-do-mapa-em-mato-grosso\/","title":{"rendered":"Blairo Maggi debate mudan\u00e7as com servidores do Mapa em Mato Grosso"},"content":{"rendered":"<p>O ministro Blairo Maggi reuniu-se na manh\u00e3 desta sexta-feira (1\/12) com os funcion\u00e1rios da Superintend\u00eancia Federal da Agricultura no Mato Grosso (SFA-MT) para esclarecer d\u00favidas dos servidores sobre as mudan\u00e7as que est\u00e3o sendo implementadas no Minist\u00e9rio da Agricultura, Pecu\u00e1ria e Abastecimento (Mapa).<\/p>\n<p>O ministro disse que h\u00e1 sinais de melhora, mas o Brasil ainda passa por uma situa\u00e7\u00e3o econ\u00f4mica extremamente dif\u00edcil.<\/p>\n<p>Blairo Maggi reiterou a import\u00e2ncia da fiscaliza\u00e7\u00e3o para garantia da produ\u00e7\u00e3o brasileira de alimentos. O ministro lembrou que nos \u00faltimos 40 anos o agroneg\u00f3cio brasileiro passou por uma verdadeira revolu\u00e7\u00e3o, e por isso a necessidade de mudan\u00e7as no Mapa, especialmente na estrutura da Secretaria de Defesa Agropecu\u00e1ria (SDA).<\/p>\n<p>Maggi conclui dizendo que pretende tratar as mudan\u00e7as com a m\u00e1xima transpar\u00eancia.<\/p>\n<p>O secret\u00e1rio-executivo do Mapa, Eumar Novacki, que tamb\u00e9m participou da reuni\u00e3o, informou que o modelo a ser adotado pelo Minist\u00e9rio em rela\u00e7\u00e3o \u00e0 fiscaliza\u00e7\u00e3o ser\u00e1 mais voltado \u00e0 \u201carticula\u00e7\u00e3o e intelig\u00eancia\u201d do que para m\u00e3o-de-obra.<\/p>\n","protected":false},"excerpt":{"rendered":"<p>Ministro disse que h\u00e1 sinais de melhora, mas o Brasil ainda passa por uma situa\u00e7\u00e3o econ\u00f4mica extremamente dif\u00edcil<\/p>\n","protected":false},"author":11,"featured_media":97985172,"comment_status":"closed","ping_status":"closed","sticky":false,"template":"","format":"standard","meta":{"footnotes":""},"categories":[6,1],"tags":[],"class_list":["post-97985171","post","type-post","status-publish","format-standard","has-post-thumbnail","hentry","category-destaque","category-noticia"],"yoast_head":"<!-- This site is optimized with the Yoast SEO plugin v24.8.1 - https:\/\/yoast.com\/wordpress\/plugins\/seo\/ -->\n<title>Blairo Maggi debate mudan\u00e7as com servidores do Mapa em Mato Grosso - Acrimat<\/title>\n<meta name=\"robots\" content=\"index, follow, max-snippet:-1, max-image-preview:large, max-video-preview:-1\" \/>\n<link rel=\"canonical\" href=\"https:\/\/acrimat.org.br\/portal\/blairo-maggi-debate-mudancas-com-servidores-do-mapa-em-mato-grosso\/\" \/>\n<meta property=\"og:locale\" content=\"pt_BR\" \/>\n<meta property=\"og:type\" content=\"article\" \/>\n<meta property=\"og:title\" content=\"Blairo Maggi debate mudan\u00e7as com servidores do Mapa em Mato Grosso - Acrimat\" \/>\n<meta property=\"og:description\" content=\"Ministro disse que h\u00e1 sinais de melhora, mas o Brasil ainda passa por uma situa\u00e7\u00e3o econ\u00f4mica extremamente dif\u00edcil\" \/>\n<meta property=\"og:url\" content=\"https:\/\/acrimat.org.br\/portal\/blairo-maggi-debate-mudancas-com-servidores-do-mapa-em-mato-grosso\/\" \/>\n<meta property=\"og:site_name\" content=\"Acrimat\" \/>\n<meta property=\"article:published_time\" content=\"2017-12-05T10:33:30+00:00\" \/>\n<meta property=\"article:modified_time\" content=\"2017-12-05T10:45:41+00:00\" \/>\n<meta property=\"og:image\" content=\"https:\/\/acrimat.org.br\/portal\/wp-content\/uploads\/2017\/12\/57925e0c-1889-41d2-b20b-80c57d00.jpg\" \/>\n\t<meta property=\"og:image:width\" content=\"672\" \/>\n\t<meta property=\"og:image:height\" content=\"372\" \/>\n\t<meta property=\"og:image:type\" content=\"image\/jpeg\" \/>\n<meta name=\"author\" content=\"P\u00e9ricles C\u00e2ndido\" \/>\n<meta name=\"twitter:card\" content=\"summary_large_image\" \/>\n<meta name=\"twitter:label1\" content=\"Escrito por\" \/>\n\t<meta name=\"twitter:data1\" content=\"P\u00e9ricles C\u00e2ndido\" \/>\n\t<meta name=\"twitter:label2\" content=\"Est. tempo de leitura\" \/>\n\t<meta name=\"twitter:data2\" content=\"1 minuto\" \/>\n<script type=\"application\/ld+json\" class=\"yoast-schema-graph\">{\"@context\":\"https:\/\/schema.org\",\"@graph\":[{\"@type\":\"Article\",\"@id\":\"https:\/\/acrimat.org.br\/portal\/blairo-maggi-debate-mudancas-com-servidores-do-mapa-em-mato-grosso\/#article\",\"isPartOf\":{\"@id\":\"https:\/\/acrimat.org.br\/portal\/blairo-maggi-debate-mudancas-com-servidores-do-mapa-em-mato-grosso\/\"},\"author\":{\"name\":\"P\u00e9ricles C\u00e2ndido\",\"@id\":\"https:\/\/acrimat.org.br\/portal\/#\/schema\/person\/18df8bcf6890e924fe5d8b5afd2bec0f\"},\"headline\":\"Blairo Maggi debate mudan\u00e7as com servidores do Mapa em Mato Grosso\",\"datePublished\":\"2017-12-05T10:33:30+00:00\",\"dateModified\":\"2017-12-05T10:45:41+00:00\",\"mainEntityOfPage\":{\"@id\":\"https:\/\/acrimat.org.br\/portal\/blairo-maggi-debate-mudancas-com-servidores-do-mapa-em-mato-grosso\/\"},\"wordCount\":193,\"publisher\":{\"@id\":\"https:\/\/acrimat.org.br\/portal\/#organization\"},\"image\":{\"@id\":\"https:\/\/acrimat.org.br\/portal\/blairo-maggi-debate-mudancas-com-servidores-do-mapa-em-mato-grosso\/#primaryimage\"},\"thumbnailUrl\":\"https:\/\/acrimat.org.br\/portal\/wp-content\/uploads\/2017\/12\/57925e0c-1889-41d2-b20b-80c57d00.jpg\",\"articleSection\":[\"Destaques\",\"Not\u00edcias\"],\"inLanguage\":\"pt-BR\"},{\"@type\":\"WebPage\",\"@id\":\"https:\/\/acrimat.org.br\/portal\/blairo-maggi-debate-mudancas-com-servidores-do-mapa-em-mato-grosso\/\",\"url\":\"https:\/\/acrimat.org.br\/portal\/blairo-maggi-debate-mudancas-com-servidores-do-mapa-em-mato-grosso\/\",\"name\":\"Blairo Maggi debate mudan\u00e7as com servidores do Mapa em Mato Grosso - Acrimat\",\"isPartOf\":{\"@id\":\"https:\/\/acrimat.org.br\/portal\/#website\"},\"primaryImageOfPage\":{\"@id\":\"https:\/\/acrimat.org.br\/portal\/blairo-maggi-debate-mudancas-com-servidores-do-mapa-em-mato-grosso\/#primaryimage\"},\"image\":{\"@id\":\"https:\/\/acrimat.org.br\/portal\/blairo-maggi-debate-mudancas-com-servidores-do-mapa-em-mato-grosso\/#primaryimage\"},\"thumbnailUrl\":\"https:\/\/acrimat.org.br\/portal\/wp-content\/uploads\/2017\/12\/57925e0c-1889-41d2-b20b-80c57d00.jpg\",\"datePublished\":\"2017-12-05T10:33:30+00:00\",\"dateModified\":\"2017-12-05T10:45:41+00:00\",\"breadcrumb\":{\"@id\":\"https:\/\/acrimat.org.br\/portal\/blairo-maggi-debate-mudancas-com-servidores-do-mapa-em-mato-grosso\/#breadcrumb\"},\"inLanguage\":\"pt-BR\",\"potentialAction\":[{\"@type\":\"ReadAction\",\"target\":[\"https:\/\/acrimat.org.br\/portal\/blairo-maggi-debate-mudancas-com-servidores-do-mapa-em-mato-grosso\/\"]}]},{\"@type\":\"ImageObject\",\"inLanguage\":\"pt-BR\",\"@id\":\"https:\/\/acrimat.org.br\/portal\/blairo-maggi-debate-mudancas-com-servidores-do-mapa-em-mato-grosso\/#primaryimage\",\"url\":\"https:\/\/acrimat.org.br\/portal\/wp-content\/uploads\/2017\/12\/57925e0c-1889-41d2-b20b-80c57d00.jpg\",\"contentUrl\":\"https:\/\/acrimat.org.br\/portal\/wp-content\/uploads\/2017\/12\/57925e0c-1889-41d2-b20b-80c57d00.jpg\",\"width\":672,\"height\":372},{\"@type\":\"BreadcrumbList\",\"@id\":\"https:\/\/acrimat.org.br\/portal\/blairo-maggi-debate-mudancas-com-servidores-do-mapa-em-mato-grosso\/#breadcrumb\",\"itemListElement\":[{\"@type\":\"ListItem\",\"position\":1,\"name\":\"In\u00edcio\",\"item\":\"https:\/\/acrimat.org.br\/portal\/\"},{\"@type\":\"ListItem\",\"position\":2,\"name\":\"Blairo Maggi debate mudan\u00e7as com servidores do Mapa em Mato Grosso\"}]},{\"@type\":\"WebSite\",\"@id\":\"https:\/\/acrimat.org.br\/portal\/#website\",\"url\":\"https:\/\/acrimat.org.br\/portal\/\",\"name\":\"Acrimat\",\"description\":\"Associa\u00e7\u00e3o dos Criadores de Mato Grosso\",\"publisher\":{\"@id\":\"https:\/\/acrimat.org.br\/portal\/#organization\"},\"potentialAction\":[{\"@type\":\"SearchAction\",\"target\":{\"@type\":\"EntryPoint\",\"urlTemplate\":\"https:\/\/acrimat.org.br\/portal\/?s={search_term_string}\"},\"query-input\":{\"@type\":\"PropertyValueSpecification\",\"valueRequired\":true,\"valueName\":\"search_term_string\"}}],\"inLanguage\":\"pt-BR\"},{\"@type\":\"Organization\",\"@id\":\"https:\/\/acrimat.org.br\/portal\/#organization\",\"name\":\"Associa\u00e7\u00e3o dos Criadores de Mato Grosso\",\"url\":\"https:\/\/acrimat.org.br\/portal\/\",\"logo\":{\"@type\":\"ImageObject\",\"inLanguage\":\"pt-BR\",\"@id\":\"https:\/\/acrimat.org.br\/portal\/#\/schema\/logo\/image\/\",\"url\":\"https:\/\/acrimat.org.br\/portal\/wp-content\/uploads\/2018\/03\/logo-peq-original.png\",\"contentUrl\":\"https:\/\/acrimat.org.br\/portal\/wp-content\/uploads\/2018\/03\/logo-peq-original.png\",\"width\":174,\"height\":171,\"caption\":\"Associa\u00e7\u00e3o dos Criadores de Mato Grosso\"},\"image\":{\"@id\":\"https:\/\/acrimat.org.br\/portal\/#\/schema\/logo\/image\/\"}},{\"@type\":\"Person\",\"@id\":\"https:\/\/acrimat.org.br\/portal\/#\/schema\/person\/18df8bcf6890e924fe5d8b5afd2bec0f\",\"name\":\"P\u00e9ricles C\u00e2ndido\",\"image\":{\"@type\":\"ImageObject\",\"inLanguage\":\"pt-BR\",\"@id\":\"https:\/\/acrimat.org.br\/portal\/#\/schema\/person\/image\/\",\"url\":\"https:\/\/secure.gravatar.com\/avatar\/33e2a2b971dc363ed2df53d0d3bfbd18?s=96&d=mm&r=g\",\"contentUrl\":\"https:\/\/secure.gravatar.com\/avatar\/33e2a2b971dc363ed2df53d0d3bfbd18?s=96&d=mm&r=g\",\"caption\":\"P\u00e9ricles C\u00e2ndido\"},\"sameAs\":[\"ascom@acrimat.org.br\"],\"url\":\"https:\/\/acrimat.org.br\/portal\/author\/designergrafico\/\"}]}<\/script>\n<!-- \/ Yoast SEO plugin. -->","yoast_head_json":{"title":"Blairo Maggi debate mudan\u00e7as com servidores do Mapa em Mato Grosso - Acrimat","robots":{"index":"index","follow":"follow","max-snippet":"max-snippet:-1","max-image-preview":"max-image-preview:large","max-video-preview":"max-video-preview:-1"},"canonical":"https:\/\/acrimat.org.br\/portal\/blairo-maggi-debate-mudancas-com-servidores-do-mapa-em-mato-grosso\/","og_locale":"pt_BR","og_type":"article","og_title":"Blairo Maggi debate mudan\u00e7as com servidores do Mapa em Mato Grosso - Acrimat","og_description":"Ministro disse que h\u00e1 sinais de melhora, mas o Brasil ainda passa por uma situa\u00e7\u00e3o econ\u00f4mica extremamente dif\u00edcil","og_url":"https:\/\/acrimat.org.br\/portal\/blairo-maggi-debate-mudancas-com-servidores-do-mapa-em-mato-grosso\/","og_site_name":"Acrimat","article_published_time":"2017-12-05T10:33:30+00:00","article_modified_time":"2017-12-05T10:45:41+00:00","og_image":[{"width":672,"height":372,"url":"https:\/\/acrimat.org.br\/portal\/wp-content\/uploads\/2017\/12\/57925e0c-1889-41d2-b20b-80c57d00.jpg","type":"image\/jpeg"}],"author":"P\u00e9ricles C\u00e2ndido","twitter_card":"summary_large_image","twitter_misc":{"Escrito por":"P\u00e9ricles C\u00e2ndido","Est. tempo de leitura":"1 minuto"},"schema":{"@context":"https:\/\/schema.org","@graph":[{"@type":"Article","@id":"https:\/\/acrimat.org.br\/portal\/blairo-maggi-debate-mudancas-com-servidores-do-mapa-em-mato-grosso\/#article","isPartOf":{"@id":"https:\/\/acrimat.org.br\/portal\/blairo-maggi-debate-mudancas-com-servidores-do-mapa-em-mato-grosso\/"},"author":{"name":"P\u00e9ricles C\u00e2ndido","@id":"https:\/\/acrimat.org.br\/portal\/#\/schema\/person\/18df8bcf6890e924fe5d8b5afd2bec0f"},"headline":"Blairo Maggi debate mudan\u00e7as com servidores do Mapa em Mato Grosso","datePublished":"2017-12-05T10:33:30+00:00","dateModified":"2017-12-05T10:45:41+00:00","mainEntityOfPage":{"@id":"https:\/\/acrimat.org.br\/portal\/blairo-maggi-debate-mudancas-com-servidores-do-mapa-em-mato-grosso\/"},"wordCount":193,"publisher":{"@id":"https:\/\/acrimat.org.br\/portal\/#organization"},"image":{"@id":"https:\/\/acrimat.org.br\/portal\/blairo-maggi-debate-mudancas-com-servidores-do-mapa-em-mato-grosso\/#primaryimage"},"thumbnailUrl":"https:\/\/acrimat.org.br\/portal\/wp-content\/uploads\/2017\/12\/57925e0c-1889-41d2-b20b-80c57d00.jpg","articleSection":["Destaques","Not\u00edcias"],"inLanguage":"pt-BR"},{"@type":"WebPage","@id":"https:\/\/acrimat.org.br\/portal\/blairo-maggi-debate-mudancas-com-servidores-do-mapa-em-mato-grosso\/","url":"https:\/\/acrimat.org.br\/portal\/blairo-maggi-debate-mudancas-com-servidores-do-mapa-em-mato-grosso\/","name":"Blairo Maggi debate mudan\u00e7as com servidores do Mapa em Mato Grosso - Acrimat","isPartOf":{"@id":"https:\/\/acrimat.org.br\/portal\/#website"},"primaryImageOfPage":{"@id":"https:\/\/acrimat.org.br\/portal\/blairo-maggi-debate-mudancas-com-servidores-do-mapa-em-mato-grosso\/#primaryimage"},"image":{"@id":"https:\/\/acrimat.org.br\/portal\/blairo-maggi-debate-mudancas-com-servidores-do-mapa-em-mato-grosso\/#primaryimage"},"thumbnailUrl":"https:\/\/acrimat.org.br\/portal\/wp-content\/uploads\/2017\/12\/57925e0c-1889-41d2-b20b-80c57d00.jpg","datePublished":"2017-12-05T10:33:30+00:00","dateModified":"2017-12-05T10:45:41+00:00","breadcrumb":{"@id":"https:\/\/acrimat.org.br\/portal\/blairo-maggi-debate-mudancas-com-servidores-do-mapa-em-mato-grosso\/#breadcrumb"},"inLanguage":"pt-BR","potentialAction":[{"@type":"ReadAction","target":["https:\/\/acrimat.org.br\/portal\/blairo-maggi-debate-mudancas-com-servidores-do-mapa-em-mato-grosso\/"]}]},{"@type":"ImageObject","inLanguage":"pt-BR","@id":"https:\/\/acrimat.org.br\/portal\/blairo-maggi-debate-mudancas-com-servidores-do-mapa-em-mato-grosso\/#primaryimage","url":"https:\/\/acrimat.org.br\/portal\/wp-content\/uploads\/2017\/12\/57925e0c-1889-41d2-b20b-80c57d00.jpg","contentUrl":"https:\/\/acrimat.org.br\/portal\/wp-content\/uploads\/2017\/12\/57925e0c-1889-41d2-b20b-80c57d00.jpg","width":672,"height":372},{"@type":"BreadcrumbList","@id":"https:\/\/acrimat.org.br\/portal\/blairo-maggi-debate-mudancas-com-servidores-do-mapa-em-mato-grosso\/#breadcrumb","itemListElement":[{"@type":"ListItem","position":1,"name":"In\u00edcio","item":"https:\/\/acrimat.org.br\/portal\/"},{"@type":"ListItem","position":2,"name":"Blairo Maggi debate mudan\u00e7as com servidores do Mapa em Mato Grosso"}]},{"@type":"WebSite","@id":"https:\/\/acrimat.org.br\/portal\/#website","url":"https:\/\/acrimat.org.br\/portal\/","name":"Acrimat","description":"Associa\u00e7\u00e3o dos Criadores de Mato Grosso","publisher":{"@id":"https:\/\/acrimat.org.br\/portal\/#organization"},"potentialAction":[{"@type":"SearchAction","target":{"@type":"EntryPoint","urlTemplate":"https:\/\/acrimat.org.br\/portal\/?s={search_term_string}"},"query-input":{"@type":"PropertyValueSpecification","valueRequired":true,"valueName":"search_term_string"}}],"inLanguage":"pt-BR"},{"@type":"Organization","@id":"https:\/\/acrimat.org.br\/portal\/#organization","name":"Associa\u00e7\u00e3o dos Criadores de Mato Grosso","url":"https:\/\/acrimat.org.br\/portal\/","logo":{"@type":"ImageObject","inLanguage":"pt-BR","@id":"https:\/\/acrimat.org.br\/portal\/#\/schema\/logo\/image\/","url":"https:\/\/acrimat.org.br\/portal\/wp-content\/uploads\/2018\/03\/logo-peq-original.png","contentUrl":"https:\/\/acrimat.org.br\/portal\/wp-content\/uploads\/2018\/03\/logo-peq-original.png","width":174,"height":171,"caption":"Associa\u00e7\u00e3o dos Criadores de Mato Grosso"},"image":{"@id":"https:\/\/acrimat.org.br\/portal\/#\/schema\/logo\/image\/"}},{"@type":"Person","@id":"https:\/\/acrimat.org.br\/portal\/#\/schema\/person\/18df8bcf6890e924fe5d8b5afd2bec0f","name":"P\u00e9ricles C\u00e2ndido","image":{"@type":"ImageObject","inLanguage":"pt-BR","@id":"https:\/\/acrimat.org.br\/portal\/#\/schema\/person\/image\/","url":"https:\/\/secure.gravatar.com\/avatar\/33e2a2b971dc363ed2df53d0d3bfbd18?s=96&d=mm&r=g","contentUrl":"https:\/\/secure.gravatar.com\/avatar\/33e2a2b971dc363ed2df53d0d3bfbd18?s=96&d=mm&r=g","caption":"P\u00e9ricles C\u00e2ndido"},"sameAs":["ascom@acrimat.org.br"],"url":"https:\/\/acrimat.org.br\/portal\/author\/designergrafico\/"}]}},"_links":{"self":[{"href":"https:\/\/acrimat.org.br\/portal\/wp-json\/wp\/v2\/posts\/97985171","targetHints":{"allow":["GET"]}}],"collection":[{"href":"https:\/\/acrimat.org.br\/portal\/wp-json\/wp\/v2\/posts"}],"about":[{"href":"https:\/\/acrimat.org.br\/portal\/wp-json\/wp\/v2\/types\/post"}],"author":[{"embeddable":true,"href":"https:\/\/acrimat.org.br\/portal\/wp-json\/wp\/v2\/users\/11"}],"replies":[{"embeddable":true,"href":"https:\/\/acrimat.org.br\/portal\/wp-json\/wp\/v2\/comments?post=97985171"}],"version-history":[{"count":1,"href":"https:\/\/acrimat.org.br\/portal\/wp-json\/wp\/v2\/posts\/97985171\/revisions"}],"predecessor-version":[{"id":97985173,"href":"https:\/\/acrimat.org.br\/portal\/wp-json\/wp\/v2\/posts\/97985171\/revisions\/97985173"}],"wp:featuredmedia":[{"embeddable":true,"href":"https:\/\/acrimat.org.br\/portal\/wp-json\/wp\/v2\/media\/97985172"}],"wp:attachment":[{"href":"https:\/\/acrimat.org.br\/portal\/wp-json\/wp\/v2\/media?parent=97985171"}],"wp:term":[{"taxonomy":"category","embeddable":true,"href":"https:\/\/acrimat.org.br\/portal\/wp-json\/wp\/v2\/categories?post=97985171"},{"taxonomy":"post_tag","embeddable":true,"href":"https:\/\/acrimat.org.br\/portal\/wp-json\/wp\/v2\/tags?post=97985171"}],"curies":[{"name":"wp","href":"https:\/\/api.w.org\/{rel}","templated":true}]}}