{"id":97985174,"date":"2017-12-05T07:45:25","date_gmt":"2017-12-05T10:45:25","guid":{"rendered":"http:\/\/acrimat.org.br\/portal\/?p=97985174"},"modified":"2017-12-05T07:46:11","modified_gmt":"2017-12-05T10:46:11","slug":"fim-da-lei-kandir-e-a-maior-ameaca-ao-agronegocio-brasileiro-diz-srb","status":"publish","type":"post","link":"https:\/\/acrimat.org.br\/portal\/fim-da-lei-kandir-e-a-maior-ameaca-ao-agronegocio-brasileiro-diz-srb\/","title":{"rendered":"Fim da lei Kandir \u00e9 a maior amea\u00e7a ao agroneg\u00f3cio brasileiro, diz SRB"},"content":{"rendered":"<p>A Sociedade Rural Brasileira (SRB) afirmou nesta segunda-feira, dia 4, que a revoga\u00e7\u00e3o da Lei Kandir representa um grande retrocesso ao pa\u00eds. Em comunicado, a entidade afirma que se for aprovada pelo Congresso Nacional o agroneg\u00f3cio brasileiro estar\u00e1 amea\u00e7ado.<\/p>\n<p>Na \u00faltima quarta-feira, dia 29, a Comiss\u00e3o de Constitui\u00e7\u00e3o, Justi\u00e7a e Cidadania (CCJ) do Senado aprovou a proposta de emenda \u00e0 Constitui\u00e7\u00e3o (PEC 37\/2007) que retoma a cobran\u00e7a do Imposto sobre Opera\u00e7\u00f5es Relativas \u00e0 Circula\u00e7\u00e3o de Mercadorias e sobre Presta\u00e7\u00f5es de Servi\u00e7os de Transporte Interestadual e Intermunicipal e de Comunica\u00e7\u00e3o (ICMS) na exporta\u00e7\u00e3o de produtos prim\u00e1rios (n\u00e3o-industrializados) e semielaborados.<\/p>\n<p>Para a SRB, a PEC vai na contram\u00e3o das propostas de reforma tribut\u00e1ria em discuss\u00e3o pelo governo e \u00e9 um disparate justamente no momento em que os estados debatem a cobran\u00e7a da tributa\u00e7\u00e3o do ICMS no destino. \u201cA medida sacrifica, direta ou indiretamente, todos os setores da economia, e ainda pode trazer efeitos devastadores ao agroneg\u00f3cio, atualmente respons\u00e1vel por 48% das exporta\u00e7\u00f5es do Brasil\u201d, disse o presidente da entidade, Marcelo Vieira.<\/p>\n<p>Mais do que estimular as exporta\u00e7\u00f5es e tornar os produtos mais competitivos, Vieira defende que a Lei Kandir promoveu na economia brasileira um ambiente mais seguro e favor\u00e1vel. \u201cSe a lei for revogada, as consequ\u00eancias ser\u00e3o devastadoras, com um impacto na produ\u00e7\u00e3o do pa\u00eds, e, consequentemente, incorrendo em aumento na taxa de desemprego, queda do PIB, redu\u00e7\u00e3o de investimentos estrangeiros, infla\u00e7\u00e3o e outros efeitos que refletem diretamente na economia\u201d, disse.<\/p>\n<p>A proposta agora segue para exame do Plen\u00e1rio do Senado. Como se trata de uma emenda constitucional, o Executivo n\u00e3o pode vetar o texto aprovado pelo Congresso Nacional.<\/p>\n","protected":false},"excerpt":{"rendered":"<p>A proposta de emenda \u00e0 Constitui\u00e7\u00e3o que retoma a cobran\u00e7a do ICMS na exporta\u00e7\u00e3o de produtos prim\u00e1rios foi aprovada pela CCJ do Senado na \u00faltima semana<\/p>\n","protected":false},"author":11,"featured_media":97985175,"comment_status":"closed","ping_status":"closed","sticky":false,"template":"","format":"standard","meta":{"footnotes":""},"categories":[6,1],"tags":[],"class_list":["post-97985174","post","type-post","status-publish","format-standard","has-post-thumbnail","hentry","category-destaque","category-noticia"],"yoast_head":"<!-- This site is optimized with the Yoast SEO plugin v24.8.1 - https:\/\/yoast.com\/wordpress\/plugins\/seo\/ -->\n<title>Fim da lei Kandir \u00e9 a maior amea\u00e7a ao agroneg\u00f3cio brasileiro, diz SRB - Acrimat<\/title>\n<meta name=\"robots\" content=\"index, follow, max-snippet:-1, max-image-preview:large, max-video-preview:-1\" \/>\n<link rel=\"canonical\" href=\"https:\/\/acrimat.org.br\/portal\/fim-da-lei-kandir-e-a-maior-ameaca-ao-agronegocio-brasileiro-diz-srb\/\" \/>\n<meta property=\"og:locale\" content=\"pt_BR\" \/>\n<meta property=\"og:type\" content=\"article\" \/>\n<meta property=\"og:title\" content=\"Fim da lei Kandir \u00e9 a maior amea\u00e7a ao agroneg\u00f3cio brasileiro, diz SRB - Acrimat\" \/>\n<meta property=\"og:description\" content=\"A proposta de emenda \u00e0 Constitui\u00e7\u00e3o que retoma a cobran\u00e7a do ICMS na exporta\u00e7\u00e3o de produtos prim\u00e1rios foi aprovada pela CCJ do Senado na \u00faltima semana\" \/>\n<meta property=\"og:url\" content=\"https:\/\/acrimat.org.br\/portal\/fim-da-lei-kandir-e-a-maior-ameaca-ao-agronegocio-brasileiro-diz-srb\/\" \/>\n<meta property=\"og:site_name\" content=\"Acrimat\" \/>\n<meta property=\"article:published_time\" content=\"2017-12-05T10:45:25+00:00\" \/>\n<meta property=\"article:modified_time\" content=\"2017-12-05T10:46:11+00:00\" \/>\n<meta property=\"og:image\" content=\"https:\/\/acrimat.org.br\/portal\/wp-content\/uploads\/2017\/12\/agric_money1.jpg\" \/>\n\t<meta property=\"og:image:width\" content=\"500\" \/>\n\t<meta property=\"og:image:height\" content=\"341\" \/>\n\t<meta property=\"og:image:type\" content=\"image\/jpeg\" \/>\n<meta name=\"author\" content=\"P\u00e9ricles C\u00e2ndido\" \/>\n<meta name=\"twitter:card\" content=\"summary_large_image\" \/>\n<meta name=\"twitter:label1\" content=\"Escrito por\" \/>\n\t<meta name=\"twitter:data1\" content=\"P\u00e9ricles C\u00e2ndido\" \/>\n\t<meta name=\"twitter:label2\" content=\"Est. tempo de leitura\" \/>\n\t<meta name=\"twitter:data2\" content=\"1 minuto\" \/>\n<script type=\"application\/ld+json\" class=\"yoast-schema-graph\">{\"@context\":\"https:\/\/schema.org\",\"@graph\":[{\"@type\":\"Article\",\"@id\":\"https:\/\/acrimat.org.br\/portal\/fim-da-lei-kandir-e-a-maior-ameaca-ao-agronegocio-brasileiro-diz-srb\/#article\",\"isPartOf\":{\"@id\":\"https:\/\/acrimat.org.br\/portal\/fim-da-lei-kandir-e-a-maior-ameaca-ao-agronegocio-brasileiro-diz-srb\/\"},\"author\":{\"name\":\"P\u00e9ricles C\u00e2ndido\",\"@id\":\"https:\/\/acrimat.org.br\/portal\/#\/schema\/person\/18df8bcf6890e924fe5d8b5afd2bec0f\"},\"headline\":\"Fim da lei Kandir \u00e9 a maior amea\u00e7a ao agroneg\u00f3cio brasileiro, diz SRB\",\"datePublished\":\"2017-12-05T10:45:25+00:00\",\"dateModified\":\"2017-12-05T10:46:11+00:00\",\"mainEntityOfPage\":{\"@id\":\"https:\/\/acrimat.org.br\/portal\/fim-da-lei-kandir-e-a-maior-ameaca-ao-agronegocio-brasileiro-diz-srb\/\"},\"wordCount\":309,\"publisher\":{\"@id\":\"https:\/\/acrimat.org.br\/portal\/#organization\"},\"image\":{\"@id\":\"https:\/\/acrimat.org.br\/portal\/fim-da-lei-kandir-e-a-maior-ameaca-ao-agronegocio-brasileiro-diz-srb\/#primaryimage\"},\"thumbnailUrl\":\"https:\/\/acrimat.org.br\/portal\/wp-content\/uploads\/2017\/12\/agric_money1.jpg\",\"articleSection\":[\"Destaques\",\"Not\u00edcias\"],\"inLanguage\":\"pt-BR\"},{\"@type\":\"WebPage\",\"@id\":\"https:\/\/acrimat.org.br\/portal\/fim-da-lei-kandir-e-a-maior-ameaca-ao-agronegocio-brasileiro-diz-srb\/\",\"url\":\"https:\/\/acrimat.org.br\/portal\/fim-da-lei-kandir-e-a-maior-ameaca-ao-agronegocio-brasileiro-diz-srb\/\",\"name\":\"Fim da lei Kandir \u00e9 a maior amea\u00e7a ao agroneg\u00f3cio brasileiro, diz SRB - Acrimat\",\"isPartOf\":{\"@id\":\"https:\/\/acrimat.org.br\/portal\/#website\"},\"primaryImageOfPage\":{\"@id\":\"https:\/\/acrimat.org.br\/portal\/fim-da-lei-kandir-e-a-maior-ameaca-ao-agronegocio-brasileiro-diz-srb\/#primaryimage\"},\"image\":{\"@id\":\"https:\/\/acrimat.org.br\/portal\/fim-da-lei-kandir-e-a-maior-ameaca-ao-agronegocio-brasileiro-diz-srb\/#primaryimage\"},\"thumbnailUrl\":\"https:\/\/acrimat.org.br\/portal\/wp-content\/uploads\/2017\/12\/agric_money1.jpg\",\"datePublished\":\"2017-12-05T10:45:25+00:00\",\"dateModified\":\"2017-12-05T10:46:11+00:00\",\"breadcrumb\":{\"@id\":\"https:\/\/acrimat.org.br\/portal\/fim-da-lei-kandir-e-a-maior-ameaca-ao-agronegocio-brasileiro-diz-srb\/#breadcrumb\"},\"inLanguage\":\"pt-BR\",\"potentialAction\":[{\"@type\":\"ReadAction\",\"target\":[\"https:\/\/acrimat.org.br\/portal\/fim-da-lei-kandir-e-a-maior-ameaca-ao-agronegocio-brasileiro-diz-srb\/\"]}]},{\"@type\":\"ImageObject\",\"inLanguage\":\"pt-BR\",\"@id\":\"https:\/\/acrimat.org.br\/portal\/fim-da-lei-kandir-e-a-maior-ameaca-ao-agronegocio-brasileiro-diz-srb\/#primaryimage\",\"url\":\"https:\/\/acrimat.org.br\/portal\/wp-content\/uploads\/2017\/12\/agric_money1.jpg\",\"contentUrl\":\"https:\/\/acrimat.org.br\/portal\/wp-content\/uploads\/2017\/12\/agric_money1.jpg\",\"width\":500,\"height\":341},{\"@type\":\"BreadcrumbList\",\"@id\":\"https:\/\/acrimat.org.br\/portal\/fim-da-lei-kandir-e-a-maior-ameaca-ao-agronegocio-brasileiro-diz-srb\/#breadcrumb\",\"itemListElement\":[{\"@type\":\"ListItem\",\"position\":1,\"name\":\"In\u00edcio\",\"item\":\"https:\/\/acrimat.org.br\/portal\/\"},{\"@type\":\"ListItem\",\"position\":2,\"name\":\"Fim da lei Kandir \u00e9 a maior amea\u00e7a ao agroneg\u00f3cio brasileiro, diz SRB\"}]},{\"@type\":\"WebSite\",\"@id\":\"https:\/\/acrimat.org.br\/portal\/#website\",\"url\":\"https:\/\/acrimat.org.br\/portal\/\",\"name\":\"Acrimat\",\"description\":\"Associa\u00e7\u00e3o dos Criadores de Mato Grosso\",\"publisher\":{\"@id\":\"https:\/\/acrimat.org.br\/portal\/#organization\"},\"potentialAction\":[{\"@type\":\"SearchAction\",\"target\":{\"@type\":\"EntryPoint\",\"urlTemplate\":\"https:\/\/acrimat.org.br\/portal\/?s={search_term_string}\"},\"query-input\":{\"@type\":\"PropertyValueSpecification\",\"valueRequired\":true,\"valueName\":\"search_term_string\"}}],\"inLanguage\":\"pt-BR\"},{\"@type\":\"Organization\",\"@id\":\"https:\/\/acrimat.org.br\/portal\/#organization\",\"name\":\"Associa\u00e7\u00e3o dos Criadores de Mato Grosso\",\"url\":\"https:\/\/acrimat.org.br\/portal\/\",\"logo\":{\"@type\":\"ImageObject\",\"inLanguage\":\"pt-BR\",\"@id\":\"https:\/\/acrimat.org.br\/portal\/#\/schema\/logo\/image\/\",\"url\":\"https:\/\/acrimat.org.br\/portal\/wp-content\/uploads\/2018\/03\/logo-peq-original.png\",\"contentUrl\":\"https:\/\/acrimat.org.br\/portal\/wp-content\/uploads\/2018\/03\/logo-peq-original.png\",\"width\":174,\"height\":171,\"caption\":\"Associa\u00e7\u00e3o dos Criadores de Mato Grosso\"},\"image\":{\"@id\":\"https:\/\/acrimat.org.br\/portal\/#\/schema\/logo\/image\/\"}},{\"@type\":\"Person\",\"@id\":\"https:\/\/acrimat.org.br\/portal\/#\/schema\/person\/18df8bcf6890e924fe5d8b5afd2bec0f\",\"name\":\"P\u00e9ricles C\u00e2ndido\",\"image\":{\"@type\":\"ImageObject\",\"inLanguage\":\"pt-BR\",\"@id\":\"https:\/\/acrimat.org.br\/portal\/#\/schema\/person\/image\/\",\"url\":\"https:\/\/secure.gravatar.com\/avatar\/33e2a2b971dc363ed2df53d0d3bfbd18?s=96&d=mm&r=g\",\"contentUrl\":\"https:\/\/secure.gravatar.com\/avatar\/33e2a2b971dc363ed2df53d0d3bfbd18?s=96&d=mm&r=g\",\"caption\":\"P\u00e9ricles C\u00e2ndido\"},\"sameAs\":[\"ascom@acrimat.org.br\"],\"url\":\"https:\/\/acrimat.org.br\/portal\/author\/designergrafico\/\"}]}<\/script>\n<!-- \/ Yoast SEO plugin. -->","yoast_head_json":{"title":"Fim da lei Kandir \u00e9 a maior amea\u00e7a ao agroneg\u00f3cio brasileiro, diz SRB - Acrimat","robots":{"index":"index","follow":"follow","max-snippet":"max-snippet:-1","max-image-preview":"max-image-preview:large","max-video-preview":"max-video-preview:-1"},"canonical":"https:\/\/acrimat.org.br\/portal\/fim-da-lei-kandir-e-a-maior-ameaca-ao-agronegocio-brasileiro-diz-srb\/","og_locale":"pt_BR","og_type":"article","og_title":"Fim da lei Kandir \u00e9 a maior amea\u00e7a ao agroneg\u00f3cio brasileiro, diz SRB - Acrimat","og_description":"A proposta de emenda \u00e0 Constitui\u00e7\u00e3o que retoma a cobran\u00e7a do ICMS na exporta\u00e7\u00e3o de produtos prim\u00e1rios foi aprovada pela CCJ do Senado na \u00faltima semana","og_url":"https:\/\/acrimat.org.br\/portal\/fim-da-lei-kandir-e-a-maior-ameaca-ao-agronegocio-brasileiro-diz-srb\/","og_site_name":"Acrimat","article_published_time":"2017-12-05T10:45:25+00:00","article_modified_time":"2017-12-05T10:46:11+00:00","og_image":[{"width":500,"height":341,"url":"https:\/\/acrimat.org.br\/portal\/wp-content\/uploads\/2017\/12\/agric_money1.jpg","type":"image\/jpeg"}],"author":"P\u00e9ricles C\u00e2ndido","twitter_card":"summary_large_image","twitter_misc":{"Escrito por":"P\u00e9ricles C\u00e2ndido","Est. tempo de leitura":"1 minuto"},"schema":{"@context":"https:\/\/schema.org","@graph":[{"@type":"Article","@id":"https:\/\/acrimat.org.br\/portal\/fim-da-lei-kandir-e-a-maior-ameaca-ao-agronegocio-brasileiro-diz-srb\/#article","isPartOf":{"@id":"https:\/\/acrimat.org.br\/portal\/fim-da-lei-kandir-e-a-maior-ameaca-ao-agronegocio-brasileiro-diz-srb\/"},"author":{"name":"P\u00e9ricles C\u00e2ndido","@id":"https:\/\/acrimat.org.br\/portal\/#\/schema\/person\/18df8bcf6890e924fe5d8b5afd2bec0f"},"headline":"Fim da lei Kandir \u00e9 a maior amea\u00e7a ao agroneg\u00f3cio brasileiro, diz SRB","datePublished":"2017-12-05T10:45:25+00:00","dateModified":"2017-12-05T10:46:11+00:00","mainEntityOfPage":{"@id":"https:\/\/acrimat.org.br\/portal\/fim-da-lei-kandir-e-a-maior-ameaca-ao-agronegocio-brasileiro-diz-srb\/"},"wordCount":309,"publisher":{"@id":"https:\/\/acrimat.org.br\/portal\/#organization"},"image":{"@id":"https:\/\/acrimat.org.br\/portal\/fim-da-lei-kandir-e-a-maior-ameaca-ao-agronegocio-brasileiro-diz-srb\/#primaryimage"},"thumbnailUrl":"https:\/\/acrimat.org.br\/portal\/wp-content\/uploads\/2017\/12\/agric_money1.jpg","articleSection":["Destaques","Not\u00edcias"],"inLanguage":"pt-BR"},{"@type":"WebPage","@id":"https:\/\/acrimat.org.br\/portal\/fim-da-lei-kandir-e-a-maior-ameaca-ao-agronegocio-brasileiro-diz-srb\/","url":"https:\/\/acrimat.org.br\/portal\/fim-da-lei-kandir-e-a-maior-ameaca-ao-agronegocio-brasileiro-diz-srb\/","name":"Fim da lei Kandir \u00e9 a maior amea\u00e7a ao agroneg\u00f3cio brasileiro, diz SRB - Acrimat","isPartOf":{"@id":"https:\/\/acrimat.org.br\/portal\/#website"},"primaryImageOfPage":{"@id":"https:\/\/acrimat.org.br\/portal\/fim-da-lei-kandir-e-a-maior-ameaca-ao-agronegocio-brasileiro-diz-srb\/#primaryimage"},"image":{"@id":"https:\/\/acrimat.org.br\/portal\/fim-da-lei-kandir-e-a-maior-ameaca-ao-agronegocio-brasileiro-diz-srb\/#primaryimage"},"thumbnailUrl":"https:\/\/acrimat.org.br\/portal\/wp-content\/uploads\/2017\/12\/agric_money1.jpg","datePublished":"2017-12-05T10:45:25+00:00","dateModified":"2017-12-05T10:46:11+00:00","breadcrumb":{"@id":"https:\/\/acrimat.org.br\/portal\/fim-da-lei-kandir-e-a-maior-ameaca-ao-agronegocio-brasileiro-diz-srb\/#breadcrumb"},"inLanguage":"pt-BR","potentialAction":[{"@type":"ReadAction","target":["https:\/\/acrimat.org.br\/portal\/fim-da-lei-kandir-e-a-maior-ameaca-ao-agronegocio-brasileiro-diz-srb\/"]}]},{"@type":"ImageObject","inLanguage":"pt-BR","@id":"https:\/\/acrimat.org.br\/portal\/fim-da-lei-kandir-e-a-maior-ameaca-ao-agronegocio-brasileiro-diz-srb\/#primaryimage","url":"https:\/\/acrimat.org.br\/portal\/wp-content\/uploads\/2017\/12\/agric_money1.jpg","contentUrl":"https:\/\/acrimat.org.br\/portal\/wp-content\/uploads\/2017\/12\/agric_money1.jpg","width":500,"height":341},{"@type":"BreadcrumbList","@id":"https:\/\/acrimat.org.br\/portal\/fim-da-lei-kandir-e-a-maior-ameaca-ao-agronegocio-brasileiro-diz-srb\/#breadcrumb","itemListElement":[{"@type":"ListItem","position":1,"name":"In\u00edcio","item":"https:\/\/acrimat.org.br\/portal\/"},{"@type":"ListItem","position":2,"name":"Fim da lei Kandir \u00e9 a maior amea\u00e7a ao agroneg\u00f3cio brasileiro, diz SRB"}]},{"@type":"WebSite","@id":"https:\/\/acrimat.org.br\/portal\/#website","url":"https:\/\/acrimat.org.br\/portal\/","name":"Acrimat","description":"Associa\u00e7\u00e3o dos Criadores de Mato Grosso","publisher":{"@id":"https:\/\/acrimat.org.br\/portal\/#organization"},"potentialAction":[{"@type":"SearchAction","target":{"@type":"EntryPoint","urlTemplate":"https:\/\/acrimat.org.br\/portal\/?s={search_term_string}"},"query-input":{"@type":"PropertyValueSpecification","valueRequired":true,"valueName":"search_term_string"}}],"inLanguage":"pt-BR"},{"@type":"Organization","@id":"https:\/\/acrimat.org.br\/portal\/#organization","name":"Associa\u00e7\u00e3o dos Criadores de Mato Grosso","url":"https:\/\/acrimat.org.br\/portal\/","logo":{"@type":"ImageObject","inLanguage":"pt-BR","@id":"https:\/\/acrimat.org.br\/portal\/#\/schema\/logo\/image\/","url":"https:\/\/acrimat.org.br\/portal\/wp-content\/uploads\/2018\/03\/logo-peq-original.png","contentUrl":"https:\/\/acrimat.org.br\/portal\/wp-content\/uploads\/2018\/03\/logo-peq-original.png","width":174,"height":171,"caption":"Associa\u00e7\u00e3o dos Criadores de Mato Grosso"},"image":{"@id":"https:\/\/acrimat.org.br\/portal\/#\/schema\/logo\/image\/"}},{"@type":"Person","@id":"https:\/\/acrimat.org.br\/portal\/#\/schema\/person\/18df8bcf6890e924fe5d8b5afd2bec0f","name":"P\u00e9ricles C\u00e2ndido","image":{"@type":"ImageObject","inLanguage":"pt-BR","@id":"https:\/\/acrimat.org.br\/portal\/#\/schema\/person\/image\/","url":"https:\/\/secure.gravatar.com\/avatar\/33e2a2b971dc363ed2df53d0d3bfbd18?s=96&d=mm&r=g","contentUrl":"https:\/\/secure.gravatar.com\/avatar\/33e2a2b971dc363ed2df53d0d3bfbd18?s=96&d=mm&r=g","caption":"P\u00e9ricles C\u00e2ndido"},"sameAs":["ascom@acrimat.org.br"],"url":"https:\/\/acrimat.org.br\/portal\/author\/designergrafico\/"}]}},"_links":{"self":[{"href":"https:\/\/acrimat.org.br\/portal\/wp-json\/wp\/v2\/posts\/97985174","targetHints":{"allow":["GET"]}}],"collection":[{"href":"https:\/\/acrimat.org.br\/portal\/wp-json\/wp\/v2\/posts"}],"about":[{"href":"https:\/\/acrimat.org.br\/portal\/wp-json\/wp\/v2\/types\/post"}],"author":[{"embeddable":true,"href":"https:\/\/acrimat.org.br\/portal\/wp-json\/wp\/v2\/users\/11"}],"replies":[{"embeddable":true,"href":"https:\/\/acrimat.org.br\/portal\/wp-json\/wp\/v2\/comments?post=97985174"}],"version-history":[{"count":2,"href":"https:\/\/acrimat.org.br\/portal\/wp-json\/wp\/v2\/posts\/97985174\/revisions"}],"predecessor-version":[{"id":97985184,"href":"https:\/\/acrimat.org.br\/portal\/wp-json\/wp\/v2\/posts\/97985174\/revisions\/97985184"}],"wp:featuredmedia":[{"embeddable":true,"href":"https:\/\/acrimat.org.br\/portal\/wp-json\/wp\/v2\/media\/97985175"}],"wp:attachment":[{"href":"https:\/\/acrimat.org.br\/portal\/wp-json\/wp\/v2\/media?parent=97985174"}],"wp:term":[{"taxonomy":"category","embeddable":true,"href":"https:\/\/acrimat.org.br\/portal\/wp-json\/wp\/v2\/categories?post=97985174"},{"taxonomy":"post_tag","embeddable":true,"href":"https:\/\/acrimat.org.br\/portal\/wp-json\/wp\/v2\/tags?post=97985174"}],"curies":[{"name":"wp","href":"https:\/\/api.w.org\/{rel}","templated":true}]}}