{"id":97985177,"date":"2017-12-05T07:41:39","date_gmt":"2017-12-05T10:41:39","guid":{"rendered":"http:\/\/acrimat.org.br\/portal\/?p=97985177"},"modified":"2017-12-05T07:41:56","modified_gmt":"2017-12-05T10:41:56","slug":"aftosa-amazonas-e-reconhecido-como-area-livre-da-doenca-com-vacinacao","status":"publish","type":"post","link":"https:\/\/acrimat.org.br\/portal\/aftosa-amazonas-e-reconhecido-como-area-livre-da-doenca-com-vacinacao\/","title":{"rendered":"Aftosa: Amazonas \u00e9 reconhecido como \u00e1rea livre da doen\u00e7a com vacina\u00e7\u00e3o"},"content":{"rendered":"<p>O ministro da Agricultura, Blairo Maggi, assinou nesta segunda-feira (4) documento que reconhece o Estado do Amazonas como zona livre da febre aftosa com vacina\u00e7\u00e3o. \u201cO Amazonas, assim como os demais Estados da federa\u00e7\u00e3o brasileira, hoje se coloca com a mesma possibilidade de exporta\u00e7\u00e3o de carne bovina, su\u00edna e outras carnes\u201d, disse o ministro em nota.<\/p>\n<p>\u201cJ\u00e1 comuniquei ao governador (Amazonino Mendes) que at\u00e9 2023 o Brasil ser\u00e1 livre de febre aftosa sem vacina\u00e7\u00e3o. Amazonas, Acre, Rond\u00f4nia, Amap\u00e1, Roraima e Par\u00e1 ser\u00e3o os primeiros Estados brasileiros liberados para exporta\u00e7\u00e3o de carne para qualquer parte do mundo, sem mais esse problema da febre aftosa\u201d, acrescentou Maggi. \u201cO produto da regi\u00e3o ser\u00e1 muito valorizado, a pecu\u00e1ria ter\u00e1 plenas condi\u00e7\u00f5es de progredir e crescer como uma atividade rent\u00e1vel.\u201d<\/p>\n<p>De acordo com a Agricultura, o rebanho de bovinos e bubalinos da regi\u00e3o Norte soma atualmente 48 milh\u00f5es e 240 mil cabe\u00e7as.<\/p>\n","protected":false},"excerpt":{"rendered":"<p>Ministro da Agricultura, Blairo Maggi, assinou nesta segunda-feira (4) documento que reconhece o Estado do Amazonas como zona livre da febre aftosa com vacina\u00e7\u00e3o<\/p>\n","protected":false},"author":11,"featured_media":97985178,"comment_status":"closed","ping_status":"closed","sticky":false,"template":"","format":"standard","meta":{"footnotes":""},"categories":[6,1],"tags":[],"class_list":["post-97985177","post","type-post","status-publish","format-standard","has-post-thumbnail","hentry","category-destaque","category-noticia"],"yoast_head":"<!-- This site is optimized with the Yoast SEO plugin v24.8.1 - https:\/\/yoast.com\/wordpress\/plugins\/seo\/ -->\n<title>Aftosa: Amazonas \u00e9 reconhecido como \u00e1rea livre da doen\u00e7a com vacina\u00e7\u00e3o - Acrimat<\/title>\n<meta name=\"robots\" content=\"index, follow, max-snippet:-1, max-image-preview:large, max-video-preview:-1\" \/>\n<link rel=\"canonical\" href=\"https:\/\/acrimat.org.br\/portal\/aftosa-amazonas-e-reconhecido-como-area-livre-da-doenca-com-vacinacao\/\" \/>\n<meta property=\"og:locale\" content=\"pt_BR\" \/>\n<meta property=\"og:type\" content=\"article\" \/>\n<meta property=\"og:title\" content=\"Aftosa: Amazonas \u00e9 reconhecido como \u00e1rea livre da doen\u00e7a com vacina\u00e7\u00e3o - Acrimat\" \/>\n<meta property=\"og:description\" content=\"Ministro da Agricultura, Blairo Maggi, assinou nesta segunda-feira (4) documento que reconhece o Estado do Amazonas como zona livre da febre aftosa com vacina\u00e7\u00e3o\" \/>\n<meta property=\"og:url\" content=\"https:\/\/acrimat.org.br\/portal\/aftosa-amazonas-e-reconhecido-como-area-livre-da-doenca-com-vacinacao\/\" \/>\n<meta property=\"og:site_name\" content=\"Acrimat\" \/>\n<meta property=\"article:published_time\" content=\"2017-12-05T10:41:39+00:00\" \/>\n<meta property=\"article:modified_time\" content=\"2017-12-05T10:41:56+00:00\" \/>\n<meta property=\"og:image\" content=\"https:\/\/acrimat.org.br\/portal\/wp-content\/uploads\/2017\/12\/vacinacao-aftosa.jpg\" \/>\n\t<meta property=\"og:image:width\" content=\"900\" \/>\n\t<meta property=\"og:image:height\" content=\"667\" \/>\n\t<meta property=\"og:image:type\" content=\"image\/jpeg\" \/>\n<meta name=\"author\" content=\"P\u00e9ricles C\u00e2ndido\" \/>\n<meta name=\"twitter:card\" content=\"summary_large_image\" \/>\n<meta name=\"twitter:label1\" content=\"Escrito por\" \/>\n\t<meta name=\"twitter:data1\" content=\"P\u00e9ricles C\u00e2ndido\" \/>\n\t<meta name=\"twitter:label2\" content=\"Est. tempo de leitura\" \/>\n\t<meta name=\"twitter:data2\" content=\"1 minuto\" \/>\n<script type=\"application\/ld+json\" class=\"yoast-schema-graph\">{\"@context\":\"https:\/\/schema.org\",\"@graph\":[{\"@type\":\"Article\",\"@id\":\"https:\/\/acrimat.org.br\/portal\/aftosa-amazonas-e-reconhecido-como-area-livre-da-doenca-com-vacinacao\/#article\",\"isPartOf\":{\"@id\":\"https:\/\/acrimat.org.br\/portal\/aftosa-amazonas-e-reconhecido-como-area-livre-da-doenca-com-vacinacao\/\"},\"author\":{\"name\":\"P\u00e9ricles C\u00e2ndido\",\"@id\":\"https:\/\/acrimat.org.br\/portal\/#\/schema\/person\/18df8bcf6890e924fe5d8b5afd2bec0f\"},\"headline\":\"Aftosa: Amazonas \u00e9 reconhecido como \u00e1rea livre da doen\u00e7a com vacina\u00e7\u00e3o\",\"datePublished\":\"2017-12-05T10:41:39+00:00\",\"dateModified\":\"2017-12-05T10:41:56+00:00\",\"mainEntityOfPage\":{\"@id\":\"https:\/\/acrimat.org.br\/portal\/aftosa-amazonas-e-reconhecido-como-area-livre-da-doenca-com-vacinacao\/\"},\"wordCount\":170,\"publisher\":{\"@id\":\"https:\/\/acrimat.org.br\/portal\/#organization\"},\"image\":{\"@id\":\"https:\/\/acrimat.org.br\/portal\/aftosa-amazonas-e-reconhecido-como-area-livre-da-doenca-com-vacinacao\/#primaryimage\"},\"thumbnailUrl\":\"https:\/\/acrimat.org.br\/portal\/wp-content\/uploads\/2017\/12\/vacinacao-aftosa.jpg\",\"articleSection\":[\"Destaques\",\"Not\u00edcias\"],\"inLanguage\":\"pt-BR\"},{\"@type\":\"WebPage\",\"@id\":\"https:\/\/acrimat.org.br\/portal\/aftosa-amazonas-e-reconhecido-como-area-livre-da-doenca-com-vacinacao\/\",\"url\":\"https:\/\/acrimat.org.br\/portal\/aftosa-amazonas-e-reconhecido-como-area-livre-da-doenca-com-vacinacao\/\",\"name\":\"Aftosa: Amazonas \u00e9 reconhecido como \u00e1rea livre da doen\u00e7a com vacina\u00e7\u00e3o - Acrimat\",\"isPartOf\":{\"@id\":\"https:\/\/acrimat.org.br\/portal\/#website\"},\"primaryImageOfPage\":{\"@id\":\"https:\/\/acrimat.org.br\/portal\/aftosa-amazonas-e-reconhecido-como-area-livre-da-doenca-com-vacinacao\/#primaryimage\"},\"image\":{\"@id\":\"https:\/\/acrimat.org.br\/portal\/aftosa-amazonas-e-reconhecido-como-area-livre-da-doenca-com-vacinacao\/#primaryimage\"},\"thumbnailUrl\":\"https:\/\/acrimat.org.br\/portal\/wp-content\/uploads\/2017\/12\/vacinacao-aftosa.jpg\",\"datePublished\":\"2017-12-05T10:41:39+00:00\",\"dateModified\":\"2017-12-05T10:41:56+00:00\",\"breadcrumb\":{\"@id\":\"https:\/\/acrimat.org.br\/portal\/aftosa-amazonas-e-reconhecido-como-area-livre-da-doenca-com-vacinacao\/#breadcrumb\"},\"inLanguage\":\"pt-BR\",\"potentialAction\":[{\"@type\":\"ReadAction\",\"target\":[\"https:\/\/acrimat.org.br\/portal\/aftosa-amazonas-e-reconhecido-como-area-livre-da-doenca-com-vacinacao\/\"]}]},{\"@type\":\"ImageObject\",\"inLanguage\":\"pt-BR\",\"@id\":\"https:\/\/acrimat.org.br\/portal\/aftosa-amazonas-e-reconhecido-como-area-livre-da-doenca-com-vacinacao\/#primaryimage\",\"url\":\"https:\/\/acrimat.org.br\/portal\/wp-content\/uploads\/2017\/12\/vacinacao-aftosa.jpg\",\"contentUrl\":\"https:\/\/acrimat.org.br\/portal\/wp-content\/uploads\/2017\/12\/vacinacao-aftosa.jpg\",\"width\":900,\"height\":667},{\"@type\":\"BreadcrumbList\",\"@id\":\"https:\/\/acrimat.org.br\/portal\/aftosa-amazonas-e-reconhecido-como-area-livre-da-doenca-com-vacinacao\/#breadcrumb\",\"itemListElement\":[{\"@type\":\"ListItem\",\"position\":1,\"name\":\"In\u00edcio\",\"item\":\"https:\/\/acrimat.org.br\/portal\/\"},{\"@type\":\"ListItem\",\"position\":2,\"name\":\"Aftosa: Amazonas \u00e9 reconhecido como \u00e1rea livre da doen\u00e7a com vacina\u00e7\u00e3o\"}]},{\"@type\":\"WebSite\",\"@id\":\"https:\/\/acrimat.org.br\/portal\/#website\",\"url\":\"https:\/\/acrimat.org.br\/portal\/\",\"name\":\"Acrimat\",\"description\":\"Associa\u00e7\u00e3o dos Criadores de Mato Grosso\",\"publisher\":{\"@id\":\"https:\/\/acrimat.org.br\/portal\/#organization\"},\"potentialAction\":[{\"@type\":\"SearchAction\",\"target\":{\"@type\":\"EntryPoint\",\"urlTemplate\":\"https:\/\/acrimat.org.br\/portal\/?s={search_term_string}\"},\"query-input\":{\"@type\":\"PropertyValueSpecification\",\"valueRequired\":true,\"valueName\":\"search_term_string\"}}],\"inLanguage\":\"pt-BR\"},{\"@type\":\"Organization\",\"@id\":\"https:\/\/acrimat.org.br\/portal\/#organization\",\"name\":\"Associa\u00e7\u00e3o dos Criadores de Mato Grosso\",\"url\":\"https:\/\/acrimat.org.br\/portal\/\",\"logo\":{\"@type\":\"ImageObject\",\"inLanguage\":\"pt-BR\",\"@id\":\"https:\/\/acrimat.org.br\/portal\/#\/schema\/logo\/image\/\",\"url\":\"https:\/\/acrimat.org.br\/portal\/wp-content\/uploads\/2018\/03\/logo-peq-original.png\",\"contentUrl\":\"https:\/\/acrimat.org.br\/portal\/wp-content\/uploads\/2018\/03\/logo-peq-original.png\",\"width\":174,\"height\":171,\"caption\":\"Associa\u00e7\u00e3o dos Criadores de Mato Grosso\"},\"image\":{\"@id\":\"https:\/\/acrimat.org.br\/portal\/#\/schema\/logo\/image\/\"}},{\"@type\":\"Person\",\"@id\":\"https:\/\/acrimat.org.br\/portal\/#\/schema\/person\/18df8bcf6890e924fe5d8b5afd2bec0f\",\"name\":\"P\u00e9ricles C\u00e2ndido\",\"image\":{\"@type\":\"ImageObject\",\"inLanguage\":\"pt-BR\",\"@id\":\"https:\/\/acrimat.org.br\/portal\/#\/schema\/person\/image\/\",\"url\":\"https:\/\/secure.gravatar.com\/avatar\/33e2a2b971dc363ed2df53d0d3bfbd18?s=96&d=mm&r=g\",\"contentUrl\":\"https:\/\/secure.gravatar.com\/avatar\/33e2a2b971dc363ed2df53d0d3bfbd18?s=96&d=mm&r=g\",\"caption\":\"P\u00e9ricles C\u00e2ndido\"},\"sameAs\":[\"ascom@acrimat.org.br\"],\"url\":\"https:\/\/acrimat.org.br\/portal\/author\/designergrafico\/\"}]}<\/script>\n<!-- \/ Yoast SEO plugin. -->","yoast_head_json":{"title":"Aftosa: Amazonas \u00e9 reconhecido como \u00e1rea livre da doen\u00e7a com vacina\u00e7\u00e3o - Acrimat","robots":{"index":"index","follow":"follow","max-snippet":"max-snippet:-1","max-image-preview":"max-image-preview:large","max-video-preview":"max-video-preview:-1"},"canonical":"https:\/\/acrimat.org.br\/portal\/aftosa-amazonas-e-reconhecido-como-area-livre-da-doenca-com-vacinacao\/","og_locale":"pt_BR","og_type":"article","og_title":"Aftosa: Amazonas \u00e9 reconhecido como \u00e1rea livre da doen\u00e7a com vacina\u00e7\u00e3o - Acrimat","og_description":"Ministro da Agricultura, Blairo Maggi, assinou nesta segunda-feira (4) documento que reconhece o Estado do Amazonas como zona livre da febre aftosa com vacina\u00e7\u00e3o","og_url":"https:\/\/acrimat.org.br\/portal\/aftosa-amazonas-e-reconhecido-como-area-livre-da-doenca-com-vacinacao\/","og_site_name":"Acrimat","article_published_time":"2017-12-05T10:41:39+00:00","article_modified_time":"2017-12-05T10:41:56+00:00","og_image":[{"width":900,"height":667,"url":"https:\/\/acrimat.org.br\/portal\/wp-content\/uploads\/2017\/12\/vacinacao-aftosa.jpg","type":"image\/jpeg"}],"author":"P\u00e9ricles C\u00e2ndido","twitter_card":"summary_large_image","twitter_misc":{"Escrito por":"P\u00e9ricles C\u00e2ndido","Est. tempo de leitura":"1 minuto"},"schema":{"@context":"https:\/\/schema.org","@graph":[{"@type":"Article","@id":"https:\/\/acrimat.org.br\/portal\/aftosa-amazonas-e-reconhecido-como-area-livre-da-doenca-com-vacinacao\/#article","isPartOf":{"@id":"https:\/\/acrimat.org.br\/portal\/aftosa-amazonas-e-reconhecido-como-area-livre-da-doenca-com-vacinacao\/"},"author":{"name":"P\u00e9ricles C\u00e2ndido","@id":"https:\/\/acrimat.org.br\/portal\/#\/schema\/person\/18df8bcf6890e924fe5d8b5afd2bec0f"},"headline":"Aftosa: Amazonas \u00e9 reconhecido como \u00e1rea livre da doen\u00e7a com vacina\u00e7\u00e3o","datePublished":"2017-12-05T10:41:39+00:00","dateModified":"2017-12-05T10:41:56+00:00","mainEntityOfPage":{"@id":"https:\/\/acrimat.org.br\/portal\/aftosa-amazonas-e-reconhecido-como-area-livre-da-doenca-com-vacinacao\/"},"wordCount":170,"publisher":{"@id":"https:\/\/acrimat.org.br\/portal\/#organization"},"image":{"@id":"https:\/\/acrimat.org.br\/portal\/aftosa-amazonas-e-reconhecido-como-area-livre-da-doenca-com-vacinacao\/#primaryimage"},"thumbnailUrl":"https:\/\/acrimat.org.br\/portal\/wp-content\/uploads\/2017\/12\/vacinacao-aftosa.jpg","articleSection":["Destaques","Not\u00edcias"],"inLanguage":"pt-BR"},{"@type":"WebPage","@id":"https:\/\/acrimat.org.br\/portal\/aftosa-amazonas-e-reconhecido-como-area-livre-da-doenca-com-vacinacao\/","url":"https:\/\/acrimat.org.br\/portal\/aftosa-amazonas-e-reconhecido-como-area-livre-da-doenca-com-vacinacao\/","name":"Aftosa: Amazonas \u00e9 reconhecido como \u00e1rea livre da doen\u00e7a com vacina\u00e7\u00e3o - Acrimat","isPartOf":{"@id":"https:\/\/acrimat.org.br\/portal\/#website"},"primaryImageOfPage":{"@id":"https:\/\/acrimat.org.br\/portal\/aftosa-amazonas-e-reconhecido-como-area-livre-da-doenca-com-vacinacao\/#primaryimage"},"image":{"@id":"https:\/\/acrimat.org.br\/portal\/aftosa-amazonas-e-reconhecido-como-area-livre-da-doenca-com-vacinacao\/#primaryimage"},"thumbnailUrl":"https:\/\/acrimat.org.br\/portal\/wp-content\/uploads\/2017\/12\/vacinacao-aftosa.jpg","datePublished":"2017-12-05T10:41:39+00:00","dateModified":"2017-12-05T10:41:56+00:00","breadcrumb":{"@id":"https:\/\/acrimat.org.br\/portal\/aftosa-amazonas-e-reconhecido-como-area-livre-da-doenca-com-vacinacao\/#breadcrumb"},"inLanguage":"pt-BR","potentialAction":[{"@type":"ReadAction","target":["https:\/\/acrimat.org.br\/portal\/aftosa-amazonas-e-reconhecido-como-area-livre-da-doenca-com-vacinacao\/"]}]},{"@type":"ImageObject","inLanguage":"pt-BR","@id":"https:\/\/acrimat.org.br\/portal\/aftosa-amazonas-e-reconhecido-como-area-livre-da-doenca-com-vacinacao\/#primaryimage","url":"https:\/\/acrimat.org.br\/portal\/wp-content\/uploads\/2017\/12\/vacinacao-aftosa.jpg","contentUrl":"https:\/\/acrimat.org.br\/portal\/wp-content\/uploads\/2017\/12\/vacinacao-aftosa.jpg","width":900,"height":667},{"@type":"BreadcrumbList","@id":"https:\/\/acrimat.org.br\/portal\/aftosa-amazonas-e-reconhecido-como-area-livre-da-doenca-com-vacinacao\/#breadcrumb","itemListElement":[{"@type":"ListItem","position":1,"name":"In\u00edcio","item":"https:\/\/acrimat.org.br\/portal\/"},{"@type":"ListItem","position":2,"name":"Aftosa: Amazonas \u00e9 reconhecido como \u00e1rea livre da doen\u00e7a com vacina\u00e7\u00e3o"}]},{"@type":"WebSite","@id":"https:\/\/acrimat.org.br\/portal\/#website","url":"https:\/\/acrimat.org.br\/portal\/","name":"Acrimat","description":"Associa\u00e7\u00e3o dos Criadores de Mato Grosso","publisher":{"@id":"https:\/\/acrimat.org.br\/portal\/#organization"},"potentialAction":[{"@type":"SearchAction","target":{"@type":"EntryPoint","urlTemplate":"https:\/\/acrimat.org.br\/portal\/?s={search_term_string}"},"query-input":{"@type":"PropertyValueSpecification","valueRequired":true,"valueName":"search_term_string"}}],"inLanguage":"pt-BR"},{"@type":"Organization","@id":"https:\/\/acrimat.org.br\/portal\/#organization","name":"Associa\u00e7\u00e3o dos Criadores de Mato Grosso","url":"https:\/\/acrimat.org.br\/portal\/","logo":{"@type":"ImageObject","inLanguage":"pt-BR","@id":"https:\/\/acrimat.org.br\/portal\/#\/schema\/logo\/image\/","url":"https:\/\/acrimat.org.br\/portal\/wp-content\/uploads\/2018\/03\/logo-peq-original.png","contentUrl":"https:\/\/acrimat.org.br\/portal\/wp-content\/uploads\/2018\/03\/logo-peq-original.png","width":174,"height":171,"caption":"Associa\u00e7\u00e3o dos Criadores de Mato Grosso"},"image":{"@id":"https:\/\/acrimat.org.br\/portal\/#\/schema\/logo\/image\/"}},{"@type":"Person","@id":"https:\/\/acrimat.org.br\/portal\/#\/schema\/person\/18df8bcf6890e924fe5d8b5afd2bec0f","name":"P\u00e9ricles C\u00e2ndido","image":{"@type":"ImageObject","inLanguage":"pt-BR","@id":"https:\/\/acrimat.org.br\/portal\/#\/schema\/person\/image\/","url":"https:\/\/secure.gravatar.com\/avatar\/33e2a2b971dc363ed2df53d0d3bfbd18?s=96&d=mm&r=g","contentUrl":"https:\/\/secure.gravatar.com\/avatar\/33e2a2b971dc363ed2df53d0d3bfbd18?s=96&d=mm&r=g","caption":"P\u00e9ricles C\u00e2ndido"},"sameAs":["ascom@acrimat.org.br"],"url":"https:\/\/acrimat.org.br\/portal\/author\/designergrafico\/"}]}},"_links":{"self":[{"href":"https:\/\/acrimat.org.br\/portal\/wp-json\/wp\/v2\/posts\/97985177","targetHints":{"allow":["GET"]}}],"collection":[{"href":"https:\/\/acrimat.org.br\/portal\/wp-json\/wp\/v2\/posts"}],"about":[{"href":"https:\/\/acrimat.org.br\/portal\/wp-json\/wp\/v2\/types\/post"}],"author":[{"embeddable":true,"href":"https:\/\/acrimat.org.br\/portal\/wp-json\/wp\/v2\/users\/11"}],"replies":[{"embeddable":true,"href":"https:\/\/acrimat.org.br\/portal\/wp-json\/wp\/v2\/comments?post=97985177"}],"version-history":[{"count":2,"href":"https:\/\/acrimat.org.br\/portal\/wp-json\/wp\/v2\/posts\/97985177\/revisions"}],"predecessor-version":[{"id":97985180,"href":"https:\/\/acrimat.org.br\/portal\/wp-json\/wp\/v2\/posts\/97985177\/revisions\/97985180"}],"wp:featuredmedia":[{"embeddable":true,"href":"https:\/\/acrimat.org.br\/portal\/wp-json\/wp\/v2\/media\/97985178"}],"wp:attachment":[{"href":"https:\/\/acrimat.org.br\/portal\/wp-json\/wp\/v2\/media?parent=97985177"}],"wp:term":[{"taxonomy":"category","embeddable":true,"href":"https:\/\/acrimat.org.br\/portal\/wp-json\/wp\/v2\/categories?post=97985177"},{"taxonomy":"post_tag","embeddable":true,"href":"https:\/\/acrimat.org.br\/portal\/wp-json\/wp\/v2\/tags?post=97985177"}],"curies":[{"name":"wp","href":"https:\/\/api.w.org\/{rel}","templated":true}]}}