{"id":97985181,"date":"2017-12-05T07:44:34","date_gmt":"2017-12-05T10:44:34","guid":{"rendered":"http:\/\/acrimat.org.br\/portal\/?p=97985181"},"modified":"2017-12-05T07:44:34","modified_gmt":"2017-12-05T10:44:34","slug":"ex-executivo-da-jbs-confessa-pagamento-de-propina","status":"publish","type":"post","link":"https:\/\/acrimat.org.br\/portal\/ex-executivo-da-jbs-confessa-pagamento-de-propina\/","title":{"rendered":"Ex-executivo da JBS confessa pagamento de propina"},"content":{"rendered":"<p>Em depoimento \u00e0 Justi\u00e7a Federal na sexta-feira passada, o ex-executivo da JBS e veterin\u00e1rio, Fl\u00e1vio Cassou, preso em mar\u00e7o na Opera\u00e7\u00e3o Carne Fraca, contou que pagava h\u00e1 quatro anos uma mesada de 20.000 reais para o ex-superintendente do Minist\u00e9rio da Agricultura no Paran\u00e1, Daniel Gon\u00e7alves Filho.<\/p>\n<p>O mensalinho, segundo Cassou disse ao juiz Marcos Josegrei, da 14\u00aa Vara Federal, servia para que ele escolhesse pessoalmente quais fiscais do governo atuariam dentro das unidades da JBS no Paran\u00e1, fazendo vista grossa na vigil\u00e2ncia sanit\u00e1ria e agilizando licen\u00e7as.<\/p>\n<p>Cassou tamb\u00e9m confessou que pagava propina para a chefe do Servi\u00e7o de Inspe\u00e7\u00e3o de Produtos de Origem Animal do Minist\u00e9rio da Agricultura, no Paran\u00e1, Maria do R\u00f3cio Nascimento. Segundo ele, a propina, s\u00f3 para essa quadrilha, somava 60.000 por m\u00eas. Em seu depoimento, Cassou assegura ainda que tanto Gon\u00e7alves quanto Maria do R\u00f3cio \u2013 ambos tamb\u00e9m presos \u2013 comentavam quando faziam cobran\u00e7a que parte desse dinheiro era destinada a pol\u00edticos do PMDB do Paran\u00e1. Mas ele n\u00e3o mencionou nomes.<\/p>\n<p>A quebra do sigilo banc\u00e1rio de Cassou feita pela Justi\u00e7a revelou que ele tinha em conta corrente 4 milh\u00f5es de reais, valor que acabou sendo sequestrado por falta de justificativa.<\/p>\n<p>A Opera\u00e7\u00e3o Carne Fraca j\u00e1 tem a lista dos pol\u00edticos do PMDB e PP que recebiam propina da JBS, entre eles o deputado federal Osmar Serraglio (PR), que era ministro da Justi\u00e7a na \u00e9poca em que a opera\u00e7\u00e3o foi deflagrada. Em grava\u00e7\u00f5es telef\u00f4nicas interceptadas pela PF durante a investiga\u00e7\u00e3o, foi flagrada uma conversa de Serraglio com Gon\u00e7alves na qual o superintendente chamava o parlamentar de \u201cgrande chefe\u201d.<\/p>\n<p>Gon\u00e7alves fechou dela\u00e7\u00e3o premiada e relata em depoimentos detalhes da participa\u00e7\u00e3o de Serraglio no esquema da Carne Fraca. Ele conta, por exemplo, como Serraglio e outros acusados com foro privilegiado recebiam dinheiro vivo de propina da JBS. Segundo a PF, um caderno de anota\u00e7\u00f5es apreendido com Cassou tamb\u00e9m prova os pagamentos, que eram feitos quase sempre em dinheiro dentro das unidades da JBS. A defesa de Serraglio nega as acusa\u00e7\u00f5es e diz que o ex-ministro n\u00e3o interferia no trabalho dos fiscais.<\/p>\n<p>A dela\u00e7\u00e3o de Gon\u00e7alves \u00e9 uma das pe\u00e7as mais extensas da opera\u00e7\u00e3o. Ele deu mais de 20 depoimentos de 12 horas de dura\u00e7\u00e3o ao delegado federal Maur\u00edcio Moscardi, coordenador da Carne Fraca. A dela\u00e7\u00e3o est\u00e1 no Supremo Tribunal Federal (STF) \u00e0 espera de homologa\u00e7\u00e3o.<\/p>\n","protected":false},"excerpt":{"rendered":"<p>Em depoimento \u00e0 Justi\u00e7a Federal na sexta-feira passada, o ex-executivo da JBS e veterin\u00e1rio, Fl\u00e1vio Cassou, preso em mar\u00e7o na Opera\u00e7\u00e3o Carne Fraca, contou que pagava h\u00e1 quatro anos uma mesada de 20.000 reais para o ex-superintendente do Minist\u00e9rio da Agricultura no Paran\u00e1, Daniel Gon\u00e7alves Filho. O mensalinho, segundo Cassou disse ao juiz Marcos Josegrei, [&hellip;]<\/p>\n","protected":false},"author":11,"featured_media":97985182,"comment_status":"closed","ping_status":"closed","sticky":false,"template":"","format":"standard","meta":{"footnotes":""},"categories":[6,1],"tags":[],"class_list":["post-97985181","post","type-post","status-publish","format-standard","has-post-thumbnail","hentry","category-destaque","category-noticia"],"yoast_head":"<!-- This site is optimized with the Yoast SEO plugin v24.8.1 - https:\/\/yoast.com\/wordpress\/plugins\/seo\/ -->\n<title>Ex-executivo da JBS confessa pagamento de propina - Acrimat<\/title>\n<meta name=\"robots\" content=\"index, follow, max-snippet:-1, max-image-preview:large, max-video-preview:-1\" \/>\n<link rel=\"canonical\" href=\"https:\/\/acrimat.org.br\/portal\/ex-executivo-da-jbs-confessa-pagamento-de-propina\/\" \/>\n<meta property=\"og:locale\" content=\"pt_BR\" \/>\n<meta property=\"og:type\" content=\"article\" \/>\n<meta property=\"og:title\" content=\"Ex-executivo da JBS confessa pagamento de propina - Acrimat\" \/>\n<meta property=\"og:description\" content=\"Em depoimento \u00e0 Justi\u00e7a Federal na sexta-feira passada, o ex-executivo da JBS e veterin\u00e1rio, Fl\u00e1vio Cassou, preso em mar\u00e7o na Opera\u00e7\u00e3o Carne Fraca, contou que pagava h\u00e1 quatro anos uma mesada de 20.000 reais para o ex-superintendente do Minist\u00e9rio da Agricultura no Paran\u00e1, Daniel Gon\u00e7alves Filho. O mensalinho, segundo Cassou disse ao juiz Marcos Josegrei, [&hellip;]\" \/>\n<meta property=\"og:url\" content=\"https:\/\/acrimat.org.br\/portal\/ex-executivo-da-jbs-confessa-pagamento-de-propina\/\" \/>\n<meta property=\"og:site_name\" content=\"Acrimat\" \/>\n<meta property=\"article:published_time\" content=\"2017-12-05T10:44:34+00:00\" \/>\n<meta property=\"og:image\" content=\"https:\/\/acrimat.org.br\/portal\/wp-content\/uploads\/2017\/12\/flavio-cassou-20171203-0001-copy.jpg\" \/>\n\t<meta property=\"og:image:width\" content=\"672\" \/>\n\t<meta property=\"og:image:height\" content=\"372\" \/>\n\t<meta property=\"og:image:type\" content=\"image\/jpeg\" \/>\n<meta name=\"author\" content=\"P\u00e9ricles C\u00e2ndido\" \/>\n<meta name=\"twitter:card\" content=\"summary_large_image\" \/>\n<meta name=\"twitter:label1\" content=\"Escrito por\" \/>\n\t<meta name=\"twitter:data1\" content=\"P\u00e9ricles C\u00e2ndido\" \/>\n\t<meta name=\"twitter:label2\" content=\"Est. tempo de leitura\" \/>\n\t<meta name=\"twitter:data2\" content=\"2 minutos\" \/>\n<script type=\"application\/ld+json\" class=\"yoast-schema-graph\">{\"@context\":\"https:\/\/schema.org\",\"@graph\":[{\"@type\":\"Article\",\"@id\":\"https:\/\/acrimat.org.br\/portal\/ex-executivo-da-jbs-confessa-pagamento-de-propina\/#article\",\"isPartOf\":{\"@id\":\"https:\/\/acrimat.org.br\/portal\/ex-executivo-da-jbs-confessa-pagamento-de-propina\/\"},\"author\":{\"name\":\"P\u00e9ricles C\u00e2ndido\",\"@id\":\"https:\/\/acrimat.org.br\/portal\/#\/schema\/person\/18df8bcf6890e924fe5d8b5afd2bec0f\"},\"headline\":\"Ex-executivo da JBS confessa pagamento de propina\",\"datePublished\":\"2017-12-05T10:44:34+00:00\",\"mainEntityOfPage\":{\"@id\":\"https:\/\/acrimat.org.br\/portal\/ex-executivo-da-jbs-confessa-pagamento-de-propina\/\"},\"wordCount\":431,\"publisher\":{\"@id\":\"https:\/\/acrimat.org.br\/portal\/#organization\"},\"image\":{\"@id\":\"https:\/\/acrimat.org.br\/portal\/ex-executivo-da-jbs-confessa-pagamento-de-propina\/#primaryimage\"},\"thumbnailUrl\":\"https:\/\/acrimat.org.br\/portal\/wp-content\/uploads\/2017\/12\/flavio-cassou-20171203-0001-copy.jpg\",\"articleSection\":[\"Destaques\",\"Not\u00edcias\"],\"inLanguage\":\"pt-BR\"},{\"@type\":\"WebPage\",\"@id\":\"https:\/\/acrimat.org.br\/portal\/ex-executivo-da-jbs-confessa-pagamento-de-propina\/\",\"url\":\"https:\/\/acrimat.org.br\/portal\/ex-executivo-da-jbs-confessa-pagamento-de-propina\/\",\"name\":\"Ex-executivo da JBS confessa pagamento de propina - Acrimat\",\"isPartOf\":{\"@id\":\"https:\/\/acrimat.org.br\/portal\/#website\"},\"primaryImageOfPage\":{\"@id\":\"https:\/\/acrimat.org.br\/portal\/ex-executivo-da-jbs-confessa-pagamento-de-propina\/#primaryimage\"},\"image\":{\"@id\":\"https:\/\/acrimat.org.br\/portal\/ex-executivo-da-jbs-confessa-pagamento-de-propina\/#primaryimage\"},\"thumbnailUrl\":\"https:\/\/acrimat.org.br\/portal\/wp-content\/uploads\/2017\/12\/flavio-cassou-20171203-0001-copy.jpg\",\"datePublished\":\"2017-12-05T10:44:34+00:00\",\"breadcrumb\":{\"@id\":\"https:\/\/acrimat.org.br\/portal\/ex-executivo-da-jbs-confessa-pagamento-de-propina\/#breadcrumb\"},\"inLanguage\":\"pt-BR\",\"potentialAction\":[{\"@type\":\"ReadAction\",\"target\":[\"https:\/\/acrimat.org.br\/portal\/ex-executivo-da-jbs-confessa-pagamento-de-propina\/\"]}]},{\"@type\":\"ImageObject\",\"inLanguage\":\"pt-BR\",\"@id\":\"https:\/\/acrimat.org.br\/portal\/ex-executivo-da-jbs-confessa-pagamento-de-propina\/#primaryimage\",\"url\":\"https:\/\/acrimat.org.br\/portal\/wp-content\/uploads\/2017\/12\/flavio-cassou-20171203-0001-copy.jpg\",\"contentUrl\":\"https:\/\/acrimat.org.br\/portal\/wp-content\/uploads\/2017\/12\/flavio-cassou-20171203-0001-copy.jpg\",\"width\":672,\"height\":372},{\"@type\":\"BreadcrumbList\",\"@id\":\"https:\/\/acrimat.org.br\/portal\/ex-executivo-da-jbs-confessa-pagamento-de-propina\/#breadcrumb\",\"itemListElement\":[{\"@type\":\"ListItem\",\"position\":1,\"name\":\"In\u00edcio\",\"item\":\"https:\/\/acrimat.org.br\/portal\/\"},{\"@type\":\"ListItem\",\"position\":2,\"name\":\"Ex-executivo da JBS confessa pagamento de propina\"}]},{\"@type\":\"WebSite\",\"@id\":\"https:\/\/acrimat.org.br\/portal\/#website\",\"url\":\"https:\/\/acrimat.org.br\/portal\/\",\"name\":\"Acrimat\",\"description\":\"Associa\u00e7\u00e3o dos Criadores de Mato Grosso\",\"publisher\":{\"@id\":\"https:\/\/acrimat.org.br\/portal\/#organization\"},\"potentialAction\":[{\"@type\":\"SearchAction\",\"target\":{\"@type\":\"EntryPoint\",\"urlTemplate\":\"https:\/\/acrimat.org.br\/portal\/?s={search_term_string}\"},\"query-input\":{\"@type\":\"PropertyValueSpecification\",\"valueRequired\":true,\"valueName\":\"search_term_string\"}}],\"inLanguage\":\"pt-BR\"},{\"@type\":\"Organization\",\"@id\":\"https:\/\/acrimat.org.br\/portal\/#organization\",\"name\":\"Associa\u00e7\u00e3o dos Criadores de Mato Grosso\",\"url\":\"https:\/\/acrimat.org.br\/portal\/\",\"logo\":{\"@type\":\"ImageObject\",\"inLanguage\":\"pt-BR\",\"@id\":\"https:\/\/acrimat.org.br\/portal\/#\/schema\/logo\/image\/\",\"url\":\"https:\/\/acrimat.org.br\/portal\/wp-content\/uploads\/2018\/03\/logo-peq-original.png\",\"contentUrl\":\"https:\/\/acrimat.org.br\/portal\/wp-content\/uploads\/2018\/03\/logo-peq-original.png\",\"width\":174,\"height\":171,\"caption\":\"Associa\u00e7\u00e3o dos Criadores de Mato Grosso\"},\"image\":{\"@id\":\"https:\/\/acrimat.org.br\/portal\/#\/schema\/logo\/image\/\"}},{\"@type\":\"Person\",\"@id\":\"https:\/\/acrimat.org.br\/portal\/#\/schema\/person\/18df8bcf6890e924fe5d8b5afd2bec0f\",\"name\":\"P\u00e9ricles C\u00e2ndido\",\"image\":{\"@type\":\"ImageObject\",\"inLanguage\":\"pt-BR\",\"@id\":\"https:\/\/acrimat.org.br\/portal\/#\/schema\/person\/image\/\",\"url\":\"https:\/\/secure.gravatar.com\/avatar\/33e2a2b971dc363ed2df53d0d3bfbd18?s=96&d=mm&r=g\",\"contentUrl\":\"https:\/\/secure.gravatar.com\/avatar\/33e2a2b971dc363ed2df53d0d3bfbd18?s=96&d=mm&r=g\",\"caption\":\"P\u00e9ricles C\u00e2ndido\"},\"sameAs\":[\"ascom@acrimat.org.br\"],\"url\":\"https:\/\/acrimat.org.br\/portal\/author\/designergrafico\/\"}]}<\/script>\n<!-- \/ Yoast SEO plugin. -->","yoast_head_json":{"title":"Ex-executivo da JBS confessa pagamento de propina - Acrimat","robots":{"index":"index","follow":"follow","max-snippet":"max-snippet:-1","max-image-preview":"max-image-preview:large","max-video-preview":"max-video-preview:-1"},"canonical":"https:\/\/acrimat.org.br\/portal\/ex-executivo-da-jbs-confessa-pagamento-de-propina\/","og_locale":"pt_BR","og_type":"article","og_title":"Ex-executivo da JBS confessa pagamento de propina - Acrimat","og_description":"Em depoimento \u00e0 Justi\u00e7a Federal na sexta-feira passada, o ex-executivo da JBS e veterin\u00e1rio, Fl\u00e1vio Cassou, preso em mar\u00e7o na Opera\u00e7\u00e3o Carne Fraca, contou que pagava h\u00e1 quatro anos uma mesada de 20.000 reais para o ex-superintendente do Minist\u00e9rio da Agricultura no Paran\u00e1, Daniel Gon\u00e7alves Filho. O mensalinho, segundo Cassou disse ao juiz Marcos Josegrei, [&hellip;]","og_url":"https:\/\/acrimat.org.br\/portal\/ex-executivo-da-jbs-confessa-pagamento-de-propina\/","og_site_name":"Acrimat","article_published_time":"2017-12-05T10:44:34+00:00","og_image":[{"width":672,"height":372,"url":"https:\/\/acrimat.org.br\/portal\/wp-content\/uploads\/2017\/12\/flavio-cassou-20171203-0001-copy.jpg","type":"image\/jpeg"}],"author":"P\u00e9ricles C\u00e2ndido","twitter_card":"summary_large_image","twitter_misc":{"Escrito por":"P\u00e9ricles C\u00e2ndido","Est. tempo de leitura":"2 minutos"},"schema":{"@context":"https:\/\/schema.org","@graph":[{"@type":"Article","@id":"https:\/\/acrimat.org.br\/portal\/ex-executivo-da-jbs-confessa-pagamento-de-propina\/#article","isPartOf":{"@id":"https:\/\/acrimat.org.br\/portal\/ex-executivo-da-jbs-confessa-pagamento-de-propina\/"},"author":{"name":"P\u00e9ricles C\u00e2ndido","@id":"https:\/\/acrimat.org.br\/portal\/#\/schema\/person\/18df8bcf6890e924fe5d8b5afd2bec0f"},"headline":"Ex-executivo da JBS confessa pagamento de propina","datePublished":"2017-12-05T10:44:34+00:00","mainEntityOfPage":{"@id":"https:\/\/acrimat.org.br\/portal\/ex-executivo-da-jbs-confessa-pagamento-de-propina\/"},"wordCount":431,"publisher":{"@id":"https:\/\/acrimat.org.br\/portal\/#organization"},"image":{"@id":"https:\/\/acrimat.org.br\/portal\/ex-executivo-da-jbs-confessa-pagamento-de-propina\/#primaryimage"},"thumbnailUrl":"https:\/\/acrimat.org.br\/portal\/wp-content\/uploads\/2017\/12\/flavio-cassou-20171203-0001-copy.jpg","articleSection":["Destaques","Not\u00edcias"],"inLanguage":"pt-BR"},{"@type":"WebPage","@id":"https:\/\/acrimat.org.br\/portal\/ex-executivo-da-jbs-confessa-pagamento-de-propina\/","url":"https:\/\/acrimat.org.br\/portal\/ex-executivo-da-jbs-confessa-pagamento-de-propina\/","name":"Ex-executivo da JBS confessa pagamento de propina - Acrimat","isPartOf":{"@id":"https:\/\/acrimat.org.br\/portal\/#website"},"primaryImageOfPage":{"@id":"https:\/\/acrimat.org.br\/portal\/ex-executivo-da-jbs-confessa-pagamento-de-propina\/#primaryimage"},"image":{"@id":"https:\/\/acrimat.org.br\/portal\/ex-executivo-da-jbs-confessa-pagamento-de-propina\/#primaryimage"},"thumbnailUrl":"https:\/\/acrimat.org.br\/portal\/wp-content\/uploads\/2017\/12\/flavio-cassou-20171203-0001-copy.jpg","datePublished":"2017-12-05T10:44:34+00:00","breadcrumb":{"@id":"https:\/\/acrimat.org.br\/portal\/ex-executivo-da-jbs-confessa-pagamento-de-propina\/#breadcrumb"},"inLanguage":"pt-BR","potentialAction":[{"@type":"ReadAction","target":["https:\/\/acrimat.org.br\/portal\/ex-executivo-da-jbs-confessa-pagamento-de-propina\/"]}]},{"@type":"ImageObject","inLanguage":"pt-BR","@id":"https:\/\/acrimat.org.br\/portal\/ex-executivo-da-jbs-confessa-pagamento-de-propina\/#primaryimage","url":"https:\/\/acrimat.org.br\/portal\/wp-content\/uploads\/2017\/12\/flavio-cassou-20171203-0001-copy.jpg","contentUrl":"https:\/\/acrimat.org.br\/portal\/wp-content\/uploads\/2017\/12\/flavio-cassou-20171203-0001-copy.jpg","width":672,"height":372},{"@type":"BreadcrumbList","@id":"https:\/\/acrimat.org.br\/portal\/ex-executivo-da-jbs-confessa-pagamento-de-propina\/#breadcrumb","itemListElement":[{"@type":"ListItem","position":1,"name":"In\u00edcio","item":"https:\/\/acrimat.org.br\/portal\/"},{"@type":"ListItem","position":2,"name":"Ex-executivo da JBS confessa pagamento de propina"}]},{"@type":"WebSite","@id":"https:\/\/acrimat.org.br\/portal\/#website","url":"https:\/\/acrimat.org.br\/portal\/","name":"Acrimat","description":"Associa\u00e7\u00e3o dos Criadores de Mato Grosso","publisher":{"@id":"https:\/\/acrimat.org.br\/portal\/#organization"},"potentialAction":[{"@type":"SearchAction","target":{"@type":"EntryPoint","urlTemplate":"https:\/\/acrimat.org.br\/portal\/?s={search_term_string}"},"query-input":{"@type":"PropertyValueSpecification","valueRequired":true,"valueName":"search_term_string"}}],"inLanguage":"pt-BR"},{"@type":"Organization","@id":"https:\/\/acrimat.org.br\/portal\/#organization","name":"Associa\u00e7\u00e3o dos Criadores de Mato Grosso","url":"https:\/\/acrimat.org.br\/portal\/","logo":{"@type":"ImageObject","inLanguage":"pt-BR","@id":"https:\/\/acrimat.org.br\/portal\/#\/schema\/logo\/image\/","url":"https:\/\/acrimat.org.br\/portal\/wp-content\/uploads\/2018\/03\/logo-peq-original.png","contentUrl":"https:\/\/acrimat.org.br\/portal\/wp-content\/uploads\/2018\/03\/logo-peq-original.png","width":174,"height":171,"caption":"Associa\u00e7\u00e3o dos Criadores de Mato Grosso"},"image":{"@id":"https:\/\/acrimat.org.br\/portal\/#\/schema\/logo\/image\/"}},{"@type":"Person","@id":"https:\/\/acrimat.org.br\/portal\/#\/schema\/person\/18df8bcf6890e924fe5d8b5afd2bec0f","name":"P\u00e9ricles C\u00e2ndido","image":{"@type":"ImageObject","inLanguage":"pt-BR","@id":"https:\/\/acrimat.org.br\/portal\/#\/schema\/person\/image\/","url":"https:\/\/secure.gravatar.com\/avatar\/33e2a2b971dc363ed2df53d0d3bfbd18?s=96&d=mm&r=g","contentUrl":"https:\/\/secure.gravatar.com\/avatar\/33e2a2b971dc363ed2df53d0d3bfbd18?s=96&d=mm&r=g","caption":"P\u00e9ricles C\u00e2ndido"},"sameAs":["ascom@acrimat.org.br"],"url":"https:\/\/acrimat.org.br\/portal\/author\/designergrafico\/"}]}},"_links":{"self":[{"href":"https:\/\/acrimat.org.br\/portal\/wp-json\/wp\/v2\/posts\/97985181","targetHints":{"allow":["GET"]}}],"collection":[{"href":"https:\/\/acrimat.org.br\/portal\/wp-json\/wp\/v2\/posts"}],"about":[{"href":"https:\/\/acrimat.org.br\/portal\/wp-json\/wp\/v2\/types\/post"}],"author":[{"embeddable":true,"href":"https:\/\/acrimat.org.br\/portal\/wp-json\/wp\/v2\/users\/11"}],"replies":[{"embeddable":true,"href":"https:\/\/acrimat.org.br\/portal\/wp-json\/wp\/v2\/comments?post=97985181"}],"version-history":[{"count":1,"href":"https:\/\/acrimat.org.br\/portal\/wp-json\/wp\/v2\/posts\/97985181\/revisions"}],"predecessor-version":[{"id":97985183,"href":"https:\/\/acrimat.org.br\/portal\/wp-json\/wp\/v2\/posts\/97985181\/revisions\/97985183"}],"wp:featuredmedia":[{"embeddable":true,"href":"https:\/\/acrimat.org.br\/portal\/wp-json\/wp\/v2\/media\/97985182"}],"wp:attachment":[{"href":"https:\/\/acrimat.org.br\/portal\/wp-json\/wp\/v2\/media?parent=97985181"}],"wp:term":[{"taxonomy":"category","embeddable":true,"href":"https:\/\/acrimat.org.br\/portal\/wp-json\/wp\/v2\/categories?post=97985181"},{"taxonomy":"post_tag","embeddable":true,"href":"https:\/\/acrimat.org.br\/portal\/wp-json\/wp\/v2\/tags?post=97985181"}],"curies":[{"name":"wp","href":"https:\/\/api.w.org\/{rel}","templated":true}]}}