{"id":97985202,"date":"2017-12-06T08:36:52","date_gmt":"2017-12-06T11:36:52","guid":{"rendered":"http:\/\/acrimat.org.br\/portal\/?p=97985202"},"modified":"2017-12-06T08:36:52","modified_gmt":"2017-12-06T11:36:52","slug":"consumo-domestico-ajuda-a-impulsionar-acoes-de-frigorificos","status":"publish","type":"post","link":"https:\/\/acrimat.org.br\/portal\/consumo-domestico-ajuda-a-impulsionar-acoes-de-frigorificos\/","title":{"rendered":"Consumo dom\u00e9stico ajuda a impulsionar a\u00e7\u00f5es de frigor\u00edficos"},"content":{"rendered":"<p>A melhora das perspectivas para o segmento de carnes sobretudo no front dom\u00e9stico no curto e m\u00e9dio prazo impulsionaram ontem na B3 as a\u00e7\u00f5es da JBS e da Marfrig, que j\u00e1 haviam ganhado algum f\u00f4lego depois da divulga\u00e7\u00e3o dos resultados de ambas no terceiro trimestre.<\/p>\n<p>O grande destaque do dia foi a alta de 8% dos pap\u00e9is da JBS, a maior do Ibovespa. Com o salto, caiu para 22,7% a queda acumulada das a\u00e7\u00f5es da empresa neste ano, marcado por reflexos negativos derivados das dela\u00e7\u00f5es premiadas de seus controladores e da opera\u00e7\u00e3o Carne Fraca.<\/p>\n<p>Conforme c\u00e1lculos do Valor Data, a valoriza\u00e7\u00e3o &#8211; tamb\u00e9m influenciada pelo otimismo gerado pelo avan\u00e7o da reforma tribut\u00e1ria nos EUA, onde a JBS tem presen\u00e7a importante -, gerou incremento de R$ 1,8 bilh\u00e3o no valor de mercado da companhia ontem, para R$ 24 bilh\u00f5es.<\/p>\n<p>A alta das a\u00e7\u00f5es da Marfrig tamb\u00e9m foi expressiva. Com o ganho de 4%, que ampliou o ganho acumulado no ano para 8%, o valor de mercado da empresa subiu R$ 162 milh\u00f5es, para R$ 4,4 bilh\u00f5es.<\/p>\n<p>De acordo com analistas, ambas as empresas foram beneficiadas pela conjuntura mais positiva refor\u00e7ada pelo comportamento do consumo das fam\u00edlias no Brasil no terceiro trimestre &#8211; que, conforme informou o IBGE na sexta-feira, subiu 1,2%.<\/p>\n<p>O resultado tornou ainda mais s\u00f3lidas as estimativas de aquecimento da demanda neste quarto trimestre &#8211; j\u00e1 sazonalmente beneficiada pelas compras para as festas de fim de ano &#8211; e no in\u00edcio de 2018.<\/p>\n<p>Na esteira dos resultados divulgados na sexta-feira pelo IBGE, no boletim Focus do Banco Central divulgado ontem a m\u00e9dia das previs\u00f5es do mercado para o crescimento do PIB em 2017 passou de 0,73% para 0,89%. Para o ano que vem, a expectativa subiu de 2,58% para 2,6%.<\/p>\n<p>Como lembrou Adolfo Fontes, analista de prote\u00ednas animais do Rabobank no Brasil, o consumo dom\u00e9stico de carnes \u00e9 particularmente sens\u00edvel ao ritmo de crescimento da economia. N\u00e3o por outro motivo, permaneceu retra\u00eddo no Brasil em 2015 e 2016 e, em 2017, come\u00e7ou a se recuperar com mais contund\u00eancia apenas nos \u00faltimos meses.<\/p>\n<p>O racioc\u00ednio vale para as carnes bovina, su\u00edna e de frango. A JBS t\u00eam participa\u00e7\u00f5es expressivas nos tr\u00eas mercados, enquanto o foco da Marfrig no Brasil est\u00e1 na bovina. Tamb\u00e9m concentrada na carne bovina, por\u00e9m mais dependente das exporta\u00e7\u00f5es &#8211; cujas perspectivas tamb\u00e9m s\u00e3o otimistas, apesar do recente embargo imposto pela R\u00fassia -, a Minerva Foods viu suas a\u00e7\u00f5es subirem menos ontem na B3 (1,6%).<\/p>\n<p>Em conversa com jornalistas e analistas sobre os resultados do terceiro trimestre, executivos da Minerva adiantaram que faz parte dos planos da empresa ampliar sua presen\u00e7a no Brasil por meio da expans\u00e3o das vendas para o food-service.<\/p>\n<p>Thiago Duarte, analista do BTG Pactual, lembrou que os resultados operacionais da JBS entre julho e setembro, que bateram novos recordes, tamb\u00e9m ajudaram a criar um ambiente mais favor\u00e1vel para a forte alta das a\u00e7\u00f5es observada ontem.<\/p>\n<p>O lucro antes de juros, impostos, deprecia\u00e7\u00e3o e amortiza\u00e7\u00e3o (Ebitda) da companhia no terceiro trimestre foi de R$ 4,3 bilh\u00f5es, 37,4% mais que em igual intervalo de 2016. A margem Ebitda cresceu quase tr\u00eas pontos percentuais, de 7,6% para 10,5%.<\/p>\n<p>&#8220;J\u00e1 hav\u00edamos notado um aumento do interesse de fundos e de outros agentes financeiros nesse ativo [a\u00e7\u00e3o da JBS] nos \u00faltimos dias&#8221;, afirmou Duarte ao<\/p>\n<p>Em meio \u00e0s altas das a\u00e7\u00f5es de JBS, Marfrig e Minerva ontem, chamou a aten\u00e7\u00e3o a estabilidade dos pap\u00e9is da BRF, cujos neg\u00f3cios, capitaneados pela marca Sadia, est\u00e3o concentrados nas carnes de frango e su\u00edna &#8211; al\u00e9m de embutidos e processados, como a divis\u00e3o Seara da JBS.<\/p>\n<p>No momento, contudo, pesam contra a companhia os resultados n\u00e3o t\u00e3o positivos no terceiro trimestre e a reestrutura\u00e7\u00e3o da gest\u00e3o ainda em curso. A companhia passar\u00e1 a contar neste m\u00eas com um novo CEO e tamb\u00e9m tem outros cargos de primeiro escal\u00e3o \u00e0 espera de novos comandantes.<\/p>\n","protected":false},"excerpt":{"rendered":"<p>De acordo com analistas, as empresas foram beneficiadas pela conjuntura mais positiva refor\u00e7ada pelo comportamento do consumo das fam\u00edlias no Brasil no terceiro trimestre<\/p>\n","protected":false},"author":11,"featured_media":97985203,"comment_status":"closed","ping_status":"closed","sticky":false,"template":"","format":"standard","meta":{"footnotes":""},"categories":[6,1],"tags":[],"class_list":["post-97985202","post","type-post","status-publish","format-standard","has-post-thumbnail","hentry","category-destaque","category-noticia"],"yoast_head":"<!-- This site is optimized with the Yoast SEO plugin v24.8.1 - https:\/\/yoast.com\/wordpress\/plugins\/seo\/ -->\n<title>Consumo dom\u00e9stico ajuda a impulsionar a\u00e7\u00f5es de frigor\u00edficos - Acrimat<\/title>\n<meta name=\"robots\" content=\"index, follow, max-snippet:-1, max-image-preview:large, max-video-preview:-1\" \/>\n<link rel=\"canonical\" href=\"https:\/\/acrimat.org.br\/portal\/consumo-domestico-ajuda-a-impulsionar-acoes-de-frigorificos\/\" \/>\n<meta property=\"og:locale\" content=\"pt_BR\" \/>\n<meta property=\"og:type\" content=\"article\" \/>\n<meta property=\"og:title\" content=\"Consumo dom\u00e9stico ajuda a impulsionar a\u00e7\u00f5es de frigor\u00edficos - Acrimat\" \/>\n<meta property=\"og:description\" content=\"De acordo com analistas, as empresas foram beneficiadas pela conjuntura mais positiva refor\u00e7ada pelo comportamento do consumo das fam\u00edlias no Brasil no terceiro trimestre\" \/>\n<meta property=\"og:url\" content=\"https:\/\/acrimat.org.br\/portal\/consumo-domestico-ajuda-a-impulsionar-acoes-de-frigorificos\/\" \/>\n<meta property=\"og:site_name\" content=\"Acrimat\" \/>\n<meta property=\"article:published_time\" content=\"2017-12-06T11:36:52+00:00\" \/>\n<meta property=\"og:image\" content=\"https:\/\/acrimat.org.br\/portal\/wp-content\/uploads\/2017\/12\/22-11-preco-exportacoes.jpg\" \/>\n\t<meta property=\"og:image:width\" content=\"732\" \/>\n\t<meta property=\"og:image:height\" content=\"487\" \/>\n\t<meta property=\"og:image:type\" content=\"image\/jpeg\" \/>\n<meta name=\"author\" content=\"P\u00e9ricles C\u00e2ndido\" \/>\n<meta name=\"twitter:card\" content=\"summary_large_image\" \/>\n<meta name=\"twitter:label1\" content=\"Escrito por\" \/>\n\t<meta name=\"twitter:data1\" content=\"P\u00e9ricles C\u00e2ndido\" \/>\n\t<meta name=\"twitter:label2\" content=\"Est. tempo de leitura\" \/>\n\t<meta name=\"twitter:data2\" content=\"3 minutos\" \/>\n<script type=\"application\/ld+json\" class=\"yoast-schema-graph\">{\"@context\":\"https:\/\/schema.org\",\"@graph\":[{\"@type\":\"Article\",\"@id\":\"https:\/\/acrimat.org.br\/portal\/consumo-domestico-ajuda-a-impulsionar-acoes-de-frigorificos\/#article\",\"isPartOf\":{\"@id\":\"https:\/\/acrimat.org.br\/portal\/consumo-domestico-ajuda-a-impulsionar-acoes-de-frigorificos\/\"},\"author\":{\"name\":\"P\u00e9ricles C\u00e2ndido\",\"@id\":\"https:\/\/acrimat.org.br\/portal\/#\/schema\/person\/18df8bcf6890e924fe5d8b5afd2bec0f\"},\"headline\":\"Consumo dom\u00e9stico ajuda a impulsionar a\u00e7\u00f5es de frigor\u00edficos\",\"datePublished\":\"2017-12-06T11:36:52+00:00\",\"mainEntityOfPage\":{\"@id\":\"https:\/\/acrimat.org.br\/portal\/consumo-domestico-ajuda-a-impulsionar-acoes-de-frigorificos\/\"},\"wordCount\":698,\"publisher\":{\"@id\":\"https:\/\/acrimat.org.br\/portal\/#organization\"},\"image\":{\"@id\":\"https:\/\/acrimat.org.br\/portal\/consumo-domestico-ajuda-a-impulsionar-acoes-de-frigorificos\/#primaryimage\"},\"thumbnailUrl\":\"https:\/\/acrimat.org.br\/portal\/wp-content\/uploads\/2017\/12\/22-11-preco-exportacoes.jpg\",\"articleSection\":[\"Destaques\",\"Not\u00edcias\"],\"inLanguage\":\"pt-BR\"},{\"@type\":\"WebPage\",\"@id\":\"https:\/\/acrimat.org.br\/portal\/consumo-domestico-ajuda-a-impulsionar-acoes-de-frigorificos\/\",\"url\":\"https:\/\/acrimat.org.br\/portal\/consumo-domestico-ajuda-a-impulsionar-acoes-de-frigorificos\/\",\"name\":\"Consumo dom\u00e9stico ajuda a impulsionar a\u00e7\u00f5es de frigor\u00edficos - Acrimat\",\"isPartOf\":{\"@id\":\"https:\/\/acrimat.org.br\/portal\/#website\"},\"primaryImageOfPage\":{\"@id\":\"https:\/\/acrimat.org.br\/portal\/consumo-domestico-ajuda-a-impulsionar-acoes-de-frigorificos\/#primaryimage\"},\"image\":{\"@id\":\"https:\/\/acrimat.org.br\/portal\/consumo-domestico-ajuda-a-impulsionar-acoes-de-frigorificos\/#primaryimage\"},\"thumbnailUrl\":\"https:\/\/acrimat.org.br\/portal\/wp-content\/uploads\/2017\/12\/22-11-preco-exportacoes.jpg\",\"datePublished\":\"2017-12-06T11:36:52+00:00\",\"breadcrumb\":{\"@id\":\"https:\/\/acrimat.org.br\/portal\/consumo-domestico-ajuda-a-impulsionar-acoes-de-frigorificos\/#breadcrumb\"},\"inLanguage\":\"pt-BR\",\"potentialAction\":[{\"@type\":\"ReadAction\",\"target\":[\"https:\/\/acrimat.org.br\/portal\/consumo-domestico-ajuda-a-impulsionar-acoes-de-frigorificos\/\"]}]},{\"@type\":\"ImageObject\",\"inLanguage\":\"pt-BR\",\"@id\":\"https:\/\/acrimat.org.br\/portal\/consumo-domestico-ajuda-a-impulsionar-acoes-de-frigorificos\/#primaryimage\",\"url\":\"https:\/\/acrimat.org.br\/portal\/wp-content\/uploads\/2017\/12\/22-11-preco-exportacoes.jpg\",\"contentUrl\":\"https:\/\/acrimat.org.br\/portal\/wp-content\/uploads\/2017\/12\/22-11-preco-exportacoes.jpg\",\"width\":732,\"height\":487},{\"@type\":\"BreadcrumbList\",\"@id\":\"https:\/\/acrimat.org.br\/portal\/consumo-domestico-ajuda-a-impulsionar-acoes-de-frigorificos\/#breadcrumb\",\"itemListElement\":[{\"@type\":\"ListItem\",\"position\":1,\"name\":\"In\u00edcio\",\"item\":\"https:\/\/acrimat.org.br\/portal\/\"},{\"@type\":\"ListItem\",\"position\":2,\"name\":\"Consumo dom\u00e9stico ajuda a impulsionar a\u00e7\u00f5es de frigor\u00edficos\"}]},{\"@type\":\"WebSite\",\"@id\":\"https:\/\/acrimat.org.br\/portal\/#website\",\"url\":\"https:\/\/acrimat.org.br\/portal\/\",\"name\":\"Acrimat\",\"description\":\"Associa\u00e7\u00e3o dos Criadores de Mato Grosso\",\"publisher\":{\"@id\":\"https:\/\/acrimat.org.br\/portal\/#organization\"},\"potentialAction\":[{\"@type\":\"SearchAction\",\"target\":{\"@type\":\"EntryPoint\",\"urlTemplate\":\"https:\/\/acrimat.org.br\/portal\/?s={search_term_string}\"},\"query-input\":{\"@type\":\"PropertyValueSpecification\",\"valueRequired\":true,\"valueName\":\"search_term_string\"}}],\"inLanguage\":\"pt-BR\"},{\"@type\":\"Organization\",\"@id\":\"https:\/\/acrimat.org.br\/portal\/#organization\",\"name\":\"Associa\u00e7\u00e3o dos Criadores de Mato Grosso\",\"url\":\"https:\/\/acrimat.org.br\/portal\/\",\"logo\":{\"@type\":\"ImageObject\",\"inLanguage\":\"pt-BR\",\"@id\":\"https:\/\/acrimat.org.br\/portal\/#\/schema\/logo\/image\/\",\"url\":\"https:\/\/acrimat.org.br\/portal\/wp-content\/uploads\/2018\/03\/logo-peq-original.png\",\"contentUrl\":\"https:\/\/acrimat.org.br\/portal\/wp-content\/uploads\/2018\/03\/logo-peq-original.png\",\"width\":174,\"height\":171,\"caption\":\"Associa\u00e7\u00e3o dos Criadores de Mato Grosso\"},\"image\":{\"@id\":\"https:\/\/acrimat.org.br\/portal\/#\/schema\/logo\/image\/\"}},{\"@type\":\"Person\",\"@id\":\"https:\/\/acrimat.org.br\/portal\/#\/schema\/person\/18df8bcf6890e924fe5d8b5afd2bec0f\",\"name\":\"P\u00e9ricles C\u00e2ndido\",\"image\":{\"@type\":\"ImageObject\",\"inLanguage\":\"pt-BR\",\"@id\":\"https:\/\/acrimat.org.br\/portal\/#\/schema\/person\/image\/\",\"url\":\"https:\/\/secure.gravatar.com\/avatar\/33e2a2b971dc363ed2df53d0d3bfbd18?s=96&d=mm&r=g\",\"contentUrl\":\"https:\/\/secure.gravatar.com\/avatar\/33e2a2b971dc363ed2df53d0d3bfbd18?s=96&d=mm&r=g\",\"caption\":\"P\u00e9ricles C\u00e2ndido\"},\"sameAs\":[\"ascom@acrimat.org.br\"],\"url\":\"https:\/\/acrimat.org.br\/portal\/author\/designergrafico\/\"}]}<\/script>\n<!-- \/ Yoast SEO plugin. -->","yoast_head_json":{"title":"Consumo dom\u00e9stico ajuda a impulsionar a\u00e7\u00f5es de frigor\u00edficos - Acrimat","robots":{"index":"index","follow":"follow","max-snippet":"max-snippet:-1","max-image-preview":"max-image-preview:large","max-video-preview":"max-video-preview:-1"},"canonical":"https:\/\/acrimat.org.br\/portal\/consumo-domestico-ajuda-a-impulsionar-acoes-de-frigorificos\/","og_locale":"pt_BR","og_type":"article","og_title":"Consumo dom\u00e9stico ajuda a impulsionar a\u00e7\u00f5es de frigor\u00edficos - Acrimat","og_description":"De acordo com analistas, as empresas foram beneficiadas pela conjuntura mais positiva refor\u00e7ada pelo comportamento do consumo das fam\u00edlias no Brasil no terceiro trimestre","og_url":"https:\/\/acrimat.org.br\/portal\/consumo-domestico-ajuda-a-impulsionar-acoes-de-frigorificos\/","og_site_name":"Acrimat","article_published_time":"2017-12-06T11:36:52+00:00","og_image":[{"width":732,"height":487,"url":"https:\/\/acrimat.org.br\/portal\/wp-content\/uploads\/2017\/12\/22-11-preco-exportacoes.jpg","type":"image\/jpeg"}],"author":"P\u00e9ricles C\u00e2ndido","twitter_card":"summary_large_image","twitter_misc":{"Escrito por":"P\u00e9ricles C\u00e2ndido","Est. tempo de leitura":"3 minutos"},"schema":{"@context":"https:\/\/schema.org","@graph":[{"@type":"Article","@id":"https:\/\/acrimat.org.br\/portal\/consumo-domestico-ajuda-a-impulsionar-acoes-de-frigorificos\/#article","isPartOf":{"@id":"https:\/\/acrimat.org.br\/portal\/consumo-domestico-ajuda-a-impulsionar-acoes-de-frigorificos\/"},"author":{"name":"P\u00e9ricles C\u00e2ndido","@id":"https:\/\/acrimat.org.br\/portal\/#\/schema\/person\/18df8bcf6890e924fe5d8b5afd2bec0f"},"headline":"Consumo dom\u00e9stico ajuda a impulsionar a\u00e7\u00f5es de frigor\u00edficos","datePublished":"2017-12-06T11:36:52+00:00","mainEntityOfPage":{"@id":"https:\/\/acrimat.org.br\/portal\/consumo-domestico-ajuda-a-impulsionar-acoes-de-frigorificos\/"},"wordCount":698,"publisher":{"@id":"https:\/\/acrimat.org.br\/portal\/#organization"},"image":{"@id":"https:\/\/acrimat.org.br\/portal\/consumo-domestico-ajuda-a-impulsionar-acoes-de-frigorificos\/#primaryimage"},"thumbnailUrl":"https:\/\/acrimat.org.br\/portal\/wp-content\/uploads\/2017\/12\/22-11-preco-exportacoes.jpg","articleSection":["Destaques","Not\u00edcias"],"inLanguage":"pt-BR"},{"@type":"WebPage","@id":"https:\/\/acrimat.org.br\/portal\/consumo-domestico-ajuda-a-impulsionar-acoes-de-frigorificos\/","url":"https:\/\/acrimat.org.br\/portal\/consumo-domestico-ajuda-a-impulsionar-acoes-de-frigorificos\/","name":"Consumo dom\u00e9stico ajuda a impulsionar a\u00e7\u00f5es de frigor\u00edficos - Acrimat","isPartOf":{"@id":"https:\/\/acrimat.org.br\/portal\/#website"},"primaryImageOfPage":{"@id":"https:\/\/acrimat.org.br\/portal\/consumo-domestico-ajuda-a-impulsionar-acoes-de-frigorificos\/#primaryimage"},"image":{"@id":"https:\/\/acrimat.org.br\/portal\/consumo-domestico-ajuda-a-impulsionar-acoes-de-frigorificos\/#primaryimage"},"thumbnailUrl":"https:\/\/acrimat.org.br\/portal\/wp-content\/uploads\/2017\/12\/22-11-preco-exportacoes.jpg","datePublished":"2017-12-06T11:36:52+00:00","breadcrumb":{"@id":"https:\/\/acrimat.org.br\/portal\/consumo-domestico-ajuda-a-impulsionar-acoes-de-frigorificos\/#breadcrumb"},"inLanguage":"pt-BR","potentialAction":[{"@type":"ReadAction","target":["https:\/\/acrimat.org.br\/portal\/consumo-domestico-ajuda-a-impulsionar-acoes-de-frigorificos\/"]}]},{"@type":"ImageObject","inLanguage":"pt-BR","@id":"https:\/\/acrimat.org.br\/portal\/consumo-domestico-ajuda-a-impulsionar-acoes-de-frigorificos\/#primaryimage","url":"https:\/\/acrimat.org.br\/portal\/wp-content\/uploads\/2017\/12\/22-11-preco-exportacoes.jpg","contentUrl":"https:\/\/acrimat.org.br\/portal\/wp-content\/uploads\/2017\/12\/22-11-preco-exportacoes.jpg","width":732,"height":487},{"@type":"BreadcrumbList","@id":"https:\/\/acrimat.org.br\/portal\/consumo-domestico-ajuda-a-impulsionar-acoes-de-frigorificos\/#breadcrumb","itemListElement":[{"@type":"ListItem","position":1,"name":"In\u00edcio","item":"https:\/\/acrimat.org.br\/portal\/"},{"@type":"ListItem","position":2,"name":"Consumo dom\u00e9stico ajuda a impulsionar a\u00e7\u00f5es de frigor\u00edficos"}]},{"@type":"WebSite","@id":"https:\/\/acrimat.org.br\/portal\/#website","url":"https:\/\/acrimat.org.br\/portal\/","name":"Acrimat","description":"Associa\u00e7\u00e3o dos Criadores de Mato Grosso","publisher":{"@id":"https:\/\/acrimat.org.br\/portal\/#organization"},"potentialAction":[{"@type":"SearchAction","target":{"@type":"EntryPoint","urlTemplate":"https:\/\/acrimat.org.br\/portal\/?s={search_term_string}"},"query-input":{"@type":"PropertyValueSpecification","valueRequired":true,"valueName":"search_term_string"}}],"inLanguage":"pt-BR"},{"@type":"Organization","@id":"https:\/\/acrimat.org.br\/portal\/#organization","name":"Associa\u00e7\u00e3o dos Criadores de Mato Grosso","url":"https:\/\/acrimat.org.br\/portal\/","logo":{"@type":"ImageObject","inLanguage":"pt-BR","@id":"https:\/\/acrimat.org.br\/portal\/#\/schema\/logo\/image\/","url":"https:\/\/acrimat.org.br\/portal\/wp-content\/uploads\/2018\/03\/logo-peq-original.png","contentUrl":"https:\/\/acrimat.org.br\/portal\/wp-content\/uploads\/2018\/03\/logo-peq-original.png","width":174,"height":171,"caption":"Associa\u00e7\u00e3o dos Criadores de Mato Grosso"},"image":{"@id":"https:\/\/acrimat.org.br\/portal\/#\/schema\/logo\/image\/"}},{"@type":"Person","@id":"https:\/\/acrimat.org.br\/portal\/#\/schema\/person\/18df8bcf6890e924fe5d8b5afd2bec0f","name":"P\u00e9ricles C\u00e2ndido","image":{"@type":"ImageObject","inLanguage":"pt-BR","@id":"https:\/\/acrimat.org.br\/portal\/#\/schema\/person\/image\/","url":"https:\/\/secure.gravatar.com\/avatar\/33e2a2b971dc363ed2df53d0d3bfbd18?s=96&d=mm&r=g","contentUrl":"https:\/\/secure.gravatar.com\/avatar\/33e2a2b971dc363ed2df53d0d3bfbd18?s=96&d=mm&r=g","caption":"P\u00e9ricles C\u00e2ndido"},"sameAs":["ascom@acrimat.org.br"],"url":"https:\/\/acrimat.org.br\/portal\/author\/designergrafico\/"}]}},"_links":{"self":[{"href":"https:\/\/acrimat.org.br\/portal\/wp-json\/wp\/v2\/posts\/97985202","targetHints":{"allow":["GET"]}}],"collection":[{"href":"https:\/\/acrimat.org.br\/portal\/wp-json\/wp\/v2\/posts"}],"about":[{"href":"https:\/\/acrimat.org.br\/portal\/wp-json\/wp\/v2\/types\/post"}],"author":[{"embeddable":true,"href":"https:\/\/acrimat.org.br\/portal\/wp-json\/wp\/v2\/users\/11"}],"replies":[{"embeddable":true,"href":"https:\/\/acrimat.org.br\/portal\/wp-json\/wp\/v2\/comments?post=97985202"}],"version-history":[{"count":1,"href":"https:\/\/acrimat.org.br\/portal\/wp-json\/wp\/v2\/posts\/97985202\/revisions"}],"predecessor-version":[{"id":97985204,"href":"https:\/\/acrimat.org.br\/portal\/wp-json\/wp\/v2\/posts\/97985202\/revisions\/97985204"}],"wp:featuredmedia":[{"embeddable":true,"href":"https:\/\/acrimat.org.br\/portal\/wp-json\/wp\/v2\/media\/97985203"}],"wp:attachment":[{"href":"https:\/\/acrimat.org.br\/portal\/wp-json\/wp\/v2\/media?parent=97985202"}],"wp:term":[{"taxonomy":"category","embeddable":true,"href":"https:\/\/acrimat.org.br\/portal\/wp-json\/wp\/v2\/categories?post=97985202"},{"taxonomy":"post_tag","embeddable":true,"href":"https:\/\/acrimat.org.br\/portal\/wp-json\/wp\/v2\/tags?post=97985202"}],"curies":[{"name":"wp","href":"https:\/\/api.w.org\/{rel}","templated":true}]}}