{"id":97985205,"date":"2017-12-06T08:40:57","date_gmt":"2017-12-06T11:40:57","guid":{"rendered":"http:\/\/acrimat.org.br\/portal\/?p=97985205"},"modified":"2017-12-06T08:40:57","modified_gmt":"2017-12-06T11:40:57","slug":"controle-da-aftosa-na-amazonia-valoriza-rebanho-bovino-de-mt-garante-senador","status":"publish","type":"post","link":"https:\/\/acrimat.org.br\/portal\/controle-da-aftosa-na-amazonia-valoriza-rebanho-bovino-de-mt-garante-senador\/","title":{"rendered":"Controle da aftosa na Amaz\u00f4nia \u2018valoriza rebanho bovino\u2019 de MT, garante senador"},"content":{"rendered":"<p>O Amazonas e o Amap\u00e1 foram reconhecidos como Estados que possuem Zona Livre de Febre Aftosa, com vacina\u00e7\u00e3o. O status foi concedido pelo ministro da Agricultura, Pecu\u00e1ria e Abastecimento, Blairo Maggi, que tamb\u00e9m fez a entrega do certificado Zona de Prote\u00e7\u00e3o para o Estado do Par\u00e1. Membro da Comiss\u00e3o de Agricultura do Senado Federal, o senador Wellington Fagundes (PR-MT) afirmou que esse trabalho \u201cvaloriza o rebanho bovino de Mato Grosso e fortalece as exporta\u00e7\u00f5es brasileiras\u201d.<\/p>\n<p>De acordo com o Minist\u00e9rio da Agricultura, h\u00e1 expectativa que a Organiza\u00e7\u00e3o Mundial de Sa\u00fade Animal (OIE) fa\u00e7a o reconhecimento internacional da condi\u00e7\u00e3o sanit\u00e1ria desses Estados amaz\u00f4nicos at\u00e9 maio do ano que vem. \u201cCom isso \u2013 acentuou o senador \u2013\u00a0 teremos uma ampla \u00e1rea consignada em condi\u00e7\u00f5es sanit\u00e1rias que dar\u00e3o mais seguran\u00e7a nos neg\u00f3cios externos\u201d.<\/p>\n<p>Em viagem aos Estados amaz\u00f4nicos, acompanhando o ministro da Agricultura, o senador Wellington fez quest\u00e3o de ressaltar o trabalho que vem sendo implementado no Senado para melhoria da seguran\u00e7a na agropecu\u00e1ria brasileira. Ele \u00e9 o relator do Projeto de Lei 4\/2017, que estabelece a Pol\u00edtica Nacional de Gest\u00e3o de Riscos Agropecu\u00e1rios, na qual se inclui a quest\u00e3o do combate \u00e0 aftosa no campo da sanidade animal.<\/p>\n<p>Esse projeto foi apresentado a partir de relat\u00f3rio da Comiss\u00e3o de Agricultura e Reforma Agr\u00e1ria 1\/2017, referente \u00e0 Avalia\u00e7\u00e3o da Pol\u00edtica P\u00fablica de Seguro Rural em 2016, desenvolvida pelo Poder Executivo, da qual o senador Wellington tamb\u00e9m foi relator.\u00a0 A proposta define a\u00e7\u00f5es e instrumentos para a Pol\u00edtica Nacional de Gest\u00e3o de Riscos Agropecu\u00e1rios, e tem como objetivo de estimular o aumento da produ\u00e7\u00e3o para garantia do abastecimento interno e das exporta\u00e7\u00f5es.<\/p>\n<p>\u201cPrecisamos avan\u00e7ar na redu\u00e7\u00e3o dos riscos, entre os quais est\u00e3o as vari\u00e1veis biol\u00f3gicas, como pragas e doen\u00e7as. Com isso, vamos induzir o aumento da produtividade e o emprego de tecnologias adequadas, al\u00e9m de sistematizar a atua\u00e7\u00e3o do Estado para que os diversos segmentos do agroneg\u00f3cio possam planejar suas a\u00e7\u00f5es e investimentos em m\u00e9dio e longo prazos\u201d \u2013 salientou.<\/p>\n<p><strong>ORDEM DO M\u00c9RITO <\/strong><\/p>\n<p>Em Bel\u00e9m (PA), o senador Wellington Fagundes participou da reuni\u00e3o do Congresso Brasileiro de Medicina Veterin\u00e1ria (Cobravet-2017).\u00a0 Na ocasi\u00e3o, foi agraciado com a Ordem do M\u00e9rito da Medicina Veterin\u00e1ria Brasileira, outorgado pela Sociedade Brasileira de Medicina Veterin\u00e1ria, que homenageia personalidades, nacionais e internacionais, que com o seu trabalho, intelig\u00eancia ou a\u00e7\u00e3o pol\u00edtica tenham contribu\u00eddo para o desenvolvimento da pecu\u00e1ria, sanidade animal, inspe\u00e7\u00e3o e tecnologia de alimentos, pesquisa, ensino, meio ambiente, sa\u00fade p\u00fablica e demais atividades da veterin\u00e1ria brasileira e mundial.<\/p>\n<p>Durante o evento, o senador de Mato Grosso fez quest\u00e3o de destacar o trabalho da bancada de senadores dos Estados amaz\u00f4nicos. Segundo ele, existe uma forte converg\u00eancia de interesses em v\u00e1rios segmentos, tais como a infraestrutura log\u00edstica e de incentivos p\u00fablicos. \u201cS\u00e3o quest\u00f5es que exigem uma boa articula\u00e7\u00e3o, que segue avan\u00e7ando. Tudo que beneficia a Amaz\u00f4nia brasileira, beneficia Mato Grosso\u201d &#8211; salientou.<\/p>\n","protected":false},"excerpt":{"rendered":"<p>Amazonas e o Amap\u00e1 foram reconhecidos como Estados que possuem Zona Livre de Febre Aftosa, com vacina\u00e7\u00e3o<\/p>\n","protected":false},"author":11,"featured_media":97985206,"comment_status":"closed","ping_status":"closed","sticky":false,"template":"","format":"standard","meta":{"footnotes":""},"categories":[6,1],"tags":[],"class_list":["post-97985205","post","type-post","status-publish","format-standard","has-post-thumbnail","hentry","category-destaque","category-noticia"],"yoast_head":"<!-- This site is optimized with the Yoast SEO plugin v24.8.1 - https:\/\/yoast.com\/wordpress\/plugins\/seo\/ -->\n<title>Controle da aftosa na Amaz\u00f4nia \u2018valoriza rebanho bovino\u2019 de MT, garante senador - Acrimat<\/title>\n<meta name=\"robots\" content=\"index, follow, max-snippet:-1, max-image-preview:large, max-video-preview:-1\" \/>\n<link rel=\"canonical\" href=\"https:\/\/acrimat.org.br\/portal\/controle-da-aftosa-na-amazonia-valoriza-rebanho-bovino-de-mt-garante-senador\/\" \/>\n<meta property=\"og:locale\" content=\"pt_BR\" \/>\n<meta property=\"og:type\" content=\"article\" \/>\n<meta property=\"og:title\" content=\"Controle da aftosa na Amaz\u00f4nia \u2018valoriza rebanho bovino\u2019 de MT, garante senador - Acrimat\" \/>\n<meta property=\"og:description\" content=\"Amazonas e o Amap\u00e1 foram reconhecidos como Estados que possuem Zona Livre de Febre Aftosa, com vacina\u00e7\u00e3o\" \/>\n<meta property=\"og:url\" content=\"https:\/\/acrimat.org.br\/portal\/controle-da-aftosa-na-amazonia-valoriza-rebanho-bovino-de-mt-garante-senador\/\" \/>\n<meta property=\"og:site_name\" content=\"Acrimat\" \/>\n<meta property=\"article:published_time\" content=\"2017-12-06T11:40:57+00:00\" \/>\n<meta property=\"og:image\" content=\"https:\/\/acrimat.org.br\/portal\/wp-content\/uploads\/2017\/12\/boi-gordo.jpg\" \/>\n\t<meta property=\"og:image:width\" content=\"730\" \/>\n\t<meta property=\"og:image:height\" content=\"502\" \/>\n\t<meta property=\"og:image:type\" content=\"image\/jpeg\" \/>\n<meta name=\"author\" content=\"P\u00e9ricles C\u00e2ndido\" \/>\n<meta name=\"twitter:card\" content=\"summary_large_image\" \/>\n<meta name=\"twitter:label1\" content=\"Escrito por\" \/>\n\t<meta name=\"twitter:data1\" content=\"P\u00e9ricles C\u00e2ndido\" \/>\n\t<meta name=\"twitter:label2\" content=\"Est. tempo de leitura\" \/>\n\t<meta name=\"twitter:data2\" content=\"3 minutos\" \/>\n<script type=\"application\/ld+json\" class=\"yoast-schema-graph\">{\"@context\":\"https:\/\/schema.org\",\"@graph\":[{\"@type\":\"Article\",\"@id\":\"https:\/\/acrimat.org.br\/portal\/controle-da-aftosa-na-amazonia-valoriza-rebanho-bovino-de-mt-garante-senador\/#article\",\"isPartOf\":{\"@id\":\"https:\/\/acrimat.org.br\/portal\/controle-da-aftosa-na-amazonia-valoriza-rebanho-bovino-de-mt-garante-senador\/\"},\"author\":{\"name\":\"P\u00e9ricles C\u00e2ndido\",\"@id\":\"https:\/\/acrimat.org.br\/portal\/#\/schema\/person\/18df8bcf6890e924fe5d8b5afd2bec0f\"},\"headline\":\"Controle da aftosa na Amaz\u00f4nia \u2018valoriza rebanho bovino\u2019 de MT, garante senador\",\"datePublished\":\"2017-12-06T11:40:57+00:00\",\"mainEntityOfPage\":{\"@id\":\"https:\/\/acrimat.org.br\/portal\/controle-da-aftosa-na-amazonia-valoriza-rebanho-bovino-de-mt-garante-senador\/\"},\"wordCount\":553,\"publisher\":{\"@id\":\"https:\/\/acrimat.org.br\/portal\/#organization\"},\"image\":{\"@id\":\"https:\/\/acrimat.org.br\/portal\/controle-da-aftosa-na-amazonia-valoriza-rebanho-bovino-de-mt-garante-senador\/#primaryimage\"},\"thumbnailUrl\":\"https:\/\/acrimat.org.br\/portal\/wp-content\/uploads\/2017\/12\/boi-gordo.jpg\",\"articleSection\":[\"Destaques\",\"Not\u00edcias\"],\"inLanguage\":\"pt-BR\"},{\"@type\":\"WebPage\",\"@id\":\"https:\/\/acrimat.org.br\/portal\/controle-da-aftosa-na-amazonia-valoriza-rebanho-bovino-de-mt-garante-senador\/\",\"url\":\"https:\/\/acrimat.org.br\/portal\/controle-da-aftosa-na-amazonia-valoriza-rebanho-bovino-de-mt-garante-senador\/\",\"name\":\"Controle da aftosa na Amaz\u00f4nia \u2018valoriza rebanho bovino\u2019 de MT, garante senador - Acrimat\",\"isPartOf\":{\"@id\":\"https:\/\/acrimat.org.br\/portal\/#website\"},\"primaryImageOfPage\":{\"@id\":\"https:\/\/acrimat.org.br\/portal\/controle-da-aftosa-na-amazonia-valoriza-rebanho-bovino-de-mt-garante-senador\/#primaryimage\"},\"image\":{\"@id\":\"https:\/\/acrimat.org.br\/portal\/controle-da-aftosa-na-amazonia-valoriza-rebanho-bovino-de-mt-garante-senador\/#primaryimage\"},\"thumbnailUrl\":\"https:\/\/acrimat.org.br\/portal\/wp-content\/uploads\/2017\/12\/boi-gordo.jpg\",\"datePublished\":\"2017-12-06T11:40:57+00:00\",\"breadcrumb\":{\"@id\":\"https:\/\/acrimat.org.br\/portal\/controle-da-aftosa-na-amazonia-valoriza-rebanho-bovino-de-mt-garante-senador\/#breadcrumb\"},\"inLanguage\":\"pt-BR\",\"potentialAction\":[{\"@type\":\"ReadAction\",\"target\":[\"https:\/\/acrimat.org.br\/portal\/controle-da-aftosa-na-amazonia-valoriza-rebanho-bovino-de-mt-garante-senador\/\"]}]},{\"@type\":\"ImageObject\",\"inLanguage\":\"pt-BR\",\"@id\":\"https:\/\/acrimat.org.br\/portal\/controle-da-aftosa-na-amazonia-valoriza-rebanho-bovino-de-mt-garante-senador\/#primaryimage\",\"url\":\"https:\/\/acrimat.org.br\/portal\/wp-content\/uploads\/2017\/12\/boi-gordo.jpg\",\"contentUrl\":\"https:\/\/acrimat.org.br\/portal\/wp-content\/uploads\/2017\/12\/boi-gordo.jpg\",\"width\":730,\"height\":502},{\"@type\":\"BreadcrumbList\",\"@id\":\"https:\/\/acrimat.org.br\/portal\/controle-da-aftosa-na-amazonia-valoriza-rebanho-bovino-de-mt-garante-senador\/#breadcrumb\",\"itemListElement\":[{\"@type\":\"ListItem\",\"position\":1,\"name\":\"In\u00edcio\",\"item\":\"https:\/\/acrimat.org.br\/portal\/\"},{\"@type\":\"ListItem\",\"position\":2,\"name\":\"Controle da aftosa na Amaz\u00f4nia \u2018valoriza rebanho bovino\u2019 de MT, garante senador\"}]},{\"@type\":\"WebSite\",\"@id\":\"https:\/\/acrimat.org.br\/portal\/#website\",\"url\":\"https:\/\/acrimat.org.br\/portal\/\",\"name\":\"Acrimat\",\"description\":\"Associa\u00e7\u00e3o dos Criadores de Mato Grosso\",\"publisher\":{\"@id\":\"https:\/\/acrimat.org.br\/portal\/#organization\"},\"potentialAction\":[{\"@type\":\"SearchAction\",\"target\":{\"@type\":\"EntryPoint\",\"urlTemplate\":\"https:\/\/acrimat.org.br\/portal\/?s={search_term_string}\"},\"query-input\":{\"@type\":\"PropertyValueSpecification\",\"valueRequired\":true,\"valueName\":\"search_term_string\"}}],\"inLanguage\":\"pt-BR\"},{\"@type\":\"Organization\",\"@id\":\"https:\/\/acrimat.org.br\/portal\/#organization\",\"name\":\"Associa\u00e7\u00e3o dos Criadores de Mato Grosso\",\"url\":\"https:\/\/acrimat.org.br\/portal\/\",\"logo\":{\"@type\":\"ImageObject\",\"inLanguage\":\"pt-BR\",\"@id\":\"https:\/\/acrimat.org.br\/portal\/#\/schema\/logo\/image\/\",\"url\":\"https:\/\/acrimat.org.br\/portal\/wp-content\/uploads\/2018\/03\/logo-peq-original.png\",\"contentUrl\":\"https:\/\/acrimat.org.br\/portal\/wp-content\/uploads\/2018\/03\/logo-peq-original.png\",\"width\":174,\"height\":171,\"caption\":\"Associa\u00e7\u00e3o dos Criadores de Mato Grosso\"},\"image\":{\"@id\":\"https:\/\/acrimat.org.br\/portal\/#\/schema\/logo\/image\/\"}},{\"@type\":\"Person\",\"@id\":\"https:\/\/acrimat.org.br\/portal\/#\/schema\/person\/18df8bcf6890e924fe5d8b5afd2bec0f\",\"name\":\"P\u00e9ricles C\u00e2ndido\",\"image\":{\"@type\":\"ImageObject\",\"inLanguage\":\"pt-BR\",\"@id\":\"https:\/\/acrimat.org.br\/portal\/#\/schema\/person\/image\/\",\"url\":\"https:\/\/secure.gravatar.com\/avatar\/33e2a2b971dc363ed2df53d0d3bfbd18?s=96&d=mm&r=g\",\"contentUrl\":\"https:\/\/secure.gravatar.com\/avatar\/33e2a2b971dc363ed2df53d0d3bfbd18?s=96&d=mm&r=g\",\"caption\":\"P\u00e9ricles C\u00e2ndido\"},\"sameAs\":[\"ascom@acrimat.org.br\"],\"url\":\"https:\/\/acrimat.org.br\/portal\/author\/designergrafico\/\"}]}<\/script>\n<!-- \/ Yoast SEO plugin. -->","yoast_head_json":{"title":"Controle da aftosa na Amaz\u00f4nia \u2018valoriza rebanho bovino\u2019 de MT, garante senador - Acrimat","robots":{"index":"index","follow":"follow","max-snippet":"max-snippet:-1","max-image-preview":"max-image-preview:large","max-video-preview":"max-video-preview:-1"},"canonical":"https:\/\/acrimat.org.br\/portal\/controle-da-aftosa-na-amazonia-valoriza-rebanho-bovino-de-mt-garante-senador\/","og_locale":"pt_BR","og_type":"article","og_title":"Controle da aftosa na Amaz\u00f4nia \u2018valoriza rebanho bovino\u2019 de MT, garante senador - Acrimat","og_description":"Amazonas e o Amap\u00e1 foram reconhecidos como Estados que possuem Zona Livre de Febre Aftosa, com vacina\u00e7\u00e3o","og_url":"https:\/\/acrimat.org.br\/portal\/controle-da-aftosa-na-amazonia-valoriza-rebanho-bovino-de-mt-garante-senador\/","og_site_name":"Acrimat","article_published_time":"2017-12-06T11:40:57+00:00","og_image":[{"width":730,"height":502,"url":"https:\/\/acrimat.org.br\/portal\/wp-content\/uploads\/2017\/12\/boi-gordo.jpg","type":"image\/jpeg"}],"author":"P\u00e9ricles C\u00e2ndido","twitter_card":"summary_large_image","twitter_misc":{"Escrito por":"P\u00e9ricles C\u00e2ndido","Est. tempo de leitura":"3 minutos"},"schema":{"@context":"https:\/\/schema.org","@graph":[{"@type":"Article","@id":"https:\/\/acrimat.org.br\/portal\/controle-da-aftosa-na-amazonia-valoriza-rebanho-bovino-de-mt-garante-senador\/#article","isPartOf":{"@id":"https:\/\/acrimat.org.br\/portal\/controle-da-aftosa-na-amazonia-valoriza-rebanho-bovino-de-mt-garante-senador\/"},"author":{"name":"P\u00e9ricles C\u00e2ndido","@id":"https:\/\/acrimat.org.br\/portal\/#\/schema\/person\/18df8bcf6890e924fe5d8b5afd2bec0f"},"headline":"Controle da aftosa na Amaz\u00f4nia \u2018valoriza rebanho bovino\u2019 de MT, garante senador","datePublished":"2017-12-06T11:40:57+00:00","mainEntityOfPage":{"@id":"https:\/\/acrimat.org.br\/portal\/controle-da-aftosa-na-amazonia-valoriza-rebanho-bovino-de-mt-garante-senador\/"},"wordCount":553,"publisher":{"@id":"https:\/\/acrimat.org.br\/portal\/#organization"},"image":{"@id":"https:\/\/acrimat.org.br\/portal\/controle-da-aftosa-na-amazonia-valoriza-rebanho-bovino-de-mt-garante-senador\/#primaryimage"},"thumbnailUrl":"https:\/\/acrimat.org.br\/portal\/wp-content\/uploads\/2017\/12\/boi-gordo.jpg","articleSection":["Destaques","Not\u00edcias"],"inLanguage":"pt-BR"},{"@type":"WebPage","@id":"https:\/\/acrimat.org.br\/portal\/controle-da-aftosa-na-amazonia-valoriza-rebanho-bovino-de-mt-garante-senador\/","url":"https:\/\/acrimat.org.br\/portal\/controle-da-aftosa-na-amazonia-valoriza-rebanho-bovino-de-mt-garante-senador\/","name":"Controle da aftosa na Amaz\u00f4nia \u2018valoriza rebanho bovino\u2019 de MT, garante senador - Acrimat","isPartOf":{"@id":"https:\/\/acrimat.org.br\/portal\/#website"},"primaryImageOfPage":{"@id":"https:\/\/acrimat.org.br\/portal\/controle-da-aftosa-na-amazonia-valoriza-rebanho-bovino-de-mt-garante-senador\/#primaryimage"},"image":{"@id":"https:\/\/acrimat.org.br\/portal\/controle-da-aftosa-na-amazonia-valoriza-rebanho-bovino-de-mt-garante-senador\/#primaryimage"},"thumbnailUrl":"https:\/\/acrimat.org.br\/portal\/wp-content\/uploads\/2017\/12\/boi-gordo.jpg","datePublished":"2017-12-06T11:40:57+00:00","breadcrumb":{"@id":"https:\/\/acrimat.org.br\/portal\/controle-da-aftosa-na-amazonia-valoriza-rebanho-bovino-de-mt-garante-senador\/#breadcrumb"},"inLanguage":"pt-BR","potentialAction":[{"@type":"ReadAction","target":["https:\/\/acrimat.org.br\/portal\/controle-da-aftosa-na-amazonia-valoriza-rebanho-bovino-de-mt-garante-senador\/"]}]},{"@type":"ImageObject","inLanguage":"pt-BR","@id":"https:\/\/acrimat.org.br\/portal\/controle-da-aftosa-na-amazonia-valoriza-rebanho-bovino-de-mt-garante-senador\/#primaryimage","url":"https:\/\/acrimat.org.br\/portal\/wp-content\/uploads\/2017\/12\/boi-gordo.jpg","contentUrl":"https:\/\/acrimat.org.br\/portal\/wp-content\/uploads\/2017\/12\/boi-gordo.jpg","width":730,"height":502},{"@type":"BreadcrumbList","@id":"https:\/\/acrimat.org.br\/portal\/controle-da-aftosa-na-amazonia-valoriza-rebanho-bovino-de-mt-garante-senador\/#breadcrumb","itemListElement":[{"@type":"ListItem","position":1,"name":"In\u00edcio","item":"https:\/\/acrimat.org.br\/portal\/"},{"@type":"ListItem","position":2,"name":"Controle da aftosa na Amaz\u00f4nia \u2018valoriza rebanho bovino\u2019 de MT, garante senador"}]},{"@type":"WebSite","@id":"https:\/\/acrimat.org.br\/portal\/#website","url":"https:\/\/acrimat.org.br\/portal\/","name":"Acrimat","description":"Associa\u00e7\u00e3o dos Criadores de Mato Grosso","publisher":{"@id":"https:\/\/acrimat.org.br\/portal\/#organization"},"potentialAction":[{"@type":"SearchAction","target":{"@type":"EntryPoint","urlTemplate":"https:\/\/acrimat.org.br\/portal\/?s={search_term_string}"},"query-input":{"@type":"PropertyValueSpecification","valueRequired":true,"valueName":"search_term_string"}}],"inLanguage":"pt-BR"},{"@type":"Organization","@id":"https:\/\/acrimat.org.br\/portal\/#organization","name":"Associa\u00e7\u00e3o dos Criadores de Mato Grosso","url":"https:\/\/acrimat.org.br\/portal\/","logo":{"@type":"ImageObject","inLanguage":"pt-BR","@id":"https:\/\/acrimat.org.br\/portal\/#\/schema\/logo\/image\/","url":"https:\/\/acrimat.org.br\/portal\/wp-content\/uploads\/2018\/03\/logo-peq-original.png","contentUrl":"https:\/\/acrimat.org.br\/portal\/wp-content\/uploads\/2018\/03\/logo-peq-original.png","width":174,"height":171,"caption":"Associa\u00e7\u00e3o dos Criadores de Mato Grosso"},"image":{"@id":"https:\/\/acrimat.org.br\/portal\/#\/schema\/logo\/image\/"}},{"@type":"Person","@id":"https:\/\/acrimat.org.br\/portal\/#\/schema\/person\/18df8bcf6890e924fe5d8b5afd2bec0f","name":"P\u00e9ricles C\u00e2ndido","image":{"@type":"ImageObject","inLanguage":"pt-BR","@id":"https:\/\/acrimat.org.br\/portal\/#\/schema\/person\/image\/","url":"https:\/\/secure.gravatar.com\/avatar\/33e2a2b971dc363ed2df53d0d3bfbd18?s=96&d=mm&r=g","contentUrl":"https:\/\/secure.gravatar.com\/avatar\/33e2a2b971dc363ed2df53d0d3bfbd18?s=96&d=mm&r=g","caption":"P\u00e9ricles C\u00e2ndido"},"sameAs":["ascom@acrimat.org.br"],"url":"https:\/\/acrimat.org.br\/portal\/author\/designergrafico\/"}]}},"_links":{"self":[{"href":"https:\/\/acrimat.org.br\/portal\/wp-json\/wp\/v2\/posts\/97985205","targetHints":{"allow":["GET"]}}],"collection":[{"href":"https:\/\/acrimat.org.br\/portal\/wp-json\/wp\/v2\/posts"}],"about":[{"href":"https:\/\/acrimat.org.br\/portal\/wp-json\/wp\/v2\/types\/post"}],"author":[{"embeddable":true,"href":"https:\/\/acrimat.org.br\/portal\/wp-json\/wp\/v2\/users\/11"}],"replies":[{"embeddable":true,"href":"https:\/\/acrimat.org.br\/portal\/wp-json\/wp\/v2\/comments?post=97985205"}],"version-history":[{"count":1,"href":"https:\/\/acrimat.org.br\/portal\/wp-json\/wp\/v2\/posts\/97985205\/revisions"}],"predecessor-version":[{"id":97985207,"href":"https:\/\/acrimat.org.br\/portal\/wp-json\/wp\/v2\/posts\/97985205\/revisions\/97985207"}],"wp:featuredmedia":[{"embeddable":true,"href":"https:\/\/acrimat.org.br\/portal\/wp-json\/wp\/v2\/media\/97985206"}],"wp:attachment":[{"href":"https:\/\/acrimat.org.br\/portal\/wp-json\/wp\/v2\/media?parent=97985205"}],"wp:term":[{"taxonomy":"category","embeddable":true,"href":"https:\/\/acrimat.org.br\/portal\/wp-json\/wp\/v2\/categories?post=97985205"},{"taxonomy":"post_tag","embeddable":true,"href":"https:\/\/acrimat.org.br\/portal\/wp-json\/wp\/v2\/tags?post=97985205"}],"curies":[{"name":"wp","href":"https:\/\/api.w.org\/{rel}","templated":true}]}}