{"id":97985208,"date":"2017-12-06T08:43:45","date_gmt":"2017-12-06T11:43:45","guid":{"rendered":"http:\/\/acrimat.org.br\/portal\/?p=97985208"},"modified":"2017-12-06T08:57:24","modified_gmt":"2017-12-06T11:57:24","slug":"para-assocon-confinador-deve-se-enquadrar-em-sistema-de-producao-eficiente","status":"publish","type":"post","link":"https:\/\/acrimat.org.br\/portal\/para-assocon-confinador-deve-se-enquadrar-em-sistema-de-producao-eficiente\/","title":{"rendered":"Para Assocon, confinador deve se enquadrar em sistema de produ\u00e7\u00e3o eficiente"},"content":{"rendered":"<div id=\"pl-97985208\"  class=\"panel-layout\" >\n<div id=\"pg-97985208-0\"  class=\"panel-grid panel-no-style\" >\n<div id=\"pgc-97985208-0-0\"  class=\"panel-grid-cell\"  data-weight=\"1\" >\n<div id=\"panel-97985208-0-0-0\" class=\"so-panel widget widget_sow-editor panel-first-child panel-last-child\" data-index=\"0\" >\n<div class=\"so-widget-sow-editor so-widget-sow-editor-base\">\n<div class=\"siteorigin-widget-tinymce textwidget\">\n\tA pecu\u00e1ria intensiva brasileira deve se encaixar em um sistema de produ\u00e7\u00e3o de carne barata e eficiente para atender o crescimento da demanda mundial por alimentos, disse nesta ter\u00e7a-feira, 5, o presidente do Conselho de Administra\u00e7\u00e3o da Associa\u00e7\u00e3o Nacional da Pecu\u00e1ria Intensiva (Assocon), Alberto Pessina, em evento em S\u00e3o Paulo sobre as perspectivas para o setor em 2018.<\/p>\n<p>Para Pessina, o Brasil \u00e9 \u201cum dos pa\u00edses que tem capacidade para suprir a demanda mundial por alimentos na pr\u00f3xima d\u00e9cada\u201d. Ele afirmou que o Brasil deve responder por boa parte das exporta\u00e7\u00f5es globais at\u00e9 2026.<\/p>\n<p>Segundo ele, a produ\u00e7\u00e3o brasileira de alimentos precisa crescer 13% para suprir o aumento de 7% da demanda interna, al\u00e9m da eleva\u00e7\u00e3o de 31% nas exporta\u00e7\u00f5es.<\/p>\n<p>Pessina aposta no crescimento da utiliza\u00e7\u00e3o da pecu\u00e1ria intensiva no longo prazo, paralelamente ao aumento dos pre\u00e7os das terras. Ele afirma que a pecu\u00e1ria deve migrar para terras menos produtivas e, com isso, dever\u00e1 elevar a produtividade, utilizando t\u00e9cnicas mais avan\u00e7adas. \u201cE o confinamento \u00e9 uma delas\u201d, disse. \u201cTemos de produzir mais em menos espa\u00e7o\u201d, concluiu.<\/p><\/div>\n<\/div>\n<\/div>\n<\/div>\n<\/div>\n<\/div>\n","protected":false},"excerpt":{"rendered":"<p>Pecu\u00e1ria intensiva brasileira deve se encaixar em um sistema de produ\u00e7\u00e3o eficiente para atender o crescimento da demanda mundial por alimentos<\/p>\n","protected":false},"author":11,"featured_media":97985218,"comment_status":"closed","ping_status":"closed","sticky":false,"template":"","format":"standard","meta":{"footnotes":""},"categories":[6,1],"tags":[],"class_list":["post-97985208","post","type-post","status-publish","format-standard","has-post-thumbnail","hentry","category-destaque","category-noticia"],"yoast_head":"<!-- This site is optimized with the Yoast SEO plugin v24.8.1 - https:\/\/yoast.com\/wordpress\/plugins\/seo\/ -->\n<title>Para Assocon, confinador deve se enquadrar em sistema de produ\u00e7\u00e3o eficiente - Acrimat<\/title>\n<meta name=\"robots\" content=\"index, follow, max-snippet:-1, max-image-preview:large, max-video-preview:-1\" \/>\n<link rel=\"canonical\" href=\"https:\/\/acrimat.org.br\/portal\/para-assocon-confinador-deve-se-enquadrar-em-sistema-de-producao-eficiente\/\" \/>\n<meta property=\"og:locale\" content=\"pt_BR\" \/>\n<meta property=\"og:type\" content=\"article\" \/>\n<meta property=\"og:title\" content=\"Para Assocon, confinador deve se enquadrar em sistema de produ\u00e7\u00e3o eficiente - Acrimat\" \/>\n<meta property=\"og:description\" content=\"Pecu\u00e1ria intensiva brasileira deve se encaixar em um sistema de produ\u00e7\u00e3o eficiente para atender o crescimento da demanda mundial por alimentos\" \/>\n<meta property=\"og:url\" content=\"https:\/\/acrimat.org.br\/portal\/para-assocon-confinador-deve-se-enquadrar-em-sistema-de-producao-eficiente\/\" \/>\n<meta property=\"og:site_name\" content=\"Acrimat\" \/>\n<meta property=\"article:published_time\" content=\"2017-12-06T11:43:45+00:00\" \/>\n<meta property=\"article:modified_time\" content=\"2017-12-06T11:57:24+00:00\" \/>\n<meta property=\"og:image\" content=\"https:\/\/acrimat.org.br\/portal\/wp-content\/uploads\/2017\/12\/confinamento5.jpg\" \/>\n\t<meta property=\"og:image:width\" content=\"730\" \/>\n\t<meta property=\"og:image:height\" content=\"502\" \/>\n\t<meta property=\"og:image:type\" content=\"image\/jpeg\" \/>\n<meta name=\"author\" content=\"P\u00e9ricles C\u00e2ndido\" \/>\n<meta name=\"twitter:card\" content=\"summary_large_image\" \/>\n<meta name=\"twitter:label1\" content=\"Escrito por\" \/>\n\t<meta name=\"twitter:data1\" content=\"P\u00e9ricles C\u00e2ndido\" \/>\n\t<meta name=\"twitter:label2\" content=\"Est. tempo de leitura\" \/>\n\t<meta name=\"twitter:data2\" content=\"1 minuto\" \/>\n<script type=\"application\/ld+json\" class=\"yoast-schema-graph\">{\"@context\":\"https:\/\/schema.org\",\"@graph\":[{\"@type\":\"Article\",\"@id\":\"https:\/\/acrimat.org.br\/portal\/para-assocon-confinador-deve-se-enquadrar-em-sistema-de-producao-eficiente\/#article\",\"isPartOf\":{\"@id\":\"https:\/\/acrimat.org.br\/portal\/para-assocon-confinador-deve-se-enquadrar-em-sistema-de-producao-eficiente\/\"},\"author\":{\"name\":\"P\u00e9ricles C\u00e2ndido\",\"@id\":\"https:\/\/acrimat.org.br\/portal\/#\/schema\/person\/18df8bcf6890e924fe5d8b5afd2bec0f\"},\"headline\":\"Para Assocon, confinador deve se enquadrar em sistema de produ\u00e7\u00e3o eficiente\",\"datePublished\":\"2017-12-06T11:43:45+00:00\",\"dateModified\":\"2017-12-06T11:57:24+00:00\",\"mainEntityOfPage\":{\"@id\":\"https:\/\/acrimat.org.br\/portal\/para-assocon-confinador-deve-se-enquadrar-em-sistema-de-producao-eficiente\/\"},\"wordCount\":202,\"publisher\":{\"@id\":\"https:\/\/acrimat.org.br\/portal\/#organization\"},\"image\":{\"@id\":\"https:\/\/acrimat.org.br\/portal\/para-assocon-confinador-deve-se-enquadrar-em-sistema-de-producao-eficiente\/#primaryimage\"},\"thumbnailUrl\":\"https:\/\/acrimat.org.br\/portal\/wp-content\/uploads\/2017\/12\/confinamento5.jpg\",\"articleSection\":[\"Destaques\",\"Not\u00edcias\"],\"inLanguage\":\"pt-BR\"},{\"@type\":\"WebPage\",\"@id\":\"https:\/\/acrimat.org.br\/portal\/para-assocon-confinador-deve-se-enquadrar-em-sistema-de-producao-eficiente\/\",\"url\":\"https:\/\/acrimat.org.br\/portal\/para-assocon-confinador-deve-se-enquadrar-em-sistema-de-producao-eficiente\/\",\"name\":\"Para Assocon, confinador deve se enquadrar em sistema de produ\u00e7\u00e3o eficiente - Acrimat\",\"isPartOf\":{\"@id\":\"https:\/\/acrimat.org.br\/portal\/#website\"},\"primaryImageOfPage\":{\"@id\":\"https:\/\/acrimat.org.br\/portal\/para-assocon-confinador-deve-se-enquadrar-em-sistema-de-producao-eficiente\/#primaryimage\"},\"image\":{\"@id\":\"https:\/\/acrimat.org.br\/portal\/para-assocon-confinador-deve-se-enquadrar-em-sistema-de-producao-eficiente\/#primaryimage\"},\"thumbnailUrl\":\"https:\/\/acrimat.org.br\/portal\/wp-content\/uploads\/2017\/12\/confinamento5.jpg\",\"datePublished\":\"2017-12-06T11:43:45+00:00\",\"dateModified\":\"2017-12-06T11:57:24+00:00\",\"breadcrumb\":{\"@id\":\"https:\/\/acrimat.org.br\/portal\/para-assocon-confinador-deve-se-enquadrar-em-sistema-de-producao-eficiente\/#breadcrumb\"},\"inLanguage\":\"pt-BR\",\"potentialAction\":[{\"@type\":\"ReadAction\",\"target\":[\"https:\/\/acrimat.org.br\/portal\/para-assocon-confinador-deve-se-enquadrar-em-sistema-de-producao-eficiente\/\"]}]},{\"@type\":\"ImageObject\",\"inLanguage\":\"pt-BR\",\"@id\":\"https:\/\/acrimat.org.br\/portal\/para-assocon-confinador-deve-se-enquadrar-em-sistema-de-producao-eficiente\/#primaryimage\",\"url\":\"https:\/\/acrimat.org.br\/portal\/wp-content\/uploads\/2017\/12\/confinamento5.jpg\",\"contentUrl\":\"https:\/\/acrimat.org.br\/portal\/wp-content\/uploads\/2017\/12\/confinamento5.jpg\",\"width\":730,\"height\":502},{\"@type\":\"BreadcrumbList\",\"@id\":\"https:\/\/acrimat.org.br\/portal\/para-assocon-confinador-deve-se-enquadrar-em-sistema-de-producao-eficiente\/#breadcrumb\",\"itemListElement\":[{\"@type\":\"ListItem\",\"position\":1,\"name\":\"In\u00edcio\",\"item\":\"https:\/\/acrimat.org.br\/portal\/\"},{\"@type\":\"ListItem\",\"position\":2,\"name\":\"Para Assocon, confinador deve se enquadrar em sistema de produ\u00e7\u00e3o eficiente\"}]},{\"@type\":\"WebSite\",\"@id\":\"https:\/\/acrimat.org.br\/portal\/#website\",\"url\":\"https:\/\/acrimat.org.br\/portal\/\",\"name\":\"Acrimat\",\"description\":\"Associa\u00e7\u00e3o dos Criadores de Mato Grosso\",\"publisher\":{\"@id\":\"https:\/\/acrimat.org.br\/portal\/#organization\"},\"potentialAction\":[{\"@type\":\"SearchAction\",\"target\":{\"@type\":\"EntryPoint\",\"urlTemplate\":\"https:\/\/acrimat.org.br\/portal\/?s={search_term_string}\"},\"query-input\":{\"@type\":\"PropertyValueSpecification\",\"valueRequired\":true,\"valueName\":\"search_term_string\"}}],\"inLanguage\":\"pt-BR\"},{\"@type\":\"Organization\",\"@id\":\"https:\/\/acrimat.org.br\/portal\/#organization\",\"name\":\"Associa\u00e7\u00e3o dos Criadores de Mato Grosso\",\"url\":\"https:\/\/acrimat.org.br\/portal\/\",\"logo\":{\"@type\":\"ImageObject\",\"inLanguage\":\"pt-BR\",\"@id\":\"https:\/\/acrimat.org.br\/portal\/#\/schema\/logo\/image\/\",\"url\":\"https:\/\/acrimat.org.br\/portal\/wp-content\/uploads\/2018\/03\/logo-peq-original.png\",\"contentUrl\":\"https:\/\/acrimat.org.br\/portal\/wp-content\/uploads\/2018\/03\/logo-peq-original.png\",\"width\":174,\"height\":171,\"caption\":\"Associa\u00e7\u00e3o dos Criadores de Mato Grosso\"},\"image\":{\"@id\":\"https:\/\/acrimat.org.br\/portal\/#\/schema\/logo\/image\/\"}},{\"@type\":\"Person\",\"@id\":\"https:\/\/acrimat.org.br\/portal\/#\/schema\/person\/18df8bcf6890e924fe5d8b5afd2bec0f\",\"name\":\"P\u00e9ricles C\u00e2ndido\",\"image\":{\"@type\":\"ImageObject\",\"inLanguage\":\"pt-BR\",\"@id\":\"https:\/\/acrimat.org.br\/portal\/#\/schema\/person\/image\/\",\"url\":\"https:\/\/secure.gravatar.com\/avatar\/33e2a2b971dc363ed2df53d0d3bfbd18?s=96&d=mm&r=g\",\"contentUrl\":\"https:\/\/secure.gravatar.com\/avatar\/33e2a2b971dc363ed2df53d0d3bfbd18?s=96&d=mm&r=g\",\"caption\":\"P\u00e9ricles C\u00e2ndido\"},\"sameAs\":[\"ascom@acrimat.org.br\"],\"url\":\"https:\/\/acrimat.org.br\/portal\/author\/designergrafico\/\"}]}<\/script>\n<!-- \/ Yoast SEO plugin. -->","yoast_head_json":{"title":"Para Assocon, confinador deve se enquadrar em sistema de produ\u00e7\u00e3o eficiente - Acrimat","robots":{"index":"index","follow":"follow","max-snippet":"max-snippet:-1","max-image-preview":"max-image-preview:large","max-video-preview":"max-video-preview:-1"},"canonical":"https:\/\/acrimat.org.br\/portal\/para-assocon-confinador-deve-se-enquadrar-em-sistema-de-producao-eficiente\/","og_locale":"pt_BR","og_type":"article","og_title":"Para Assocon, confinador deve se enquadrar em sistema de produ\u00e7\u00e3o eficiente - Acrimat","og_description":"Pecu\u00e1ria intensiva brasileira deve se encaixar em um sistema de produ\u00e7\u00e3o eficiente para atender o crescimento da demanda mundial por alimentos","og_url":"https:\/\/acrimat.org.br\/portal\/para-assocon-confinador-deve-se-enquadrar-em-sistema-de-producao-eficiente\/","og_site_name":"Acrimat","article_published_time":"2017-12-06T11:43:45+00:00","article_modified_time":"2017-12-06T11:57:24+00:00","og_image":[{"width":730,"height":502,"url":"https:\/\/acrimat.org.br\/portal\/wp-content\/uploads\/2017\/12\/confinamento5.jpg","type":"image\/jpeg"}],"author":"P\u00e9ricles C\u00e2ndido","twitter_card":"summary_large_image","twitter_misc":{"Escrito por":"P\u00e9ricles C\u00e2ndido","Est. tempo de leitura":"1 minuto"},"schema":{"@context":"https:\/\/schema.org","@graph":[{"@type":"Article","@id":"https:\/\/acrimat.org.br\/portal\/para-assocon-confinador-deve-se-enquadrar-em-sistema-de-producao-eficiente\/#article","isPartOf":{"@id":"https:\/\/acrimat.org.br\/portal\/para-assocon-confinador-deve-se-enquadrar-em-sistema-de-producao-eficiente\/"},"author":{"name":"P\u00e9ricles C\u00e2ndido","@id":"https:\/\/acrimat.org.br\/portal\/#\/schema\/person\/18df8bcf6890e924fe5d8b5afd2bec0f"},"headline":"Para Assocon, confinador deve se enquadrar em sistema de produ\u00e7\u00e3o eficiente","datePublished":"2017-12-06T11:43:45+00:00","dateModified":"2017-12-06T11:57:24+00:00","mainEntityOfPage":{"@id":"https:\/\/acrimat.org.br\/portal\/para-assocon-confinador-deve-se-enquadrar-em-sistema-de-producao-eficiente\/"},"wordCount":202,"publisher":{"@id":"https:\/\/acrimat.org.br\/portal\/#organization"},"image":{"@id":"https:\/\/acrimat.org.br\/portal\/para-assocon-confinador-deve-se-enquadrar-em-sistema-de-producao-eficiente\/#primaryimage"},"thumbnailUrl":"https:\/\/acrimat.org.br\/portal\/wp-content\/uploads\/2017\/12\/confinamento5.jpg","articleSection":["Destaques","Not\u00edcias"],"inLanguage":"pt-BR"},{"@type":"WebPage","@id":"https:\/\/acrimat.org.br\/portal\/para-assocon-confinador-deve-se-enquadrar-em-sistema-de-producao-eficiente\/","url":"https:\/\/acrimat.org.br\/portal\/para-assocon-confinador-deve-se-enquadrar-em-sistema-de-producao-eficiente\/","name":"Para Assocon, confinador deve se enquadrar em sistema de produ\u00e7\u00e3o eficiente - Acrimat","isPartOf":{"@id":"https:\/\/acrimat.org.br\/portal\/#website"},"primaryImageOfPage":{"@id":"https:\/\/acrimat.org.br\/portal\/para-assocon-confinador-deve-se-enquadrar-em-sistema-de-producao-eficiente\/#primaryimage"},"image":{"@id":"https:\/\/acrimat.org.br\/portal\/para-assocon-confinador-deve-se-enquadrar-em-sistema-de-producao-eficiente\/#primaryimage"},"thumbnailUrl":"https:\/\/acrimat.org.br\/portal\/wp-content\/uploads\/2017\/12\/confinamento5.jpg","datePublished":"2017-12-06T11:43:45+00:00","dateModified":"2017-12-06T11:57:24+00:00","breadcrumb":{"@id":"https:\/\/acrimat.org.br\/portal\/para-assocon-confinador-deve-se-enquadrar-em-sistema-de-producao-eficiente\/#breadcrumb"},"inLanguage":"pt-BR","potentialAction":[{"@type":"ReadAction","target":["https:\/\/acrimat.org.br\/portal\/para-assocon-confinador-deve-se-enquadrar-em-sistema-de-producao-eficiente\/"]}]},{"@type":"ImageObject","inLanguage":"pt-BR","@id":"https:\/\/acrimat.org.br\/portal\/para-assocon-confinador-deve-se-enquadrar-em-sistema-de-producao-eficiente\/#primaryimage","url":"https:\/\/acrimat.org.br\/portal\/wp-content\/uploads\/2017\/12\/confinamento5.jpg","contentUrl":"https:\/\/acrimat.org.br\/portal\/wp-content\/uploads\/2017\/12\/confinamento5.jpg","width":730,"height":502},{"@type":"BreadcrumbList","@id":"https:\/\/acrimat.org.br\/portal\/para-assocon-confinador-deve-se-enquadrar-em-sistema-de-producao-eficiente\/#breadcrumb","itemListElement":[{"@type":"ListItem","position":1,"name":"In\u00edcio","item":"https:\/\/acrimat.org.br\/portal\/"},{"@type":"ListItem","position":2,"name":"Para Assocon, confinador deve se enquadrar em sistema de produ\u00e7\u00e3o eficiente"}]},{"@type":"WebSite","@id":"https:\/\/acrimat.org.br\/portal\/#website","url":"https:\/\/acrimat.org.br\/portal\/","name":"Acrimat","description":"Associa\u00e7\u00e3o dos Criadores de Mato Grosso","publisher":{"@id":"https:\/\/acrimat.org.br\/portal\/#organization"},"potentialAction":[{"@type":"SearchAction","target":{"@type":"EntryPoint","urlTemplate":"https:\/\/acrimat.org.br\/portal\/?s={search_term_string}"},"query-input":{"@type":"PropertyValueSpecification","valueRequired":true,"valueName":"search_term_string"}}],"inLanguage":"pt-BR"},{"@type":"Organization","@id":"https:\/\/acrimat.org.br\/portal\/#organization","name":"Associa\u00e7\u00e3o dos Criadores de Mato Grosso","url":"https:\/\/acrimat.org.br\/portal\/","logo":{"@type":"ImageObject","inLanguage":"pt-BR","@id":"https:\/\/acrimat.org.br\/portal\/#\/schema\/logo\/image\/","url":"https:\/\/acrimat.org.br\/portal\/wp-content\/uploads\/2018\/03\/logo-peq-original.png","contentUrl":"https:\/\/acrimat.org.br\/portal\/wp-content\/uploads\/2018\/03\/logo-peq-original.png","width":174,"height":171,"caption":"Associa\u00e7\u00e3o dos Criadores de Mato Grosso"},"image":{"@id":"https:\/\/acrimat.org.br\/portal\/#\/schema\/logo\/image\/"}},{"@type":"Person","@id":"https:\/\/acrimat.org.br\/portal\/#\/schema\/person\/18df8bcf6890e924fe5d8b5afd2bec0f","name":"P\u00e9ricles C\u00e2ndido","image":{"@type":"ImageObject","inLanguage":"pt-BR","@id":"https:\/\/acrimat.org.br\/portal\/#\/schema\/person\/image\/","url":"https:\/\/secure.gravatar.com\/avatar\/33e2a2b971dc363ed2df53d0d3bfbd18?s=96&d=mm&r=g","contentUrl":"https:\/\/secure.gravatar.com\/avatar\/33e2a2b971dc363ed2df53d0d3bfbd18?s=96&d=mm&r=g","caption":"P\u00e9ricles C\u00e2ndido"},"sameAs":["ascom@acrimat.org.br"],"url":"https:\/\/acrimat.org.br\/portal\/author\/designergrafico\/"}]}},"_links":{"self":[{"href":"https:\/\/acrimat.org.br\/portal\/wp-json\/wp\/v2\/posts\/97985208","targetHints":{"allow":["GET"]}}],"collection":[{"href":"https:\/\/acrimat.org.br\/portal\/wp-json\/wp\/v2\/posts"}],"about":[{"href":"https:\/\/acrimat.org.br\/portal\/wp-json\/wp\/v2\/types\/post"}],"author":[{"embeddable":true,"href":"https:\/\/acrimat.org.br\/portal\/wp-json\/wp\/v2\/users\/11"}],"replies":[{"embeddable":true,"href":"https:\/\/acrimat.org.br\/portal\/wp-json\/wp\/v2\/comments?post=97985208"}],"version-history":[{"count":3,"href":"https:\/\/acrimat.org.br\/portal\/wp-json\/wp\/v2\/posts\/97985208\/revisions"}],"predecessor-version":[{"id":97985220,"href":"https:\/\/acrimat.org.br\/portal\/wp-json\/wp\/v2\/posts\/97985208\/revisions\/97985220"}],"wp:featuredmedia":[{"embeddable":true,"href":"https:\/\/acrimat.org.br\/portal\/wp-json\/wp\/v2\/media\/97985218"}],"wp:attachment":[{"href":"https:\/\/acrimat.org.br\/portal\/wp-json\/wp\/v2\/media?parent=97985208"}],"wp:term":[{"taxonomy":"category","embeddable":true,"href":"https:\/\/acrimat.org.br\/portal\/wp-json\/wp\/v2\/categories?post=97985208"},{"taxonomy":"post_tag","embeddable":true,"href":"https:\/\/acrimat.org.br\/portal\/wp-json\/wp\/v2\/tags?post=97985208"}],"curies":[{"name":"wp","href":"https:\/\/api.w.org\/{rel}","templated":true}]}}