{"id":97985211,"date":"2017-12-06T08:56:34","date_gmt":"2017-12-06T11:56:34","guid":{"rendered":"http:\/\/acrimat.org.br\/portal\/?p=97985211"},"modified":"2017-12-06T08:56:34","modified_gmt":"2017-12-06T11:56:34","slug":"confinamento-no-brasil-deve-crescer-55","status":"publish","type":"post","link":"https:\/\/acrimat.org.br\/portal\/confinamento-no-brasil-deve-crescer-55\/","title":{"rendered":"Confinamento no Brasil deve crescer 5,5%"},"content":{"rendered":"<p>O n\u00famero de bovinos confinados em 2017 deve ficar em 3,38 milh\u00f5es de animais, em um ano com fortes oscila\u00e7\u00f5es na inten\u00e7\u00e3o de engordar os animais no cocho, segundo levantamento da Associa\u00e7\u00e3o Nacional da Pecu\u00e1ria Intensiva (Assocon), realizado em 1.400 unidades. Este n\u00famero significa um crescimento de 5,5% em rela\u00e7\u00e3o ao apurado no ano passado, mas ficou abaixo da expectativa inicial da associa\u00e7\u00e3o que era de 4 milh\u00f5es de cabe\u00e7as.<\/p>\n<p>Em 2017, a Assocon realizou a pesquisa em quatro momentos diferentes. No come\u00e7o do ano, a perspectiva era de 4 milh\u00f5es de cabe\u00e7as, o que significaria um crescimento de 25% ante o ano anterior.<\/p>\n<p>Em junho, ap\u00f3s eventos como a Opera\u00e7\u00e3o Carne Fraca, da Pol\u00edcia Federal, e dela\u00e7\u00f5es da JBS, a estimativa caiu para 3,24 milh\u00f5es de cabe\u00e7as. J\u00e1 em setembro, cresceu para 3,28 milh\u00f5es.<\/p>\n<p>&#8220;A expectativa diminuiu nestes momentos por conta dos pre\u00e7os no mercado futuro de boi gordo (na B3) e depois voltou a crescer, mas n\u00e3o \u00e9 poss\u00edvel recuperar tudo porque o confinamento tem uma janela de produ\u00e7\u00e3o&#8221;, disse o gerente executivo da entidade, Bruno Andrade, em evento sobre as perspectivas para o setor, realizado em S\u00e3o Paulo. &#8220;Al\u00e9m do que, quando come\u00e7ou haver uma retomada da inten\u00e7\u00e3o de confinamento, outros fatores mudaram, como o aumento do pre\u00e7o do milho&#8221;, acrescentou.<\/p>\n<p>No segundo semestre, os pre\u00e7os do boi gordo, pronto para o abate, voltaram a subir e Andrade acredita que at\u00e9 o fim do ano o valor da arroba, que est\u00e1 por volta de R$ 143, em S\u00e3o Paulo, n\u00e3o deve apresentar fortes oscila\u00e7\u00f5es. &#8220;Antes prev\u00edamos que novembro fosse mais dif\u00edcil, isso n\u00e3o aconteceu de forma t\u00e3o massiva&#8221;, disse.<\/p>\n<p>A primeira pesquisa de inten\u00e7\u00e3o de confinamento da Assocon para 2018 aponta para um cen\u00e1rio de estabilidade a leve crescimento com uma perspectiva que vai de 3,4 milh\u00f5es a 3,8 milh\u00f5es de cabe\u00e7as confinadas, nas 1.400 unidades pesquisadas.<\/p>\n<p>Andrade disse que o pre\u00e7o da reposi\u00e7\u00e3o deve recuar ao longo do ano em um cen\u00e1rio de maior oferta de animais previsto para o pr\u00f3ximo ano. J\u00e1 o pre\u00e7o da ra\u00e7\u00e3o, composta basicamente por milho, pode oscilar para cima no come\u00e7o do ano.<\/p>\n<p><iframe allowfullscreen=\"\" frameborder=\"0\" height=\"360\" mozallowfullscreen=\"\" scrolling=\"no\" src=\"https:\/\/fast.player.liquidplatform.com\/pApiv2\/embed\/91f350247ae22f0adafa6addd8aa23da\/a502fcc429b03017cf26bfd6cbfbf658\" webkitallowfullscreen=\"\" width=\"640\"><\/iframe><\/p>\n<p><strong>Modelo de produ\u00e7\u00e3o<\/strong><\/p>\n<p>A pecu\u00e1ria intensiva brasileira deve se encaixar em um sistema de produ\u00e7\u00e3o de carne barata e eficiente para atender o crescimento da demanda mundial por alimentos, disse o presidente do Conselho de Administra\u00e7\u00e3o da Assocon, Alberto Pessina, durante o evento.<\/p>\n<p>Para Pessina, o Brasil \u00e9 &#8220;um dos pa\u00edses que tem capacidade para suprir a demanda mundial por alimentos na pr\u00f3xima d\u00e9cada&#8221;. Ele afirmou que o Brasil deve responder por boa parte das exporta\u00e7\u00f5es globais at\u00e9 2026.<\/p>\n<p>Segundo ele, a produ\u00e7\u00e3o brasileira de alimentos precisa crescer 13% para suprir o aumento de 7% da demanda interna, al\u00e9m da eleva\u00e7\u00e3o de 31% nas exporta\u00e7\u00f5es.<\/p>\n<p>O presidente aposta no crescimento da utiliza\u00e7\u00e3o da pecu\u00e1ria intensiva no longo prazo, paralelamente ao aumento dos pre\u00e7os das terras. Ele afirma que a pecu\u00e1ria deve migrar para terras menos produtivas e, com isso, dever\u00e1 elevar a produtividade, utilizando t\u00e9cnicas mais avan\u00e7adas. &#8220;E o confinamento \u00e9 uma delas&#8221;, disse. &#8220;Temos de produzir mais em menos espa\u00e7o&#8221;, concluiu.<\/p>\n","protected":false},"excerpt":{"rendered":"<p>A primeira estimativa era de 4 milh\u00f5es de cabe\u00e7as, o que representaria um aumento de 25% ante o ano passado<\/p>\n","protected":false},"author":11,"featured_media":97985216,"comment_status":"closed","ping_status":"closed","sticky":false,"template":"","format":"standard","meta":{"footnotes":""},"categories":[6,1],"tags":[],"class_list":["post-97985211","post","type-post","status-publish","format-standard","has-post-thumbnail","hentry","category-destaque","category-noticia"],"yoast_head":"<!-- This site is optimized with the Yoast SEO plugin v24.8.1 - https:\/\/yoast.com\/wordpress\/plugins\/seo\/ -->\n<title>Confinamento no Brasil deve crescer 5,5% - Acrimat<\/title>\n<meta name=\"robots\" content=\"index, follow, max-snippet:-1, max-image-preview:large, max-video-preview:-1\" \/>\n<link rel=\"canonical\" href=\"https:\/\/acrimat.org.br\/portal\/confinamento-no-brasil-deve-crescer-55\/\" \/>\n<meta property=\"og:locale\" content=\"pt_BR\" \/>\n<meta property=\"og:type\" content=\"article\" \/>\n<meta property=\"og:title\" content=\"Confinamento no Brasil deve crescer 5,5% - Acrimat\" \/>\n<meta property=\"og:description\" content=\"A primeira estimativa era de 4 milh\u00f5es de cabe\u00e7as, o que representaria um aumento de 25% ante o ano passado\" \/>\n<meta property=\"og:url\" content=\"https:\/\/acrimat.org.br\/portal\/confinamento-no-brasil-deve-crescer-55\/\" \/>\n<meta property=\"og:site_name\" content=\"Acrimat\" \/>\n<meta property=\"article:published_time\" content=\"2017-12-06T11:56:34+00:00\" \/>\n<meta property=\"og:image\" content=\"https:\/\/acrimat.org.br\/portal\/wp-content\/uploads\/2017\/12\/1474988213411.jpg\" \/>\n\t<meta property=\"og:image:width\" content=\"640\" \/>\n\t<meta property=\"og:image:height\" content=\"440\" \/>\n\t<meta property=\"og:image:type\" content=\"image\/jpeg\" \/>\n<meta name=\"author\" content=\"P\u00e9ricles C\u00e2ndido\" \/>\n<meta name=\"twitter:card\" content=\"summary_large_image\" \/>\n<meta name=\"twitter:label1\" content=\"Escrito por\" \/>\n\t<meta name=\"twitter:data1\" content=\"P\u00e9ricles C\u00e2ndido\" \/>\n\t<meta name=\"twitter:label2\" content=\"Est. tempo de leitura\" \/>\n\t<meta name=\"twitter:data2\" content=\"3 minutos\" \/>\n<script type=\"application\/ld+json\" class=\"yoast-schema-graph\">{\"@context\":\"https:\/\/schema.org\",\"@graph\":[{\"@type\":\"Article\",\"@id\":\"https:\/\/acrimat.org.br\/portal\/confinamento-no-brasil-deve-crescer-55\/#article\",\"isPartOf\":{\"@id\":\"https:\/\/acrimat.org.br\/portal\/confinamento-no-brasil-deve-crescer-55\/\"},\"author\":{\"name\":\"P\u00e9ricles C\u00e2ndido\",\"@id\":\"https:\/\/acrimat.org.br\/portal\/#\/schema\/person\/18df8bcf6890e924fe5d8b5afd2bec0f\"},\"headline\":\"Confinamento no Brasil deve crescer 5,5%\",\"datePublished\":\"2017-12-06T11:56:34+00:00\",\"mainEntityOfPage\":{\"@id\":\"https:\/\/acrimat.org.br\/portal\/confinamento-no-brasil-deve-crescer-55\/\"},\"wordCount\":567,\"publisher\":{\"@id\":\"https:\/\/acrimat.org.br\/portal\/#organization\"},\"image\":{\"@id\":\"https:\/\/acrimat.org.br\/portal\/confinamento-no-brasil-deve-crescer-55\/#primaryimage\"},\"thumbnailUrl\":\"https:\/\/acrimat.org.br\/portal\/wp-content\/uploads\/2017\/12\/1474988213411.jpg\",\"articleSection\":[\"Destaques\",\"Not\u00edcias\"],\"inLanguage\":\"pt-BR\"},{\"@type\":\"WebPage\",\"@id\":\"https:\/\/acrimat.org.br\/portal\/confinamento-no-brasil-deve-crescer-55\/\",\"url\":\"https:\/\/acrimat.org.br\/portal\/confinamento-no-brasil-deve-crescer-55\/\",\"name\":\"Confinamento no Brasil deve crescer 5,5% - Acrimat\",\"isPartOf\":{\"@id\":\"https:\/\/acrimat.org.br\/portal\/#website\"},\"primaryImageOfPage\":{\"@id\":\"https:\/\/acrimat.org.br\/portal\/confinamento-no-brasil-deve-crescer-55\/#primaryimage\"},\"image\":{\"@id\":\"https:\/\/acrimat.org.br\/portal\/confinamento-no-brasil-deve-crescer-55\/#primaryimage\"},\"thumbnailUrl\":\"https:\/\/acrimat.org.br\/portal\/wp-content\/uploads\/2017\/12\/1474988213411.jpg\",\"datePublished\":\"2017-12-06T11:56:34+00:00\",\"breadcrumb\":{\"@id\":\"https:\/\/acrimat.org.br\/portal\/confinamento-no-brasil-deve-crescer-55\/#breadcrumb\"},\"inLanguage\":\"pt-BR\",\"potentialAction\":[{\"@type\":\"ReadAction\",\"target\":[\"https:\/\/acrimat.org.br\/portal\/confinamento-no-brasil-deve-crescer-55\/\"]}]},{\"@type\":\"ImageObject\",\"inLanguage\":\"pt-BR\",\"@id\":\"https:\/\/acrimat.org.br\/portal\/confinamento-no-brasil-deve-crescer-55\/#primaryimage\",\"url\":\"https:\/\/acrimat.org.br\/portal\/wp-content\/uploads\/2017\/12\/1474988213411.jpg\",\"contentUrl\":\"https:\/\/acrimat.org.br\/portal\/wp-content\/uploads\/2017\/12\/1474988213411.jpg\",\"width\":640,\"height\":440},{\"@type\":\"BreadcrumbList\",\"@id\":\"https:\/\/acrimat.org.br\/portal\/confinamento-no-brasil-deve-crescer-55\/#breadcrumb\",\"itemListElement\":[{\"@type\":\"ListItem\",\"position\":1,\"name\":\"In\u00edcio\",\"item\":\"https:\/\/acrimat.org.br\/portal\/\"},{\"@type\":\"ListItem\",\"position\":2,\"name\":\"Confinamento no Brasil deve crescer 5,5%\"}]},{\"@type\":\"WebSite\",\"@id\":\"https:\/\/acrimat.org.br\/portal\/#website\",\"url\":\"https:\/\/acrimat.org.br\/portal\/\",\"name\":\"Acrimat\",\"description\":\"Associa\u00e7\u00e3o dos Criadores de Mato Grosso\",\"publisher\":{\"@id\":\"https:\/\/acrimat.org.br\/portal\/#organization\"},\"potentialAction\":[{\"@type\":\"SearchAction\",\"target\":{\"@type\":\"EntryPoint\",\"urlTemplate\":\"https:\/\/acrimat.org.br\/portal\/?s={search_term_string}\"},\"query-input\":{\"@type\":\"PropertyValueSpecification\",\"valueRequired\":true,\"valueName\":\"search_term_string\"}}],\"inLanguage\":\"pt-BR\"},{\"@type\":\"Organization\",\"@id\":\"https:\/\/acrimat.org.br\/portal\/#organization\",\"name\":\"Associa\u00e7\u00e3o dos Criadores de Mato Grosso\",\"url\":\"https:\/\/acrimat.org.br\/portal\/\",\"logo\":{\"@type\":\"ImageObject\",\"inLanguage\":\"pt-BR\",\"@id\":\"https:\/\/acrimat.org.br\/portal\/#\/schema\/logo\/image\/\",\"url\":\"https:\/\/acrimat.org.br\/portal\/wp-content\/uploads\/2018\/03\/logo-peq-original.png\",\"contentUrl\":\"https:\/\/acrimat.org.br\/portal\/wp-content\/uploads\/2018\/03\/logo-peq-original.png\",\"width\":174,\"height\":171,\"caption\":\"Associa\u00e7\u00e3o dos Criadores de Mato Grosso\"},\"image\":{\"@id\":\"https:\/\/acrimat.org.br\/portal\/#\/schema\/logo\/image\/\"}},{\"@type\":\"Person\",\"@id\":\"https:\/\/acrimat.org.br\/portal\/#\/schema\/person\/18df8bcf6890e924fe5d8b5afd2bec0f\",\"name\":\"P\u00e9ricles C\u00e2ndido\",\"image\":{\"@type\":\"ImageObject\",\"inLanguage\":\"pt-BR\",\"@id\":\"https:\/\/acrimat.org.br\/portal\/#\/schema\/person\/image\/\",\"url\":\"https:\/\/secure.gravatar.com\/avatar\/33e2a2b971dc363ed2df53d0d3bfbd18?s=96&d=mm&r=g\",\"contentUrl\":\"https:\/\/secure.gravatar.com\/avatar\/33e2a2b971dc363ed2df53d0d3bfbd18?s=96&d=mm&r=g\",\"caption\":\"P\u00e9ricles C\u00e2ndido\"},\"sameAs\":[\"ascom@acrimat.org.br\"],\"url\":\"https:\/\/acrimat.org.br\/portal\/author\/designergrafico\/\"}]}<\/script>\n<!-- \/ Yoast SEO plugin. -->","yoast_head_json":{"title":"Confinamento no Brasil deve crescer 5,5% - Acrimat","robots":{"index":"index","follow":"follow","max-snippet":"max-snippet:-1","max-image-preview":"max-image-preview:large","max-video-preview":"max-video-preview:-1"},"canonical":"https:\/\/acrimat.org.br\/portal\/confinamento-no-brasil-deve-crescer-55\/","og_locale":"pt_BR","og_type":"article","og_title":"Confinamento no Brasil deve crescer 5,5% - Acrimat","og_description":"A primeira estimativa era de 4 milh\u00f5es de cabe\u00e7as, o que representaria um aumento de 25% ante o ano passado","og_url":"https:\/\/acrimat.org.br\/portal\/confinamento-no-brasil-deve-crescer-55\/","og_site_name":"Acrimat","article_published_time":"2017-12-06T11:56:34+00:00","og_image":[{"width":640,"height":440,"url":"https:\/\/acrimat.org.br\/portal\/wp-content\/uploads\/2017\/12\/1474988213411.jpg","type":"image\/jpeg"}],"author":"P\u00e9ricles C\u00e2ndido","twitter_card":"summary_large_image","twitter_misc":{"Escrito por":"P\u00e9ricles C\u00e2ndido","Est. tempo de leitura":"3 minutos"},"schema":{"@context":"https:\/\/schema.org","@graph":[{"@type":"Article","@id":"https:\/\/acrimat.org.br\/portal\/confinamento-no-brasil-deve-crescer-55\/#article","isPartOf":{"@id":"https:\/\/acrimat.org.br\/portal\/confinamento-no-brasil-deve-crescer-55\/"},"author":{"name":"P\u00e9ricles C\u00e2ndido","@id":"https:\/\/acrimat.org.br\/portal\/#\/schema\/person\/18df8bcf6890e924fe5d8b5afd2bec0f"},"headline":"Confinamento no Brasil deve crescer 5,5%","datePublished":"2017-12-06T11:56:34+00:00","mainEntityOfPage":{"@id":"https:\/\/acrimat.org.br\/portal\/confinamento-no-brasil-deve-crescer-55\/"},"wordCount":567,"publisher":{"@id":"https:\/\/acrimat.org.br\/portal\/#organization"},"image":{"@id":"https:\/\/acrimat.org.br\/portal\/confinamento-no-brasil-deve-crescer-55\/#primaryimage"},"thumbnailUrl":"https:\/\/acrimat.org.br\/portal\/wp-content\/uploads\/2017\/12\/1474988213411.jpg","articleSection":["Destaques","Not\u00edcias"],"inLanguage":"pt-BR"},{"@type":"WebPage","@id":"https:\/\/acrimat.org.br\/portal\/confinamento-no-brasil-deve-crescer-55\/","url":"https:\/\/acrimat.org.br\/portal\/confinamento-no-brasil-deve-crescer-55\/","name":"Confinamento no Brasil deve crescer 5,5% - Acrimat","isPartOf":{"@id":"https:\/\/acrimat.org.br\/portal\/#website"},"primaryImageOfPage":{"@id":"https:\/\/acrimat.org.br\/portal\/confinamento-no-brasil-deve-crescer-55\/#primaryimage"},"image":{"@id":"https:\/\/acrimat.org.br\/portal\/confinamento-no-brasil-deve-crescer-55\/#primaryimage"},"thumbnailUrl":"https:\/\/acrimat.org.br\/portal\/wp-content\/uploads\/2017\/12\/1474988213411.jpg","datePublished":"2017-12-06T11:56:34+00:00","breadcrumb":{"@id":"https:\/\/acrimat.org.br\/portal\/confinamento-no-brasil-deve-crescer-55\/#breadcrumb"},"inLanguage":"pt-BR","potentialAction":[{"@type":"ReadAction","target":["https:\/\/acrimat.org.br\/portal\/confinamento-no-brasil-deve-crescer-55\/"]}]},{"@type":"ImageObject","inLanguage":"pt-BR","@id":"https:\/\/acrimat.org.br\/portal\/confinamento-no-brasil-deve-crescer-55\/#primaryimage","url":"https:\/\/acrimat.org.br\/portal\/wp-content\/uploads\/2017\/12\/1474988213411.jpg","contentUrl":"https:\/\/acrimat.org.br\/portal\/wp-content\/uploads\/2017\/12\/1474988213411.jpg","width":640,"height":440},{"@type":"BreadcrumbList","@id":"https:\/\/acrimat.org.br\/portal\/confinamento-no-brasil-deve-crescer-55\/#breadcrumb","itemListElement":[{"@type":"ListItem","position":1,"name":"In\u00edcio","item":"https:\/\/acrimat.org.br\/portal\/"},{"@type":"ListItem","position":2,"name":"Confinamento no Brasil deve crescer 5,5%"}]},{"@type":"WebSite","@id":"https:\/\/acrimat.org.br\/portal\/#website","url":"https:\/\/acrimat.org.br\/portal\/","name":"Acrimat","description":"Associa\u00e7\u00e3o dos Criadores de Mato Grosso","publisher":{"@id":"https:\/\/acrimat.org.br\/portal\/#organization"},"potentialAction":[{"@type":"SearchAction","target":{"@type":"EntryPoint","urlTemplate":"https:\/\/acrimat.org.br\/portal\/?s={search_term_string}"},"query-input":{"@type":"PropertyValueSpecification","valueRequired":true,"valueName":"search_term_string"}}],"inLanguage":"pt-BR"},{"@type":"Organization","@id":"https:\/\/acrimat.org.br\/portal\/#organization","name":"Associa\u00e7\u00e3o dos Criadores de Mato Grosso","url":"https:\/\/acrimat.org.br\/portal\/","logo":{"@type":"ImageObject","inLanguage":"pt-BR","@id":"https:\/\/acrimat.org.br\/portal\/#\/schema\/logo\/image\/","url":"https:\/\/acrimat.org.br\/portal\/wp-content\/uploads\/2018\/03\/logo-peq-original.png","contentUrl":"https:\/\/acrimat.org.br\/portal\/wp-content\/uploads\/2018\/03\/logo-peq-original.png","width":174,"height":171,"caption":"Associa\u00e7\u00e3o dos Criadores de Mato Grosso"},"image":{"@id":"https:\/\/acrimat.org.br\/portal\/#\/schema\/logo\/image\/"}},{"@type":"Person","@id":"https:\/\/acrimat.org.br\/portal\/#\/schema\/person\/18df8bcf6890e924fe5d8b5afd2bec0f","name":"P\u00e9ricles C\u00e2ndido","image":{"@type":"ImageObject","inLanguage":"pt-BR","@id":"https:\/\/acrimat.org.br\/portal\/#\/schema\/person\/image\/","url":"https:\/\/secure.gravatar.com\/avatar\/33e2a2b971dc363ed2df53d0d3bfbd18?s=96&d=mm&r=g","contentUrl":"https:\/\/secure.gravatar.com\/avatar\/33e2a2b971dc363ed2df53d0d3bfbd18?s=96&d=mm&r=g","caption":"P\u00e9ricles C\u00e2ndido"},"sameAs":["ascom@acrimat.org.br"],"url":"https:\/\/acrimat.org.br\/portal\/author\/designergrafico\/"}]}},"_links":{"self":[{"href":"https:\/\/acrimat.org.br\/portal\/wp-json\/wp\/v2\/posts\/97985211","targetHints":{"allow":["GET"]}}],"collection":[{"href":"https:\/\/acrimat.org.br\/portal\/wp-json\/wp\/v2\/posts"}],"about":[{"href":"https:\/\/acrimat.org.br\/portal\/wp-json\/wp\/v2\/types\/post"}],"author":[{"embeddable":true,"href":"https:\/\/acrimat.org.br\/portal\/wp-json\/wp\/v2\/users\/11"}],"replies":[{"embeddable":true,"href":"https:\/\/acrimat.org.br\/portal\/wp-json\/wp\/v2\/comments?post=97985211"}],"version-history":[{"count":4,"href":"https:\/\/acrimat.org.br\/portal\/wp-json\/wp\/v2\/posts\/97985211\/revisions"}],"predecessor-version":[{"id":97985215,"href":"https:\/\/acrimat.org.br\/portal\/wp-json\/wp\/v2\/posts\/97985211\/revisions\/97985215"}],"wp:featuredmedia":[{"embeddable":true,"href":"https:\/\/acrimat.org.br\/portal\/wp-json\/wp\/v2\/media\/97985216"}],"wp:attachment":[{"href":"https:\/\/acrimat.org.br\/portal\/wp-json\/wp\/v2\/media?parent=97985211"}],"wp:term":[{"taxonomy":"category","embeddable":true,"href":"https:\/\/acrimat.org.br\/portal\/wp-json\/wp\/v2\/categories?post=97985211"},{"taxonomy":"post_tag","embeddable":true,"href":"https:\/\/acrimat.org.br\/portal\/wp-json\/wp\/v2\/tags?post=97985211"}],"curies":[{"name":"wp","href":"https:\/\/api.w.org\/{rel}","templated":true}]}}