{"id":97985233,"date":"2017-12-07T09:02:03","date_gmt":"2017-12-07T12:02:03","guid":{"rendered":"http:\/\/acrimat.org.br\/portal\/?p=97985233"},"modified":"2017-12-07T09:02:28","modified_gmt":"2017-12-07T12:02:28","slug":"pais-podera-exportar-carne-in-natura-para-o-mercado-mexicano","status":"publish","type":"post","link":"https:\/\/acrimat.org.br\/portal\/pais-podera-exportar-carne-in-natura-para-o-mercado-mexicano\/","title":{"rendered":"Pa\u00eds poder\u00e1 exportar carne in natura para o mercado mexicano"},"content":{"rendered":"<p>Os brasileiros est\u00e3o mais perto de conseguir exportar carne bovina e su\u00edna in natura para o mercado mexicano. A barreira usada at\u00e9 agora &#8211; a alega\u00e7\u00e3o de que o Brasil n\u00e3o pode garantir que os rebanhos estejam livres da febre aftosa &#8211; pode ser contornada. E, al\u00e9m da carne, h\u00e1 espa\u00e7o para ampliar exporta\u00e7\u00f5es de milho, cosm\u00e9ticos, autom\u00f3veis, entre outros produtos, sem que o importador mexicano pague tarifas alfandeg\u00e1rias.<\/p>\n<p>O sinal verde est\u00e1 sendo dado por empres\u00e1rios mexicanos que assessoram o governo do presidente Enrique Pe\u00f1a Nieto nas negocia\u00e7\u00f5es com o Brasil. E eles t\u00eam pressa. Est\u00e3o propondo que as conversas sejam encerradas no primeiro trimestre de 2018, antes que as campanhas para eleger novos presidentes nos dois pa\u00edses estejam a todo vapor. O M\u00e9xico tem elei\u00e7\u00f5es em julho e o Brasil, em outubro. O risco de se politizar acordos comerciais \u00e9 consider\u00e1vel.<\/p>\n<p>A m\u00e9dio prazo, a maior abertura a produtos brasileiros tem a ver com a constata\u00e7\u00e3o de que o M\u00e9xico precisa diversificar fornecedores e compradores, reduzindo a depend\u00eancia dos Estados Unidos. Uma parte dos empres\u00e1rios mexicanos, n\u00e3o a maioria, ainda teme que o acordo de livre com\u00e9rcio com EUA e Canad\u00e1, o Nafta, seja destru\u00eddo pelo presidente Donald Trump. O Nafta deve sobreviver, ainda que modificado, mas as amea\u00e7as de Trump est\u00e3o fazendo com que as empresas mexicanas busquem outras alternativas.<\/p>\n<p>\u00c9 nesse contexto que Brasil e M\u00e9xico podem ampliar o interc\u00e2mbio comercial. Neste ano, at\u00e9 outubro, foi de US$ 7,1 bilh\u00f5es, 18% maior do que o mesmo per\u00edodo do ano passado. &#8220;Estamos interessados em abrir nosso mercado ao Brasil&#8221;, diz Rafael Nava Uribe, presidente da se\u00e7\u00e3o para a Am\u00e9rica do Sul do Comce, associa\u00e7\u00e3o mexicana que re\u00fane 2 mil empresas exportadoras e importadoras.<\/p>\n<p>O diretor-geral do Comce, Fernando Ruiz Huarte, tamb\u00e9m bate na tecla de que \u00e9 preciso diversificar as rela\u00e7\u00f5es comerciais. &#8220;N\u00e3o \u00e9 saud\u00e1vel vender 80% de nossos produtos em um s\u00f3 mercado&#8221;, diz ele, referindo-se aos EUA.<\/p>\n<p>O milho \u00e9 um exemplo da depend\u00eancia americana. O M\u00e9xico compra dos EUA 98% do milho que consome. O vice-ministro de Economia do M\u00e9xico, Juan Carlos Baker, disse recentemente ao jornal brit\u00e2nico Financial Times&#8221; que estava considerando a possibilidade de abrir o mercado para o milho do Brasil e da Argentina.<\/p>\n<p>A safra de milho nos dois pa\u00edses foi grande neste ano, o que ajudou a elevar a venda aos mexicanos em 11%, at\u00e9 setembro, em rela\u00e7\u00e3o a 2016. O volume \u00e9 pequeno em rela\u00e7\u00e3o ao vendido pelos EUA. Enquanto os americanos exportaram 10,5 milh\u00f5es de toneladas aos mexicanos em setembro, o Brasil vendeu 100,8 mil toneladas.<\/p>\n<p>&#8220;Os empres\u00e1rios mexicanos est\u00e3o abrindo os olhos para o Brasil e o Brasil est\u00e1 em um momento favor\u00e1vel&#8221;, diz Jo\u00e3o Marcelo Galv\u00e3o de Queiroz, ministro-chefe da Embaixada do Brasil no M\u00e9xico, referindo-se \u00e0 safra de gr\u00e3os deste ano. O diplomata lamenta que o Brasil ainda n\u00e3o esteja exportando carne in natura, uma demanda brasileira que j\u00e1 dura cerca de dez anos.<\/p>\n<p>Nava, do Comce, v\u00ea dois caminhos para a carne brasileira no M\u00e9xico. Um seria replicar o modelo aplicado \u00e0 carne uruguaia. &#8220;O Uruguai n\u00e3o est\u00e1 totalmente livre de aftosa, mas compramos deles. O que fazemos \u00e9 ter fiscais nossos l\u00e1, que liberam a carne&#8221;. Segundo ele, isso encarece a carne, mas \u00e9 um jeito de entrar no mercado mexicano, dominado pela carne dos EUA.<\/p>\n<p>A outra alternativa \u00e9 usar o instrumento de &#8220;reconhecimento m\u00fatuo&#8221;, ou seja, o Brasil aceitaria a carne mexicana e vice-versa. &#8220;Mesmo que o M\u00e9xico n\u00e3o exporte carne ao Brasil, e n\u00e3o dever\u00e1 exportar, seria uma forma de comprarmos carne do Brasil&#8221;, diz Nava.<\/p>\n<p>O Brasil j\u00e1 \u00e9 um grande exportador de carne de frango, in natura congelada, ao mercado mexicano. Mas a exporta\u00e7\u00e3o est\u00e1 limitada a uma cota, sob press\u00e3o dos produtores locais. &#8220;O Brasil ocupa quase 100% da cota. \u00c9 um mercado novo, que n\u00e3o existia h\u00e1 quatro anos&#8221;, diz Queiroz. Essa cota, tamb\u00e9m aberta a outros pa\u00edses, expira neste m\u00eas e n\u00e3o se sabe o que o governo mexicano vai fazer.<\/p>\n<p>Brasil e M\u00e9xico podem, desde 2002, intercambiar, sem pagar tarifas de importa\u00e7\u00e3o, 800 produtos. Em 2015, os dois pa\u00edses decidiram ampliar este acordo e mais 1.200 produtos foram inclu\u00eddos na lista negociada. Dentre eles, produtos qu\u00edmicos para fazer garrafas PET e cosm\u00e9ticos, setor onde a brasileira Natura j\u00e1 tem uma opera\u00e7\u00e3o estabelecida h\u00e1 mais de dez anos no M\u00e9xico, com uma for\u00e7a de vendas de 200 mil pessoas.<\/p>\n<p>Os dois pa\u00edses est\u00e3o negociando a inclus\u00e3o de mais 2 mil produtos. Carne e gr\u00e3os est\u00e3o nesse grupo, considerado mais sens\u00edvel. &#8220;Acredito que cheguemos a um total de 5 mil produtos na lista nova&#8221;, diz Nava. A\u00e7\u00facar e caf\u00e9, segundo ele, n\u00e3o devem entrar de jeito nenhum. O M\u00e9xico exporta essas duas commodities e pretende proteger a produ\u00e7\u00e3o local.<\/p>\n<p>O acordo automotivo, que permite exportar e importar carros e autope\u00e7as, pagando tarifa zero desde 2002, tamb\u00e9m est\u00e1 sobre as mesas do Itamaraty e da Secretaria de Economia do M\u00e9xico. Em sua vers\u00e3o original, n\u00e3o havia cotas, o com\u00e9rcio estava liberado. Mas, em 2015, o Brasil pediu cotas e reclamou que carros usados importados pelos mexicanos dos EUA estavam tirando mercado dos carros populares brasileiros.<\/p>\n<p>O M\u00e9xico, ent\u00e3o, come\u00e7ou a exigir que os carros usados vindos do outro lado da fronteira teriam que ter determinado limites de emiss\u00e3o de CO\u00b2. Com isso, a importa\u00e7\u00e3o caiu de cerca de 1 milh\u00e3o de carros, em 2014, para 50 mil, um ano depois. O sistema de cotas tem prazo para terminar: mar\u00e7o de 2018.<\/p>\n<p>&#8220;Como o governo brasileiro n\u00e3o pediu at\u00e9 agora para manter as cotas, acredito que o com\u00e9rcio ser\u00e1 liberado novamente&#8221;, diz Nava, lembrando que se trata de um interc\u00e2mbio administrado, j\u00e1 que as montadoras instaladas no Brasil tamb\u00e9m operam no M\u00e9xico.<\/p>\n","protected":false},"excerpt":{"rendered":"<p>O sinal verde est\u00e1 sendo dado por empres\u00e1rios mexicanos que assessoram o governo do presidente Enrique Pe\u00f1a Nieto nas negocia\u00e7\u00f5es com o Brasil<\/p>\n","protected":false},"author":11,"featured_media":97985145,"comment_status":"closed","ping_status":"closed","sticky":false,"template":"","format":"standard","meta":{"footnotes":""},"categories":[6,1],"tags":[],"class_list":["post-97985233","post","type-post","status-publish","format-standard","has-post-thumbnail","hentry","category-destaque","category-noticia"],"yoast_head":"<!-- This site is optimized with the Yoast SEO plugin v24.8.1 - https:\/\/yoast.com\/wordpress\/plugins\/seo\/ -->\n<title>Pa\u00eds poder\u00e1 exportar carne in natura para o mercado mexicano - Acrimat<\/title>\n<meta name=\"robots\" content=\"index, follow, max-snippet:-1, max-image-preview:large, max-video-preview:-1\" \/>\n<link rel=\"canonical\" href=\"https:\/\/acrimat.org.br\/portal\/pais-podera-exportar-carne-in-natura-para-o-mercado-mexicano\/\" \/>\n<meta property=\"og:locale\" content=\"pt_BR\" \/>\n<meta property=\"og:type\" content=\"article\" \/>\n<meta property=\"og:title\" content=\"Pa\u00eds poder\u00e1 exportar carne in natura para o mercado mexicano - Acrimat\" \/>\n<meta property=\"og:description\" content=\"O sinal verde est\u00e1 sendo dado por empres\u00e1rios mexicanos que assessoram o governo do presidente Enrique Pe\u00f1a Nieto nas negocia\u00e7\u00f5es com o Brasil\" \/>\n<meta property=\"og:url\" content=\"https:\/\/acrimat.org.br\/portal\/pais-podera-exportar-carne-in-natura-para-o-mercado-mexicano\/\" \/>\n<meta property=\"og:site_name\" content=\"Acrimat\" \/>\n<meta property=\"article:published_time\" content=\"2017-12-07T12:02:03+00:00\" \/>\n<meta property=\"article:modified_time\" content=\"2017-12-07T12:02:28+00:00\" \/>\n<meta property=\"og:image\" content=\"https:\/\/acrimat.org.br\/portal\/wp-content\/uploads\/2017\/12\/exportacao-carne-bovina-salgada.jpg\" \/>\n\t<meta property=\"og:image:width\" content=\"730\" \/>\n\t<meta property=\"og:image:height\" content=\"502\" \/>\n\t<meta property=\"og:image:type\" content=\"image\/jpeg\" \/>\n<meta name=\"author\" content=\"P\u00e9ricles C\u00e2ndido\" \/>\n<meta name=\"twitter:card\" content=\"summary_large_image\" \/>\n<meta name=\"twitter:label1\" content=\"Escrito por\" \/>\n\t<meta name=\"twitter:data1\" content=\"P\u00e9ricles C\u00e2ndido\" \/>\n\t<meta name=\"twitter:label2\" content=\"Est. tempo de leitura\" \/>\n\t<meta name=\"twitter:data2\" content=\"5 minutos\" \/>\n<script type=\"application\/ld+json\" class=\"yoast-schema-graph\">{\"@context\":\"https:\/\/schema.org\",\"@graph\":[{\"@type\":\"Article\",\"@id\":\"https:\/\/acrimat.org.br\/portal\/pais-podera-exportar-carne-in-natura-para-o-mercado-mexicano\/#article\",\"isPartOf\":{\"@id\":\"https:\/\/acrimat.org.br\/portal\/pais-podera-exportar-carne-in-natura-para-o-mercado-mexicano\/\"},\"author\":{\"name\":\"P\u00e9ricles C\u00e2ndido\",\"@id\":\"https:\/\/acrimat.org.br\/portal\/#\/schema\/person\/18df8bcf6890e924fe5d8b5afd2bec0f\"},\"headline\":\"Pa\u00eds poder\u00e1 exportar carne in natura para o mercado mexicano\",\"datePublished\":\"2017-12-07T12:02:03+00:00\",\"dateModified\":\"2017-12-07T12:02:28+00:00\",\"mainEntityOfPage\":{\"@id\":\"https:\/\/acrimat.org.br\/portal\/pais-podera-exportar-carne-in-natura-para-o-mercado-mexicano\/\"},\"wordCount\":1036,\"publisher\":{\"@id\":\"https:\/\/acrimat.org.br\/portal\/#organization\"},\"image\":{\"@id\":\"https:\/\/acrimat.org.br\/portal\/pais-podera-exportar-carne-in-natura-para-o-mercado-mexicano\/#primaryimage\"},\"thumbnailUrl\":\"https:\/\/acrimat.org.br\/portal\/wp-content\/uploads\/2017\/12\/exportacao-carne-bovina-salgada.jpg\",\"articleSection\":[\"Destaques\",\"Not\u00edcias\"],\"inLanguage\":\"pt-BR\"},{\"@type\":\"WebPage\",\"@id\":\"https:\/\/acrimat.org.br\/portal\/pais-podera-exportar-carne-in-natura-para-o-mercado-mexicano\/\",\"url\":\"https:\/\/acrimat.org.br\/portal\/pais-podera-exportar-carne-in-natura-para-o-mercado-mexicano\/\",\"name\":\"Pa\u00eds poder\u00e1 exportar carne in natura para o mercado mexicano - Acrimat\",\"isPartOf\":{\"@id\":\"https:\/\/acrimat.org.br\/portal\/#website\"},\"primaryImageOfPage\":{\"@id\":\"https:\/\/acrimat.org.br\/portal\/pais-podera-exportar-carne-in-natura-para-o-mercado-mexicano\/#primaryimage\"},\"image\":{\"@id\":\"https:\/\/acrimat.org.br\/portal\/pais-podera-exportar-carne-in-natura-para-o-mercado-mexicano\/#primaryimage\"},\"thumbnailUrl\":\"https:\/\/acrimat.org.br\/portal\/wp-content\/uploads\/2017\/12\/exportacao-carne-bovina-salgada.jpg\",\"datePublished\":\"2017-12-07T12:02:03+00:00\",\"dateModified\":\"2017-12-07T12:02:28+00:00\",\"breadcrumb\":{\"@id\":\"https:\/\/acrimat.org.br\/portal\/pais-podera-exportar-carne-in-natura-para-o-mercado-mexicano\/#breadcrumb\"},\"inLanguage\":\"pt-BR\",\"potentialAction\":[{\"@type\":\"ReadAction\",\"target\":[\"https:\/\/acrimat.org.br\/portal\/pais-podera-exportar-carne-in-natura-para-o-mercado-mexicano\/\"]}]},{\"@type\":\"ImageObject\",\"inLanguage\":\"pt-BR\",\"@id\":\"https:\/\/acrimat.org.br\/portal\/pais-podera-exportar-carne-in-natura-para-o-mercado-mexicano\/#primaryimage\",\"url\":\"https:\/\/acrimat.org.br\/portal\/wp-content\/uploads\/2017\/12\/exportacao-carne-bovina-salgada.jpg\",\"contentUrl\":\"https:\/\/acrimat.org.br\/portal\/wp-content\/uploads\/2017\/12\/exportacao-carne-bovina-salgada.jpg\",\"width\":730,\"height\":502},{\"@type\":\"BreadcrumbList\",\"@id\":\"https:\/\/acrimat.org.br\/portal\/pais-podera-exportar-carne-in-natura-para-o-mercado-mexicano\/#breadcrumb\",\"itemListElement\":[{\"@type\":\"ListItem\",\"position\":1,\"name\":\"In\u00edcio\",\"item\":\"https:\/\/acrimat.org.br\/portal\/\"},{\"@type\":\"ListItem\",\"position\":2,\"name\":\"Pa\u00eds poder\u00e1 exportar carne in natura para o mercado mexicano\"}]},{\"@type\":\"WebSite\",\"@id\":\"https:\/\/acrimat.org.br\/portal\/#website\",\"url\":\"https:\/\/acrimat.org.br\/portal\/\",\"name\":\"Acrimat\",\"description\":\"Associa\u00e7\u00e3o dos Criadores de Mato Grosso\",\"publisher\":{\"@id\":\"https:\/\/acrimat.org.br\/portal\/#organization\"},\"potentialAction\":[{\"@type\":\"SearchAction\",\"target\":{\"@type\":\"EntryPoint\",\"urlTemplate\":\"https:\/\/acrimat.org.br\/portal\/?s={search_term_string}\"},\"query-input\":{\"@type\":\"PropertyValueSpecification\",\"valueRequired\":true,\"valueName\":\"search_term_string\"}}],\"inLanguage\":\"pt-BR\"},{\"@type\":\"Organization\",\"@id\":\"https:\/\/acrimat.org.br\/portal\/#organization\",\"name\":\"Associa\u00e7\u00e3o dos Criadores de Mato Grosso\",\"url\":\"https:\/\/acrimat.org.br\/portal\/\",\"logo\":{\"@type\":\"ImageObject\",\"inLanguage\":\"pt-BR\",\"@id\":\"https:\/\/acrimat.org.br\/portal\/#\/schema\/logo\/image\/\",\"url\":\"https:\/\/acrimat.org.br\/portal\/wp-content\/uploads\/2018\/03\/logo-peq-original.png\",\"contentUrl\":\"https:\/\/acrimat.org.br\/portal\/wp-content\/uploads\/2018\/03\/logo-peq-original.png\",\"width\":174,\"height\":171,\"caption\":\"Associa\u00e7\u00e3o dos Criadores de Mato Grosso\"},\"image\":{\"@id\":\"https:\/\/acrimat.org.br\/portal\/#\/schema\/logo\/image\/\"}},{\"@type\":\"Person\",\"@id\":\"https:\/\/acrimat.org.br\/portal\/#\/schema\/person\/18df8bcf6890e924fe5d8b5afd2bec0f\",\"name\":\"P\u00e9ricles C\u00e2ndido\",\"image\":{\"@type\":\"ImageObject\",\"inLanguage\":\"pt-BR\",\"@id\":\"https:\/\/acrimat.org.br\/portal\/#\/schema\/person\/image\/\",\"url\":\"https:\/\/secure.gravatar.com\/avatar\/33e2a2b971dc363ed2df53d0d3bfbd18?s=96&d=mm&r=g\",\"contentUrl\":\"https:\/\/secure.gravatar.com\/avatar\/33e2a2b971dc363ed2df53d0d3bfbd18?s=96&d=mm&r=g\",\"caption\":\"P\u00e9ricles C\u00e2ndido\"},\"sameAs\":[\"ascom@acrimat.org.br\"],\"url\":\"https:\/\/acrimat.org.br\/portal\/author\/designergrafico\/\"}]}<\/script>\n<!-- \/ Yoast SEO plugin. -->","yoast_head_json":{"title":"Pa\u00eds poder\u00e1 exportar carne in natura para o mercado mexicano - Acrimat","robots":{"index":"index","follow":"follow","max-snippet":"max-snippet:-1","max-image-preview":"max-image-preview:large","max-video-preview":"max-video-preview:-1"},"canonical":"https:\/\/acrimat.org.br\/portal\/pais-podera-exportar-carne-in-natura-para-o-mercado-mexicano\/","og_locale":"pt_BR","og_type":"article","og_title":"Pa\u00eds poder\u00e1 exportar carne in natura para o mercado mexicano - Acrimat","og_description":"O sinal verde est\u00e1 sendo dado por empres\u00e1rios mexicanos que assessoram o governo do presidente Enrique Pe\u00f1a Nieto nas negocia\u00e7\u00f5es com o Brasil","og_url":"https:\/\/acrimat.org.br\/portal\/pais-podera-exportar-carne-in-natura-para-o-mercado-mexicano\/","og_site_name":"Acrimat","article_published_time":"2017-12-07T12:02:03+00:00","article_modified_time":"2017-12-07T12:02:28+00:00","og_image":[{"width":730,"height":502,"url":"https:\/\/acrimat.org.br\/portal\/wp-content\/uploads\/2017\/12\/exportacao-carne-bovina-salgada.jpg","type":"image\/jpeg"}],"author":"P\u00e9ricles C\u00e2ndido","twitter_card":"summary_large_image","twitter_misc":{"Escrito por":"P\u00e9ricles C\u00e2ndido","Est. tempo de leitura":"5 minutos"},"schema":{"@context":"https:\/\/schema.org","@graph":[{"@type":"Article","@id":"https:\/\/acrimat.org.br\/portal\/pais-podera-exportar-carne-in-natura-para-o-mercado-mexicano\/#article","isPartOf":{"@id":"https:\/\/acrimat.org.br\/portal\/pais-podera-exportar-carne-in-natura-para-o-mercado-mexicano\/"},"author":{"name":"P\u00e9ricles C\u00e2ndido","@id":"https:\/\/acrimat.org.br\/portal\/#\/schema\/person\/18df8bcf6890e924fe5d8b5afd2bec0f"},"headline":"Pa\u00eds poder\u00e1 exportar carne in natura para o mercado mexicano","datePublished":"2017-12-07T12:02:03+00:00","dateModified":"2017-12-07T12:02:28+00:00","mainEntityOfPage":{"@id":"https:\/\/acrimat.org.br\/portal\/pais-podera-exportar-carne-in-natura-para-o-mercado-mexicano\/"},"wordCount":1036,"publisher":{"@id":"https:\/\/acrimat.org.br\/portal\/#organization"},"image":{"@id":"https:\/\/acrimat.org.br\/portal\/pais-podera-exportar-carne-in-natura-para-o-mercado-mexicano\/#primaryimage"},"thumbnailUrl":"https:\/\/acrimat.org.br\/portal\/wp-content\/uploads\/2017\/12\/exportacao-carne-bovina-salgada.jpg","articleSection":["Destaques","Not\u00edcias"],"inLanguage":"pt-BR"},{"@type":"WebPage","@id":"https:\/\/acrimat.org.br\/portal\/pais-podera-exportar-carne-in-natura-para-o-mercado-mexicano\/","url":"https:\/\/acrimat.org.br\/portal\/pais-podera-exportar-carne-in-natura-para-o-mercado-mexicano\/","name":"Pa\u00eds poder\u00e1 exportar carne in natura para o mercado mexicano - Acrimat","isPartOf":{"@id":"https:\/\/acrimat.org.br\/portal\/#website"},"primaryImageOfPage":{"@id":"https:\/\/acrimat.org.br\/portal\/pais-podera-exportar-carne-in-natura-para-o-mercado-mexicano\/#primaryimage"},"image":{"@id":"https:\/\/acrimat.org.br\/portal\/pais-podera-exportar-carne-in-natura-para-o-mercado-mexicano\/#primaryimage"},"thumbnailUrl":"https:\/\/acrimat.org.br\/portal\/wp-content\/uploads\/2017\/12\/exportacao-carne-bovina-salgada.jpg","datePublished":"2017-12-07T12:02:03+00:00","dateModified":"2017-12-07T12:02:28+00:00","breadcrumb":{"@id":"https:\/\/acrimat.org.br\/portal\/pais-podera-exportar-carne-in-natura-para-o-mercado-mexicano\/#breadcrumb"},"inLanguage":"pt-BR","potentialAction":[{"@type":"ReadAction","target":["https:\/\/acrimat.org.br\/portal\/pais-podera-exportar-carne-in-natura-para-o-mercado-mexicano\/"]}]},{"@type":"ImageObject","inLanguage":"pt-BR","@id":"https:\/\/acrimat.org.br\/portal\/pais-podera-exportar-carne-in-natura-para-o-mercado-mexicano\/#primaryimage","url":"https:\/\/acrimat.org.br\/portal\/wp-content\/uploads\/2017\/12\/exportacao-carne-bovina-salgada.jpg","contentUrl":"https:\/\/acrimat.org.br\/portal\/wp-content\/uploads\/2017\/12\/exportacao-carne-bovina-salgada.jpg","width":730,"height":502},{"@type":"BreadcrumbList","@id":"https:\/\/acrimat.org.br\/portal\/pais-podera-exportar-carne-in-natura-para-o-mercado-mexicano\/#breadcrumb","itemListElement":[{"@type":"ListItem","position":1,"name":"In\u00edcio","item":"https:\/\/acrimat.org.br\/portal\/"},{"@type":"ListItem","position":2,"name":"Pa\u00eds poder\u00e1 exportar carne in natura para o mercado mexicano"}]},{"@type":"WebSite","@id":"https:\/\/acrimat.org.br\/portal\/#website","url":"https:\/\/acrimat.org.br\/portal\/","name":"Acrimat","description":"Associa\u00e7\u00e3o dos Criadores de Mato Grosso","publisher":{"@id":"https:\/\/acrimat.org.br\/portal\/#organization"},"potentialAction":[{"@type":"SearchAction","target":{"@type":"EntryPoint","urlTemplate":"https:\/\/acrimat.org.br\/portal\/?s={search_term_string}"},"query-input":{"@type":"PropertyValueSpecification","valueRequired":true,"valueName":"search_term_string"}}],"inLanguage":"pt-BR"},{"@type":"Organization","@id":"https:\/\/acrimat.org.br\/portal\/#organization","name":"Associa\u00e7\u00e3o dos Criadores de Mato Grosso","url":"https:\/\/acrimat.org.br\/portal\/","logo":{"@type":"ImageObject","inLanguage":"pt-BR","@id":"https:\/\/acrimat.org.br\/portal\/#\/schema\/logo\/image\/","url":"https:\/\/acrimat.org.br\/portal\/wp-content\/uploads\/2018\/03\/logo-peq-original.png","contentUrl":"https:\/\/acrimat.org.br\/portal\/wp-content\/uploads\/2018\/03\/logo-peq-original.png","width":174,"height":171,"caption":"Associa\u00e7\u00e3o dos Criadores de Mato Grosso"},"image":{"@id":"https:\/\/acrimat.org.br\/portal\/#\/schema\/logo\/image\/"}},{"@type":"Person","@id":"https:\/\/acrimat.org.br\/portal\/#\/schema\/person\/18df8bcf6890e924fe5d8b5afd2bec0f","name":"P\u00e9ricles C\u00e2ndido","image":{"@type":"ImageObject","inLanguage":"pt-BR","@id":"https:\/\/acrimat.org.br\/portal\/#\/schema\/person\/image\/","url":"https:\/\/secure.gravatar.com\/avatar\/33e2a2b971dc363ed2df53d0d3bfbd18?s=96&d=mm&r=g","contentUrl":"https:\/\/secure.gravatar.com\/avatar\/33e2a2b971dc363ed2df53d0d3bfbd18?s=96&d=mm&r=g","caption":"P\u00e9ricles C\u00e2ndido"},"sameAs":["ascom@acrimat.org.br"],"url":"https:\/\/acrimat.org.br\/portal\/author\/designergrafico\/"}]}},"_links":{"self":[{"href":"https:\/\/acrimat.org.br\/portal\/wp-json\/wp\/v2\/posts\/97985233","targetHints":{"allow":["GET"]}}],"collection":[{"href":"https:\/\/acrimat.org.br\/portal\/wp-json\/wp\/v2\/posts"}],"about":[{"href":"https:\/\/acrimat.org.br\/portal\/wp-json\/wp\/v2\/types\/post"}],"author":[{"embeddable":true,"href":"https:\/\/acrimat.org.br\/portal\/wp-json\/wp\/v2\/users\/11"}],"replies":[{"embeddable":true,"href":"https:\/\/acrimat.org.br\/portal\/wp-json\/wp\/v2\/comments?post=97985233"}],"version-history":[{"count":2,"href":"https:\/\/acrimat.org.br\/portal\/wp-json\/wp\/v2\/posts\/97985233\/revisions"}],"predecessor-version":[{"id":97985235,"href":"https:\/\/acrimat.org.br\/portal\/wp-json\/wp\/v2\/posts\/97985233\/revisions\/97985235"}],"wp:featuredmedia":[{"embeddable":true,"href":"https:\/\/acrimat.org.br\/portal\/wp-json\/wp\/v2\/media\/97985145"}],"wp:attachment":[{"href":"https:\/\/acrimat.org.br\/portal\/wp-json\/wp\/v2\/media?parent=97985233"}],"wp:term":[{"taxonomy":"category","embeddable":true,"href":"https:\/\/acrimat.org.br\/portal\/wp-json\/wp\/v2\/categories?post=97985233"},{"taxonomy":"post_tag","embeddable":true,"href":"https:\/\/acrimat.org.br\/portal\/wp-json\/wp\/v2\/tags?post=97985233"}],"curies":[{"name":"wp","href":"https:\/\/api.w.org\/{rel}","templated":true}]}}