{"id":97985238,"date":"2017-12-07T10:59:02","date_gmt":"2017-12-07T13:59:02","guid":{"rendered":"http:\/\/acrimat.org.br\/portal\/?p=97985238"},"modified":"2017-12-07T10:59:02","modified_gmt":"2017-12-07T13:59:02","slug":"mt-numero-de-confinamentos-superou-media-nacional","status":"publish","type":"post","link":"https:\/\/acrimat.org.br\/portal\/mt-numero-de-confinamentos-superou-media-nacional\/","title":{"rendered":"MT: n\u00famero de confinamentos superou m\u00e9dia nacional"},"content":{"rendered":"<p>Em Mato Grosso, o n\u00famero de bovinos confinados cresceu 12,7% e superou a m\u00e9dia nacional. De acordo com o diretor-executivo da Acrimat, Luciano Vacari, o principal fator para o aumento de confinamentos foi a crise do setor no in\u00edcio de 2017, que pressionou os pre\u00e7os da \u00e9poca e influenciou o mercado futuro.<\/p>\n<p><iframe allowfullscreen=\"\" frameborder=\"0\" height=\"360\" mozallowfullscreen=\"\" scrolling=\"no\" src=\"https:\/\/fast.player.liquidplatform.com\/pApiv2\/embed\/91f350247ae22f0adafa6addd8aa23da\/0413cd4b919bdc3be4a01d28c702b126\" webkitallowfullscreen=\"\" width=\"640\"><\/iframe><\/p>\n","protected":false},"excerpt":{"rendered":"<p>De acordo com o diretor-executivo da Acrimat, Luciano Vacari, o principal fator para o aumento de confinamentos foi a crise do setor no in\u00edcio de 2017<\/p>\n","protected":false},"author":11,"featured_media":97985239,"comment_status":"closed","ping_status":"closed","sticky":false,"template":"","format":"standard","meta":{"footnotes":""},"categories":[6,1],"tags":[],"class_list":["post-97985238","post","type-post","status-publish","format-standard","has-post-thumbnail","hentry","category-destaque","category-noticia"],"yoast_head":"<!-- This site is optimized with the Yoast SEO plugin v24.8.1 - https:\/\/yoast.com\/wordpress\/plugins\/seo\/ -->\n<title>MT: n\u00famero de confinamentos superou m\u00e9dia nacional - Acrimat<\/title>\n<meta name=\"robots\" content=\"index, follow, max-snippet:-1, max-image-preview:large, max-video-preview:-1\" \/>\n<link rel=\"canonical\" href=\"https:\/\/acrimat.org.br\/portal\/mt-numero-de-confinamentos-superou-media-nacional\/\" \/>\n<meta property=\"og:locale\" content=\"pt_BR\" \/>\n<meta property=\"og:type\" content=\"article\" \/>\n<meta property=\"og:title\" content=\"MT: n\u00famero de confinamentos superou m\u00e9dia nacional - Acrimat\" \/>\n<meta property=\"og:description\" content=\"De acordo com o diretor-executivo da Acrimat, Luciano Vacari, o principal fator para o aumento de confinamentos foi a crise do setor no in\u00edcio de 2017\" \/>\n<meta property=\"og:url\" content=\"https:\/\/acrimat.org.br\/portal\/mt-numero-de-confinamentos-superou-media-nacional\/\" \/>\n<meta property=\"og:site_name\" content=\"Acrimat\" \/>\n<meta property=\"article:published_time\" content=\"2017-12-07T13:59:02+00:00\" \/>\n<meta property=\"og:image\" content=\"https:\/\/acrimat.org.br\/portal\/wp-content\/uploads\/2017\/12\/1512577038696.jpg\" \/>\n\t<meta property=\"og:image:width\" content=\"640\" \/>\n\t<meta property=\"og:image:height\" content=\"468\" \/>\n\t<meta property=\"og:image:type\" content=\"image\/jpeg\" \/>\n<meta name=\"author\" content=\"P\u00e9ricles C\u00e2ndido\" \/>\n<meta name=\"twitter:card\" content=\"summary_large_image\" \/>\n<meta name=\"twitter:label1\" content=\"Escrito por\" \/>\n\t<meta name=\"twitter:data1\" content=\"P\u00e9ricles C\u00e2ndido\" \/>\n<script type=\"application\/ld+json\" class=\"yoast-schema-graph\">{\"@context\":\"https:\/\/schema.org\",\"@graph\":[{\"@type\":\"Article\",\"@id\":\"https:\/\/acrimat.org.br\/portal\/mt-numero-de-confinamentos-superou-media-nacional\/#article\",\"isPartOf\":{\"@id\":\"https:\/\/acrimat.org.br\/portal\/mt-numero-de-confinamentos-superou-media-nacional\/\"},\"author\":{\"name\":\"P\u00e9ricles C\u00e2ndido\",\"@id\":\"https:\/\/acrimat.org.br\/portal\/#\/schema\/person\/18df8bcf6890e924fe5d8b5afd2bec0f\"},\"headline\":\"MT: n\u00famero de confinamentos superou m\u00e9dia nacional\",\"datePublished\":\"2017-12-07T13:59:02+00:00\",\"mainEntityOfPage\":{\"@id\":\"https:\/\/acrimat.org.br\/portal\/mt-numero-de-confinamentos-superou-media-nacional\/\"},\"wordCount\":63,\"publisher\":{\"@id\":\"https:\/\/acrimat.org.br\/portal\/#organization\"},\"image\":{\"@id\":\"https:\/\/acrimat.org.br\/portal\/mt-numero-de-confinamentos-superou-media-nacional\/#primaryimage\"},\"thumbnailUrl\":\"https:\/\/acrimat.org.br\/portal\/wp-content\/uploads\/2017\/12\/1512577038696.jpg\",\"articleSection\":[\"Destaques\",\"Not\u00edcias\"],\"inLanguage\":\"pt-BR\"},{\"@type\":\"WebPage\",\"@id\":\"https:\/\/acrimat.org.br\/portal\/mt-numero-de-confinamentos-superou-media-nacional\/\",\"url\":\"https:\/\/acrimat.org.br\/portal\/mt-numero-de-confinamentos-superou-media-nacional\/\",\"name\":\"MT: n\u00famero de confinamentos superou m\u00e9dia nacional - Acrimat\",\"isPartOf\":{\"@id\":\"https:\/\/acrimat.org.br\/portal\/#website\"},\"primaryImageOfPage\":{\"@id\":\"https:\/\/acrimat.org.br\/portal\/mt-numero-de-confinamentos-superou-media-nacional\/#primaryimage\"},\"image\":{\"@id\":\"https:\/\/acrimat.org.br\/portal\/mt-numero-de-confinamentos-superou-media-nacional\/#primaryimage\"},\"thumbnailUrl\":\"https:\/\/acrimat.org.br\/portal\/wp-content\/uploads\/2017\/12\/1512577038696.jpg\",\"datePublished\":\"2017-12-07T13:59:02+00:00\",\"breadcrumb\":{\"@id\":\"https:\/\/acrimat.org.br\/portal\/mt-numero-de-confinamentos-superou-media-nacional\/#breadcrumb\"},\"inLanguage\":\"pt-BR\",\"potentialAction\":[{\"@type\":\"ReadAction\",\"target\":[\"https:\/\/acrimat.org.br\/portal\/mt-numero-de-confinamentos-superou-media-nacional\/\"]}]},{\"@type\":\"ImageObject\",\"inLanguage\":\"pt-BR\",\"@id\":\"https:\/\/acrimat.org.br\/portal\/mt-numero-de-confinamentos-superou-media-nacional\/#primaryimage\",\"url\":\"https:\/\/acrimat.org.br\/portal\/wp-content\/uploads\/2017\/12\/1512577038696.jpg\",\"contentUrl\":\"https:\/\/acrimat.org.br\/portal\/wp-content\/uploads\/2017\/12\/1512577038696.jpg\",\"width\":640,\"height\":468},{\"@type\":\"BreadcrumbList\",\"@id\":\"https:\/\/acrimat.org.br\/portal\/mt-numero-de-confinamentos-superou-media-nacional\/#breadcrumb\",\"itemListElement\":[{\"@type\":\"ListItem\",\"position\":1,\"name\":\"In\u00edcio\",\"item\":\"https:\/\/acrimat.org.br\/portal\/\"},{\"@type\":\"ListItem\",\"position\":2,\"name\":\"MT: n\u00famero de confinamentos superou m\u00e9dia nacional\"}]},{\"@type\":\"WebSite\",\"@id\":\"https:\/\/acrimat.org.br\/portal\/#website\",\"url\":\"https:\/\/acrimat.org.br\/portal\/\",\"name\":\"Acrimat\",\"description\":\"Associa\u00e7\u00e3o dos Criadores de Mato Grosso\",\"publisher\":{\"@id\":\"https:\/\/acrimat.org.br\/portal\/#organization\"},\"potentialAction\":[{\"@type\":\"SearchAction\",\"target\":{\"@type\":\"EntryPoint\",\"urlTemplate\":\"https:\/\/acrimat.org.br\/portal\/?s={search_term_string}\"},\"query-input\":{\"@type\":\"PropertyValueSpecification\",\"valueRequired\":true,\"valueName\":\"search_term_string\"}}],\"inLanguage\":\"pt-BR\"},{\"@type\":\"Organization\",\"@id\":\"https:\/\/acrimat.org.br\/portal\/#organization\",\"name\":\"Associa\u00e7\u00e3o dos Criadores de Mato Grosso\",\"url\":\"https:\/\/acrimat.org.br\/portal\/\",\"logo\":{\"@type\":\"ImageObject\",\"inLanguage\":\"pt-BR\",\"@id\":\"https:\/\/acrimat.org.br\/portal\/#\/schema\/logo\/image\/\",\"url\":\"https:\/\/acrimat.org.br\/portal\/wp-content\/uploads\/2018\/03\/logo-peq-original.png\",\"contentUrl\":\"https:\/\/acrimat.org.br\/portal\/wp-content\/uploads\/2018\/03\/logo-peq-original.png\",\"width\":174,\"height\":171,\"caption\":\"Associa\u00e7\u00e3o dos Criadores de Mato Grosso\"},\"image\":{\"@id\":\"https:\/\/acrimat.org.br\/portal\/#\/schema\/logo\/image\/\"}},{\"@type\":\"Person\",\"@id\":\"https:\/\/acrimat.org.br\/portal\/#\/schema\/person\/18df8bcf6890e924fe5d8b5afd2bec0f\",\"name\":\"P\u00e9ricles C\u00e2ndido\",\"image\":{\"@type\":\"ImageObject\",\"inLanguage\":\"pt-BR\",\"@id\":\"https:\/\/acrimat.org.br\/portal\/#\/schema\/person\/image\/\",\"url\":\"https:\/\/secure.gravatar.com\/avatar\/33e2a2b971dc363ed2df53d0d3bfbd18?s=96&d=mm&r=g\",\"contentUrl\":\"https:\/\/secure.gravatar.com\/avatar\/33e2a2b971dc363ed2df53d0d3bfbd18?s=96&d=mm&r=g\",\"caption\":\"P\u00e9ricles C\u00e2ndido\"},\"sameAs\":[\"ascom@acrimat.org.br\"],\"url\":\"https:\/\/acrimat.org.br\/portal\/author\/designergrafico\/\"}]}<\/script>\n<!-- \/ Yoast SEO plugin. -->","yoast_head_json":{"title":"MT: n\u00famero de confinamentos superou m\u00e9dia nacional - Acrimat","robots":{"index":"index","follow":"follow","max-snippet":"max-snippet:-1","max-image-preview":"max-image-preview:large","max-video-preview":"max-video-preview:-1"},"canonical":"https:\/\/acrimat.org.br\/portal\/mt-numero-de-confinamentos-superou-media-nacional\/","og_locale":"pt_BR","og_type":"article","og_title":"MT: n\u00famero de confinamentos superou m\u00e9dia nacional - Acrimat","og_description":"De acordo com o diretor-executivo da Acrimat, Luciano Vacari, o principal fator para o aumento de confinamentos foi a crise do setor no in\u00edcio de 2017","og_url":"https:\/\/acrimat.org.br\/portal\/mt-numero-de-confinamentos-superou-media-nacional\/","og_site_name":"Acrimat","article_published_time":"2017-12-07T13:59:02+00:00","og_image":[{"width":640,"height":468,"url":"https:\/\/acrimat.org.br\/portal\/wp-content\/uploads\/2017\/12\/1512577038696.jpg","type":"image\/jpeg"}],"author":"P\u00e9ricles C\u00e2ndido","twitter_card":"summary_large_image","twitter_misc":{"Escrito por":"P\u00e9ricles C\u00e2ndido"},"schema":{"@context":"https:\/\/schema.org","@graph":[{"@type":"Article","@id":"https:\/\/acrimat.org.br\/portal\/mt-numero-de-confinamentos-superou-media-nacional\/#article","isPartOf":{"@id":"https:\/\/acrimat.org.br\/portal\/mt-numero-de-confinamentos-superou-media-nacional\/"},"author":{"name":"P\u00e9ricles C\u00e2ndido","@id":"https:\/\/acrimat.org.br\/portal\/#\/schema\/person\/18df8bcf6890e924fe5d8b5afd2bec0f"},"headline":"MT: n\u00famero de confinamentos superou m\u00e9dia nacional","datePublished":"2017-12-07T13:59:02+00:00","mainEntityOfPage":{"@id":"https:\/\/acrimat.org.br\/portal\/mt-numero-de-confinamentos-superou-media-nacional\/"},"wordCount":63,"publisher":{"@id":"https:\/\/acrimat.org.br\/portal\/#organization"},"image":{"@id":"https:\/\/acrimat.org.br\/portal\/mt-numero-de-confinamentos-superou-media-nacional\/#primaryimage"},"thumbnailUrl":"https:\/\/acrimat.org.br\/portal\/wp-content\/uploads\/2017\/12\/1512577038696.jpg","articleSection":["Destaques","Not\u00edcias"],"inLanguage":"pt-BR"},{"@type":"WebPage","@id":"https:\/\/acrimat.org.br\/portal\/mt-numero-de-confinamentos-superou-media-nacional\/","url":"https:\/\/acrimat.org.br\/portal\/mt-numero-de-confinamentos-superou-media-nacional\/","name":"MT: n\u00famero de confinamentos superou m\u00e9dia nacional - Acrimat","isPartOf":{"@id":"https:\/\/acrimat.org.br\/portal\/#website"},"primaryImageOfPage":{"@id":"https:\/\/acrimat.org.br\/portal\/mt-numero-de-confinamentos-superou-media-nacional\/#primaryimage"},"image":{"@id":"https:\/\/acrimat.org.br\/portal\/mt-numero-de-confinamentos-superou-media-nacional\/#primaryimage"},"thumbnailUrl":"https:\/\/acrimat.org.br\/portal\/wp-content\/uploads\/2017\/12\/1512577038696.jpg","datePublished":"2017-12-07T13:59:02+00:00","breadcrumb":{"@id":"https:\/\/acrimat.org.br\/portal\/mt-numero-de-confinamentos-superou-media-nacional\/#breadcrumb"},"inLanguage":"pt-BR","potentialAction":[{"@type":"ReadAction","target":["https:\/\/acrimat.org.br\/portal\/mt-numero-de-confinamentos-superou-media-nacional\/"]}]},{"@type":"ImageObject","inLanguage":"pt-BR","@id":"https:\/\/acrimat.org.br\/portal\/mt-numero-de-confinamentos-superou-media-nacional\/#primaryimage","url":"https:\/\/acrimat.org.br\/portal\/wp-content\/uploads\/2017\/12\/1512577038696.jpg","contentUrl":"https:\/\/acrimat.org.br\/portal\/wp-content\/uploads\/2017\/12\/1512577038696.jpg","width":640,"height":468},{"@type":"BreadcrumbList","@id":"https:\/\/acrimat.org.br\/portal\/mt-numero-de-confinamentos-superou-media-nacional\/#breadcrumb","itemListElement":[{"@type":"ListItem","position":1,"name":"In\u00edcio","item":"https:\/\/acrimat.org.br\/portal\/"},{"@type":"ListItem","position":2,"name":"MT: n\u00famero de confinamentos superou m\u00e9dia nacional"}]},{"@type":"WebSite","@id":"https:\/\/acrimat.org.br\/portal\/#website","url":"https:\/\/acrimat.org.br\/portal\/","name":"Acrimat","description":"Associa\u00e7\u00e3o dos Criadores de Mato Grosso","publisher":{"@id":"https:\/\/acrimat.org.br\/portal\/#organization"},"potentialAction":[{"@type":"SearchAction","target":{"@type":"EntryPoint","urlTemplate":"https:\/\/acrimat.org.br\/portal\/?s={search_term_string}"},"query-input":{"@type":"PropertyValueSpecification","valueRequired":true,"valueName":"search_term_string"}}],"inLanguage":"pt-BR"},{"@type":"Organization","@id":"https:\/\/acrimat.org.br\/portal\/#organization","name":"Associa\u00e7\u00e3o dos Criadores de Mato Grosso","url":"https:\/\/acrimat.org.br\/portal\/","logo":{"@type":"ImageObject","inLanguage":"pt-BR","@id":"https:\/\/acrimat.org.br\/portal\/#\/schema\/logo\/image\/","url":"https:\/\/acrimat.org.br\/portal\/wp-content\/uploads\/2018\/03\/logo-peq-original.png","contentUrl":"https:\/\/acrimat.org.br\/portal\/wp-content\/uploads\/2018\/03\/logo-peq-original.png","width":174,"height":171,"caption":"Associa\u00e7\u00e3o dos Criadores de Mato Grosso"},"image":{"@id":"https:\/\/acrimat.org.br\/portal\/#\/schema\/logo\/image\/"}},{"@type":"Person","@id":"https:\/\/acrimat.org.br\/portal\/#\/schema\/person\/18df8bcf6890e924fe5d8b5afd2bec0f","name":"P\u00e9ricles C\u00e2ndido","image":{"@type":"ImageObject","inLanguage":"pt-BR","@id":"https:\/\/acrimat.org.br\/portal\/#\/schema\/person\/image\/","url":"https:\/\/secure.gravatar.com\/avatar\/33e2a2b971dc363ed2df53d0d3bfbd18?s=96&d=mm&r=g","contentUrl":"https:\/\/secure.gravatar.com\/avatar\/33e2a2b971dc363ed2df53d0d3bfbd18?s=96&d=mm&r=g","caption":"P\u00e9ricles C\u00e2ndido"},"sameAs":["ascom@acrimat.org.br"],"url":"https:\/\/acrimat.org.br\/portal\/author\/designergrafico\/"}]}},"_links":{"self":[{"href":"https:\/\/acrimat.org.br\/portal\/wp-json\/wp\/v2\/posts\/97985238","targetHints":{"allow":["GET"]}}],"collection":[{"href":"https:\/\/acrimat.org.br\/portal\/wp-json\/wp\/v2\/posts"}],"about":[{"href":"https:\/\/acrimat.org.br\/portal\/wp-json\/wp\/v2\/types\/post"}],"author":[{"embeddable":true,"href":"https:\/\/acrimat.org.br\/portal\/wp-json\/wp\/v2\/users\/11"}],"replies":[{"embeddable":true,"href":"https:\/\/acrimat.org.br\/portal\/wp-json\/wp\/v2\/comments?post=97985238"}],"version-history":[{"count":1,"href":"https:\/\/acrimat.org.br\/portal\/wp-json\/wp\/v2\/posts\/97985238\/revisions"}],"predecessor-version":[{"id":97985240,"href":"https:\/\/acrimat.org.br\/portal\/wp-json\/wp\/v2\/posts\/97985238\/revisions\/97985240"}],"wp:featuredmedia":[{"embeddable":true,"href":"https:\/\/acrimat.org.br\/portal\/wp-json\/wp\/v2\/media\/97985239"}],"wp:attachment":[{"href":"https:\/\/acrimat.org.br\/portal\/wp-json\/wp\/v2\/media?parent=97985238"}],"wp:term":[{"taxonomy":"category","embeddable":true,"href":"https:\/\/acrimat.org.br\/portal\/wp-json\/wp\/v2\/categories?post=97985238"},{"taxonomy":"post_tag","embeddable":true,"href":"https:\/\/acrimat.org.br\/portal\/wp-json\/wp\/v2\/tags?post=97985238"}],"curies":[{"name":"wp","href":"https:\/\/api.w.org\/{rel}","templated":true}]}}