{"id":97985260,"date":"2017-12-11T08:57:20","date_gmt":"2017-12-11T11:57:20","guid":{"rendered":"http:\/\/acrimat.org.br\/portal\/?p=97985260"},"modified":"2017-12-11T08:57:20","modified_gmt":"2017-12-11T11:57:20","slug":"presidente-da-apex-diz-nunca-ter-visto-mercosul-e-ue-tao-comprometidos-com-acordo","status":"publish","type":"post","link":"https:\/\/acrimat.org.br\/portal\/presidente-da-apex-diz-nunca-ter-visto-mercosul-e-ue-tao-comprometidos-com-acordo\/","title":{"rendered":"Presidente da Apex diz nunca ter visto Mercosul e UE t\u00e3o comprometidos com acordo"},"content":{"rendered":"<p>O presidente da Ag\u00eancia Brasileira de Promo\u00e7\u00e3o de Exporta\u00e7\u00f5es e Investimentos (Apex), Roberto Jaguaribe, disse que os pa\u00edses do Mercosul e da Uni\u00e3o Europeia est\u00e3o comprometidos com um acordo de livre com\u00e9rcio em n\u00edveis in\u00e9ditos. \u201cNunca vi compromisso equivalente dos dois lados. N\u00e3o h\u00e1 divis\u00f5es no Mercosul e nunca vi declara\u00e7\u00f5es t\u00e3o evidentes por parte dos l\u00edderes da Uni\u00e3o Europeia do compromisso p\u00fablico que eles agora t\u00eam declarado\u201d, afirmou.<\/p>\n<p>Na pr\u00f3xima semana, haver\u00e1 uma reuni\u00e3o entre representantes dos dois blocos na Argentina e a diplomacia acredita que aumentou as chances de que um pr\u00e9-acordo seja firmado.<\/p>\n<p>O presidente da ag\u00eancia lembrou que o Brasil \u00e9 o quarto maior investidor n\u00e3o-europeu na Uni\u00e3o Europeia, acima de todos os pa\u00edses do acr\u00f4nimo BRIC, e que \u00e9 preciso aumentar a\u00e7\u00f5es de promo\u00e7\u00e3o do Brasil na Europa. \u201cA Europa pode pensar que somos povos primitivos, precisamos mostrar que somos pa\u00edses com muita consequ\u00eancia\u201d, brincou.<\/p>\n<p>Em rela\u00e7\u00e3o \u00e0s cotas que est\u00e3o sendo negociadas para a exporta\u00e7\u00e3o de carne e etanol para o bloco europeu, Jaguaribe disse que anda n\u00e3o \u00e9 poss\u00edvel falar em patamares m\u00ednimos e que os setores est\u00e3o sendo consultados antes de o Brasil aceitar qualquer proposta.<\/p>\n<p>Ele afastou a possibilidade de que o acordo poder\u00e1 levar \u00e0 desindustrializa\u00e7\u00e3o da economia brasileira e disse que n\u00e3o h\u00e1 nenhum risco de isso acontecer. \u201cA ideia de que o Brasil vai aceitar um acordo de desindustrializa\u00e7\u00e3o \u00e9 completamente falsa. O fato de o Brasil ter uma agroind\u00fastria pujante n\u00e3o \u00e9 suficiente, um pa\u00eds da dimens\u00e3o do nosso tem que ter uma ind\u00fastria robusta\u201d, afirmou.<\/p>\n<p>Jaguaribe tamb\u00e9m rebateu cr\u00edticas do Greenpeace ao acordo, que vazou documentos relacionados \u00e0 negocia\u00e7\u00e3o e declarou que o desmatamento vai aumentar ap\u00f3s o acordo. Ele disse que o organismo \u00e9 \u201ccampe\u00e3o em montar pain\u00e9is de desgra\u00e7a\u201d e ressaltou que o Brasil \u00e9 o pais que menos desmatou sua vegeta\u00e7\u00e3o nativa e que h\u00e1 muito espa\u00e7o para expans\u00e3o em \u00e1reas n\u00e3o florestais. \u201cH\u00e1 coisas equivocadas, h\u00e1 um interesse demag\u00f3gico de fazer o Brasil aparecer sempre como vil\u00e3o\u201d, afirmou.<\/p>\n<p>O presidente fez nesta sexta-feira, 8, um balan\u00e7o da atua\u00e7\u00e3o da ag\u00eancia em 2017. Segundo Jaguaribe, dos US$ 183,5 bilh\u00f5es exportados pelas empresas brasileiras at\u00e9 outubro, US$ 51,6 bilh\u00f5es foram com apoio da ag\u00eancia.<\/p>\n","protected":false},"excerpt":{"rendered":"<p>Na pr\u00f3xima semana, haver\u00e1 uma reuni\u00e3o entre representantes dos dois blocos na Argentina e a diplomacia acredita que aumentou as chances de que um pr\u00e9-acordo seja firmado<\/p>\n","protected":false},"author":11,"featured_media":97985261,"comment_status":"closed","ping_status":"closed","sticky":false,"template":"","format":"standard","meta":{"footnotes":""},"categories":[6,1],"tags":[],"class_list":["post-97985260","post","type-post","status-publish","format-standard","has-post-thumbnail","hentry","category-destaque","category-noticia"],"yoast_head":"<!-- This site is optimized with the Yoast SEO plugin v24.8.1 - https:\/\/yoast.com\/wordpress\/plugins\/seo\/ -->\n<title>Presidente da Apex diz nunca ter visto Mercosul e UE t\u00e3o comprometidos com acordo - Acrimat<\/title>\n<meta name=\"robots\" content=\"index, follow, max-snippet:-1, max-image-preview:large, max-video-preview:-1\" \/>\n<link rel=\"canonical\" href=\"https:\/\/acrimat.org.br\/portal\/presidente-da-apex-diz-nunca-ter-visto-mercosul-e-ue-tao-comprometidos-com-acordo\/\" \/>\n<meta property=\"og:locale\" content=\"pt_BR\" \/>\n<meta property=\"og:type\" content=\"article\" \/>\n<meta property=\"og:title\" content=\"Presidente da Apex diz nunca ter visto Mercosul e UE t\u00e3o comprometidos com acordo - Acrimat\" \/>\n<meta property=\"og:description\" content=\"Na pr\u00f3xima semana, haver\u00e1 uma reuni\u00e3o entre representantes dos dois blocos na Argentina e a diplomacia acredita que aumentou as chances de que um pr\u00e9-acordo seja firmado\" \/>\n<meta property=\"og:url\" content=\"https:\/\/acrimat.org.br\/portal\/presidente-da-apex-diz-nunca-ter-visto-mercosul-e-ue-tao-comprometidos-com-acordo\/\" \/>\n<meta property=\"og:site_name\" content=\"Acrimat\" \/>\n<meta property=\"article:published_time\" content=\"2017-12-11T11:57:20+00:00\" \/>\n<meta property=\"og:image\" content=\"https:\/\/acrimat.org.br\/portal\/wp-content\/uploads\/2017\/12\/exportacoes3.jpg\" \/>\n\t<meta property=\"og:image:width\" content=\"730\" \/>\n\t<meta property=\"og:image:height\" content=\"502\" \/>\n\t<meta property=\"og:image:type\" content=\"image\/jpeg\" \/>\n<meta name=\"author\" content=\"P\u00e9ricles C\u00e2ndido\" \/>\n<meta name=\"twitter:card\" content=\"summary_large_image\" \/>\n<meta name=\"twitter:label1\" content=\"Escrito por\" \/>\n\t<meta name=\"twitter:data1\" content=\"P\u00e9ricles C\u00e2ndido\" \/>\n\t<meta name=\"twitter:label2\" content=\"Est. tempo de leitura\" \/>\n\t<meta name=\"twitter:data2\" content=\"2 minutos\" \/>\n<script type=\"application\/ld+json\" class=\"yoast-schema-graph\">{\"@context\":\"https:\/\/schema.org\",\"@graph\":[{\"@type\":\"Article\",\"@id\":\"https:\/\/acrimat.org.br\/portal\/presidente-da-apex-diz-nunca-ter-visto-mercosul-e-ue-tao-comprometidos-com-acordo\/#article\",\"isPartOf\":{\"@id\":\"https:\/\/acrimat.org.br\/portal\/presidente-da-apex-diz-nunca-ter-visto-mercosul-e-ue-tao-comprometidos-com-acordo\/\"},\"author\":{\"name\":\"P\u00e9ricles C\u00e2ndido\",\"@id\":\"https:\/\/acrimat.org.br\/portal\/#\/schema\/person\/18df8bcf6890e924fe5d8b5afd2bec0f\"},\"headline\":\"Presidente da Apex diz nunca ter visto Mercosul e UE t\u00e3o comprometidos com acordo\",\"datePublished\":\"2017-12-11T11:57:20+00:00\",\"mainEntityOfPage\":{\"@id\":\"https:\/\/acrimat.org.br\/portal\/presidente-da-apex-diz-nunca-ter-visto-mercosul-e-ue-tao-comprometidos-com-acordo\/\"},\"wordCount\":435,\"publisher\":{\"@id\":\"https:\/\/acrimat.org.br\/portal\/#organization\"},\"image\":{\"@id\":\"https:\/\/acrimat.org.br\/portal\/presidente-da-apex-diz-nunca-ter-visto-mercosul-e-ue-tao-comprometidos-com-acordo\/#primaryimage\"},\"thumbnailUrl\":\"https:\/\/acrimat.org.br\/portal\/wp-content\/uploads\/2017\/12\/exportacoes3.jpg\",\"articleSection\":[\"Destaques\",\"Not\u00edcias\"],\"inLanguage\":\"pt-BR\"},{\"@type\":\"WebPage\",\"@id\":\"https:\/\/acrimat.org.br\/portal\/presidente-da-apex-diz-nunca-ter-visto-mercosul-e-ue-tao-comprometidos-com-acordo\/\",\"url\":\"https:\/\/acrimat.org.br\/portal\/presidente-da-apex-diz-nunca-ter-visto-mercosul-e-ue-tao-comprometidos-com-acordo\/\",\"name\":\"Presidente da Apex diz nunca ter visto Mercosul e UE t\u00e3o comprometidos com acordo - Acrimat\",\"isPartOf\":{\"@id\":\"https:\/\/acrimat.org.br\/portal\/#website\"},\"primaryImageOfPage\":{\"@id\":\"https:\/\/acrimat.org.br\/portal\/presidente-da-apex-diz-nunca-ter-visto-mercosul-e-ue-tao-comprometidos-com-acordo\/#primaryimage\"},\"image\":{\"@id\":\"https:\/\/acrimat.org.br\/portal\/presidente-da-apex-diz-nunca-ter-visto-mercosul-e-ue-tao-comprometidos-com-acordo\/#primaryimage\"},\"thumbnailUrl\":\"https:\/\/acrimat.org.br\/portal\/wp-content\/uploads\/2017\/12\/exportacoes3.jpg\",\"datePublished\":\"2017-12-11T11:57:20+00:00\",\"breadcrumb\":{\"@id\":\"https:\/\/acrimat.org.br\/portal\/presidente-da-apex-diz-nunca-ter-visto-mercosul-e-ue-tao-comprometidos-com-acordo\/#breadcrumb\"},\"inLanguage\":\"pt-BR\",\"potentialAction\":[{\"@type\":\"ReadAction\",\"target\":[\"https:\/\/acrimat.org.br\/portal\/presidente-da-apex-diz-nunca-ter-visto-mercosul-e-ue-tao-comprometidos-com-acordo\/\"]}]},{\"@type\":\"ImageObject\",\"inLanguage\":\"pt-BR\",\"@id\":\"https:\/\/acrimat.org.br\/portal\/presidente-da-apex-diz-nunca-ter-visto-mercosul-e-ue-tao-comprometidos-com-acordo\/#primaryimage\",\"url\":\"https:\/\/acrimat.org.br\/portal\/wp-content\/uploads\/2017\/12\/exportacoes3.jpg\",\"contentUrl\":\"https:\/\/acrimat.org.br\/portal\/wp-content\/uploads\/2017\/12\/exportacoes3.jpg\",\"width\":730,\"height\":502},{\"@type\":\"BreadcrumbList\",\"@id\":\"https:\/\/acrimat.org.br\/portal\/presidente-da-apex-diz-nunca-ter-visto-mercosul-e-ue-tao-comprometidos-com-acordo\/#breadcrumb\",\"itemListElement\":[{\"@type\":\"ListItem\",\"position\":1,\"name\":\"In\u00edcio\",\"item\":\"https:\/\/acrimat.org.br\/portal\/\"},{\"@type\":\"ListItem\",\"position\":2,\"name\":\"Presidente da Apex diz nunca ter visto Mercosul e UE t\u00e3o comprometidos com acordo\"}]},{\"@type\":\"WebSite\",\"@id\":\"https:\/\/acrimat.org.br\/portal\/#website\",\"url\":\"https:\/\/acrimat.org.br\/portal\/\",\"name\":\"Acrimat\",\"description\":\"Associa\u00e7\u00e3o dos Criadores de Mato Grosso\",\"publisher\":{\"@id\":\"https:\/\/acrimat.org.br\/portal\/#organization\"},\"potentialAction\":[{\"@type\":\"SearchAction\",\"target\":{\"@type\":\"EntryPoint\",\"urlTemplate\":\"https:\/\/acrimat.org.br\/portal\/?s={search_term_string}\"},\"query-input\":{\"@type\":\"PropertyValueSpecification\",\"valueRequired\":true,\"valueName\":\"search_term_string\"}}],\"inLanguage\":\"pt-BR\"},{\"@type\":\"Organization\",\"@id\":\"https:\/\/acrimat.org.br\/portal\/#organization\",\"name\":\"Associa\u00e7\u00e3o dos Criadores de Mato Grosso\",\"url\":\"https:\/\/acrimat.org.br\/portal\/\",\"logo\":{\"@type\":\"ImageObject\",\"inLanguage\":\"pt-BR\",\"@id\":\"https:\/\/acrimat.org.br\/portal\/#\/schema\/logo\/image\/\",\"url\":\"https:\/\/acrimat.org.br\/portal\/wp-content\/uploads\/2018\/03\/logo-peq-original.png\",\"contentUrl\":\"https:\/\/acrimat.org.br\/portal\/wp-content\/uploads\/2018\/03\/logo-peq-original.png\",\"width\":174,\"height\":171,\"caption\":\"Associa\u00e7\u00e3o dos Criadores de Mato Grosso\"},\"image\":{\"@id\":\"https:\/\/acrimat.org.br\/portal\/#\/schema\/logo\/image\/\"}},{\"@type\":\"Person\",\"@id\":\"https:\/\/acrimat.org.br\/portal\/#\/schema\/person\/18df8bcf6890e924fe5d8b5afd2bec0f\",\"name\":\"P\u00e9ricles C\u00e2ndido\",\"image\":{\"@type\":\"ImageObject\",\"inLanguage\":\"pt-BR\",\"@id\":\"https:\/\/acrimat.org.br\/portal\/#\/schema\/person\/image\/\",\"url\":\"https:\/\/secure.gravatar.com\/avatar\/33e2a2b971dc363ed2df53d0d3bfbd18?s=96&d=mm&r=g\",\"contentUrl\":\"https:\/\/secure.gravatar.com\/avatar\/33e2a2b971dc363ed2df53d0d3bfbd18?s=96&d=mm&r=g\",\"caption\":\"P\u00e9ricles C\u00e2ndido\"},\"sameAs\":[\"ascom@acrimat.org.br\"],\"url\":\"https:\/\/acrimat.org.br\/portal\/author\/designergrafico\/\"}]}<\/script>\n<!-- \/ Yoast SEO plugin. -->","yoast_head_json":{"title":"Presidente da Apex diz nunca ter visto Mercosul e UE t\u00e3o comprometidos com acordo - Acrimat","robots":{"index":"index","follow":"follow","max-snippet":"max-snippet:-1","max-image-preview":"max-image-preview:large","max-video-preview":"max-video-preview:-1"},"canonical":"https:\/\/acrimat.org.br\/portal\/presidente-da-apex-diz-nunca-ter-visto-mercosul-e-ue-tao-comprometidos-com-acordo\/","og_locale":"pt_BR","og_type":"article","og_title":"Presidente da Apex diz nunca ter visto Mercosul e UE t\u00e3o comprometidos com acordo - Acrimat","og_description":"Na pr\u00f3xima semana, haver\u00e1 uma reuni\u00e3o entre representantes dos dois blocos na Argentina e a diplomacia acredita que aumentou as chances de que um pr\u00e9-acordo seja firmado","og_url":"https:\/\/acrimat.org.br\/portal\/presidente-da-apex-diz-nunca-ter-visto-mercosul-e-ue-tao-comprometidos-com-acordo\/","og_site_name":"Acrimat","article_published_time":"2017-12-11T11:57:20+00:00","og_image":[{"width":730,"height":502,"url":"https:\/\/acrimat.org.br\/portal\/wp-content\/uploads\/2017\/12\/exportacoes3.jpg","type":"image\/jpeg"}],"author":"P\u00e9ricles C\u00e2ndido","twitter_card":"summary_large_image","twitter_misc":{"Escrito por":"P\u00e9ricles C\u00e2ndido","Est. tempo de leitura":"2 minutos"},"schema":{"@context":"https:\/\/schema.org","@graph":[{"@type":"Article","@id":"https:\/\/acrimat.org.br\/portal\/presidente-da-apex-diz-nunca-ter-visto-mercosul-e-ue-tao-comprometidos-com-acordo\/#article","isPartOf":{"@id":"https:\/\/acrimat.org.br\/portal\/presidente-da-apex-diz-nunca-ter-visto-mercosul-e-ue-tao-comprometidos-com-acordo\/"},"author":{"name":"P\u00e9ricles C\u00e2ndido","@id":"https:\/\/acrimat.org.br\/portal\/#\/schema\/person\/18df8bcf6890e924fe5d8b5afd2bec0f"},"headline":"Presidente da Apex diz nunca ter visto Mercosul e UE t\u00e3o comprometidos com acordo","datePublished":"2017-12-11T11:57:20+00:00","mainEntityOfPage":{"@id":"https:\/\/acrimat.org.br\/portal\/presidente-da-apex-diz-nunca-ter-visto-mercosul-e-ue-tao-comprometidos-com-acordo\/"},"wordCount":435,"publisher":{"@id":"https:\/\/acrimat.org.br\/portal\/#organization"},"image":{"@id":"https:\/\/acrimat.org.br\/portal\/presidente-da-apex-diz-nunca-ter-visto-mercosul-e-ue-tao-comprometidos-com-acordo\/#primaryimage"},"thumbnailUrl":"https:\/\/acrimat.org.br\/portal\/wp-content\/uploads\/2017\/12\/exportacoes3.jpg","articleSection":["Destaques","Not\u00edcias"],"inLanguage":"pt-BR"},{"@type":"WebPage","@id":"https:\/\/acrimat.org.br\/portal\/presidente-da-apex-diz-nunca-ter-visto-mercosul-e-ue-tao-comprometidos-com-acordo\/","url":"https:\/\/acrimat.org.br\/portal\/presidente-da-apex-diz-nunca-ter-visto-mercosul-e-ue-tao-comprometidos-com-acordo\/","name":"Presidente da Apex diz nunca ter visto Mercosul e UE t\u00e3o comprometidos com acordo - Acrimat","isPartOf":{"@id":"https:\/\/acrimat.org.br\/portal\/#website"},"primaryImageOfPage":{"@id":"https:\/\/acrimat.org.br\/portal\/presidente-da-apex-diz-nunca-ter-visto-mercosul-e-ue-tao-comprometidos-com-acordo\/#primaryimage"},"image":{"@id":"https:\/\/acrimat.org.br\/portal\/presidente-da-apex-diz-nunca-ter-visto-mercosul-e-ue-tao-comprometidos-com-acordo\/#primaryimage"},"thumbnailUrl":"https:\/\/acrimat.org.br\/portal\/wp-content\/uploads\/2017\/12\/exportacoes3.jpg","datePublished":"2017-12-11T11:57:20+00:00","breadcrumb":{"@id":"https:\/\/acrimat.org.br\/portal\/presidente-da-apex-diz-nunca-ter-visto-mercosul-e-ue-tao-comprometidos-com-acordo\/#breadcrumb"},"inLanguage":"pt-BR","potentialAction":[{"@type":"ReadAction","target":["https:\/\/acrimat.org.br\/portal\/presidente-da-apex-diz-nunca-ter-visto-mercosul-e-ue-tao-comprometidos-com-acordo\/"]}]},{"@type":"ImageObject","inLanguage":"pt-BR","@id":"https:\/\/acrimat.org.br\/portal\/presidente-da-apex-diz-nunca-ter-visto-mercosul-e-ue-tao-comprometidos-com-acordo\/#primaryimage","url":"https:\/\/acrimat.org.br\/portal\/wp-content\/uploads\/2017\/12\/exportacoes3.jpg","contentUrl":"https:\/\/acrimat.org.br\/portal\/wp-content\/uploads\/2017\/12\/exportacoes3.jpg","width":730,"height":502},{"@type":"BreadcrumbList","@id":"https:\/\/acrimat.org.br\/portal\/presidente-da-apex-diz-nunca-ter-visto-mercosul-e-ue-tao-comprometidos-com-acordo\/#breadcrumb","itemListElement":[{"@type":"ListItem","position":1,"name":"In\u00edcio","item":"https:\/\/acrimat.org.br\/portal\/"},{"@type":"ListItem","position":2,"name":"Presidente da Apex diz nunca ter visto Mercosul e UE t\u00e3o comprometidos com acordo"}]},{"@type":"WebSite","@id":"https:\/\/acrimat.org.br\/portal\/#website","url":"https:\/\/acrimat.org.br\/portal\/","name":"Acrimat","description":"Associa\u00e7\u00e3o dos Criadores de Mato Grosso","publisher":{"@id":"https:\/\/acrimat.org.br\/portal\/#organization"},"potentialAction":[{"@type":"SearchAction","target":{"@type":"EntryPoint","urlTemplate":"https:\/\/acrimat.org.br\/portal\/?s={search_term_string}"},"query-input":{"@type":"PropertyValueSpecification","valueRequired":true,"valueName":"search_term_string"}}],"inLanguage":"pt-BR"},{"@type":"Organization","@id":"https:\/\/acrimat.org.br\/portal\/#organization","name":"Associa\u00e7\u00e3o dos Criadores de Mato Grosso","url":"https:\/\/acrimat.org.br\/portal\/","logo":{"@type":"ImageObject","inLanguage":"pt-BR","@id":"https:\/\/acrimat.org.br\/portal\/#\/schema\/logo\/image\/","url":"https:\/\/acrimat.org.br\/portal\/wp-content\/uploads\/2018\/03\/logo-peq-original.png","contentUrl":"https:\/\/acrimat.org.br\/portal\/wp-content\/uploads\/2018\/03\/logo-peq-original.png","width":174,"height":171,"caption":"Associa\u00e7\u00e3o dos Criadores de Mato Grosso"},"image":{"@id":"https:\/\/acrimat.org.br\/portal\/#\/schema\/logo\/image\/"}},{"@type":"Person","@id":"https:\/\/acrimat.org.br\/portal\/#\/schema\/person\/18df8bcf6890e924fe5d8b5afd2bec0f","name":"P\u00e9ricles C\u00e2ndido","image":{"@type":"ImageObject","inLanguage":"pt-BR","@id":"https:\/\/acrimat.org.br\/portal\/#\/schema\/person\/image\/","url":"https:\/\/secure.gravatar.com\/avatar\/33e2a2b971dc363ed2df53d0d3bfbd18?s=96&d=mm&r=g","contentUrl":"https:\/\/secure.gravatar.com\/avatar\/33e2a2b971dc363ed2df53d0d3bfbd18?s=96&d=mm&r=g","caption":"P\u00e9ricles C\u00e2ndido"},"sameAs":["ascom@acrimat.org.br"],"url":"https:\/\/acrimat.org.br\/portal\/author\/designergrafico\/"}]}},"_links":{"self":[{"href":"https:\/\/acrimat.org.br\/portal\/wp-json\/wp\/v2\/posts\/97985260","targetHints":{"allow":["GET"]}}],"collection":[{"href":"https:\/\/acrimat.org.br\/portal\/wp-json\/wp\/v2\/posts"}],"about":[{"href":"https:\/\/acrimat.org.br\/portal\/wp-json\/wp\/v2\/types\/post"}],"author":[{"embeddable":true,"href":"https:\/\/acrimat.org.br\/portal\/wp-json\/wp\/v2\/users\/11"}],"replies":[{"embeddable":true,"href":"https:\/\/acrimat.org.br\/portal\/wp-json\/wp\/v2\/comments?post=97985260"}],"version-history":[{"count":1,"href":"https:\/\/acrimat.org.br\/portal\/wp-json\/wp\/v2\/posts\/97985260\/revisions"}],"predecessor-version":[{"id":97985262,"href":"https:\/\/acrimat.org.br\/portal\/wp-json\/wp\/v2\/posts\/97985260\/revisions\/97985262"}],"wp:featuredmedia":[{"embeddable":true,"href":"https:\/\/acrimat.org.br\/portal\/wp-json\/wp\/v2\/media\/97985261"}],"wp:attachment":[{"href":"https:\/\/acrimat.org.br\/portal\/wp-json\/wp\/v2\/media?parent=97985260"}],"wp:term":[{"taxonomy":"category","embeddable":true,"href":"https:\/\/acrimat.org.br\/portal\/wp-json\/wp\/v2\/categories?post=97985260"},{"taxonomy":"post_tag","embeddable":true,"href":"https:\/\/acrimat.org.br\/portal\/wp-json\/wp\/v2\/tags?post=97985260"}],"curies":[{"name":"wp","href":"https:\/\/api.w.org\/{rel}","templated":true}]}}