{"id":97985263,"date":"2017-12-11T09:00:40","date_gmt":"2017-12-11T12:00:40","guid":{"rendered":"http:\/\/acrimat.org.br\/portal\/?p=97985263"},"modified":"2017-12-11T09:00:40","modified_gmt":"2017-12-11T12:00:40","slug":"mercosul-quer-oferta-melhor-em-carnes-para-avancar-com-ue","status":"publish","type":"post","link":"https:\/\/acrimat.org.br\/portal\/mercosul-quer-oferta-melhor-em-carnes-para-avancar-com-ue\/","title":{"rendered":"Mercosul quer oferta melhor em carnes para avan\u00e7ar com UE"},"content":{"rendered":"<p>A diplomacia brasileira espera que os europeus aumentem a cota de importa\u00e7\u00e3o de carnes do Mercosul em reuni\u00e3o marcada para a pr\u00f3xima semana, em Buenos Aires.<\/p>\n<p>Depende disso um acordo pol\u00edtico a ser formalizado pelos ministros dos quatro s\u00f3cios do Mercosul (Brasil, Argentina, Paraguai e Uruguai) e pelos europeus, previsto para a pr\u00f3xima ter\u00e7a (12).<\/p>\n<p>No an\u00fancio, os dois lados se comprometem em concluir, nos pr\u00f3ximos meses, a discuss\u00e3o t\u00e9cnica para abertura comercial (redu\u00e7\u00e3o de tarifas e de impostos) entre Mercosul e Uni\u00e3o Europeia.<\/p>\n<p>A promessa de avan\u00e7o na integra\u00e7\u00e3o chega com atraso. A previs\u00e3o inicial era que o acordo fosse fechado neste encontro em Buenos Aires, um ano ap\u00f3s a primeira troca de ofertas entre os dois blocos, em dezembro de 2016.<\/p>\n<p>Mas as elei\u00e7\u00f5es na Europa neste ano atrasaram a entrega de ofertas dos europeus em temas sens\u00edveis: carnes e etanol s\u00f3 tiveram propostas conhecidas em outubro.<\/p>\n<p>Da parte brasileira, uma cota para a entrada de carne bovina inferior a 100 mil toneladas por ano tem poucas chances de prosperar. A primeira oferta dos europeus foi de 70 mil toneladas por ano.<\/p>\n<p>Em 2004, quando Mercosul e Uni\u00e3o Europeia tentaram o acordo, a oferta era de 100 mil toneladas. Segundo uma pessoa envolvida na negocia\u00e7\u00e3o, este \u00e9 um par\u00e2metro que est\u00e1 sendo considerado e n\u00e3o h\u00e1 como aceitar, 13 anos depois, oferta inferior.<\/p>\n<p>A expectativa do setor produtivo brasileiro \u00e9 que a oferta europeia fique ao redor de 120 mil toneladas. Mas h\u00e1 resist\u00eancia do outro lado.<\/p>\n<p>Al\u00e9m da defesa da sua pecu\u00e1ria, os europeus questionam normas sanit\u00e1rias dos pa\u00edses do Mercosul e criticam o desmatamento de vegeta\u00e7\u00e3o nativa para virar pasto.<\/p>\n<p><strong>MOMENTO PROP\u00cdCIO<\/strong><\/p>\n<p>Na \u00faltima semana, as equipes se reuniram em Bruxelas e houve avan\u00e7o nas \u00e1reas de compras governamentais e de servi\u00e7os.<\/p>\n<p>Os negociadores combinaram de deixar para Buenos Aires, al\u00e9m da oferta para carnes, a cota para o etanol, cuja proposta inicial dos europeus era de 600 mil toneladas, tamb\u00e9m baixa para os produtores brasileiros.<\/p>\n<p>Neste item, por\u00e9m, a sensibilidade europeia \u00e9 aparentemente menor, de acordo com a pessoa que participa das negocia\u00e7\u00f5es.<\/p>\n<p>O momento pol\u00edtico \u00e9 prop\u00edcio para um acordo. Os presidentes do Mercosul querem mostrar progresso ap\u00f3s anos de letargia do bloco. Do lado europeu, tamb\u00e9m h\u00e1 determina\u00e7\u00e3o em avan\u00e7ar, ap\u00f3s paralisia nas negocia\u00e7\u00f5es com os EUA para um acordo no Atl\u00e2ntico Norte.<\/p>\n","protected":false},"excerpt":{"rendered":"<p>A diplomacia brasileira espera que os europeus aumentem a cota de importa\u00e7\u00e3o de carnes do Mercosul em reuni\u00e3o marcada para a pr\u00f3xima semana, em Buenos Aires. Depende disso um acordo pol\u00edtico a ser formalizado pelos ministros dos quatro s\u00f3cios do Mercosul (Brasil, Argentina, Paraguai e Uruguai) e pelos europeus, previsto para a pr\u00f3xima ter\u00e7a (12). [&hellip;]<\/p>\n","protected":false},"author":11,"featured_media":97985145,"comment_status":"closed","ping_status":"closed","sticky":false,"template":"","format":"standard","meta":{"footnotes":""},"categories":[6,1],"tags":[],"class_list":["post-97985263","post","type-post","status-publish","format-standard","has-post-thumbnail","hentry","category-destaque","category-noticia"],"yoast_head":"<!-- This site is optimized with the Yoast SEO plugin v24.8.1 - https:\/\/yoast.com\/wordpress\/plugins\/seo\/ -->\n<title>Mercosul quer oferta melhor em carnes para avan\u00e7ar com UE - Acrimat<\/title>\n<meta name=\"robots\" content=\"index, follow, max-snippet:-1, max-image-preview:large, max-video-preview:-1\" \/>\n<link rel=\"canonical\" href=\"https:\/\/acrimat.org.br\/portal\/mercosul-quer-oferta-melhor-em-carnes-para-avancar-com-ue\/\" \/>\n<meta property=\"og:locale\" content=\"pt_BR\" \/>\n<meta property=\"og:type\" content=\"article\" \/>\n<meta property=\"og:title\" content=\"Mercosul quer oferta melhor em carnes para avan\u00e7ar com UE - Acrimat\" \/>\n<meta property=\"og:description\" content=\"A diplomacia brasileira espera que os europeus aumentem a cota de importa\u00e7\u00e3o de carnes do Mercosul em reuni\u00e3o marcada para a pr\u00f3xima semana, em Buenos Aires. Depende disso um acordo pol\u00edtico a ser formalizado pelos ministros dos quatro s\u00f3cios do Mercosul (Brasil, Argentina, Paraguai e Uruguai) e pelos europeus, previsto para a pr\u00f3xima ter\u00e7a (12). [&hellip;]\" \/>\n<meta property=\"og:url\" content=\"https:\/\/acrimat.org.br\/portal\/mercosul-quer-oferta-melhor-em-carnes-para-avancar-com-ue\/\" \/>\n<meta property=\"og:site_name\" content=\"Acrimat\" \/>\n<meta property=\"article:published_time\" content=\"2017-12-11T12:00:40+00:00\" \/>\n<meta property=\"og:image\" content=\"https:\/\/acrimat.org.br\/portal\/wp-content\/uploads\/2017\/12\/exportacao-carne-bovina-salgada.jpg\" \/>\n\t<meta property=\"og:image:width\" content=\"730\" \/>\n\t<meta property=\"og:image:height\" content=\"502\" \/>\n\t<meta property=\"og:image:type\" content=\"image\/jpeg\" \/>\n<meta name=\"author\" content=\"P\u00e9ricles C\u00e2ndido\" \/>\n<meta name=\"twitter:card\" content=\"summary_large_image\" \/>\n<meta name=\"twitter:label1\" content=\"Escrito por\" \/>\n\t<meta name=\"twitter:data1\" content=\"P\u00e9ricles C\u00e2ndido\" \/>\n\t<meta name=\"twitter:label2\" content=\"Est. tempo de leitura\" \/>\n\t<meta name=\"twitter:data2\" content=\"2 minutos\" \/>\n<script type=\"application\/ld+json\" class=\"yoast-schema-graph\">{\"@context\":\"https:\/\/schema.org\",\"@graph\":[{\"@type\":\"Article\",\"@id\":\"https:\/\/acrimat.org.br\/portal\/mercosul-quer-oferta-melhor-em-carnes-para-avancar-com-ue\/#article\",\"isPartOf\":{\"@id\":\"https:\/\/acrimat.org.br\/portal\/mercosul-quer-oferta-melhor-em-carnes-para-avancar-com-ue\/\"},\"author\":{\"name\":\"P\u00e9ricles C\u00e2ndido\",\"@id\":\"https:\/\/acrimat.org.br\/portal\/#\/schema\/person\/18df8bcf6890e924fe5d8b5afd2bec0f\"},\"headline\":\"Mercosul quer oferta melhor em carnes para avan\u00e7ar com UE\",\"datePublished\":\"2017-12-11T12:00:40+00:00\",\"mainEntityOfPage\":{\"@id\":\"https:\/\/acrimat.org.br\/portal\/mercosul-quer-oferta-melhor-em-carnes-para-avancar-com-ue\/\"},\"wordCount\":433,\"publisher\":{\"@id\":\"https:\/\/acrimat.org.br\/portal\/#organization\"},\"image\":{\"@id\":\"https:\/\/acrimat.org.br\/portal\/mercosul-quer-oferta-melhor-em-carnes-para-avancar-com-ue\/#primaryimage\"},\"thumbnailUrl\":\"https:\/\/acrimat.org.br\/portal\/wp-content\/uploads\/2017\/12\/exportacao-carne-bovina-salgada.jpg\",\"articleSection\":[\"Destaques\",\"Not\u00edcias\"],\"inLanguage\":\"pt-BR\"},{\"@type\":\"WebPage\",\"@id\":\"https:\/\/acrimat.org.br\/portal\/mercosul-quer-oferta-melhor-em-carnes-para-avancar-com-ue\/\",\"url\":\"https:\/\/acrimat.org.br\/portal\/mercosul-quer-oferta-melhor-em-carnes-para-avancar-com-ue\/\",\"name\":\"Mercosul quer oferta melhor em carnes para avan\u00e7ar com UE - Acrimat\",\"isPartOf\":{\"@id\":\"https:\/\/acrimat.org.br\/portal\/#website\"},\"primaryImageOfPage\":{\"@id\":\"https:\/\/acrimat.org.br\/portal\/mercosul-quer-oferta-melhor-em-carnes-para-avancar-com-ue\/#primaryimage\"},\"image\":{\"@id\":\"https:\/\/acrimat.org.br\/portal\/mercosul-quer-oferta-melhor-em-carnes-para-avancar-com-ue\/#primaryimage\"},\"thumbnailUrl\":\"https:\/\/acrimat.org.br\/portal\/wp-content\/uploads\/2017\/12\/exportacao-carne-bovina-salgada.jpg\",\"datePublished\":\"2017-12-11T12:00:40+00:00\",\"breadcrumb\":{\"@id\":\"https:\/\/acrimat.org.br\/portal\/mercosul-quer-oferta-melhor-em-carnes-para-avancar-com-ue\/#breadcrumb\"},\"inLanguage\":\"pt-BR\",\"potentialAction\":[{\"@type\":\"ReadAction\",\"target\":[\"https:\/\/acrimat.org.br\/portal\/mercosul-quer-oferta-melhor-em-carnes-para-avancar-com-ue\/\"]}]},{\"@type\":\"ImageObject\",\"inLanguage\":\"pt-BR\",\"@id\":\"https:\/\/acrimat.org.br\/portal\/mercosul-quer-oferta-melhor-em-carnes-para-avancar-com-ue\/#primaryimage\",\"url\":\"https:\/\/acrimat.org.br\/portal\/wp-content\/uploads\/2017\/12\/exportacao-carne-bovina-salgada.jpg\",\"contentUrl\":\"https:\/\/acrimat.org.br\/portal\/wp-content\/uploads\/2017\/12\/exportacao-carne-bovina-salgada.jpg\",\"width\":730,\"height\":502},{\"@type\":\"BreadcrumbList\",\"@id\":\"https:\/\/acrimat.org.br\/portal\/mercosul-quer-oferta-melhor-em-carnes-para-avancar-com-ue\/#breadcrumb\",\"itemListElement\":[{\"@type\":\"ListItem\",\"position\":1,\"name\":\"In\u00edcio\",\"item\":\"https:\/\/acrimat.org.br\/portal\/\"},{\"@type\":\"ListItem\",\"position\":2,\"name\":\"Mercosul quer oferta melhor em carnes para avan\u00e7ar com UE\"}]},{\"@type\":\"WebSite\",\"@id\":\"https:\/\/acrimat.org.br\/portal\/#website\",\"url\":\"https:\/\/acrimat.org.br\/portal\/\",\"name\":\"Acrimat\",\"description\":\"Associa\u00e7\u00e3o dos Criadores de Mato Grosso\",\"publisher\":{\"@id\":\"https:\/\/acrimat.org.br\/portal\/#organization\"},\"potentialAction\":[{\"@type\":\"SearchAction\",\"target\":{\"@type\":\"EntryPoint\",\"urlTemplate\":\"https:\/\/acrimat.org.br\/portal\/?s={search_term_string}\"},\"query-input\":{\"@type\":\"PropertyValueSpecification\",\"valueRequired\":true,\"valueName\":\"search_term_string\"}}],\"inLanguage\":\"pt-BR\"},{\"@type\":\"Organization\",\"@id\":\"https:\/\/acrimat.org.br\/portal\/#organization\",\"name\":\"Associa\u00e7\u00e3o dos Criadores de Mato Grosso\",\"url\":\"https:\/\/acrimat.org.br\/portal\/\",\"logo\":{\"@type\":\"ImageObject\",\"inLanguage\":\"pt-BR\",\"@id\":\"https:\/\/acrimat.org.br\/portal\/#\/schema\/logo\/image\/\",\"url\":\"https:\/\/acrimat.org.br\/portal\/wp-content\/uploads\/2018\/03\/logo-peq-original.png\",\"contentUrl\":\"https:\/\/acrimat.org.br\/portal\/wp-content\/uploads\/2018\/03\/logo-peq-original.png\",\"width\":174,\"height\":171,\"caption\":\"Associa\u00e7\u00e3o dos Criadores de Mato Grosso\"},\"image\":{\"@id\":\"https:\/\/acrimat.org.br\/portal\/#\/schema\/logo\/image\/\"}},{\"@type\":\"Person\",\"@id\":\"https:\/\/acrimat.org.br\/portal\/#\/schema\/person\/18df8bcf6890e924fe5d8b5afd2bec0f\",\"name\":\"P\u00e9ricles C\u00e2ndido\",\"image\":{\"@type\":\"ImageObject\",\"inLanguage\":\"pt-BR\",\"@id\":\"https:\/\/acrimat.org.br\/portal\/#\/schema\/person\/image\/\",\"url\":\"https:\/\/secure.gravatar.com\/avatar\/33e2a2b971dc363ed2df53d0d3bfbd18?s=96&d=mm&r=g\",\"contentUrl\":\"https:\/\/secure.gravatar.com\/avatar\/33e2a2b971dc363ed2df53d0d3bfbd18?s=96&d=mm&r=g\",\"caption\":\"P\u00e9ricles C\u00e2ndido\"},\"sameAs\":[\"ascom@acrimat.org.br\"],\"url\":\"https:\/\/acrimat.org.br\/portal\/author\/designergrafico\/\"}]}<\/script>\n<!-- \/ Yoast SEO plugin. -->","yoast_head_json":{"title":"Mercosul quer oferta melhor em carnes para avan\u00e7ar com UE - Acrimat","robots":{"index":"index","follow":"follow","max-snippet":"max-snippet:-1","max-image-preview":"max-image-preview:large","max-video-preview":"max-video-preview:-1"},"canonical":"https:\/\/acrimat.org.br\/portal\/mercosul-quer-oferta-melhor-em-carnes-para-avancar-com-ue\/","og_locale":"pt_BR","og_type":"article","og_title":"Mercosul quer oferta melhor em carnes para avan\u00e7ar com UE - Acrimat","og_description":"A diplomacia brasileira espera que os europeus aumentem a cota de importa\u00e7\u00e3o de carnes do Mercosul em reuni\u00e3o marcada para a pr\u00f3xima semana, em Buenos Aires. Depende disso um acordo pol\u00edtico a ser formalizado pelos ministros dos quatro s\u00f3cios do Mercosul (Brasil, Argentina, Paraguai e Uruguai) e pelos europeus, previsto para a pr\u00f3xima ter\u00e7a (12). [&hellip;]","og_url":"https:\/\/acrimat.org.br\/portal\/mercosul-quer-oferta-melhor-em-carnes-para-avancar-com-ue\/","og_site_name":"Acrimat","article_published_time":"2017-12-11T12:00:40+00:00","og_image":[{"width":730,"height":502,"url":"https:\/\/acrimat.org.br\/portal\/wp-content\/uploads\/2017\/12\/exportacao-carne-bovina-salgada.jpg","type":"image\/jpeg"}],"author":"P\u00e9ricles C\u00e2ndido","twitter_card":"summary_large_image","twitter_misc":{"Escrito por":"P\u00e9ricles C\u00e2ndido","Est. tempo de leitura":"2 minutos"},"schema":{"@context":"https:\/\/schema.org","@graph":[{"@type":"Article","@id":"https:\/\/acrimat.org.br\/portal\/mercosul-quer-oferta-melhor-em-carnes-para-avancar-com-ue\/#article","isPartOf":{"@id":"https:\/\/acrimat.org.br\/portal\/mercosul-quer-oferta-melhor-em-carnes-para-avancar-com-ue\/"},"author":{"name":"P\u00e9ricles C\u00e2ndido","@id":"https:\/\/acrimat.org.br\/portal\/#\/schema\/person\/18df8bcf6890e924fe5d8b5afd2bec0f"},"headline":"Mercosul quer oferta melhor em carnes para avan\u00e7ar com UE","datePublished":"2017-12-11T12:00:40+00:00","mainEntityOfPage":{"@id":"https:\/\/acrimat.org.br\/portal\/mercosul-quer-oferta-melhor-em-carnes-para-avancar-com-ue\/"},"wordCount":433,"publisher":{"@id":"https:\/\/acrimat.org.br\/portal\/#organization"},"image":{"@id":"https:\/\/acrimat.org.br\/portal\/mercosul-quer-oferta-melhor-em-carnes-para-avancar-com-ue\/#primaryimage"},"thumbnailUrl":"https:\/\/acrimat.org.br\/portal\/wp-content\/uploads\/2017\/12\/exportacao-carne-bovina-salgada.jpg","articleSection":["Destaques","Not\u00edcias"],"inLanguage":"pt-BR"},{"@type":"WebPage","@id":"https:\/\/acrimat.org.br\/portal\/mercosul-quer-oferta-melhor-em-carnes-para-avancar-com-ue\/","url":"https:\/\/acrimat.org.br\/portal\/mercosul-quer-oferta-melhor-em-carnes-para-avancar-com-ue\/","name":"Mercosul quer oferta melhor em carnes para avan\u00e7ar com UE - Acrimat","isPartOf":{"@id":"https:\/\/acrimat.org.br\/portal\/#website"},"primaryImageOfPage":{"@id":"https:\/\/acrimat.org.br\/portal\/mercosul-quer-oferta-melhor-em-carnes-para-avancar-com-ue\/#primaryimage"},"image":{"@id":"https:\/\/acrimat.org.br\/portal\/mercosul-quer-oferta-melhor-em-carnes-para-avancar-com-ue\/#primaryimage"},"thumbnailUrl":"https:\/\/acrimat.org.br\/portal\/wp-content\/uploads\/2017\/12\/exportacao-carne-bovina-salgada.jpg","datePublished":"2017-12-11T12:00:40+00:00","breadcrumb":{"@id":"https:\/\/acrimat.org.br\/portal\/mercosul-quer-oferta-melhor-em-carnes-para-avancar-com-ue\/#breadcrumb"},"inLanguage":"pt-BR","potentialAction":[{"@type":"ReadAction","target":["https:\/\/acrimat.org.br\/portal\/mercosul-quer-oferta-melhor-em-carnes-para-avancar-com-ue\/"]}]},{"@type":"ImageObject","inLanguage":"pt-BR","@id":"https:\/\/acrimat.org.br\/portal\/mercosul-quer-oferta-melhor-em-carnes-para-avancar-com-ue\/#primaryimage","url":"https:\/\/acrimat.org.br\/portal\/wp-content\/uploads\/2017\/12\/exportacao-carne-bovina-salgada.jpg","contentUrl":"https:\/\/acrimat.org.br\/portal\/wp-content\/uploads\/2017\/12\/exportacao-carne-bovina-salgada.jpg","width":730,"height":502},{"@type":"BreadcrumbList","@id":"https:\/\/acrimat.org.br\/portal\/mercosul-quer-oferta-melhor-em-carnes-para-avancar-com-ue\/#breadcrumb","itemListElement":[{"@type":"ListItem","position":1,"name":"In\u00edcio","item":"https:\/\/acrimat.org.br\/portal\/"},{"@type":"ListItem","position":2,"name":"Mercosul quer oferta melhor em carnes para avan\u00e7ar com UE"}]},{"@type":"WebSite","@id":"https:\/\/acrimat.org.br\/portal\/#website","url":"https:\/\/acrimat.org.br\/portal\/","name":"Acrimat","description":"Associa\u00e7\u00e3o dos Criadores de Mato Grosso","publisher":{"@id":"https:\/\/acrimat.org.br\/portal\/#organization"},"potentialAction":[{"@type":"SearchAction","target":{"@type":"EntryPoint","urlTemplate":"https:\/\/acrimat.org.br\/portal\/?s={search_term_string}"},"query-input":{"@type":"PropertyValueSpecification","valueRequired":true,"valueName":"search_term_string"}}],"inLanguage":"pt-BR"},{"@type":"Organization","@id":"https:\/\/acrimat.org.br\/portal\/#organization","name":"Associa\u00e7\u00e3o dos Criadores de Mato Grosso","url":"https:\/\/acrimat.org.br\/portal\/","logo":{"@type":"ImageObject","inLanguage":"pt-BR","@id":"https:\/\/acrimat.org.br\/portal\/#\/schema\/logo\/image\/","url":"https:\/\/acrimat.org.br\/portal\/wp-content\/uploads\/2018\/03\/logo-peq-original.png","contentUrl":"https:\/\/acrimat.org.br\/portal\/wp-content\/uploads\/2018\/03\/logo-peq-original.png","width":174,"height":171,"caption":"Associa\u00e7\u00e3o dos Criadores de Mato Grosso"},"image":{"@id":"https:\/\/acrimat.org.br\/portal\/#\/schema\/logo\/image\/"}},{"@type":"Person","@id":"https:\/\/acrimat.org.br\/portal\/#\/schema\/person\/18df8bcf6890e924fe5d8b5afd2bec0f","name":"P\u00e9ricles C\u00e2ndido","image":{"@type":"ImageObject","inLanguage":"pt-BR","@id":"https:\/\/acrimat.org.br\/portal\/#\/schema\/person\/image\/","url":"https:\/\/secure.gravatar.com\/avatar\/33e2a2b971dc363ed2df53d0d3bfbd18?s=96&d=mm&r=g","contentUrl":"https:\/\/secure.gravatar.com\/avatar\/33e2a2b971dc363ed2df53d0d3bfbd18?s=96&d=mm&r=g","caption":"P\u00e9ricles C\u00e2ndido"},"sameAs":["ascom@acrimat.org.br"],"url":"https:\/\/acrimat.org.br\/portal\/author\/designergrafico\/"}]}},"_links":{"self":[{"href":"https:\/\/acrimat.org.br\/portal\/wp-json\/wp\/v2\/posts\/97985263","targetHints":{"allow":["GET"]}}],"collection":[{"href":"https:\/\/acrimat.org.br\/portal\/wp-json\/wp\/v2\/posts"}],"about":[{"href":"https:\/\/acrimat.org.br\/portal\/wp-json\/wp\/v2\/types\/post"}],"author":[{"embeddable":true,"href":"https:\/\/acrimat.org.br\/portal\/wp-json\/wp\/v2\/users\/11"}],"replies":[{"embeddable":true,"href":"https:\/\/acrimat.org.br\/portal\/wp-json\/wp\/v2\/comments?post=97985263"}],"version-history":[{"count":1,"href":"https:\/\/acrimat.org.br\/portal\/wp-json\/wp\/v2\/posts\/97985263\/revisions"}],"predecessor-version":[{"id":97985264,"href":"https:\/\/acrimat.org.br\/portal\/wp-json\/wp\/v2\/posts\/97985263\/revisions\/97985264"}],"wp:featuredmedia":[{"embeddable":true,"href":"https:\/\/acrimat.org.br\/portal\/wp-json\/wp\/v2\/media\/97985145"}],"wp:attachment":[{"href":"https:\/\/acrimat.org.br\/portal\/wp-json\/wp\/v2\/media?parent=97985263"}],"wp:term":[{"taxonomy":"category","embeddable":true,"href":"https:\/\/acrimat.org.br\/portal\/wp-json\/wp\/v2\/categories?post=97985263"},{"taxonomy":"post_tag","embeddable":true,"href":"https:\/\/acrimat.org.br\/portal\/wp-json\/wp\/v2\/tags?post=97985263"}],"curies":[{"name":"wp","href":"https:\/\/api.w.org\/{rel}","templated":true}]}}