{"id":97985265,"date":"2017-12-11T08:22:55","date_gmt":"2017-12-11T11:22:55","guid":{"rendered":"http:\/\/acrimat.org.br\/portal\/?p=97985265"},"modified":"2017-12-11T09:23:47","modified_gmt":"2017-12-11T12:23:47","slug":"pl-da-defesa-agropecuaria-esta-no-forno","status":"publish","type":"post","link":"https:\/\/acrimat.org.br\/portal\/pl-da-defesa-agropecuaria-esta-no-forno\/","title":{"rendered":"PL da Defesa Agropecu\u00e1ria est\u00e1 no forno"},"content":{"rendered":"<p>Com apoio do Pal\u00e1cio do Planalto, o Minist\u00e9rio da Agricultura pretende encaminhar at\u00e9 janeiro o projeto de lei que vem sendo gestado h\u00e1 meses para fortalecer e transformar a Secretaria de Defesa Agropecu\u00e1ria em uma esp\u00e9cie de &#8216;superag\u00eancia&#8217;, com autonomia financeira e estrutura mais robusta de pessoal, nos moldes da Receita Federal.<\/p>\n<p>Em recente reuni\u00e3o com o presidente Michel Temer, o ministro da Agricultura, Blairo Maggi, recebeu o aval para avan\u00e7ar com o projeto, que deve enfrentar resist\u00eancias na equipe econ\u00f4mica e entre os auditores fiscais federais agropecu\u00e1rios.<\/p>\n<p>A minuta do projeto, ao qual o Valor teve acesso, cont\u00e9m 103 artigos divididos em 14 cap\u00edtulos e ser\u00e1 apresentada a partir desta semana a entidades de produtores rurais e empresas, deputados e senadores da bancada ruralista e ao sindicato dos fiscais, a Anffa Sindical.<\/p>\n<p>Se os principais itens do projeto confeccionado pela equipe liderada pelo secret\u00e1rio de Defesa Agropecu\u00e1ria, Lu\u00eds Eduardo Rangel, forem aprovados no Congresso Nacional, o modelo de inspe\u00e7\u00e3o sanit\u00e1ria sofrer\u00e1 mudan\u00e7as profundas. A proposta \u00e9 que, em dez anos, somente as empresas habilitadas ao regime de &#8220;autocontrole&#8221; possam exportar e realizar o com\u00e9rcio interestadual de alimentos no pa\u00eds.<\/p>\n<p>Pol\u00eamica, a proposta tem potencial para limitar o raio de atua\u00e7\u00e3o dos fiscais agropecu\u00e1rios federais. Pelos termos da minuta do projeto, &#8220;a autoinspe\u00e7\u00e3o [&#8230;] para atestar as condi\u00e7\u00f5es sanit\u00e1rias ante mortem e post mortem dos animais&#8221; dever\u00e1 ser feita por profissional (veterin\u00e1rios) inscrito no conselho profissional. Aos fiscais agropecu\u00e1rios federais, caber\u00e1 apenas a inspe\u00e7\u00e3o sanit\u00e1ria &#8220;peri\u00f3dica complementar&#8221;. Pela atual legisla\u00e7\u00e3o, todos os animais abatidos devem ser fiscalizados pelos auditores do governo.<\/p>\n<p>&#8220;\u00c9 muito pol\u00eamico e, quando o projeto chegar \u00e0 C\u00e2mara, vai ser uma guerra&#8221;, admitiu uma fonte que acompanha a negocia\u00e7\u00e3o em torno do projeto, que representa a rea\u00e7\u00e3o do governo \u00e0s fragilidades sanit\u00e1rias reveladas pela Opera\u00e7\u00e3o Carne Fraca, deflagrada em meados de mar\u00e7o pela Pol\u00edcia Federal.<\/p>\n<p>A cria\u00e7\u00e3o de um sistema que privilegie o autocontrole, direcionando os esfor\u00e7os de fiscaliza\u00e7\u00e3o para mitigar riscos, \u00e9 uma pauta antiga dos grandes frigor\u00edficos, mas sempre recha\u00e7ada pelos fiscais federais. Com a Carne Fraca, que fragilizou a posi\u00e7\u00e3o dos fiscais em raz\u00e3o de casos de corrup\u00e7\u00e3o envolvendo a categoria, essa pode ser a &#8216;janela de oportunidade&#8217; para os frigor\u00edficos.<\/p>\n<p>Para viabilizar a reformula\u00e7\u00e3o do sistema, o projeto de lei tamb\u00e9m prev\u00ea a cria\u00e7\u00e3o da Taxa de Defesa Agropecu\u00e1ria, que seria paga trimestralmente considerando o n\u00famero m\u00e9dio de animais abatidos ou o de produtos vegetais vendidos. A inten\u00e7\u00e3o do Minist\u00e9rio da Agricultura \u00e9 que parte da arrecada\u00e7\u00e3o da taxa seja canalizada para a pr\u00f3pria Defesa Agropecu\u00e1ria, o que serviria para dar conta do cr\u00f4nico d\u00e9ficit de pessoal. Para tanto, o projeto busca &#8216;blindar&#8217; os recursos com a cria\u00e7\u00e3o de uma &#8220;subconta especial&#8221;.<\/p>\n<p>Na pr\u00e1tica, por\u00e9m, h\u00e1 muitas d\u00favidas sobre a viabilidade dessa proposta. Mesmo nos pa\u00edses que adotam o modelo, como o Uruguai, a reparti\u00e7\u00e3o dos recursos \u00e9 motivo de disc\u00f3rdia. Em recente entrevista ao Valor, o presidente da Marfrig, o uruguaio Mart\u00edn Secco, afirmou que em seu pa\u00eds de origem o recurso acaba em uma conta \u00fanica do governo.<\/p>\n<p>&#8220;A briga \u00e9 que eles usam menos na inspe\u00e7\u00e3o, menos do que \u00e9 arrecadado. Ent\u00e3o, n\u00e3o \u00e9 s\u00f3 criar esse fundo, mas tamb\u00e9m a condi\u00e7\u00e3o de como o recurso ser\u00e1 usado&#8221;, disse Secco. No setor privado, fontes avaliam que a subconta ser\u00e1 barrada pela equipe econ\u00f4mica.<\/p>\n<p>Noutra frente, o projeto de lei da nova Defesa Agropecu\u00e1ria quer criar um \u00f3rg\u00e3o recursal nos mesmos moldes do Conselho Administrativo de Recursos Fiscais (Carf). Batizado de Conselho Administrativo de Recurso de Defesa Agropecu\u00e1ria (Carda), funcionaria como a segunda inst\u00e2ncia administrativa contra penalidades lavradas pela Secretaria de Defesa Agropecu\u00e1ria. Assim como ocorre no Carf, o Carda ser\u00e1 composto por conselheiros do governo &#8211; indicados pelo Minist\u00e9rio da Agricultura &#8211; e representantes dos contribuintes.<\/p>\n","protected":false},"excerpt":{"rendered":"<p>Blairo Maggi recebeu o aval para avan\u00e7ar com o projeto<\/p>\n","protected":false},"author":11,"featured_media":97985267,"comment_status":"closed","ping_status":"closed","sticky":false,"template":"","format":"standard","meta":{"footnotes":""},"categories":[6,1],"tags":[],"class_list":["post-97985265","post","type-post","status-publish","format-standard","has-post-thumbnail","hentry","category-destaque","category-noticia"],"yoast_head":"<!-- This site is optimized with the Yoast SEO plugin v24.8.1 - https:\/\/yoast.com\/wordpress\/plugins\/seo\/ -->\n<title>PL da Defesa Agropecu\u00e1ria est\u00e1 no forno - Acrimat<\/title>\n<meta name=\"robots\" content=\"index, follow, max-snippet:-1, max-image-preview:large, max-video-preview:-1\" \/>\n<link rel=\"canonical\" href=\"https:\/\/acrimat.org.br\/portal\/pl-da-defesa-agropecuaria-esta-no-forno\/\" \/>\n<meta property=\"og:locale\" content=\"pt_BR\" \/>\n<meta property=\"og:type\" content=\"article\" \/>\n<meta property=\"og:title\" content=\"PL da Defesa Agropecu\u00e1ria est\u00e1 no forno - Acrimat\" \/>\n<meta property=\"og:description\" content=\"Blairo Maggi recebeu o aval para avan\u00e7ar com o projeto\" \/>\n<meta property=\"og:url\" content=\"https:\/\/acrimat.org.br\/portal\/pl-da-defesa-agropecuaria-esta-no-forno\/\" \/>\n<meta property=\"og:site_name\" content=\"Acrimat\" \/>\n<meta property=\"article:published_time\" content=\"2017-12-11T11:22:55+00:00\" \/>\n<meta property=\"article:modified_time\" content=\"2017-12-11T12:23:47+00:00\" \/>\n<meta property=\"og:image\" content=\"https:\/\/acrimat.org.br\/portal\/wp-content\/uploads\/2017\/12\/atuacao-do-medico-veterinario-na.jpg\" \/>\n\t<meta property=\"og:image:width\" content=\"672\" \/>\n\t<meta property=\"og:image:height\" content=\"372\" \/>\n\t<meta property=\"og:image:type\" content=\"image\/jpeg\" \/>\n<meta name=\"author\" content=\"P\u00e9ricles C\u00e2ndido\" \/>\n<meta name=\"twitter:card\" content=\"summary_large_image\" \/>\n<meta name=\"twitter:label1\" content=\"Escrito por\" \/>\n\t<meta name=\"twitter:data1\" content=\"P\u00e9ricles C\u00e2ndido\" \/>\n\t<meta name=\"twitter:label2\" content=\"Est. tempo de leitura\" \/>\n\t<meta name=\"twitter:data2\" content=\"3 minutos\" \/>\n<script type=\"application\/ld+json\" class=\"yoast-schema-graph\">{\"@context\":\"https:\/\/schema.org\",\"@graph\":[{\"@type\":\"Article\",\"@id\":\"https:\/\/acrimat.org.br\/portal\/pl-da-defesa-agropecuaria-esta-no-forno\/#article\",\"isPartOf\":{\"@id\":\"https:\/\/acrimat.org.br\/portal\/pl-da-defesa-agropecuaria-esta-no-forno\/\"},\"author\":{\"name\":\"P\u00e9ricles C\u00e2ndido\",\"@id\":\"https:\/\/acrimat.org.br\/portal\/#\/schema\/person\/18df8bcf6890e924fe5d8b5afd2bec0f\"},\"headline\":\"PL da Defesa Agropecu\u00e1ria est\u00e1 no forno\",\"datePublished\":\"2017-12-11T11:22:55+00:00\",\"dateModified\":\"2017-12-11T12:23:47+00:00\",\"mainEntityOfPage\":{\"@id\":\"https:\/\/acrimat.org.br\/portal\/pl-da-defesa-agropecuaria-esta-no-forno\/\"},\"wordCount\":705,\"publisher\":{\"@id\":\"https:\/\/acrimat.org.br\/portal\/#organization\"},\"image\":{\"@id\":\"https:\/\/acrimat.org.br\/portal\/pl-da-defesa-agropecuaria-esta-no-forno\/#primaryimage\"},\"thumbnailUrl\":\"https:\/\/acrimat.org.br\/portal\/wp-content\/uploads\/2017\/12\/atuacao-do-medico-veterinario-na.jpg\",\"articleSection\":[\"Destaques\",\"Not\u00edcias\"],\"inLanguage\":\"pt-BR\"},{\"@type\":\"WebPage\",\"@id\":\"https:\/\/acrimat.org.br\/portal\/pl-da-defesa-agropecuaria-esta-no-forno\/\",\"url\":\"https:\/\/acrimat.org.br\/portal\/pl-da-defesa-agropecuaria-esta-no-forno\/\",\"name\":\"PL da Defesa Agropecu\u00e1ria est\u00e1 no forno - Acrimat\",\"isPartOf\":{\"@id\":\"https:\/\/acrimat.org.br\/portal\/#website\"},\"primaryImageOfPage\":{\"@id\":\"https:\/\/acrimat.org.br\/portal\/pl-da-defesa-agropecuaria-esta-no-forno\/#primaryimage\"},\"image\":{\"@id\":\"https:\/\/acrimat.org.br\/portal\/pl-da-defesa-agropecuaria-esta-no-forno\/#primaryimage\"},\"thumbnailUrl\":\"https:\/\/acrimat.org.br\/portal\/wp-content\/uploads\/2017\/12\/atuacao-do-medico-veterinario-na.jpg\",\"datePublished\":\"2017-12-11T11:22:55+00:00\",\"dateModified\":\"2017-12-11T12:23:47+00:00\",\"breadcrumb\":{\"@id\":\"https:\/\/acrimat.org.br\/portal\/pl-da-defesa-agropecuaria-esta-no-forno\/#breadcrumb\"},\"inLanguage\":\"pt-BR\",\"potentialAction\":[{\"@type\":\"ReadAction\",\"target\":[\"https:\/\/acrimat.org.br\/portal\/pl-da-defesa-agropecuaria-esta-no-forno\/\"]}]},{\"@type\":\"ImageObject\",\"inLanguage\":\"pt-BR\",\"@id\":\"https:\/\/acrimat.org.br\/portal\/pl-da-defesa-agropecuaria-esta-no-forno\/#primaryimage\",\"url\":\"https:\/\/acrimat.org.br\/portal\/wp-content\/uploads\/2017\/12\/atuacao-do-medico-veterinario-na.jpg\",\"contentUrl\":\"https:\/\/acrimat.org.br\/portal\/wp-content\/uploads\/2017\/12\/atuacao-do-medico-veterinario-na.jpg\",\"width\":672,\"height\":372},{\"@type\":\"BreadcrumbList\",\"@id\":\"https:\/\/acrimat.org.br\/portal\/pl-da-defesa-agropecuaria-esta-no-forno\/#breadcrumb\",\"itemListElement\":[{\"@type\":\"ListItem\",\"position\":1,\"name\":\"In\u00edcio\",\"item\":\"https:\/\/acrimat.org.br\/portal\/\"},{\"@type\":\"ListItem\",\"position\":2,\"name\":\"PL da Defesa Agropecu\u00e1ria est\u00e1 no forno\"}]},{\"@type\":\"WebSite\",\"@id\":\"https:\/\/acrimat.org.br\/portal\/#website\",\"url\":\"https:\/\/acrimat.org.br\/portal\/\",\"name\":\"Acrimat\",\"description\":\"Associa\u00e7\u00e3o dos Criadores de Mato Grosso\",\"publisher\":{\"@id\":\"https:\/\/acrimat.org.br\/portal\/#organization\"},\"potentialAction\":[{\"@type\":\"SearchAction\",\"target\":{\"@type\":\"EntryPoint\",\"urlTemplate\":\"https:\/\/acrimat.org.br\/portal\/?s={search_term_string}\"},\"query-input\":{\"@type\":\"PropertyValueSpecification\",\"valueRequired\":true,\"valueName\":\"search_term_string\"}}],\"inLanguage\":\"pt-BR\"},{\"@type\":\"Organization\",\"@id\":\"https:\/\/acrimat.org.br\/portal\/#organization\",\"name\":\"Associa\u00e7\u00e3o dos Criadores de Mato Grosso\",\"url\":\"https:\/\/acrimat.org.br\/portal\/\",\"logo\":{\"@type\":\"ImageObject\",\"inLanguage\":\"pt-BR\",\"@id\":\"https:\/\/acrimat.org.br\/portal\/#\/schema\/logo\/image\/\",\"url\":\"https:\/\/acrimat.org.br\/portal\/wp-content\/uploads\/2018\/03\/logo-peq-original.png\",\"contentUrl\":\"https:\/\/acrimat.org.br\/portal\/wp-content\/uploads\/2018\/03\/logo-peq-original.png\",\"width\":174,\"height\":171,\"caption\":\"Associa\u00e7\u00e3o dos Criadores de Mato Grosso\"},\"image\":{\"@id\":\"https:\/\/acrimat.org.br\/portal\/#\/schema\/logo\/image\/\"}},{\"@type\":\"Person\",\"@id\":\"https:\/\/acrimat.org.br\/portal\/#\/schema\/person\/18df8bcf6890e924fe5d8b5afd2bec0f\",\"name\":\"P\u00e9ricles C\u00e2ndido\",\"image\":{\"@type\":\"ImageObject\",\"inLanguage\":\"pt-BR\",\"@id\":\"https:\/\/acrimat.org.br\/portal\/#\/schema\/person\/image\/\",\"url\":\"https:\/\/secure.gravatar.com\/avatar\/33e2a2b971dc363ed2df53d0d3bfbd18?s=96&d=mm&r=g\",\"contentUrl\":\"https:\/\/secure.gravatar.com\/avatar\/33e2a2b971dc363ed2df53d0d3bfbd18?s=96&d=mm&r=g\",\"caption\":\"P\u00e9ricles C\u00e2ndido\"},\"sameAs\":[\"ascom@acrimat.org.br\"],\"url\":\"https:\/\/acrimat.org.br\/portal\/author\/designergrafico\/\"}]}<\/script>\n<!-- \/ Yoast SEO plugin. -->","yoast_head_json":{"title":"PL da Defesa Agropecu\u00e1ria est\u00e1 no forno - Acrimat","robots":{"index":"index","follow":"follow","max-snippet":"max-snippet:-1","max-image-preview":"max-image-preview:large","max-video-preview":"max-video-preview:-1"},"canonical":"https:\/\/acrimat.org.br\/portal\/pl-da-defesa-agropecuaria-esta-no-forno\/","og_locale":"pt_BR","og_type":"article","og_title":"PL da Defesa Agropecu\u00e1ria est\u00e1 no forno - Acrimat","og_description":"Blairo Maggi recebeu o aval para avan\u00e7ar com o projeto","og_url":"https:\/\/acrimat.org.br\/portal\/pl-da-defesa-agropecuaria-esta-no-forno\/","og_site_name":"Acrimat","article_published_time":"2017-12-11T11:22:55+00:00","article_modified_time":"2017-12-11T12:23:47+00:00","og_image":[{"width":672,"height":372,"url":"https:\/\/acrimat.org.br\/portal\/wp-content\/uploads\/2017\/12\/atuacao-do-medico-veterinario-na.jpg","type":"image\/jpeg"}],"author":"P\u00e9ricles C\u00e2ndido","twitter_card":"summary_large_image","twitter_misc":{"Escrito por":"P\u00e9ricles C\u00e2ndido","Est. tempo de leitura":"3 minutos"},"schema":{"@context":"https:\/\/schema.org","@graph":[{"@type":"Article","@id":"https:\/\/acrimat.org.br\/portal\/pl-da-defesa-agropecuaria-esta-no-forno\/#article","isPartOf":{"@id":"https:\/\/acrimat.org.br\/portal\/pl-da-defesa-agropecuaria-esta-no-forno\/"},"author":{"name":"P\u00e9ricles C\u00e2ndido","@id":"https:\/\/acrimat.org.br\/portal\/#\/schema\/person\/18df8bcf6890e924fe5d8b5afd2bec0f"},"headline":"PL da Defesa Agropecu\u00e1ria est\u00e1 no forno","datePublished":"2017-12-11T11:22:55+00:00","dateModified":"2017-12-11T12:23:47+00:00","mainEntityOfPage":{"@id":"https:\/\/acrimat.org.br\/portal\/pl-da-defesa-agropecuaria-esta-no-forno\/"},"wordCount":705,"publisher":{"@id":"https:\/\/acrimat.org.br\/portal\/#organization"},"image":{"@id":"https:\/\/acrimat.org.br\/portal\/pl-da-defesa-agropecuaria-esta-no-forno\/#primaryimage"},"thumbnailUrl":"https:\/\/acrimat.org.br\/portal\/wp-content\/uploads\/2017\/12\/atuacao-do-medico-veterinario-na.jpg","articleSection":["Destaques","Not\u00edcias"],"inLanguage":"pt-BR"},{"@type":"WebPage","@id":"https:\/\/acrimat.org.br\/portal\/pl-da-defesa-agropecuaria-esta-no-forno\/","url":"https:\/\/acrimat.org.br\/portal\/pl-da-defesa-agropecuaria-esta-no-forno\/","name":"PL da Defesa Agropecu\u00e1ria est\u00e1 no forno - Acrimat","isPartOf":{"@id":"https:\/\/acrimat.org.br\/portal\/#website"},"primaryImageOfPage":{"@id":"https:\/\/acrimat.org.br\/portal\/pl-da-defesa-agropecuaria-esta-no-forno\/#primaryimage"},"image":{"@id":"https:\/\/acrimat.org.br\/portal\/pl-da-defesa-agropecuaria-esta-no-forno\/#primaryimage"},"thumbnailUrl":"https:\/\/acrimat.org.br\/portal\/wp-content\/uploads\/2017\/12\/atuacao-do-medico-veterinario-na.jpg","datePublished":"2017-12-11T11:22:55+00:00","dateModified":"2017-12-11T12:23:47+00:00","breadcrumb":{"@id":"https:\/\/acrimat.org.br\/portal\/pl-da-defesa-agropecuaria-esta-no-forno\/#breadcrumb"},"inLanguage":"pt-BR","potentialAction":[{"@type":"ReadAction","target":["https:\/\/acrimat.org.br\/portal\/pl-da-defesa-agropecuaria-esta-no-forno\/"]}]},{"@type":"ImageObject","inLanguage":"pt-BR","@id":"https:\/\/acrimat.org.br\/portal\/pl-da-defesa-agropecuaria-esta-no-forno\/#primaryimage","url":"https:\/\/acrimat.org.br\/portal\/wp-content\/uploads\/2017\/12\/atuacao-do-medico-veterinario-na.jpg","contentUrl":"https:\/\/acrimat.org.br\/portal\/wp-content\/uploads\/2017\/12\/atuacao-do-medico-veterinario-na.jpg","width":672,"height":372},{"@type":"BreadcrumbList","@id":"https:\/\/acrimat.org.br\/portal\/pl-da-defesa-agropecuaria-esta-no-forno\/#breadcrumb","itemListElement":[{"@type":"ListItem","position":1,"name":"In\u00edcio","item":"https:\/\/acrimat.org.br\/portal\/"},{"@type":"ListItem","position":2,"name":"PL da Defesa Agropecu\u00e1ria est\u00e1 no forno"}]},{"@type":"WebSite","@id":"https:\/\/acrimat.org.br\/portal\/#website","url":"https:\/\/acrimat.org.br\/portal\/","name":"Acrimat","description":"Associa\u00e7\u00e3o dos Criadores de Mato Grosso","publisher":{"@id":"https:\/\/acrimat.org.br\/portal\/#organization"},"potentialAction":[{"@type":"SearchAction","target":{"@type":"EntryPoint","urlTemplate":"https:\/\/acrimat.org.br\/portal\/?s={search_term_string}"},"query-input":{"@type":"PropertyValueSpecification","valueRequired":true,"valueName":"search_term_string"}}],"inLanguage":"pt-BR"},{"@type":"Organization","@id":"https:\/\/acrimat.org.br\/portal\/#organization","name":"Associa\u00e7\u00e3o dos Criadores de Mato Grosso","url":"https:\/\/acrimat.org.br\/portal\/","logo":{"@type":"ImageObject","inLanguage":"pt-BR","@id":"https:\/\/acrimat.org.br\/portal\/#\/schema\/logo\/image\/","url":"https:\/\/acrimat.org.br\/portal\/wp-content\/uploads\/2018\/03\/logo-peq-original.png","contentUrl":"https:\/\/acrimat.org.br\/portal\/wp-content\/uploads\/2018\/03\/logo-peq-original.png","width":174,"height":171,"caption":"Associa\u00e7\u00e3o dos Criadores de Mato Grosso"},"image":{"@id":"https:\/\/acrimat.org.br\/portal\/#\/schema\/logo\/image\/"}},{"@type":"Person","@id":"https:\/\/acrimat.org.br\/portal\/#\/schema\/person\/18df8bcf6890e924fe5d8b5afd2bec0f","name":"P\u00e9ricles C\u00e2ndido","image":{"@type":"ImageObject","inLanguage":"pt-BR","@id":"https:\/\/acrimat.org.br\/portal\/#\/schema\/person\/image\/","url":"https:\/\/secure.gravatar.com\/avatar\/33e2a2b971dc363ed2df53d0d3bfbd18?s=96&d=mm&r=g","contentUrl":"https:\/\/secure.gravatar.com\/avatar\/33e2a2b971dc363ed2df53d0d3bfbd18?s=96&d=mm&r=g","caption":"P\u00e9ricles C\u00e2ndido"},"sameAs":["ascom@acrimat.org.br"],"url":"https:\/\/acrimat.org.br\/portal\/author\/designergrafico\/"}]}},"_links":{"self":[{"href":"https:\/\/acrimat.org.br\/portal\/wp-json\/wp\/v2\/posts\/97985265","targetHints":{"allow":["GET"]}}],"collection":[{"href":"https:\/\/acrimat.org.br\/portal\/wp-json\/wp\/v2\/posts"}],"about":[{"href":"https:\/\/acrimat.org.br\/portal\/wp-json\/wp\/v2\/types\/post"}],"author":[{"embeddable":true,"href":"https:\/\/acrimat.org.br\/portal\/wp-json\/wp\/v2\/users\/11"}],"replies":[{"embeddable":true,"href":"https:\/\/acrimat.org.br\/portal\/wp-json\/wp\/v2\/comments?post=97985265"}],"version-history":[{"count":1,"href":"https:\/\/acrimat.org.br\/portal\/wp-json\/wp\/v2\/posts\/97985265\/revisions"}],"predecessor-version":[{"id":97985266,"href":"https:\/\/acrimat.org.br\/portal\/wp-json\/wp\/v2\/posts\/97985265\/revisions\/97985266"}],"wp:featuredmedia":[{"embeddable":true,"href":"https:\/\/acrimat.org.br\/portal\/wp-json\/wp\/v2\/media\/97985267"}],"wp:attachment":[{"href":"https:\/\/acrimat.org.br\/portal\/wp-json\/wp\/v2\/media?parent=97985265"}],"wp:term":[{"taxonomy":"category","embeddable":true,"href":"https:\/\/acrimat.org.br\/portal\/wp-json\/wp\/v2\/categories?post=97985265"},{"taxonomy":"post_tag","embeddable":true,"href":"https:\/\/acrimat.org.br\/portal\/wp-json\/wp\/v2\/tags?post=97985265"}],"curies":[{"name":"wp","href":"https:\/\/api.w.org\/{rel}","templated":true}]}}