{"id":97985276,"date":"2017-12-12T08:47:50","date_gmt":"2017-12-12T11:47:50","guid":{"rendered":"http:\/\/acrimat.org.br\/portal\/?p=97985276"},"modified":"2017-12-12T08:47:50","modified_gmt":"2017-12-12T11:47:50","slug":"ue-pede-ao-mercosul-fim-de-tarifa-em-90-da-importacao","status":"publish","type":"post","link":"https:\/\/acrimat.org.br\/portal\/ue-pede-ao-mercosul-fim-de-tarifa-em-90-da-importacao\/","title":{"rendered":"UE pede ao Mercosul fim de tarifa em 90% da importa\u00e7\u00e3o"},"content":{"rendered":"<p>A Uni\u00e3o Europeia (UE) demanda ao Mercosul completa elimina\u00e7\u00e3o de tarifas em pelo menos 90% das importa\u00e7\u00f5es procedentes dos 27 pa\u00edses comunit\u00e1rios, sem exclus\u00e3o de qualquer setor, conforme documento europeu ao qual o Valor teve acesso.<\/p>\n<p>A UE calcula que j\u00e1 oferece ao Mercosul completa liberaliza\u00e7\u00e3o de 92% do que importa do bloco, com per\u00edodo de transi\u00e7\u00e3o de no m\u00e1ximo dez anos, sendo 74,4% liberalizado j\u00e1 quando o acordo birregional entrar em vigor.<\/p>\n<p>Nas barganhas finais, em Buenos Aires, o balan\u00e7o ontem foi de que de fato h\u00e1 impasse na oferta da UE, mas a preocupa\u00e7\u00e3o se estende al\u00e9m da carne bovina. Segundo fontes, a disposi\u00e7\u00e3o da Argentina \u00e9 grande para assinar o acordo, enquanto parceiros dizem que h\u00e1 algumas sensibilidades que precisam de maior aten\u00e7\u00e3o. Hoje, os ministros do Mercosul se re\u00fanem cedo antes do encontro com a UE. &#8220;Poder\u00e1 acontecer de tudo, inclusive nada&#8221;, disse um observador.<\/p>\n<p>A UE diz querer total reciprocidade de abertura para alguns setores, como t\u00eaxteis e cal\u00e7ados. Igualmente, quer que o Mercosul elimine, desde a entrada em vigor do acordo, todas as tarifas de importa\u00e7\u00e3o para produtos inclu\u00eddos em acordos setoriais internacionais. A UE cita o Acordo de Informa\u00e7\u00e3o da Tecnologia (ITA), farmac\u00eauticos, a\u00e7o, equipamentos m\u00e9dicos e produtos de papel.<\/p>\n<p>Na parte agr\u00edcola, a UE condiciona sua oferta de melhora do acesso a produtos do Mercosul a que sejam atendidas demandas de agricultores europeus interessados no mercado do cone sul.<\/p>\n<p>As exporta\u00e7\u00f5es priorit\u00e1rias europeias nesse setor incluem, &#8220;mas n\u00e3o est\u00e3o limitadas&#8221;, vinhos e destilados, produtos l\u00e1cteos, trigo, cevada, malte, gl\u00faten de trigo, confeitaria, chocolates, cereais preparados, massas, azeite de oliva, frutas e vegetais processados.<\/p>\n<p>Bruxelas pede ainda a elimina\u00e7\u00e3o de taxas de exporta\u00e7\u00e3o aplicadas pelo Mercosul. Essa \u00e9 normalmente uma maneira de governos tentarem estimular a exporta\u00e7\u00e3o com valor agregado, em vez de vender s\u00f3 commodity.<\/p>\n<p>Os europeus querem que o Mercosul reveja as regras de licen\u00e7a de importa\u00e7\u00e3o. Insiste na proibi\u00e7\u00e3o de drawback (importa\u00e7\u00e3o de insumos com isen\u00e7\u00e3o de tarifa para a produ\u00e7\u00e3o de produtos de exporta\u00e7\u00e3o). E exige do Mercosul tamb\u00e9m a imediata suspens\u00e3o de medidas de defesa comercial \u00e0 entrada de leite em p\u00f3 europeu no bloco.<\/p>\n<p>Para fechar o acordo, Bruxelas cobra &#8220;resultado satisfat\u00f3rio&#8221; nas negocia\u00e7\u00f5es sobre indica\u00e7\u00f5es geogr\u00e1ficas, baseadas no princ\u00edpio de alto n\u00edvel de prote\u00e7\u00e3o da lista de indica\u00e7\u00f5es apresentada pela UE ao Mercosul, a ser protegida na entrada em vigor do acordo.<\/p>\n<p>Negociador do Mercosul diz que, na pr\u00e1tica, falta s\u00f3 um ponto percentual para atender a UE em termos de abertura. Diz que a oferta feita aos europeus na semana passada j\u00e1 elevou de 87% para 89% a cobertura da liberaliza\u00e7\u00e3o futura para os europeus. A dificuldade \u00e9 que a UE ainda n\u00e3o melhorou as cotas para carne bovina e etanol.<\/p>\n<p>&#8220;Estamos fazendo tudo para poder fechar [o acordo]&#8221;, disse o ministro das Rela\u00e7\u00f5es Exteriores, Aloysio Nunes. &#8220;Queremos o mais rapidamente poss\u00edvel, [mas] n\u00e3o sei se a negocia\u00e7\u00e3o vai concluir [aqui].&#8221;<\/p>\n","protected":false},"excerpt":{"rendered":"<p>Negociador do Mercosul diz que, na pr\u00e1tica, falta s\u00f3 um ponto percentual para atender a UE em termos de abertura<\/p>\n","protected":false},"author":11,"featured_media":97983623,"comment_status":"closed","ping_status":"closed","sticky":false,"template":"","format":"standard","meta":{"footnotes":""},"categories":[6,1],"tags":[],"class_list":["post-97985276","post","type-post","status-publish","format-standard","has-post-thumbnail","hentry","category-destaque","category-noticia"],"yoast_head":"<!-- This site is optimized with the Yoast SEO plugin v24.8.1 - https:\/\/yoast.com\/wordpress\/plugins\/seo\/ -->\n<title>UE pede ao Mercosul fim de tarifa em 90% da importa\u00e7\u00e3o - Acrimat<\/title>\n<meta name=\"robots\" content=\"index, follow, max-snippet:-1, max-image-preview:large, max-video-preview:-1\" \/>\n<link rel=\"canonical\" href=\"https:\/\/acrimat.org.br\/portal\/ue-pede-ao-mercosul-fim-de-tarifa-em-90-da-importacao\/\" \/>\n<meta property=\"og:locale\" content=\"pt_BR\" \/>\n<meta property=\"og:type\" content=\"article\" \/>\n<meta property=\"og:title\" content=\"UE pede ao Mercosul fim de tarifa em 90% da importa\u00e7\u00e3o - Acrimat\" \/>\n<meta property=\"og:description\" content=\"Negociador do Mercosul diz que, na pr\u00e1tica, falta s\u00f3 um ponto percentual para atender a UE em termos de abertura\" \/>\n<meta property=\"og:url\" content=\"https:\/\/acrimat.org.br\/portal\/ue-pede-ao-mercosul-fim-de-tarifa-em-90-da-importacao\/\" \/>\n<meta property=\"og:site_name\" content=\"Acrimat\" \/>\n<meta property=\"article:published_time\" content=\"2017-12-12T11:47:50+00:00\" \/>\n<meta property=\"og:image\" content=\"https:\/\/acrimat.org.br\/portal\/wp-content\/uploads\/2017\/09\/frigorifico_minerva_reproducao.jpg\" \/>\n\t<meta property=\"og:image:width\" content=\"956\" \/>\n\t<meta property=\"og:image:height\" content=\"500\" \/>\n\t<meta property=\"og:image:type\" content=\"image\/jpeg\" \/>\n<meta name=\"author\" content=\"P\u00e9ricles C\u00e2ndido\" \/>\n<meta name=\"twitter:card\" content=\"summary_large_image\" \/>\n<meta name=\"twitter:label1\" content=\"Escrito por\" \/>\n\t<meta name=\"twitter:data1\" content=\"P\u00e9ricles C\u00e2ndido\" \/>\n\t<meta name=\"twitter:label2\" content=\"Est. tempo de leitura\" \/>\n\t<meta name=\"twitter:data2\" content=\"3 minutos\" \/>\n<script type=\"application\/ld+json\" class=\"yoast-schema-graph\">{\"@context\":\"https:\/\/schema.org\",\"@graph\":[{\"@type\":\"Article\",\"@id\":\"https:\/\/acrimat.org.br\/portal\/ue-pede-ao-mercosul-fim-de-tarifa-em-90-da-importacao\/#article\",\"isPartOf\":{\"@id\":\"https:\/\/acrimat.org.br\/portal\/ue-pede-ao-mercosul-fim-de-tarifa-em-90-da-importacao\/\"},\"author\":{\"name\":\"P\u00e9ricles C\u00e2ndido\",\"@id\":\"https:\/\/acrimat.org.br\/portal\/#\/schema\/person\/18df8bcf6890e924fe5d8b5afd2bec0f\"},\"headline\":\"UE pede ao Mercosul fim de tarifa em 90% da importa\u00e7\u00e3o\",\"datePublished\":\"2017-12-12T11:47:50+00:00\",\"mainEntityOfPage\":{\"@id\":\"https:\/\/acrimat.org.br\/portal\/ue-pede-ao-mercosul-fim-de-tarifa-em-90-da-importacao\/\"},\"wordCount\":545,\"publisher\":{\"@id\":\"https:\/\/acrimat.org.br\/portal\/#organization\"},\"image\":{\"@id\":\"https:\/\/acrimat.org.br\/portal\/ue-pede-ao-mercosul-fim-de-tarifa-em-90-da-importacao\/#primaryimage\"},\"thumbnailUrl\":\"https:\/\/acrimat.org.br\/portal\/wp-content\/uploads\/2017\/09\/frigorifico_minerva_reproducao.jpg\",\"articleSection\":[\"Destaques\",\"Not\u00edcias\"],\"inLanguage\":\"pt-BR\"},{\"@type\":\"WebPage\",\"@id\":\"https:\/\/acrimat.org.br\/portal\/ue-pede-ao-mercosul-fim-de-tarifa-em-90-da-importacao\/\",\"url\":\"https:\/\/acrimat.org.br\/portal\/ue-pede-ao-mercosul-fim-de-tarifa-em-90-da-importacao\/\",\"name\":\"UE pede ao Mercosul fim de tarifa em 90% da importa\u00e7\u00e3o - Acrimat\",\"isPartOf\":{\"@id\":\"https:\/\/acrimat.org.br\/portal\/#website\"},\"primaryImageOfPage\":{\"@id\":\"https:\/\/acrimat.org.br\/portal\/ue-pede-ao-mercosul-fim-de-tarifa-em-90-da-importacao\/#primaryimage\"},\"image\":{\"@id\":\"https:\/\/acrimat.org.br\/portal\/ue-pede-ao-mercosul-fim-de-tarifa-em-90-da-importacao\/#primaryimage\"},\"thumbnailUrl\":\"https:\/\/acrimat.org.br\/portal\/wp-content\/uploads\/2017\/09\/frigorifico_minerva_reproducao.jpg\",\"datePublished\":\"2017-12-12T11:47:50+00:00\",\"breadcrumb\":{\"@id\":\"https:\/\/acrimat.org.br\/portal\/ue-pede-ao-mercosul-fim-de-tarifa-em-90-da-importacao\/#breadcrumb\"},\"inLanguage\":\"pt-BR\",\"potentialAction\":[{\"@type\":\"ReadAction\",\"target\":[\"https:\/\/acrimat.org.br\/portal\/ue-pede-ao-mercosul-fim-de-tarifa-em-90-da-importacao\/\"]}]},{\"@type\":\"ImageObject\",\"inLanguage\":\"pt-BR\",\"@id\":\"https:\/\/acrimat.org.br\/portal\/ue-pede-ao-mercosul-fim-de-tarifa-em-90-da-importacao\/#primaryimage\",\"url\":\"https:\/\/acrimat.org.br\/portal\/wp-content\/uploads\/2017\/09\/frigorifico_minerva_reproducao.jpg\",\"contentUrl\":\"https:\/\/acrimat.org.br\/portal\/wp-content\/uploads\/2017\/09\/frigorifico_minerva_reproducao.jpg\",\"width\":956,\"height\":500,\"caption\":\"Associa\u00e7\u00e3o mostra decr\u00e9scimo das exporta\u00e7\u00f5es para aquele pa\u00eds. Dessa forma, solicitando novas habilita\u00e7\u00f5es para atender mercado (Foto: reprodu\u00e7\u00e3o)\"},{\"@type\":\"BreadcrumbList\",\"@id\":\"https:\/\/acrimat.org.br\/portal\/ue-pede-ao-mercosul-fim-de-tarifa-em-90-da-importacao\/#breadcrumb\",\"itemListElement\":[{\"@type\":\"ListItem\",\"position\":1,\"name\":\"In\u00edcio\",\"item\":\"https:\/\/acrimat.org.br\/portal\/\"},{\"@type\":\"ListItem\",\"position\":2,\"name\":\"UE pede ao Mercosul fim de tarifa em 90% da importa\u00e7\u00e3o\"}]},{\"@type\":\"WebSite\",\"@id\":\"https:\/\/acrimat.org.br\/portal\/#website\",\"url\":\"https:\/\/acrimat.org.br\/portal\/\",\"name\":\"Acrimat\",\"description\":\"Associa\u00e7\u00e3o dos Criadores de Mato Grosso\",\"publisher\":{\"@id\":\"https:\/\/acrimat.org.br\/portal\/#organization\"},\"potentialAction\":[{\"@type\":\"SearchAction\",\"target\":{\"@type\":\"EntryPoint\",\"urlTemplate\":\"https:\/\/acrimat.org.br\/portal\/?s={search_term_string}\"},\"query-input\":{\"@type\":\"PropertyValueSpecification\",\"valueRequired\":true,\"valueName\":\"search_term_string\"}}],\"inLanguage\":\"pt-BR\"},{\"@type\":\"Organization\",\"@id\":\"https:\/\/acrimat.org.br\/portal\/#organization\",\"name\":\"Associa\u00e7\u00e3o dos Criadores de Mato Grosso\",\"url\":\"https:\/\/acrimat.org.br\/portal\/\",\"logo\":{\"@type\":\"ImageObject\",\"inLanguage\":\"pt-BR\",\"@id\":\"https:\/\/acrimat.org.br\/portal\/#\/schema\/logo\/image\/\",\"url\":\"https:\/\/acrimat.org.br\/portal\/wp-content\/uploads\/2018\/03\/logo-peq-original.png\",\"contentUrl\":\"https:\/\/acrimat.org.br\/portal\/wp-content\/uploads\/2018\/03\/logo-peq-original.png\",\"width\":174,\"height\":171,\"caption\":\"Associa\u00e7\u00e3o dos Criadores de Mato Grosso\"},\"image\":{\"@id\":\"https:\/\/acrimat.org.br\/portal\/#\/schema\/logo\/image\/\"}},{\"@type\":\"Person\",\"@id\":\"https:\/\/acrimat.org.br\/portal\/#\/schema\/person\/18df8bcf6890e924fe5d8b5afd2bec0f\",\"name\":\"P\u00e9ricles C\u00e2ndido\",\"image\":{\"@type\":\"ImageObject\",\"inLanguage\":\"pt-BR\",\"@id\":\"https:\/\/acrimat.org.br\/portal\/#\/schema\/person\/image\/\",\"url\":\"https:\/\/secure.gravatar.com\/avatar\/33e2a2b971dc363ed2df53d0d3bfbd18?s=96&d=mm&r=g\",\"contentUrl\":\"https:\/\/secure.gravatar.com\/avatar\/33e2a2b971dc363ed2df53d0d3bfbd18?s=96&d=mm&r=g\",\"caption\":\"P\u00e9ricles C\u00e2ndido\"},\"sameAs\":[\"ascom@acrimat.org.br\"],\"url\":\"https:\/\/acrimat.org.br\/portal\/author\/designergrafico\/\"}]}<\/script>\n<!-- \/ Yoast SEO plugin. -->","yoast_head_json":{"title":"UE pede ao Mercosul fim de tarifa em 90% da importa\u00e7\u00e3o - Acrimat","robots":{"index":"index","follow":"follow","max-snippet":"max-snippet:-1","max-image-preview":"max-image-preview:large","max-video-preview":"max-video-preview:-1"},"canonical":"https:\/\/acrimat.org.br\/portal\/ue-pede-ao-mercosul-fim-de-tarifa-em-90-da-importacao\/","og_locale":"pt_BR","og_type":"article","og_title":"UE pede ao Mercosul fim de tarifa em 90% da importa\u00e7\u00e3o - Acrimat","og_description":"Negociador do Mercosul diz que, na pr\u00e1tica, falta s\u00f3 um ponto percentual para atender a UE em termos de abertura","og_url":"https:\/\/acrimat.org.br\/portal\/ue-pede-ao-mercosul-fim-de-tarifa-em-90-da-importacao\/","og_site_name":"Acrimat","article_published_time":"2017-12-12T11:47:50+00:00","og_image":[{"width":956,"height":500,"url":"https:\/\/acrimat.org.br\/portal\/wp-content\/uploads\/2017\/09\/frigorifico_minerva_reproducao.jpg","type":"image\/jpeg"}],"author":"P\u00e9ricles C\u00e2ndido","twitter_card":"summary_large_image","twitter_misc":{"Escrito por":"P\u00e9ricles C\u00e2ndido","Est. tempo de leitura":"3 minutos"},"schema":{"@context":"https:\/\/schema.org","@graph":[{"@type":"Article","@id":"https:\/\/acrimat.org.br\/portal\/ue-pede-ao-mercosul-fim-de-tarifa-em-90-da-importacao\/#article","isPartOf":{"@id":"https:\/\/acrimat.org.br\/portal\/ue-pede-ao-mercosul-fim-de-tarifa-em-90-da-importacao\/"},"author":{"name":"P\u00e9ricles C\u00e2ndido","@id":"https:\/\/acrimat.org.br\/portal\/#\/schema\/person\/18df8bcf6890e924fe5d8b5afd2bec0f"},"headline":"UE pede ao Mercosul fim de tarifa em 90% da importa\u00e7\u00e3o","datePublished":"2017-12-12T11:47:50+00:00","mainEntityOfPage":{"@id":"https:\/\/acrimat.org.br\/portal\/ue-pede-ao-mercosul-fim-de-tarifa-em-90-da-importacao\/"},"wordCount":545,"publisher":{"@id":"https:\/\/acrimat.org.br\/portal\/#organization"},"image":{"@id":"https:\/\/acrimat.org.br\/portal\/ue-pede-ao-mercosul-fim-de-tarifa-em-90-da-importacao\/#primaryimage"},"thumbnailUrl":"https:\/\/acrimat.org.br\/portal\/wp-content\/uploads\/2017\/09\/frigorifico_minerva_reproducao.jpg","articleSection":["Destaques","Not\u00edcias"],"inLanguage":"pt-BR"},{"@type":"WebPage","@id":"https:\/\/acrimat.org.br\/portal\/ue-pede-ao-mercosul-fim-de-tarifa-em-90-da-importacao\/","url":"https:\/\/acrimat.org.br\/portal\/ue-pede-ao-mercosul-fim-de-tarifa-em-90-da-importacao\/","name":"UE pede ao Mercosul fim de tarifa em 90% da importa\u00e7\u00e3o - Acrimat","isPartOf":{"@id":"https:\/\/acrimat.org.br\/portal\/#website"},"primaryImageOfPage":{"@id":"https:\/\/acrimat.org.br\/portal\/ue-pede-ao-mercosul-fim-de-tarifa-em-90-da-importacao\/#primaryimage"},"image":{"@id":"https:\/\/acrimat.org.br\/portal\/ue-pede-ao-mercosul-fim-de-tarifa-em-90-da-importacao\/#primaryimage"},"thumbnailUrl":"https:\/\/acrimat.org.br\/portal\/wp-content\/uploads\/2017\/09\/frigorifico_minerva_reproducao.jpg","datePublished":"2017-12-12T11:47:50+00:00","breadcrumb":{"@id":"https:\/\/acrimat.org.br\/portal\/ue-pede-ao-mercosul-fim-de-tarifa-em-90-da-importacao\/#breadcrumb"},"inLanguage":"pt-BR","potentialAction":[{"@type":"ReadAction","target":["https:\/\/acrimat.org.br\/portal\/ue-pede-ao-mercosul-fim-de-tarifa-em-90-da-importacao\/"]}]},{"@type":"ImageObject","inLanguage":"pt-BR","@id":"https:\/\/acrimat.org.br\/portal\/ue-pede-ao-mercosul-fim-de-tarifa-em-90-da-importacao\/#primaryimage","url":"https:\/\/acrimat.org.br\/portal\/wp-content\/uploads\/2017\/09\/frigorifico_minerva_reproducao.jpg","contentUrl":"https:\/\/acrimat.org.br\/portal\/wp-content\/uploads\/2017\/09\/frigorifico_minerva_reproducao.jpg","width":956,"height":500,"caption":"Associa\u00e7\u00e3o mostra decr\u00e9scimo das exporta\u00e7\u00f5es para aquele pa\u00eds. Dessa forma, solicitando novas habilita\u00e7\u00f5es para atender mercado (Foto: reprodu\u00e7\u00e3o)"},{"@type":"BreadcrumbList","@id":"https:\/\/acrimat.org.br\/portal\/ue-pede-ao-mercosul-fim-de-tarifa-em-90-da-importacao\/#breadcrumb","itemListElement":[{"@type":"ListItem","position":1,"name":"In\u00edcio","item":"https:\/\/acrimat.org.br\/portal\/"},{"@type":"ListItem","position":2,"name":"UE pede ao Mercosul fim de tarifa em 90% da importa\u00e7\u00e3o"}]},{"@type":"WebSite","@id":"https:\/\/acrimat.org.br\/portal\/#website","url":"https:\/\/acrimat.org.br\/portal\/","name":"Acrimat","description":"Associa\u00e7\u00e3o dos Criadores de Mato Grosso","publisher":{"@id":"https:\/\/acrimat.org.br\/portal\/#organization"},"potentialAction":[{"@type":"SearchAction","target":{"@type":"EntryPoint","urlTemplate":"https:\/\/acrimat.org.br\/portal\/?s={search_term_string}"},"query-input":{"@type":"PropertyValueSpecification","valueRequired":true,"valueName":"search_term_string"}}],"inLanguage":"pt-BR"},{"@type":"Organization","@id":"https:\/\/acrimat.org.br\/portal\/#organization","name":"Associa\u00e7\u00e3o dos Criadores de Mato Grosso","url":"https:\/\/acrimat.org.br\/portal\/","logo":{"@type":"ImageObject","inLanguage":"pt-BR","@id":"https:\/\/acrimat.org.br\/portal\/#\/schema\/logo\/image\/","url":"https:\/\/acrimat.org.br\/portal\/wp-content\/uploads\/2018\/03\/logo-peq-original.png","contentUrl":"https:\/\/acrimat.org.br\/portal\/wp-content\/uploads\/2018\/03\/logo-peq-original.png","width":174,"height":171,"caption":"Associa\u00e7\u00e3o dos Criadores de Mato Grosso"},"image":{"@id":"https:\/\/acrimat.org.br\/portal\/#\/schema\/logo\/image\/"}},{"@type":"Person","@id":"https:\/\/acrimat.org.br\/portal\/#\/schema\/person\/18df8bcf6890e924fe5d8b5afd2bec0f","name":"P\u00e9ricles C\u00e2ndido","image":{"@type":"ImageObject","inLanguage":"pt-BR","@id":"https:\/\/acrimat.org.br\/portal\/#\/schema\/person\/image\/","url":"https:\/\/secure.gravatar.com\/avatar\/33e2a2b971dc363ed2df53d0d3bfbd18?s=96&d=mm&r=g","contentUrl":"https:\/\/secure.gravatar.com\/avatar\/33e2a2b971dc363ed2df53d0d3bfbd18?s=96&d=mm&r=g","caption":"P\u00e9ricles C\u00e2ndido"},"sameAs":["ascom@acrimat.org.br"],"url":"https:\/\/acrimat.org.br\/portal\/author\/designergrafico\/"}]}},"_links":{"self":[{"href":"https:\/\/acrimat.org.br\/portal\/wp-json\/wp\/v2\/posts\/97985276","targetHints":{"allow":["GET"]}}],"collection":[{"href":"https:\/\/acrimat.org.br\/portal\/wp-json\/wp\/v2\/posts"}],"about":[{"href":"https:\/\/acrimat.org.br\/portal\/wp-json\/wp\/v2\/types\/post"}],"author":[{"embeddable":true,"href":"https:\/\/acrimat.org.br\/portal\/wp-json\/wp\/v2\/users\/11"}],"replies":[{"embeddable":true,"href":"https:\/\/acrimat.org.br\/portal\/wp-json\/wp\/v2\/comments?post=97985276"}],"version-history":[{"count":1,"href":"https:\/\/acrimat.org.br\/portal\/wp-json\/wp\/v2\/posts\/97985276\/revisions"}],"predecessor-version":[{"id":97985277,"href":"https:\/\/acrimat.org.br\/portal\/wp-json\/wp\/v2\/posts\/97985276\/revisions\/97985277"}],"wp:featuredmedia":[{"embeddable":true,"href":"https:\/\/acrimat.org.br\/portal\/wp-json\/wp\/v2\/media\/97983623"}],"wp:attachment":[{"href":"https:\/\/acrimat.org.br\/portal\/wp-json\/wp\/v2\/media?parent=97985276"}],"wp:term":[{"taxonomy":"category","embeddable":true,"href":"https:\/\/acrimat.org.br\/portal\/wp-json\/wp\/v2\/categories?post=97985276"},{"taxonomy":"post_tag","embeddable":true,"href":"https:\/\/acrimat.org.br\/portal\/wp-json\/wp\/v2\/tags?post=97985276"}],"curies":[{"name":"wp","href":"https:\/\/api.w.org\/{rel}","templated":true}]}}