{"id":97985280,"date":"2017-12-12T08:52:08","date_gmt":"2017-12-12T11:52:08","guid":{"rendered":"http:\/\/acrimat.org.br\/portal\/?p=97985280"},"modified":"2017-12-12T08:52:08","modified_gmt":"2017-12-12T11:52:08","slug":"ministerio-da-agricultura-cria-selo-de-integridade","status":"publish","type":"post","link":"https:\/\/acrimat.org.br\/portal\/ministerio-da-agricultura-cria-selo-de-integridade\/","title":{"rendered":"Minist\u00e9rio da Agricultura cria selo de \u2018integridade\u2019"},"content":{"rendered":"<p>O Minist\u00e9rio da Agricultura vai lan\u00e7ar nesta ter\u00e7a-feira, 12, um selo de integridade para empresas do agroneg\u00f3cio. Segundo o minist\u00e9rio, um dos objetivos \u00e9 mitigar os preju\u00edzos \u00e0 imagem dos produtos brasileiros no exterior causados pelo esc\u00e2ndalo da JBS e da Opera\u00e7\u00e3o Carne Fraca.<\/p>\n<p>O selo Agro + Integridade ser\u00e1 lan\u00e7ado em cerim\u00f4nia no Pal\u00e1cio do Planalto com a presen\u00e7a do presidente Michel Temer. Para ter direito \u00e0 premia\u00e7\u00e3o, as empresas ter\u00e3o de apresentar documentos comprovando a ado\u00e7\u00e3o de programas internos de compliance, ado\u00e7\u00e3o de c\u00f3digo de \u00e9tica, canais de den\u00fancia, compromissos com a sustentabilidade, certid\u00f5es negativas em rela\u00e7\u00e3o a d\u00edvidas com o poder p\u00fablico, passivos trabalhistas e infra\u00e7\u00f5es ambientais, entre outros.<\/p>\n<p>Ap\u00f3s a pol\u00eamica causada pela mudan\u00e7a nas regras de fiscaliza\u00e7\u00e3o do trabalho an\u00e1logo \u00e0 escravid\u00e3o, a pedido de ruralistas, o governo vai proibir que empresas citadas na Lista Suja do Trabalho escravo recebam o selo. A ideia \u00e9 abrir as inscri\u00e7\u00f5es para a premia\u00e7\u00e3o ainda em janeiro de 2018 e outorgar os primeiros selos em outubro, perto das elei\u00e7\u00f5es. \u201c\u00c9 um esfor\u00e7o conjunto do setor agr\u00edcola pela integridade. O selo vai ser um diferencial tanto para o mercado interno quanto internacional e muito em breve ser\u00e1 uma exig\u00eancia do mercado\u201d, disse o secret\u00e1rio executivo do Minist\u00e9rio da Agricultura, Eumar Novacki.<\/p>\n<p>Segundo ele, a ideia de lan\u00e7ar o selo \u00e9 um complemento do processo de ado\u00e7\u00e3o de normas de compliance no pr\u00f3prio minist\u00e9rio e da necessidade de uma resposta concreta diante do esc\u00e2ndalo da JBS e da Opera\u00e7\u00e3o Carne Fraca, que levou alguns pa\u00edses a barrarem a importa\u00e7\u00e3o de carne brasileira. \u201cTem a ver sim com a imagem do setor, principalmente, depois da Carne Fraca. Aquilo repercutiu no mundo inteiro e trouxe a necessidade de dar mais transpar\u00eancia ao setor\u201d, disse Novacki.<\/p>\n<p>A ideia, explicou o secret\u00e1rio, foi concebida com a participa\u00e7\u00e3o das empresas do setor. A premia\u00e7\u00e3o ter\u00e1 validade de um ano e poder\u00e1 ser renovada e usada na publicidade dos premiados. As informa\u00e7\u00f5es s\u00e3o do jornal O Estado de S. Paulo.<\/p>\n","protected":false},"excerpt":{"rendered":"<p>O Minist\u00e9rio da Agricultura vai lan\u00e7ar nesta ter\u00e7a-feira, 12, um selo de integridade para empresas do agroneg\u00f3cio<\/p>\n","protected":false},"author":11,"featured_media":97985281,"comment_status":"closed","ping_status":"closed","sticky":false,"template":"","format":"standard","meta":{"footnotes":""},"categories":[6,1],"tags":[],"class_list":["post-97985280","post","type-post","status-publish","format-standard","has-post-thumbnail","hentry","category-destaque","category-noticia"],"yoast_head":"<!-- This site is optimized with the Yoast SEO plugin v24.8.1 - https:\/\/yoast.com\/wordpress\/plugins\/seo\/ -->\n<title>Minist\u00e9rio da Agricultura cria selo de \u2018integridade\u2019 - Acrimat<\/title>\n<meta name=\"robots\" content=\"index, follow, max-snippet:-1, max-image-preview:large, max-video-preview:-1\" \/>\n<link rel=\"canonical\" href=\"https:\/\/acrimat.org.br\/portal\/ministerio-da-agricultura-cria-selo-de-integridade\/\" \/>\n<meta property=\"og:locale\" content=\"pt_BR\" \/>\n<meta property=\"og:type\" content=\"article\" \/>\n<meta property=\"og:title\" content=\"Minist\u00e9rio da Agricultura cria selo de \u2018integridade\u2019 - Acrimat\" \/>\n<meta property=\"og:description\" content=\"O Minist\u00e9rio da Agricultura vai lan\u00e7ar nesta ter\u00e7a-feira, 12, um selo de integridade para empresas do agroneg\u00f3cio\" \/>\n<meta property=\"og:url\" content=\"https:\/\/acrimat.org.br\/portal\/ministerio-da-agricultura-cria-selo-de-integridade\/\" \/>\n<meta property=\"og:site_name\" content=\"Acrimat\" \/>\n<meta property=\"article:published_time\" content=\"2017-12-12T11:52:08+00:00\" \/>\n<meta property=\"og:image\" content=\"https:\/\/acrimat.org.br\/portal\/wp-content\/uploads\/2017\/12\/frigorifico1.jpg\" \/>\n\t<meta property=\"og:image:width\" content=\"730\" \/>\n\t<meta property=\"og:image:height\" content=\"502\" \/>\n\t<meta property=\"og:image:type\" content=\"image\/jpeg\" \/>\n<meta name=\"author\" content=\"P\u00e9ricles C\u00e2ndido\" \/>\n<meta name=\"twitter:card\" content=\"summary_large_image\" \/>\n<meta name=\"twitter:label1\" content=\"Escrito por\" \/>\n\t<meta name=\"twitter:data1\" content=\"P\u00e9ricles C\u00e2ndido\" \/>\n\t<meta name=\"twitter:label2\" content=\"Est. tempo de leitura\" \/>\n\t<meta name=\"twitter:data2\" content=\"2 minutos\" \/>\n<script type=\"application\/ld+json\" class=\"yoast-schema-graph\">{\"@context\":\"https:\/\/schema.org\",\"@graph\":[{\"@type\":\"Article\",\"@id\":\"https:\/\/acrimat.org.br\/portal\/ministerio-da-agricultura-cria-selo-de-integridade\/#article\",\"isPartOf\":{\"@id\":\"https:\/\/acrimat.org.br\/portal\/ministerio-da-agricultura-cria-selo-de-integridade\/\"},\"author\":{\"name\":\"P\u00e9ricles C\u00e2ndido\",\"@id\":\"https:\/\/acrimat.org.br\/portal\/#\/schema\/person\/18df8bcf6890e924fe5d8b5afd2bec0f\"},\"headline\":\"Minist\u00e9rio da Agricultura cria selo de \u2018integridade\u2019\",\"datePublished\":\"2017-12-12T11:52:08+00:00\",\"mainEntityOfPage\":{\"@id\":\"https:\/\/acrimat.org.br\/portal\/ministerio-da-agricultura-cria-selo-de-integridade\/\"},\"wordCount\":383,\"publisher\":{\"@id\":\"https:\/\/acrimat.org.br\/portal\/#organization\"},\"image\":{\"@id\":\"https:\/\/acrimat.org.br\/portal\/ministerio-da-agricultura-cria-selo-de-integridade\/#primaryimage\"},\"thumbnailUrl\":\"https:\/\/acrimat.org.br\/portal\/wp-content\/uploads\/2017\/12\/frigorifico1.jpg\",\"articleSection\":[\"Destaques\",\"Not\u00edcias\"],\"inLanguage\":\"pt-BR\"},{\"@type\":\"WebPage\",\"@id\":\"https:\/\/acrimat.org.br\/portal\/ministerio-da-agricultura-cria-selo-de-integridade\/\",\"url\":\"https:\/\/acrimat.org.br\/portal\/ministerio-da-agricultura-cria-selo-de-integridade\/\",\"name\":\"Minist\u00e9rio da Agricultura cria selo de \u2018integridade\u2019 - Acrimat\",\"isPartOf\":{\"@id\":\"https:\/\/acrimat.org.br\/portal\/#website\"},\"primaryImageOfPage\":{\"@id\":\"https:\/\/acrimat.org.br\/portal\/ministerio-da-agricultura-cria-selo-de-integridade\/#primaryimage\"},\"image\":{\"@id\":\"https:\/\/acrimat.org.br\/portal\/ministerio-da-agricultura-cria-selo-de-integridade\/#primaryimage\"},\"thumbnailUrl\":\"https:\/\/acrimat.org.br\/portal\/wp-content\/uploads\/2017\/12\/frigorifico1.jpg\",\"datePublished\":\"2017-12-12T11:52:08+00:00\",\"breadcrumb\":{\"@id\":\"https:\/\/acrimat.org.br\/portal\/ministerio-da-agricultura-cria-selo-de-integridade\/#breadcrumb\"},\"inLanguage\":\"pt-BR\",\"potentialAction\":[{\"@type\":\"ReadAction\",\"target\":[\"https:\/\/acrimat.org.br\/portal\/ministerio-da-agricultura-cria-selo-de-integridade\/\"]}]},{\"@type\":\"ImageObject\",\"inLanguage\":\"pt-BR\",\"@id\":\"https:\/\/acrimat.org.br\/portal\/ministerio-da-agricultura-cria-selo-de-integridade\/#primaryimage\",\"url\":\"https:\/\/acrimat.org.br\/portal\/wp-content\/uploads\/2017\/12\/frigorifico1.jpg\",\"contentUrl\":\"https:\/\/acrimat.org.br\/portal\/wp-content\/uploads\/2017\/12\/frigorifico1.jpg\",\"width\":730,\"height\":502},{\"@type\":\"BreadcrumbList\",\"@id\":\"https:\/\/acrimat.org.br\/portal\/ministerio-da-agricultura-cria-selo-de-integridade\/#breadcrumb\",\"itemListElement\":[{\"@type\":\"ListItem\",\"position\":1,\"name\":\"In\u00edcio\",\"item\":\"https:\/\/acrimat.org.br\/portal\/\"},{\"@type\":\"ListItem\",\"position\":2,\"name\":\"Minist\u00e9rio da Agricultura cria selo de \u2018integridade\u2019\"}]},{\"@type\":\"WebSite\",\"@id\":\"https:\/\/acrimat.org.br\/portal\/#website\",\"url\":\"https:\/\/acrimat.org.br\/portal\/\",\"name\":\"Acrimat\",\"description\":\"Associa\u00e7\u00e3o dos Criadores de Mato Grosso\",\"publisher\":{\"@id\":\"https:\/\/acrimat.org.br\/portal\/#organization\"},\"potentialAction\":[{\"@type\":\"SearchAction\",\"target\":{\"@type\":\"EntryPoint\",\"urlTemplate\":\"https:\/\/acrimat.org.br\/portal\/?s={search_term_string}\"},\"query-input\":{\"@type\":\"PropertyValueSpecification\",\"valueRequired\":true,\"valueName\":\"search_term_string\"}}],\"inLanguage\":\"pt-BR\"},{\"@type\":\"Organization\",\"@id\":\"https:\/\/acrimat.org.br\/portal\/#organization\",\"name\":\"Associa\u00e7\u00e3o dos Criadores de Mato Grosso\",\"url\":\"https:\/\/acrimat.org.br\/portal\/\",\"logo\":{\"@type\":\"ImageObject\",\"inLanguage\":\"pt-BR\",\"@id\":\"https:\/\/acrimat.org.br\/portal\/#\/schema\/logo\/image\/\",\"url\":\"https:\/\/acrimat.org.br\/portal\/wp-content\/uploads\/2018\/03\/logo-peq-original.png\",\"contentUrl\":\"https:\/\/acrimat.org.br\/portal\/wp-content\/uploads\/2018\/03\/logo-peq-original.png\",\"width\":174,\"height\":171,\"caption\":\"Associa\u00e7\u00e3o dos Criadores de Mato Grosso\"},\"image\":{\"@id\":\"https:\/\/acrimat.org.br\/portal\/#\/schema\/logo\/image\/\"}},{\"@type\":\"Person\",\"@id\":\"https:\/\/acrimat.org.br\/portal\/#\/schema\/person\/18df8bcf6890e924fe5d8b5afd2bec0f\",\"name\":\"P\u00e9ricles C\u00e2ndido\",\"image\":{\"@type\":\"ImageObject\",\"inLanguage\":\"pt-BR\",\"@id\":\"https:\/\/acrimat.org.br\/portal\/#\/schema\/person\/image\/\",\"url\":\"https:\/\/secure.gravatar.com\/avatar\/33e2a2b971dc363ed2df53d0d3bfbd18?s=96&d=mm&r=g\",\"contentUrl\":\"https:\/\/secure.gravatar.com\/avatar\/33e2a2b971dc363ed2df53d0d3bfbd18?s=96&d=mm&r=g\",\"caption\":\"P\u00e9ricles C\u00e2ndido\"},\"sameAs\":[\"ascom@acrimat.org.br\"],\"url\":\"https:\/\/acrimat.org.br\/portal\/author\/designergrafico\/\"}]}<\/script>\n<!-- \/ Yoast SEO plugin. -->","yoast_head_json":{"title":"Minist\u00e9rio da Agricultura cria selo de \u2018integridade\u2019 - Acrimat","robots":{"index":"index","follow":"follow","max-snippet":"max-snippet:-1","max-image-preview":"max-image-preview:large","max-video-preview":"max-video-preview:-1"},"canonical":"https:\/\/acrimat.org.br\/portal\/ministerio-da-agricultura-cria-selo-de-integridade\/","og_locale":"pt_BR","og_type":"article","og_title":"Minist\u00e9rio da Agricultura cria selo de \u2018integridade\u2019 - Acrimat","og_description":"O Minist\u00e9rio da Agricultura vai lan\u00e7ar nesta ter\u00e7a-feira, 12, um selo de integridade para empresas do agroneg\u00f3cio","og_url":"https:\/\/acrimat.org.br\/portal\/ministerio-da-agricultura-cria-selo-de-integridade\/","og_site_name":"Acrimat","article_published_time":"2017-12-12T11:52:08+00:00","og_image":[{"width":730,"height":502,"url":"https:\/\/acrimat.org.br\/portal\/wp-content\/uploads\/2017\/12\/frigorifico1.jpg","type":"image\/jpeg"}],"author":"P\u00e9ricles C\u00e2ndido","twitter_card":"summary_large_image","twitter_misc":{"Escrito por":"P\u00e9ricles C\u00e2ndido","Est. tempo de leitura":"2 minutos"},"schema":{"@context":"https:\/\/schema.org","@graph":[{"@type":"Article","@id":"https:\/\/acrimat.org.br\/portal\/ministerio-da-agricultura-cria-selo-de-integridade\/#article","isPartOf":{"@id":"https:\/\/acrimat.org.br\/portal\/ministerio-da-agricultura-cria-selo-de-integridade\/"},"author":{"name":"P\u00e9ricles C\u00e2ndido","@id":"https:\/\/acrimat.org.br\/portal\/#\/schema\/person\/18df8bcf6890e924fe5d8b5afd2bec0f"},"headline":"Minist\u00e9rio da Agricultura cria selo de \u2018integridade\u2019","datePublished":"2017-12-12T11:52:08+00:00","mainEntityOfPage":{"@id":"https:\/\/acrimat.org.br\/portal\/ministerio-da-agricultura-cria-selo-de-integridade\/"},"wordCount":383,"publisher":{"@id":"https:\/\/acrimat.org.br\/portal\/#organization"},"image":{"@id":"https:\/\/acrimat.org.br\/portal\/ministerio-da-agricultura-cria-selo-de-integridade\/#primaryimage"},"thumbnailUrl":"https:\/\/acrimat.org.br\/portal\/wp-content\/uploads\/2017\/12\/frigorifico1.jpg","articleSection":["Destaques","Not\u00edcias"],"inLanguage":"pt-BR"},{"@type":"WebPage","@id":"https:\/\/acrimat.org.br\/portal\/ministerio-da-agricultura-cria-selo-de-integridade\/","url":"https:\/\/acrimat.org.br\/portal\/ministerio-da-agricultura-cria-selo-de-integridade\/","name":"Minist\u00e9rio da Agricultura cria selo de \u2018integridade\u2019 - Acrimat","isPartOf":{"@id":"https:\/\/acrimat.org.br\/portal\/#website"},"primaryImageOfPage":{"@id":"https:\/\/acrimat.org.br\/portal\/ministerio-da-agricultura-cria-selo-de-integridade\/#primaryimage"},"image":{"@id":"https:\/\/acrimat.org.br\/portal\/ministerio-da-agricultura-cria-selo-de-integridade\/#primaryimage"},"thumbnailUrl":"https:\/\/acrimat.org.br\/portal\/wp-content\/uploads\/2017\/12\/frigorifico1.jpg","datePublished":"2017-12-12T11:52:08+00:00","breadcrumb":{"@id":"https:\/\/acrimat.org.br\/portal\/ministerio-da-agricultura-cria-selo-de-integridade\/#breadcrumb"},"inLanguage":"pt-BR","potentialAction":[{"@type":"ReadAction","target":["https:\/\/acrimat.org.br\/portal\/ministerio-da-agricultura-cria-selo-de-integridade\/"]}]},{"@type":"ImageObject","inLanguage":"pt-BR","@id":"https:\/\/acrimat.org.br\/portal\/ministerio-da-agricultura-cria-selo-de-integridade\/#primaryimage","url":"https:\/\/acrimat.org.br\/portal\/wp-content\/uploads\/2017\/12\/frigorifico1.jpg","contentUrl":"https:\/\/acrimat.org.br\/portal\/wp-content\/uploads\/2017\/12\/frigorifico1.jpg","width":730,"height":502},{"@type":"BreadcrumbList","@id":"https:\/\/acrimat.org.br\/portal\/ministerio-da-agricultura-cria-selo-de-integridade\/#breadcrumb","itemListElement":[{"@type":"ListItem","position":1,"name":"In\u00edcio","item":"https:\/\/acrimat.org.br\/portal\/"},{"@type":"ListItem","position":2,"name":"Minist\u00e9rio da Agricultura cria selo de \u2018integridade\u2019"}]},{"@type":"WebSite","@id":"https:\/\/acrimat.org.br\/portal\/#website","url":"https:\/\/acrimat.org.br\/portal\/","name":"Acrimat","description":"Associa\u00e7\u00e3o dos Criadores de Mato Grosso","publisher":{"@id":"https:\/\/acrimat.org.br\/portal\/#organization"},"potentialAction":[{"@type":"SearchAction","target":{"@type":"EntryPoint","urlTemplate":"https:\/\/acrimat.org.br\/portal\/?s={search_term_string}"},"query-input":{"@type":"PropertyValueSpecification","valueRequired":true,"valueName":"search_term_string"}}],"inLanguage":"pt-BR"},{"@type":"Organization","@id":"https:\/\/acrimat.org.br\/portal\/#organization","name":"Associa\u00e7\u00e3o dos Criadores de Mato Grosso","url":"https:\/\/acrimat.org.br\/portal\/","logo":{"@type":"ImageObject","inLanguage":"pt-BR","@id":"https:\/\/acrimat.org.br\/portal\/#\/schema\/logo\/image\/","url":"https:\/\/acrimat.org.br\/portal\/wp-content\/uploads\/2018\/03\/logo-peq-original.png","contentUrl":"https:\/\/acrimat.org.br\/portal\/wp-content\/uploads\/2018\/03\/logo-peq-original.png","width":174,"height":171,"caption":"Associa\u00e7\u00e3o dos Criadores de Mato Grosso"},"image":{"@id":"https:\/\/acrimat.org.br\/portal\/#\/schema\/logo\/image\/"}},{"@type":"Person","@id":"https:\/\/acrimat.org.br\/portal\/#\/schema\/person\/18df8bcf6890e924fe5d8b5afd2bec0f","name":"P\u00e9ricles C\u00e2ndido","image":{"@type":"ImageObject","inLanguage":"pt-BR","@id":"https:\/\/acrimat.org.br\/portal\/#\/schema\/person\/image\/","url":"https:\/\/secure.gravatar.com\/avatar\/33e2a2b971dc363ed2df53d0d3bfbd18?s=96&d=mm&r=g","contentUrl":"https:\/\/secure.gravatar.com\/avatar\/33e2a2b971dc363ed2df53d0d3bfbd18?s=96&d=mm&r=g","caption":"P\u00e9ricles C\u00e2ndido"},"sameAs":["ascom@acrimat.org.br"],"url":"https:\/\/acrimat.org.br\/portal\/author\/designergrafico\/"}]}},"_links":{"self":[{"href":"https:\/\/acrimat.org.br\/portal\/wp-json\/wp\/v2\/posts\/97985280","targetHints":{"allow":["GET"]}}],"collection":[{"href":"https:\/\/acrimat.org.br\/portal\/wp-json\/wp\/v2\/posts"}],"about":[{"href":"https:\/\/acrimat.org.br\/portal\/wp-json\/wp\/v2\/types\/post"}],"author":[{"embeddable":true,"href":"https:\/\/acrimat.org.br\/portal\/wp-json\/wp\/v2\/users\/11"}],"replies":[{"embeddable":true,"href":"https:\/\/acrimat.org.br\/portal\/wp-json\/wp\/v2\/comments?post=97985280"}],"version-history":[{"count":1,"href":"https:\/\/acrimat.org.br\/portal\/wp-json\/wp\/v2\/posts\/97985280\/revisions"}],"predecessor-version":[{"id":97985282,"href":"https:\/\/acrimat.org.br\/portal\/wp-json\/wp\/v2\/posts\/97985280\/revisions\/97985282"}],"wp:featuredmedia":[{"embeddable":true,"href":"https:\/\/acrimat.org.br\/portal\/wp-json\/wp\/v2\/media\/97985281"}],"wp:attachment":[{"href":"https:\/\/acrimat.org.br\/portal\/wp-json\/wp\/v2\/media?parent=97985280"}],"wp:term":[{"taxonomy":"category","embeddable":true,"href":"https:\/\/acrimat.org.br\/portal\/wp-json\/wp\/v2\/categories?post=97985280"},{"taxonomy":"post_tag","embeddable":true,"href":"https:\/\/acrimat.org.br\/portal\/wp-json\/wp\/v2\/tags?post=97985280"}],"curies":[{"name":"wp","href":"https:\/\/api.w.org\/{rel}","templated":true}]}}