{"id":97985301,"date":"2017-12-13T10:32:59","date_gmt":"2017-12-13T13:32:59","guid":{"rendered":"http:\/\/acrimat.org.br\/portal\/?p=97985301"},"modified":"2017-12-13T10:32:59","modified_gmt":"2017-12-13T13:32:59","slug":"mercosul-aceita-demanda-mas-acordo-com-ue-fica-para-2018","status":"publish","type":"post","link":"https:\/\/acrimat.org.br\/portal\/mercosul-aceita-demanda-mas-acordo-com-ue-fica-para-2018\/","title":{"rendered":"Mercosul aceita demanda, mas acordo com UE fica para 2018"},"content":{"rendered":"<p>O Mercosul atendeu demanda da Uni\u00e3o Europeia (UE) e aceitou eliminar, no prazo de 10 anos, as tarifas de 60% das importa\u00e7\u00f5es origin\u00e1rias do bloco europeu, um ritmo mais acelerado do que defendia at\u00e9 agora. Ao fim de 15 anos, Brasil, Argentina, Paraguai e Uruguai eliminariam as al\u00edquotas para 90% dos itens que compram da UE.<\/p>\n<p>No entanto, a rea\u00e7\u00e3o europeia foi frustrante para o Mercosul, segundo um negociador. A nova concess\u00e3o foi posta \u00e0 mesa pelos ministros do Mercosul em reuni\u00e3o com os comiss\u00e1rios europeus de Com\u00e9rcio, Cecilia Malmstr\u00f6m, e de Agricultura, Phil Hogan, em Buenos Aires, na expectativa de ganhar mais acesso na UE para produtos como carne bovina e etanol. Mas a barganha final para o an\u00fancio do acordo ficou para o ano que vem, acabando com as esperan\u00e7as de entendimento at\u00e9 o dia 21, em Bras\u00edlia, na c\u00fapula do Mercosul.<\/p>\n<p>&#8220;O Mercosul trouxe coisas novas \u00e0 mesa&#8221;, disse o ministro das Rela\u00e7\u00f5es Exteriores, Aloysio Nunes. &#8220;Eles [europeus] garantiram que v\u00e3o estudar com uma vis\u00e3o muito positiva o que o Mercosul [apresentou]. Mas eles t\u00eam um mecanismo mais complexo de consultas.&#8221;<\/p>\n<p>A delega\u00e7\u00e3o brasileira pediu \u00e0 UE um programa de trabalho para concluir a negocia\u00e7\u00e3o o quanto antes, disse o ministro. Mas os europeus disseram que n\u00e3o estavam em condi\u00e7\u00f5es de fazer a reciprocidade e ficaram de dar uma resposta, mas sem dar um prazo. Em todo caso, isso deve ocorrer s\u00f3 no ano que vem, por causa da rea\u00e7\u00e3o de setores protecionistas europeus.<\/p>\n<p>&#8220;Ainda h\u00e1 trabalho a ser feito, sobretudo do lado deles&#8221;, disse Nunes. &#8220;A UE vai estudar a proposta que apresentamos, verificar quando \u00e9 poss\u00edvel concluir essa parte mais dif\u00edcil da negocia\u00e7\u00e3o, que \u00e9 o acesso a mercado.&#8221;<\/p>\n<p>Negociadores do Mercosul avan\u00e7aram a madrugada para atender a demanda da UE de entregar uma rela\u00e7\u00e3o do que espera obter no acordo e listar at\u00e9 onde pode atender pedidos europeus.<\/p>\n<p>&#8220;No que t\u00ednhamos nos comprometido, de chegar at\u00e9 90% da desgrava\u00e7\u00e3o do com\u00e9rcio com a UE, entregamos&#8221;, declarou Nunes.<\/p>\n<p>Como o <strong>Valor <\/strong>revelou, a UE cobrava completa elimina\u00e7\u00e3o de tarifas em pelo menos 90% das vendas europeias para o Mercosul. E o bloco do cone sul chegou agora a esse percentual, com a Argentina aceitando, por exemplo, acelerar a liberaliza\u00e7\u00e3o para o azeite de oliva europeu. Tamb\u00e9m o Paraguai fez uma concess\u00e3o no u\u00edsque. \u00c9 que os paraguaios importam a bebida com tarifa zero e repassam a mercadoria para o resto do Mercosul. Agora, a al\u00edquota zero ser\u00e1 em todo o bloco, com os paraguaios perdendo a vantagem nesse neg\u00f3cio.<\/p>\n<p>Al\u00e9m disso, o prazo de liberaliza\u00e7\u00e3o de 60% das linhas tarif\u00e1rias no Mercosul passar\u00e1 a ocorrer em 10 anos, em vez de 15 anos. Inicialmente, o bloco do cone sul s\u00f3 queria liberalizar em 10 anos cerca de 18% do com\u00e9rcio, passou para 54% e agora acelerou um pouco mais.<\/p>\n<p>A UE insiste na redu\u00e7\u00e3o r\u00e1pida de tarifa de ao menos 80% do com\u00e9rcio e sem exce\u00e7\u00f5es. Mas o Mercosul mant\u00e9m autom\u00f3veis e autope\u00e7as, de especial interesse dos europeus, fora disso, prevendo eliminar as tarifas ao longo de 15 anos.<\/p>\n<p>Negociadores do Mercosul contestam a conta da UE de que far\u00e1 completa liberaliza\u00e7\u00e3o de 92% do que importa. \u00c9 que 70% do com\u00e9rcio com os europeus j\u00e1 tem tarifa zero, de forma que a concess\u00e3o seria menor. O Mercosul quer cotas maiores para carne bovina e etanol, e a elimina\u00e7\u00e3o de tarifa do que exportar dentro da cota de a\u00e7\u00facar.<\/p>\n<p>A UE aceitaria ampliar de 70 mil para 90 mil toneladas a cota para carne bovina do Mercosul, segundo o jornal uruguaio &#8220;El Pa\u00eds&#8221;. Negociador do Mercosul n\u00e3o descarta essa possibilidade, mas diz que at\u00e9 agora a UE n\u00e3o trouxa a oferta oficialmente. Por\u00e9m, negociadores observam que a demanda europeia continua a ser bem maior, j\u00e1 que em ofertas anteriores, ao longo de anos de negocia\u00e7\u00f5es, a UE chegou a oferecer cota de 100 mil toneladas para carne bovina.<\/p>\n<p>Existe ainda a barganha em indica\u00e7\u00e3o geogr\u00e1fica. Os dois blocos t\u00eam listas de indica\u00e7\u00f5es para proteger e que agregam valor aos produtos. Reconhecer as respectivas listas pode exigir mais barganha.<\/p>\n<p>Outra quest\u00e3o \u00e9 o drawback (importa\u00e7\u00e3o de insumos com isen\u00e7\u00e3o de tarifa para produzir bens de exporta\u00e7\u00e3o). Cerca de 25% das exporta\u00e7\u00f5es brasileiras usam esse instrumento. Os europeus querem sua elimina\u00e7\u00e3o. Negocia\u00e7\u00f5es debatiam ainda, at\u00e9 por videoconfer\u00eancia, propriedade intelectual e barreiras t\u00e9cnicas ao com\u00e9rcio<\/p>\n<p>Ao fim da reuni\u00e3o ficou claro que a bola est\u00e1 agora do lado europeu. A expectativa \u00e9 quando e como os negociadores convencer\u00e3o os pa\u00edses da UE a enviar uma oferta melhor ao Mercosul.<\/p>\n<p>A UE precisa pagar pela concess\u00e3o. Negociadores sabem que h\u00e1 espa\u00e7o dos dois lados para mais concess\u00f5es. Os europeus t\u00eam enorme interesse no mercado de compras governamentais do Mercosul. Mas o bloco do cone sul ofereceu concess\u00e3o em bens e servi\u00e7os, deixando de fora obras p\u00fablicas.<\/p>\n<p>Mas a UE tem um mecanismo de decis\u00e3o mais complicado. E a barganha final do acordo comercial dificilmente sair\u00e1 rapidamente, mesmo no come\u00e7o de 2018.<\/p>\n","protected":false},"excerpt":{"rendered":"<p>A barganha final para o an\u00fancio do acordo ficou para o ano que vem, acabando com as esperan\u00e7as de entendimento at\u00e9 o dia 21, em Bras\u00edlia, na c\u00fapula do Mercosul<\/p>\n","protected":false},"author":11,"featured_media":97985051,"comment_status":"closed","ping_status":"closed","sticky":false,"template":"","format":"standard","meta":{"footnotes":""},"categories":[6,1],"tags":[],"class_list":["post-97985301","post","type-post","status-publish","format-standard","has-post-thumbnail","hentry","category-destaque","category-noticia"],"yoast_head":"<!-- This site is optimized with the Yoast SEO plugin v24.8.1 - https:\/\/yoast.com\/wordpress\/plugins\/seo\/ -->\n<title>Mercosul aceita demanda, mas acordo com UE fica para 2018 - Acrimat<\/title>\n<meta name=\"robots\" content=\"index, follow, max-snippet:-1, max-image-preview:large, max-video-preview:-1\" \/>\n<link rel=\"canonical\" href=\"https:\/\/acrimat.org.br\/portal\/mercosul-aceita-demanda-mas-acordo-com-ue-fica-para-2018\/\" \/>\n<meta property=\"og:locale\" content=\"pt_BR\" \/>\n<meta property=\"og:type\" content=\"article\" \/>\n<meta property=\"og:title\" content=\"Mercosul aceita demanda, mas acordo com UE fica para 2018 - Acrimat\" \/>\n<meta property=\"og:description\" content=\"A barganha final para o an\u00fancio do acordo ficou para o ano que vem, acabando com as esperan\u00e7as de entendimento at\u00e9 o dia 21, em Bras\u00edlia, na c\u00fapula do Mercosul\" \/>\n<meta property=\"og:url\" content=\"https:\/\/acrimat.org.br\/portal\/mercosul-aceita-demanda-mas-acordo-com-ue-fica-para-2018\/\" \/>\n<meta property=\"og:site_name\" content=\"Acrimat\" \/>\n<meta property=\"article:published_time\" content=\"2017-12-13T13:32:59+00:00\" \/>\n<meta property=\"og:image\" content=\"https:\/\/acrimat.org.br\/portal\/wp-content\/uploads\/2017\/11\/22-11-preco-exportacoes-2.jpg\" \/>\n\t<meta property=\"og:image:width\" content=\"732\" \/>\n\t<meta property=\"og:image:height\" content=\"487\" \/>\n\t<meta property=\"og:image:type\" content=\"image\/jpeg\" \/>\n<meta name=\"author\" content=\"P\u00e9ricles C\u00e2ndido\" \/>\n<meta name=\"twitter:card\" content=\"summary_large_image\" \/>\n<meta name=\"twitter:label1\" content=\"Escrito por\" \/>\n\t<meta name=\"twitter:data1\" content=\"P\u00e9ricles C\u00e2ndido\" \/>\n\t<meta name=\"twitter:label2\" content=\"Est. tempo de leitura\" \/>\n\t<meta name=\"twitter:data2\" content=\"4 minutos\" \/>\n<script type=\"application\/ld+json\" class=\"yoast-schema-graph\">{\"@context\":\"https:\/\/schema.org\",\"@graph\":[{\"@type\":\"Article\",\"@id\":\"https:\/\/acrimat.org.br\/portal\/mercosul-aceita-demanda-mas-acordo-com-ue-fica-para-2018\/#article\",\"isPartOf\":{\"@id\":\"https:\/\/acrimat.org.br\/portal\/mercosul-aceita-demanda-mas-acordo-com-ue-fica-para-2018\/\"},\"author\":{\"name\":\"P\u00e9ricles C\u00e2ndido\",\"@id\":\"https:\/\/acrimat.org.br\/portal\/#\/schema\/person\/18df8bcf6890e924fe5d8b5afd2bec0f\"},\"headline\":\"Mercosul aceita demanda, mas acordo com UE fica para 2018\",\"datePublished\":\"2017-12-13T13:32:59+00:00\",\"mainEntityOfPage\":{\"@id\":\"https:\/\/acrimat.org.br\/portal\/mercosul-aceita-demanda-mas-acordo-com-ue-fica-para-2018\/\"},\"wordCount\":895,\"publisher\":{\"@id\":\"https:\/\/acrimat.org.br\/portal\/#organization\"},\"image\":{\"@id\":\"https:\/\/acrimat.org.br\/portal\/mercosul-aceita-demanda-mas-acordo-com-ue-fica-para-2018\/#primaryimage\"},\"thumbnailUrl\":\"https:\/\/acrimat.org.br\/portal\/wp-content\/uploads\/2017\/11\/22-11-preco-exportacoes-2.jpg\",\"articleSection\":[\"Destaques\",\"Not\u00edcias\"],\"inLanguage\":\"pt-BR\"},{\"@type\":\"WebPage\",\"@id\":\"https:\/\/acrimat.org.br\/portal\/mercosul-aceita-demanda-mas-acordo-com-ue-fica-para-2018\/\",\"url\":\"https:\/\/acrimat.org.br\/portal\/mercosul-aceita-demanda-mas-acordo-com-ue-fica-para-2018\/\",\"name\":\"Mercosul aceita demanda, mas acordo com UE fica para 2018 - Acrimat\",\"isPartOf\":{\"@id\":\"https:\/\/acrimat.org.br\/portal\/#website\"},\"primaryImageOfPage\":{\"@id\":\"https:\/\/acrimat.org.br\/portal\/mercosul-aceita-demanda-mas-acordo-com-ue-fica-para-2018\/#primaryimage\"},\"image\":{\"@id\":\"https:\/\/acrimat.org.br\/portal\/mercosul-aceita-demanda-mas-acordo-com-ue-fica-para-2018\/#primaryimage\"},\"thumbnailUrl\":\"https:\/\/acrimat.org.br\/portal\/wp-content\/uploads\/2017\/11\/22-11-preco-exportacoes-2.jpg\",\"datePublished\":\"2017-12-13T13:32:59+00:00\",\"breadcrumb\":{\"@id\":\"https:\/\/acrimat.org.br\/portal\/mercosul-aceita-demanda-mas-acordo-com-ue-fica-para-2018\/#breadcrumb\"},\"inLanguage\":\"pt-BR\",\"potentialAction\":[{\"@type\":\"ReadAction\",\"target\":[\"https:\/\/acrimat.org.br\/portal\/mercosul-aceita-demanda-mas-acordo-com-ue-fica-para-2018\/\"]}]},{\"@type\":\"ImageObject\",\"inLanguage\":\"pt-BR\",\"@id\":\"https:\/\/acrimat.org.br\/portal\/mercosul-aceita-demanda-mas-acordo-com-ue-fica-para-2018\/#primaryimage\",\"url\":\"https:\/\/acrimat.org.br\/portal\/wp-content\/uploads\/2017\/11\/22-11-preco-exportacoes-2.jpg\",\"contentUrl\":\"https:\/\/acrimat.org.br\/portal\/wp-content\/uploads\/2017\/11\/22-11-preco-exportacoes-2.jpg\",\"width\":732,\"height\":487},{\"@type\":\"BreadcrumbList\",\"@id\":\"https:\/\/acrimat.org.br\/portal\/mercosul-aceita-demanda-mas-acordo-com-ue-fica-para-2018\/#breadcrumb\",\"itemListElement\":[{\"@type\":\"ListItem\",\"position\":1,\"name\":\"In\u00edcio\",\"item\":\"https:\/\/acrimat.org.br\/portal\/\"},{\"@type\":\"ListItem\",\"position\":2,\"name\":\"Mercosul aceita demanda, mas acordo com UE fica para 2018\"}]},{\"@type\":\"WebSite\",\"@id\":\"https:\/\/acrimat.org.br\/portal\/#website\",\"url\":\"https:\/\/acrimat.org.br\/portal\/\",\"name\":\"Acrimat\",\"description\":\"Associa\u00e7\u00e3o dos Criadores de Mato Grosso\",\"publisher\":{\"@id\":\"https:\/\/acrimat.org.br\/portal\/#organization\"},\"potentialAction\":[{\"@type\":\"SearchAction\",\"target\":{\"@type\":\"EntryPoint\",\"urlTemplate\":\"https:\/\/acrimat.org.br\/portal\/?s={search_term_string}\"},\"query-input\":{\"@type\":\"PropertyValueSpecification\",\"valueRequired\":true,\"valueName\":\"search_term_string\"}}],\"inLanguage\":\"pt-BR\"},{\"@type\":\"Organization\",\"@id\":\"https:\/\/acrimat.org.br\/portal\/#organization\",\"name\":\"Associa\u00e7\u00e3o dos Criadores de Mato Grosso\",\"url\":\"https:\/\/acrimat.org.br\/portal\/\",\"logo\":{\"@type\":\"ImageObject\",\"inLanguage\":\"pt-BR\",\"@id\":\"https:\/\/acrimat.org.br\/portal\/#\/schema\/logo\/image\/\",\"url\":\"https:\/\/acrimat.org.br\/portal\/wp-content\/uploads\/2018\/03\/logo-peq-original.png\",\"contentUrl\":\"https:\/\/acrimat.org.br\/portal\/wp-content\/uploads\/2018\/03\/logo-peq-original.png\",\"width\":174,\"height\":171,\"caption\":\"Associa\u00e7\u00e3o dos Criadores de Mato Grosso\"},\"image\":{\"@id\":\"https:\/\/acrimat.org.br\/portal\/#\/schema\/logo\/image\/\"}},{\"@type\":\"Person\",\"@id\":\"https:\/\/acrimat.org.br\/portal\/#\/schema\/person\/18df8bcf6890e924fe5d8b5afd2bec0f\",\"name\":\"P\u00e9ricles C\u00e2ndido\",\"image\":{\"@type\":\"ImageObject\",\"inLanguage\":\"pt-BR\",\"@id\":\"https:\/\/acrimat.org.br\/portal\/#\/schema\/person\/image\/\",\"url\":\"https:\/\/secure.gravatar.com\/avatar\/33e2a2b971dc363ed2df53d0d3bfbd18?s=96&d=mm&r=g\",\"contentUrl\":\"https:\/\/secure.gravatar.com\/avatar\/33e2a2b971dc363ed2df53d0d3bfbd18?s=96&d=mm&r=g\",\"caption\":\"P\u00e9ricles C\u00e2ndido\"},\"sameAs\":[\"ascom@acrimat.org.br\"],\"url\":\"https:\/\/acrimat.org.br\/portal\/author\/designergrafico\/\"}]}<\/script>\n<!-- \/ Yoast SEO plugin. -->","yoast_head_json":{"title":"Mercosul aceita demanda, mas acordo com UE fica para 2018 - Acrimat","robots":{"index":"index","follow":"follow","max-snippet":"max-snippet:-1","max-image-preview":"max-image-preview:large","max-video-preview":"max-video-preview:-1"},"canonical":"https:\/\/acrimat.org.br\/portal\/mercosul-aceita-demanda-mas-acordo-com-ue-fica-para-2018\/","og_locale":"pt_BR","og_type":"article","og_title":"Mercosul aceita demanda, mas acordo com UE fica para 2018 - Acrimat","og_description":"A barganha final para o an\u00fancio do acordo ficou para o ano que vem, acabando com as esperan\u00e7as de entendimento at\u00e9 o dia 21, em Bras\u00edlia, na c\u00fapula do Mercosul","og_url":"https:\/\/acrimat.org.br\/portal\/mercosul-aceita-demanda-mas-acordo-com-ue-fica-para-2018\/","og_site_name":"Acrimat","article_published_time":"2017-12-13T13:32:59+00:00","og_image":[{"width":732,"height":487,"url":"https:\/\/acrimat.org.br\/portal\/wp-content\/uploads\/2017\/11\/22-11-preco-exportacoes-2.jpg","type":"image\/jpeg"}],"author":"P\u00e9ricles C\u00e2ndido","twitter_card":"summary_large_image","twitter_misc":{"Escrito por":"P\u00e9ricles C\u00e2ndido","Est. tempo de leitura":"4 minutos"},"schema":{"@context":"https:\/\/schema.org","@graph":[{"@type":"Article","@id":"https:\/\/acrimat.org.br\/portal\/mercosul-aceita-demanda-mas-acordo-com-ue-fica-para-2018\/#article","isPartOf":{"@id":"https:\/\/acrimat.org.br\/portal\/mercosul-aceita-demanda-mas-acordo-com-ue-fica-para-2018\/"},"author":{"name":"P\u00e9ricles C\u00e2ndido","@id":"https:\/\/acrimat.org.br\/portal\/#\/schema\/person\/18df8bcf6890e924fe5d8b5afd2bec0f"},"headline":"Mercosul aceita demanda, mas acordo com UE fica para 2018","datePublished":"2017-12-13T13:32:59+00:00","mainEntityOfPage":{"@id":"https:\/\/acrimat.org.br\/portal\/mercosul-aceita-demanda-mas-acordo-com-ue-fica-para-2018\/"},"wordCount":895,"publisher":{"@id":"https:\/\/acrimat.org.br\/portal\/#organization"},"image":{"@id":"https:\/\/acrimat.org.br\/portal\/mercosul-aceita-demanda-mas-acordo-com-ue-fica-para-2018\/#primaryimage"},"thumbnailUrl":"https:\/\/acrimat.org.br\/portal\/wp-content\/uploads\/2017\/11\/22-11-preco-exportacoes-2.jpg","articleSection":["Destaques","Not\u00edcias"],"inLanguage":"pt-BR"},{"@type":"WebPage","@id":"https:\/\/acrimat.org.br\/portal\/mercosul-aceita-demanda-mas-acordo-com-ue-fica-para-2018\/","url":"https:\/\/acrimat.org.br\/portal\/mercosul-aceita-demanda-mas-acordo-com-ue-fica-para-2018\/","name":"Mercosul aceita demanda, mas acordo com UE fica para 2018 - Acrimat","isPartOf":{"@id":"https:\/\/acrimat.org.br\/portal\/#website"},"primaryImageOfPage":{"@id":"https:\/\/acrimat.org.br\/portal\/mercosul-aceita-demanda-mas-acordo-com-ue-fica-para-2018\/#primaryimage"},"image":{"@id":"https:\/\/acrimat.org.br\/portal\/mercosul-aceita-demanda-mas-acordo-com-ue-fica-para-2018\/#primaryimage"},"thumbnailUrl":"https:\/\/acrimat.org.br\/portal\/wp-content\/uploads\/2017\/11\/22-11-preco-exportacoes-2.jpg","datePublished":"2017-12-13T13:32:59+00:00","breadcrumb":{"@id":"https:\/\/acrimat.org.br\/portal\/mercosul-aceita-demanda-mas-acordo-com-ue-fica-para-2018\/#breadcrumb"},"inLanguage":"pt-BR","potentialAction":[{"@type":"ReadAction","target":["https:\/\/acrimat.org.br\/portal\/mercosul-aceita-demanda-mas-acordo-com-ue-fica-para-2018\/"]}]},{"@type":"ImageObject","inLanguage":"pt-BR","@id":"https:\/\/acrimat.org.br\/portal\/mercosul-aceita-demanda-mas-acordo-com-ue-fica-para-2018\/#primaryimage","url":"https:\/\/acrimat.org.br\/portal\/wp-content\/uploads\/2017\/11\/22-11-preco-exportacoes-2.jpg","contentUrl":"https:\/\/acrimat.org.br\/portal\/wp-content\/uploads\/2017\/11\/22-11-preco-exportacoes-2.jpg","width":732,"height":487},{"@type":"BreadcrumbList","@id":"https:\/\/acrimat.org.br\/portal\/mercosul-aceita-demanda-mas-acordo-com-ue-fica-para-2018\/#breadcrumb","itemListElement":[{"@type":"ListItem","position":1,"name":"In\u00edcio","item":"https:\/\/acrimat.org.br\/portal\/"},{"@type":"ListItem","position":2,"name":"Mercosul aceita demanda, mas acordo com UE fica para 2018"}]},{"@type":"WebSite","@id":"https:\/\/acrimat.org.br\/portal\/#website","url":"https:\/\/acrimat.org.br\/portal\/","name":"Acrimat","description":"Associa\u00e7\u00e3o dos Criadores de Mato Grosso","publisher":{"@id":"https:\/\/acrimat.org.br\/portal\/#organization"},"potentialAction":[{"@type":"SearchAction","target":{"@type":"EntryPoint","urlTemplate":"https:\/\/acrimat.org.br\/portal\/?s={search_term_string}"},"query-input":{"@type":"PropertyValueSpecification","valueRequired":true,"valueName":"search_term_string"}}],"inLanguage":"pt-BR"},{"@type":"Organization","@id":"https:\/\/acrimat.org.br\/portal\/#organization","name":"Associa\u00e7\u00e3o dos Criadores de Mato Grosso","url":"https:\/\/acrimat.org.br\/portal\/","logo":{"@type":"ImageObject","inLanguage":"pt-BR","@id":"https:\/\/acrimat.org.br\/portal\/#\/schema\/logo\/image\/","url":"https:\/\/acrimat.org.br\/portal\/wp-content\/uploads\/2018\/03\/logo-peq-original.png","contentUrl":"https:\/\/acrimat.org.br\/portal\/wp-content\/uploads\/2018\/03\/logo-peq-original.png","width":174,"height":171,"caption":"Associa\u00e7\u00e3o dos Criadores de Mato Grosso"},"image":{"@id":"https:\/\/acrimat.org.br\/portal\/#\/schema\/logo\/image\/"}},{"@type":"Person","@id":"https:\/\/acrimat.org.br\/portal\/#\/schema\/person\/18df8bcf6890e924fe5d8b5afd2bec0f","name":"P\u00e9ricles C\u00e2ndido","image":{"@type":"ImageObject","inLanguage":"pt-BR","@id":"https:\/\/acrimat.org.br\/portal\/#\/schema\/person\/image\/","url":"https:\/\/secure.gravatar.com\/avatar\/33e2a2b971dc363ed2df53d0d3bfbd18?s=96&d=mm&r=g","contentUrl":"https:\/\/secure.gravatar.com\/avatar\/33e2a2b971dc363ed2df53d0d3bfbd18?s=96&d=mm&r=g","caption":"P\u00e9ricles C\u00e2ndido"},"sameAs":["ascom@acrimat.org.br"],"url":"https:\/\/acrimat.org.br\/portal\/author\/designergrafico\/"}]}},"_links":{"self":[{"href":"https:\/\/acrimat.org.br\/portal\/wp-json\/wp\/v2\/posts\/97985301","targetHints":{"allow":["GET"]}}],"collection":[{"href":"https:\/\/acrimat.org.br\/portal\/wp-json\/wp\/v2\/posts"}],"about":[{"href":"https:\/\/acrimat.org.br\/portal\/wp-json\/wp\/v2\/types\/post"}],"author":[{"embeddable":true,"href":"https:\/\/acrimat.org.br\/portal\/wp-json\/wp\/v2\/users\/11"}],"replies":[{"embeddable":true,"href":"https:\/\/acrimat.org.br\/portal\/wp-json\/wp\/v2\/comments?post=97985301"}],"version-history":[{"count":1,"href":"https:\/\/acrimat.org.br\/portal\/wp-json\/wp\/v2\/posts\/97985301\/revisions"}],"predecessor-version":[{"id":97985302,"href":"https:\/\/acrimat.org.br\/portal\/wp-json\/wp\/v2\/posts\/97985301\/revisions\/97985302"}],"wp:featuredmedia":[{"embeddable":true,"href":"https:\/\/acrimat.org.br\/portal\/wp-json\/wp\/v2\/media\/97985051"}],"wp:attachment":[{"href":"https:\/\/acrimat.org.br\/portal\/wp-json\/wp\/v2\/media?parent=97985301"}],"wp:term":[{"taxonomy":"category","embeddable":true,"href":"https:\/\/acrimat.org.br\/portal\/wp-json\/wp\/v2\/categories?post=97985301"},{"taxonomy":"post_tag","embeddable":true,"href":"https:\/\/acrimat.org.br\/portal\/wp-json\/wp\/v2\/tags?post=97985301"}],"curies":[{"name":"wp","href":"https:\/\/api.w.org\/{rel}","templated":true}]}}