{"id":97985303,"date":"2017-12-13T10:24:03","date_gmt":"2017-12-13T13:24:03","guid":{"rendered":"http:\/\/acrimat.org.br\/portal\/?p=97985303"},"modified":"2017-12-13T11:38:47","modified_gmt":"2017-12-13T14:38:47","slug":"prosa-quente-com-luciano-vacari","status":"publish","type":"post","link":"https:\/\/acrimat.org.br\/portal\/prosa-quente-com-luciano-vacari\/","title":{"rendered":"Prosa Quente com Luciano Vacari"},"content":{"rendered":"<p>Ele \u00e9 um executivo bem preparado, influente e respeitado. \u00c9 conhecido por ser franco e direto, \u201cn\u00e3o ter papas na l\u00edngua\u201d nem medo de ser mal interpretado ou de, com isso, atingir interesses que, eventualmente, possam se voltar contra ele. Estamos falando de Luciano Vacari, 43 anos, diretor executivo da Acrimat \u2013 Associa\u00e7\u00e3o dos Criadores de Mato Grosso, entidade que congrega cerca de 3.000 produtores no Estado que det\u00e9m o maior rebanho bovino do Pa\u00eds, com quase 30 milh\u00f5es de cabe\u00e7as de gado (16% do total), a maioria de corte. A Acrimat \u00e9 uma entidade tamb\u00e9m influente e atuante, que est\u00e1 presente em f\u00f3runs que v\u00e3o da organiza\u00e7\u00e3o da cadeia produtiva at\u00e9 os interesses mais diretos dos pecuaristas. E Vacari \u00e9 o respons\u00e1vel por sua gest\u00e3o administrativa e estrat\u00e9gica. Ele n\u00e3o \u00e9 produtor nem tem fazenda. E tamb\u00e9m n\u00e3o \u00e9 mato-grossense. Nasceu na paulista B\u00e1lsamo, regi\u00e3o metropolitana de S\u00e3o Jos\u00e9 do Rio Preto, no norte do Estado. Foi para Tangar\u00e1 da Serra, sudoeste do MT, em 1976, quando tinha dois anos de idade, o pai a tocar um neg\u00f3cio com madeira na regi\u00e3o. Mudou-se para Cuiab\u00e1 em 1988, para fazer o antigo Colegial.<\/p>\n<p>Entrou para o mundo do agroneg\u00f3cio quase por acaso, depois de ter abandonado a faculdade de Medicina no quinto ano e ter tentado fazer Farm\u00e1cia. Com 28 anos de idade, n\u00e3o sabia o que fazer da vida. \u201cA\u00ed, achei um panfleto de um curso t\u00e9cnico de gest\u00e3o de agroneg\u00f3cios pela Universidade de V\u00e1rzea Grande, vizinha a Cuiab\u00e1. Fiz o curso e conheci um monte de produtores e um cara que estava montando um escrit\u00f3rio que seria parceiro de uma corretora da BM&amp;F\u201d, lembra. Desse contato surgiu a possibilidade de ir para S\u00e3o Paulo, para conhecer a Bolsa de Valores e Mercadorias, local pelo qual ficou apaixonado. \u201cEra rom\u00e2ntico ver tudo aquilo\u201d, expressa, referindo-se \u00e0 configura\u00e7\u00e3o da \u00e9poca (2005), quando os preg\u00f5es ainda eram presenciais, com toda aquela agita\u00e7\u00e3o de gente ao telefone e gritando a cada lance. Acabou trabalhando um tempo num escrit\u00f3rio em Cuiab\u00e1 que operava contrato futuro na Bolsa para um cliente pecuarista, mas ficou por pouco tempo. Mas da visita \u00e0 Bolsa ficou um contato que lhe rendeu um convite para uma parceria com uma corretora de S\u00e3o Paulo, que lhe proporcionou outros convites de outras corretoras. Uma delas, a Conmcor, queria fechar uma parceria com a Famato \u2013 Federa\u00e7\u00e3o de Agricultura do Mato Grosso e o contratou.<\/p>\n<p>O trabalho era tocar o \u201cCentro Boi\u201d \u2013 Central de Comercializa\u00e7\u00e3o de Boi, servi\u00e7o que consistia em operar a venda de bois com trava de pre\u00e7o na BM&amp;F, visando a compra de insumos. Disse que \u201cn\u00e3o entendia nada de boi\u201d, mas foi incentivado a aceitar a tarefa e topou. Trabalhou nessa parceria nos anos de 2005 e 2006.<\/p>\n<p>Foi nesse per\u00edodo tamb\u00e9m que a Famato encomendou para a Universidade Federal de Vi\u00e7osa um diagn\u00f3stico da bovinocultura de corte de Mato Grosso, trabalho que permitiu a Vacari conhecer com profundidade a pecu\u00e1ria do Estado. No meio do caminho, recebeu um convite para estruturar a opera\u00e7\u00e3o de contrato a termo do Frigor\u00edfico Quatro Marcos [de S\u00e3o Jos\u00e9 do Quatro Marcos, sudoeste do MT], fruto da bagagem de mercado futuro que tinha adquirido. Aceitou, sob a condi\u00e7\u00e3o de poder terminar o diagn\u00f3stico encomendado pela Famato. O trabalho terminou em 2007 e uma das conclus\u00f5es da UFV foi que o Estado precisava ter uma associa\u00e7\u00e3o de criadores voltada para aspectos mercadol\u00f3gicos. Tinha de ser reestruturada e, para isso, precisava de um superintendente t\u00e9cnico. Foi para essa fun\u00e7\u00e3o que Vacari foi convidado, no mesmo ano, e onde permaneceu at\u00e9 2014. Saiu para implantar o Imac \u2013 Instituto Mato-Grossense da Carne, entidade inspirada no Instituto Nacional de Carnes do Uruguai. Foi presidente do instituto at\u00e9 o fim de 2016 e voltou para a Acrimat em janeiro de 2017.<\/p>\n","protected":false},"excerpt":{"rendered":"<p>Em entrevista aos editores da DBO, o diretor executivo da Acrimat lamenta que as lideran\u00e7as do setor ainda n\u00e3o tenham amadurecido para a import\u00e2ncia de integra\u00e7\u00e3o da cadeia produtiva da carne<\/p>\n","protected":false},"author":11,"featured_media":97985304,"comment_status":"closed","ping_status":"closed","sticky":false,"template":"","format":"standard","meta":{"footnotes":""},"categories":[6,1],"tags":[],"class_list":["post-97985303","post","type-post","status-publish","format-standard","has-post-thumbnail","hentry","category-destaque","category-noticia"],"yoast_head":"<!-- This site is optimized with the Yoast SEO plugin v24.8.1 - https:\/\/yoast.com\/wordpress\/plugins\/seo\/ -->\n<title>Prosa Quente com Luciano Vacari - Acrimat<\/title>\n<meta name=\"robots\" content=\"index, follow, max-snippet:-1, max-image-preview:large, max-video-preview:-1\" \/>\n<link rel=\"canonical\" href=\"https:\/\/acrimat.org.br\/portal\/prosa-quente-com-luciano-vacari\/\" \/>\n<meta property=\"og:locale\" content=\"pt_BR\" \/>\n<meta property=\"og:type\" content=\"article\" \/>\n<meta property=\"og:title\" content=\"Prosa Quente com Luciano Vacari - Acrimat\" \/>\n<meta property=\"og:description\" content=\"Em entrevista aos editores da DBO, o diretor executivo da Acrimat lamenta que as lideran\u00e7as do setor ainda n\u00e3o tenham amadurecido para a import\u00e2ncia de integra\u00e7\u00e3o da cadeia produtiva da carne\" \/>\n<meta property=\"og:url\" content=\"https:\/\/acrimat.org.br\/portal\/prosa-quente-com-luciano-vacari\/\" \/>\n<meta property=\"og:site_name\" content=\"Acrimat\" \/>\n<meta property=\"article:published_time\" content=\"2017-12-13T13:24:03+00:00\" \/>\n<meta property=\"article:modified_time\" content=\"2017-12-13T14:38:47+00:00\" \/>\n<meta property=\"og:image\" content=\"https:\/\/acrimat.org.br\/portal\/wp-content\/uploads\/2017\/12\/12742.jpg\" \/>\n\t<meta property=\"og:image:width\" content=\"500\" \/>\n\t<meta property=\"og:image:height\" content=\"392\" \/>\n\t<meta property=\"og:image:type\" content=\"image\/jpeg\" \/>\n<meta name=\"author\" content=\"P\u00e9ricles C\u00e2ndido\" \/>\n<meta name=\"twitter:card\" content=\"summary_large_image\" \/>\n<meta name=\"twitter:label1\" content=\"Escrito por\" \/>\n\t<meta name=\"twitter:data1\" content=\"P\u00e9ricles C\u00e2ndido\" \/>\n\t<meta name=\"twitter:label2\" content=\"Est. tempo de leitura\" \/>\n\t<meta name=\"twitter:data2\" content=\"3 minutos\" \/>\n<script type=\"application\/ld+json\" class=\"yoast-schema-graph\">{\"@context\":\"https:\/\/schema.org\",\"@graph\":[{\"@type\":\"Article\",\"@id\":\"https:\/\/acrimat.org.br\/portal\/prosa-quente-com-luciano-vacari\/#article\",\"isPartOf\":{\"@id\":\"https:\/\/acrimat.org.br\/portal\/prosa-quente-com-luciano-vacari\/\"},\"author\":{\"name\":\"P\u00e9ricles C\u00e2ndido\",\"@id\":\"https:\/\/acrimat.org.br\/portal\/#\/schema\/person\/18df8bcf6890e924fe5d8b5afd2bec0f\"},\"headline\":\"Prosa Quente com Luciano Vacari\",\"datePublished\":\"2017-12-13T13:24:03+00:00\",\"dateModified\":\"2017-12-13T14:38:47+00:00\",\"mainEntityOfPage\":{\"@id\":\"https:\/\/acrimat.org.br\/portal\/prosa-quente-com-luciano-vacari\/\"},\"wordCount\":676,\"publisher\":{\"@id\":\"https:\/\/acrimat.org.br\/portal\/#organization\"},\"image\":{\"@id\":\"https:\/\/acrimat.org.br\/portal\/prosa-quente-com-luciano-vacari\/#primaryimage\"},\"thumbnailUrl\":\"https:\/\/acrimat.org.br\/portal\/wp-content\/uploads\/2017\/12\/12742.jpg\",\"articleSection\":[\"Destaques\",\"Not\u00edcias\"],\"inLanguage\":\"pt-BR\"},{\"@type\":\"WebPage\",\"@id\":\"https:\/\/acrimat.org.br\/portal\/prosa-quente-com-luciano-vacari\/\",\"url\":\"https:\/\/acrimat.org.br\/portal\/prosa-quente-com-luciano-vacari\/\",\"name\":\"Prosa Quente com Luciano Vacari - Acrimat\",\"isPartOf\":{\"@id\":\"https:\/\/acrimat.org.br\/portal\/#website\"},\"primaryImageOfPage\":{\"@id\":\"https:\/\/acrimat.org.br\/portal\/prosa-quente-com-luciano-vacari\/#primaryimage\"},\"image\":{\"@id\":\"https:\/\/acrimat.org.br\/portal\/prosa-quente-com-luciano-vacari\/#primaryimage\"},\"thumbnailUrl\":\"https:\/\/acrimat.org.br\/portal\/wp-content\/uploads\/2017\/12\/12742.jpg\",\"datePublished\":\"2017-12-13T13:24:03+00:00\",\"dateModified\":\"2017-12-13T14:38:47+00:00\",\"breadcrumb\":{\"@id\":\"https:\/\/acrimat.org.br\/portal\/prosa-quente-com-luciano-vacari\/#breadcrumb\"},\"inLanguage\":\"pt-BR\",\"potentialAction\":[{\"@type\":\"ReadAction\",\"target\":[\"https:\/\/acrimat.org.br\/portal\/prosa-quente-com-luciano-vacari\/\"]}]},{\"@type\":\"ImageObject\",\"inLanguage\":\"pt-BR\",\"@id\":\"https:\/\/acrimat.org.br\/portal\/prosa-quente-com-luciano-vacari\/#primaryimage\",\"url\":\"https:\/\/acrimat.org.br\/portal\/wp-content\/uploads\/2017\/12\/12742.jpg\",\"contentUrl\":\"https:\/\/acrimat.org.br\/portal\/wp-content\/uploads\/2017\/12\/12742.jpg\",\"width\":500,\"height\":392},{\"@type\":\"BreadcrumbList\",\"@id\":\"https:\/\/acrimat.org.br\/portal\/prosa-quente-com-luciano-vacari\/#breadcrumb\",\"itemListElement\":[{\"@type\":\"ListItem\",\"position\":1,\"name\":\"In\u00edcio\",\"item\":\"https:\/\/acrimat.org.br\/portal\/\"},{\"@type\":\"ListItem\",\"position\":2,\"name\":\"Prosa Quente com Luciano Vacari\"}]},{\"@type\":\"WebSite\",\"@id\":\"https:\/\/acrimat.org.br\/portal\/#website\",\"url\":\"https:\/\/acrimat.org.br\/portal\/\",\"name\":\"Acrimat\",\"description\":\"Associa\u00e7\u00e3o dos Criadores de Mato Grosso\",\"publisher\":{\"@id\":\"https:\/\/acrimat.org.br\/portal\/#organization\"},\"potentialAction\":[{\"@type\":\"SearchAction\",\"target\":{\"@type\":\"EntryPoint\",\"urlTemplate\":\"https:\/\/acrimat.org.br\/portal\/?s={search_term_string}\"},\"query-input\":{\"@type\":\"PropertyValueSpecification\",\"valueRequired\":true,\"valueName\":\"search_term_string\"}}],\"inLanguage\":\"pt-BR\"},{\"@type\":\"Organization\",\"@id\":\"https:\/\/acrimat.org.br\/portal\/#organization\",\"name\":\"Associa\u00e7\u00e3o dos Criadores de Mato Grosso\",\"url\":\"https:\/\/acrimat.org.br\/portal\/\",\"logo\":{\"@type\":\"ImageObject\",\"inLanguage\":\"pt-BR\",\"@id\":\"https:\/\/acrimat.org.br\/portal\/#\/schema\/logo\/image\/\",\"url\":\"https:\/\/acrimat.org.br\/portal\/wp-content\/uploads\/2018\/03\/logo-peq-original.png\",\"contentUrl\":\"https:\/\/acrimat.org.br\/portal\/wp-content\/uploads\/2018\/03\/logo-peq-original.png\",\"width\":174,\"height\":171,\"caption\":\"Associa\u00e7\u00e3o dos Criadores de Mato Grosso\"},\"image\":{\"@id\":\"https:\/\/acrimat.org.br\/portal\/#\/schema\/logo\/image\/\"}},{\"@type\":\"Person\",\"@id\":\"https:\/\/acrimat.org.br\/portal\/#\/schema\/person\/18df8bcf6890e924fe5d8b5afd2bec0f\",\"name\":\"P\u00e9ricles C\u00e2ndido\",\"image\":{\"@type\":\"ImageObject\",\"inLanguage\":\"pt-BR\",\"@id\":\"https:\/\/acrimat.org.br\/portal\/#\/schema\/person\/image\/\",\"url\":\"https:\/\/secure.gravatar.com\/avatar\/33e2a2b971dc363ed2df53d0d3bfbd18?s=96&d=mm&r=g\",\"contentUrl\":\"https:\/\/secure.gravatar.com\/avatar\/33e2a2b971dc363ed2df53d0d3bfbd18?s=96&d=mm&r=g\",\"caption\":\"P\u00e9ricles C\u00e2ndido\"},\"sameAs\":[\"ascom@acrimat.org.br\"],\"url\":\"https:\/\/acrimat.org.br\/portal\/author\/designergrafico\/\"}]}<\/script>\n<!-- \/ Yoast SEO plugin. -->","yoast_head_json":{"title":"Prosa Quente com Luciano Vacari - Acrimat","robots":{"index":"index","follow":"follow","max-snippet":"max-snippet:-1","max-image-preview":"max-image-preview:large","max-video-preview":"max-video-preview:-1"},"canonical":"https:\/\/acrimat.org.br\/portal\/prosa-quente-com-luciano-vacari\/","og_locale":"pt_BR","og_type":"article","og_title":"Prosa Quente com Luciano Vacari - Acrimat","og_description":"Em entrevista aos editores da DBO, o diretor executivo da Acrimat lamenta que as lideran\u00e7as do setor ainda n\u00e3o tenham amadurecido para a import\u00e2ncia de integra\u00e7\u00e3o da cadeia produtiva da carne","og_url":"https:\/\/acrimat.org.br\/portal\/prosa-quente-com-luciano-vacari\/","og_site_name":"Acrimat","article_published_time":"2017-12-13T13:24:03+00:00","article_modified_time":"2017-12-13T14:38:47+00:00","og_image":[{"width":500,"height":392,"url":"https:\/\/acrimat.org.br\/portal\/wp-content\/uploads\/2017\/12\/12742.jpg","type":"image\/jpeg"}],"author":"P\u00e9ricles C\u00e2ndido","twitter_card":"summary_large_image","twitter_misc":{"Escrito por":"P\u00e9ricles C\u00e2ndido","Est. tempo de leitura":"3 minutos"},"schema":{"@context":"https:\/\/schema.org","@graph":[{"@type":"Article","@id":"https:\/\/acrimat.org.br\/portal\/prosa-quente-com-luciano-vacari\/#article","isPartOf":{"@id":"https:\/\/acrimat.org.br\/portal\/prosa-quente-com-luciano-vacari\/"},"author":{"name":"P\u00e9ricles C\u00e2ndido","@id":"https:\/\/acrimat.org.br\/portal\/#\/schema\/person\/18df8bcf6890e924fe5d8b5afd2bec0f"},"headline":"Prosa Quente com Luciano Vacari","datePublished":"2017-12-13T13:24:03+00:00","dateModified":"2017-12-13T14:38:47+00:00","mainEntityOfPage":{"@id":"https:\/\/acrimat.org.br\/portal\/prosa-quente-com-luciano-vacari\/"},"wordCount":676,"publisher":{"@id":"https:\/\/acrimat.org.br\/portal\/#organization"},"image":{"@id":"https:\/\/acrimat.org.br\/portal\/prosa-quente-com-luciano-vacari\/#primaryimage"},"thumbnailUrl":"https:\/\/acrimat.org.br\/portal\/wp-content\/uploads\/2017\/12\/12742.jpg","articleSection":["Destaques","Not\u00edcias"],"inLanguage":"pt-BR"},{"@type":"WebPage","@id":"https:\/\/acrimat.org.br\/portal\/prosa-quente-com-luciano-vacari\/","url":"https:\/\/acrimat.org.br\/portal\/prosa-quente-com-luciano-vacari\/","name":"Prosa Quente com Luciano Vacari - Acrimat","isPartOf":{"@id":"https:\/\/acrimat.org.br\/portal\/#website"},"primaryImageOfPage":{"@id":"https:\/\/acrimat.org.br\/portal\/prosa-quente-com-luciano-vacari\/#primaryimage"},"image":{"@id":"https:\/\/acrimat.org.br\/portal\/prosa-quente-com-luciano-vacari\/#primaryimage"},"thumbnailUrl":"https:\/\/acrimat.org.br\/portal\/wp-content\/uploads\/2017\/12\/12742.jpg","datePublished":"2017-12-13T13:24:03+00:00","dateModified":"2017-12-13T14:38:47+00:00","breadcrumb":{"@id":"https:\/\/acrimat.org.br\/portal\/prosa-quente-com-luciano-vacari\/#breadcrumb"},"inLanguage":"pt-BR","potentialAction":[{"@type":"ReadAction","target":["https:\/\/acrimat.org.br\/portal\/prosa-quente-com-luciano-vacari\/"]}]},{"@type":"ImageObject","inLanguage":"pt-BR","@id":"https:\/\/acrimat.org.br\/portal\/prosa-quente-com-luciano-vacari\/#primaryimage","url":"https:\/\/acrimat.org.br\/portal\/wp-content\/uploads\/2017\/12\/12742.jpg","contentUrl":"https:\/\/acrimat.org.br\/portal\/wp-content\/uploads\/2017\/12\/12742.jpg","width":500,"height":392},{"@type":"BreadcrumbList","@id":"https:\/\/acrimat.org.br\/portal\/prosa-quente-com-luciano-vacari\/#breadcrumb","itemListElement":[{"@type":"ListItem","position":1,"name":"In\u00edcio","item":"https:\/\/acrimat.org.br\/portal\/"},{"@type":"ListItem","position":2,"name":"Prosa Quente com Luciano Vacari"}]},{"@type":"WebSite","@id":"https:\/\/acrimat.org.br\/portal\/#website","url":"https:\/\/acrimat.org.br\/portal\/","name":"Acrimat","description":"Associa\u00e7\u00e3o dos Criadores de Mato Grosso","publisher":{"@id":"https:\/\/acrimat.org.br\/portal\/#organization"},"potentialAction":[{"@type":"SearchAction","target":{"@type":"EntryPoint","urlTemplate":"https:\/\/acrimat.org.br\/portal\/?s={search_term_string}"},"query-input":{"@type":"PropertyValueSpecification","valueRequired":true,"valueName":"search_term_string"}}],"inLanguage":"pt-BR"},{"@type":"Organization","@id":"https:\/\/acrimat.org.br\/portal\/#organization","name":"Associa\u00e7\u00e3o dos Criadores de Mato Grosso","url":"https:\/\/acrimat.org.br\/portal\/","logo":{"@type":"ImageObject","inLanguage":"pt-BR","@id":"https:\/\/acrimat.org.br\/portal\/#\/schema\/logo\/image\/","url":"https:\/\/acrimat.org.br\/portal\/wp-content\/uploads\/2018\/03\/logo-peq-original.png","contentUrl":"https:\/\/acrimat.org.br\/portal\/wp-content\/uploads\/2018\/03\/logo-peq-original.png","width":174,"height":171,"caption":"Associa\u00e7\u00e3o dos Criadores de Mato Grosso"},"image":{"@id":"https:\/\/acrimat.org.br\/portal\/#\/schema\/logo\/image\/"}},{"@type":"Person","@id":"https:\/\/acrimat.org.br\/portal\/#\/schema\/person\/18df8bcf6890e924fe5d8b5afd2bec0f","name":"P\u00e9ricles C\u00e2ndido","image":{"@type":"ImageObject","inLanguage":"pt-BR","@id":"https:\/\/acrimat.org.br\/portal\/#\/schema\/person\/image\/","url":"https:\/\/secure.gravatar.com\/avatar\/33e2a2b971dc363ed2df53d0d3bfbd18?s=96&d=mm&r=g","contentUrl":"https:\/\/secure.gravatar.com\/avatar\/33e2a2b971dc363ed2df53d0d3bfbd18?s=96&d=mm&r=g","caption":"P\u00e9ricles C\u00e2ndido"},"sameAs":["ascom@acrimat.org.br"],"url":"https:\/\/acrimat.org.br\/portal\/author\/designergrafico\/"}]}},"_links":{"self":[{"href":"https:\/\/acrimat.org.br\/portal\/wp-json\/wp\/v2\/posts\/97985303","targetHints":{"allow":["GET"]}}],"collection":[{"href":"https:\/\/acrimat.org.br\/portal\/wp-json\/wp\/v2\/posts"}],"about":[{"href":"https:\/\/acrimat.org.br\/portal\/wp-json\/wp\/v2\/types\/post"}],"author":[{"embeddable":true,"href":"https:\/\/acrimat.org.br\/portal\/wp-json\/wp\/v2\/users\/11"}],"replies":[{"embeddable":true,"href":"https:\/\/acrimat.org.br\/portal\/wp-json\/wp\/v2\/comments?post=97985303"}],"version-history":[{"count":2,"href":"https:\/\/acrimat.org.br\/portal\/wp-json\/wp\/v2\/posts\/97985303\/revisions"}],"predecessor-version":[{"id":97985306,"href":"https:\/\/acrimat.org.br\/portal\/wp-json\/wp\/v2\/posts\/97985303\/revisions\/97985306"}],"wp:featuredmedia":[{"embeddable":true,"href":"https:\/\/acrimat.org.br\/portal\/wp-json\/wp\/v2\/media\/97985304"}],"wp:attachment":[{"href":"https:\/\/acrimat.org.br\/portal\/wp-json\/wp\/v2\/media?parent=97985303"}],"wp:term":[{"taxonomy":"category","embeddable":true,"href":"https:\/\/acrimat.org.br\/portal\/wp-json\/wp\/v2\/categories?post=97985303"},{"taxonomy":"post_tag","embeddable":true,"href":"https:\/\/acrimat.org.br\/portal\/wp-json\/wp\/v2\/tags?post=97985303"}],"curies":[{"name":"wp","href":"https:\/\/api.w.org\/{rel}","templated":true}]}}