{"id":97985312,"date":"2017-12-14T08:49:44","date_gmt":"2017-12-14T11:49:44","guid":{"rendered":"http:\/\/acrimat.org.br\/portal\/?p=97985312"},"modified":"2017-12-14T08:49:44","modified_gmt":"2017-12-14T11:49:44","slug":"carne-bovina-exportacao-para-os-eua-pode-voltar","status":"publish","type":"post","link":"https:\/\/acrimat.org.br\/portal\/carne-bovina-exportacao-para-os-eua-pode-voltar\/","title":{"rendered":"Carne bovina: exporta\u00e7\u00e3o para os EUA pode voltar?"},"content":{"rendered":"<p>Um dia depois de o ministro Blairo Maggi declarar que o Brasil est\u00e1 muito pr\u00f3ximo de retomar as exporta\u00e7\u00f5es de carne bovina in natura para os Estados Unidos, o setor produtivo contesta a afirma\u00e7\u00e3o. Segundo entidades, a nova f\u00f3rmula da vacina da aftosa, sem a saponina, n\u00e3o vai sair em 2018.<\/p>\n<p><iframe allowfullscreen=\"\" frameborder=\"0\" height=\"360\" mozallowfullscreen=\"\" scrolling=\"no\" src=\"https:\/\/fast.player.liquidplatform.com\/pApiv2\/embed\/91f350247ae22f0adafa6addd8aa23da\/c2d38c9e79e975b71b8fd91cd465cca3\" webkitallowfullscreen=\"\" width=\"640\"><\/iframe><\/p>\n","protected":false},"excerpt":{"rendered":"<p>Um dia depois de o ministro Blairo Maggi declarar que o Brasil est\u00e1 muito pr\u00f3ximo de retomar as exporta\u00e7\u00f5es de carne bovina in natura para os Estados Unidos, o setor produtivo contesta a afirma\u00e7\u00e3o. Segundo entidades, a nova f\u00f3rmula da vacina da aftosa, sem a saponina, n\u00e3o vai sair em 2018.<\/p>\n","protected":false},"author":11,"featured_media":97985316,"comment_status":"closed","ping_status":"closed","sticky":false,"template":"","format":"standard","meta":{"footnotes":""},"categories":[6,1],"tags":[],"class_list":["post-97985312","post","type-post","status-publish","format-standard","has-post-thumbnail","hentry","category-destaque","category-noticia"],"yoast_head":"<!-- This site is optimized with the Yoast SEO plugin v24.8.1 - https:\/\/yoast.com\/wordpress\/plugins\/seo\/ -->\n<title>Carne bovina: exporta\u00e7\u00e3o para os EUA pode voltar? - Acrimat<\/title>\n<meta name=\"robots\" content=\"index, follow, max-snippet:-1, max-image-preview:large, max-video-preview:-1\" \/>\n<link rel=\"canonical\" href=\"https:\/\/acrimat.org.br\/portal\/carne-bovina-exportacao-para-os-eua-pode-voltar\/\" \/>\n<meta property=\"og:locale\" content=\"pt_BR\" \/>\n<meta property=\"og:type\" content=\"article\" \/>\n<meta property=\"og:title\" content=\"Carne bovina: exporta\u00e7\u00e3o para os EUA pode voltar? - Acrimat\" \/>\n<meta property=\"og:description\" content=\"Um dia depois de o ministro Blairo Maggi declarar que o Brasil est\u00e1 muito pr\u00f3ximo de retomar as exporta\u00e7\u00f5es de carne bovina in natura para os Estados Unidos, o setor produtivo contesta a afirma\u00e7\u00e3o. Segundo entidades, a nova f\u00f3rmula da vacina da aftosa, sem a saponina, n\u00e3o vai sair em 2018.\" \/>\n<meta property=\"og:url\" content=\"https:\/\/acrimat.org.br\/portal\/carne-bovina-exportacao-para-os-eua-pode-voltar\/\" \/>\n<meta property=\"og:site_name\" content=\"Acrimat\" \/>\n<meta property=\"article:published_time\" content=\"2017-12-14T11:49:44+00:00\" \/>\n<meta property=\"og:image\" content=\"https:\/\/acrimat.org.br\/portal\/wp-content\/uploads\/2017\/12\/1513205879197.jpg\" \/>\n\t<meta property=\"og:image:width\" content=\"640\" \/>\n\t<meta property=\"og:image:height\" content=\"476\" \/>\n\t<meta property=\"og:image:type\" content=\"image\/jpeg\" \/>\n<meta name=\"author\" content=\"P\u00e9ricles C\u00e2ndido\" \/>\n<meta name=\"twitter:card\" content=\"summary_large_image\" \/>\n<meta name=\"twitter:label1\" content=\"Escrito por\" \/>\n\t<meta name=\"twitter:data1\" content=\"P\u00e9ricles C\u00e2ndido\" \/>\n<script type=\"application\/ld+json\" class=\"yoast-schema-graph\">{\"@context\":\"https:\/\/schema.org\",\"@graph\":[{\"@type\":\"Article\",\"@id\":\"https:\/\/acrimat.org.br\/portal\/carne-bovina-exportacao-para-os-eua-pode-voltar\/#article\",\"isPartOf\":{\"@id\":\"https:\/\/acrimat.org.br\/portal\/carne-bovina-exportacao-para-os-eua-pode-voltar\/\"},\"author\":{\"name\":\"P\u00e9ricles C\u00e2ndido\",\"@id\":\"https:\/\/acrimat.org.br\/portal\/#\/schema\/person\/18df8bcf6890e924fe5d8b5afd2bec0f\"},\"headline\":\"Carne bovina: exporta\u00e7\u00e3o para os EUA pode voltar?\",\"datePublished\":\"2017-12-14T11:49:44+00:00\",\"mainEntityOfPage\":{\"@id\":\"https:\/\/acrimat.org.br\/portal\/carne-bovina-exportacao-para-os-eua-pode-voltar\/\"},\"wordCount\":64,\"publisher\":{\"@id\":\"https:\/\/acrimat.org.br\/portal\/#organization\"},\"image\":{\"@id\":\"https:\/\/acrimat.org.br\/portal\/carne-bovina-exportacao-para-os-eua-pode-voltar\/#primaryimage\"},\"thumbnailUrl\":\"https:\/\/acrimat.org.br\/portal\/wp-content\/uploads\/2017\/12\/1513205879197.jpg\",\"articleSection\":[\"Destaques\",\"Not\u00edcias\"],\"inLanguage\":\"pt-BR\"},{\"@type\":\"WebPage\",\"@id\":\"https:\/\/acrimat.org.br\/portal\/carne-bovina-exportacao-para-os-eua-pode-voltar\/\",\"url\":\"https:\/\/acrimat.org.br\/portal\/carne-bovina-exportacao-para-os-eua-pode-voltar\/\",\"name\":\"Carne bovina: exporta\u00e7\u00e3o para os EUA pode voltar? - Acrimat\",\"isPartOf\":{\"@id\":\"https:\/\/acrimat.org.br\/portal\/#website\"},\"primaryImageOfPage\":{\"@id\":\"https:\/\/acrimat.org.br\/portal\/carne-bovina-exportacao-para-os-eua-pode-voltar\/#primaryimage\"},\"image\":{\"@id\":\"https:\/\/acrimat.org.br\/portal\/carne-bovina-exportacao-para-os-eua-pode-voltar\/#primaryimage\"},\"thumbnailUrl\":\"https:\/\/acrimat.org.br\/portal\/wp-content\/uploads\/2017\/12\/1513205879197.jpg\",\"datePublished\":\"2017-12-14T11:49:44+00:00\",\"breadcrumb\":{\"@id\":\"https:\/\/acrimat.org.br\/portal\/carne-bovina-exportacao-para-os-eua-pode-voltar\/#breadcrumb\"},\"inLanguage\":\"pt-BR\",\"potentialAction\":[{\"@type\":\"ReadAction\",\"target\":[\"https:\/\/acrimat.org.br\/portal\/carne-bovina-exportacao-para-os-eua-pode-voltar\/\"]}]},{\"@type\":\"ImageObject\",\"inLanguage\":\"pt-BR\",\"@id\":\"https:\/\/acrimat.org.br\/portal\/carne-bovina-exportacao-para-os-eua-pode-voltar\/#primaryimage\",\"url\":\"https:\/\/acrimat.org.br\/portal\/wp-content\/uploads\/2017\/12\/1513205879197.jpg\",\"contentUrl\":\"https:\/\/acrimat.org.br\/portal\/wp-content\/uploads\/2017\/12\/1513205879197.jpg\",\"width\":640,\"height\":476},{\"@type\":\"BreadcrumbList\",\"@id\":\"https:\/\/acrimat.org.br\/portal\/carne-bovina-exportacao-para-os-eua-pode-voltar\/#breadcrumb\",\"itemListElement\":[{\"@type\":\"ListItem\",\"position\":1,\"name\":\"In\u00edcio\",\"item\":\"https:\/\/acrimat.org.br\/portal\/\"},{\"@type\":\"ListItem\",\"position\":2,\"name\":\"Carne bovina: exporta\u00e7\u00e3o para os EUA pode voltar?\"}]},{\"@type\":\"WebSite\",\"@id\":\"https:\/\/acrimat.org.br\/portal\/#website\",\"url\":\"https:\/\/acrimat.org.br\/portal\/\",\"name\":\"Acrimat\",\"description\":\"Associa\u00e7\u00e3o dos Criadores de Mato Grosso\",\"publisher\":{\"@id\":\"https:\/\/acrimat.org.br\/portal\/#organization\"},\"potentialAction\":[{\"@type\":\"SearchAction\",\"target\":{\"@type\":\"EntryPoint\",\"urlTemplate\":\"https:\/\/acrimat.org.br\/portal\/?s={search_term_string}\"},\"query-input\":{\"@type\":\"PropertyValueSpecification\",\"valueRequired\":true,\"valueName\":\"search_term_string\"}}],\"inLanguage\":\"pt-BR\"},{\"@type\":\"Organization\",\"@id\":\"https:\/\/acrimat.org.br\/portal\/#organization\",\"name\":\"Associa\u00e7\u00e3o dos Criadores de Mato Grosso\",\"url\":\"https:\/\/acrimat.org.br\/portal\/\",\"logo\":{\"@type\":\"ImageObject\",\"inLanguage\":\"pt-BR\",\"@id\":\"https:\/\/acrimat.org.br\/portal\/#\/schema\/logo\/image\/\",\"url\":\"https:\/\/acrimat.org.br\/portal\/wp-content\/uploads\/2018\/03\/logo-peq-original.png\",\"contentUrl\":\"https:\/\/acrimat.org.br\/portal\/wp-content\/uploads\/2018\/03\/logo-peq-original.png\",\"width\":174,\"height\":171,\"caption\":\"Associa\u00e7\u00e3o dos Criadores de Mato Grosso\"},\"image\":{\"@id\":\"https:\/\/acrimat.org.br\/portal\/#\/schema\/logo\/image\/\"}},{\"@type\":\"Person\",\"@id\":\"https:\/\/acrimat.org.br\/portal\/#\/schema\/person\/18df8bcf6890e924fe5d8b5afd2bec0f\",\"name\":\"P\u00e9ricles C\u00e2ndido\",\"image\":{\"@type\":\"ImageObject\",\"inLanguage\":\"pt-BR\",\"@id\":\"https:\/\/acrimat.org.br\/portal\/#\/schema\/person\/image\/\",\"url\":\"https:\/\/secure.gravatar.com\/avatar\/33e2a2b971dc363ed2df53d0d3bfbd18?s=96&d=mm&r=g\",\"contentUrl\":\"https:\/\/secure.gravatar.com\/avatar\/33e2a2b971dc363ed2df53d0d3bfbd18?s=96&d=mm&r=g\",\"caption\":\"P\u00e9ricles C\u00e2ndido\"},\"sameAs\":[\"ascom@acrimat.org.br\"],\"url\":\"https:\/\/acrimat.org.br\/portal\/author\/designergrafico\/\"}]}<\/script>\n<!-- \/ Yoast SEO plugin. -->","yoast_head_json":{"title":"Carne bovina: exporta\u00e7\u00e3o para os EUA pode voltar? - Acrimat","robots":{"index":"index","follow":"follow","max-snippet":"max-snippet:-1","max-image-preview":"max-image-preview:large","max-video-preview":"max-video-preview:-1"},"canonical":"https:\/\/acrimat.org.br\/portal\/carne-bovina-exportacao-para-os-eua-pode-voltar\/","og_locale":"pt_BR","og_type":"article","og_title":"Carne bovina: exporta\u00e7\u00e3o para os EUA pode voltar? - Acrimat","og_description":"Um dia depois de o ministro Blairo Maggi declarar que o Brasil est\u00e1 muito pr\u00f3ximo de retomar as exporta\u00e7\u00f5es de carne bovina in natura para os Estados Unidos, o setor produtivo contesta a afirma\u00e7\u00e3o. Segundo entidades, a nova f\u00f3rmula da vacina da aftosa, sem a saponina, n\u00e3o vai sair em 2018.","og_url":"https:\/\/acrimat.org.br\/portal\/carne-bovina-exportacao-para-os-eua-pode-voltar\/","og_site_name":"Acrimat","article_published_time":"2017-12-14T11:49:44+00:00","og_image":[{"width":640,"height":476,"url":"https:\/\/acrimat.org.br\/portal\/wp-content\/uploads\/2017\/12\/1513205879197.jpg","type":"image\/jpeg"}],"author":"P\u00e9ricles C\u00e2ndido","twitter_card":"summary_large_image","twitter_misc":{"Escrito por":"P\u00e9ricles C\u00e2ndido"},"schema":{"@context":"https:\/\/schema.org","@graph":[{"@type":"Article","@id":"https:\/\/acrimat.org.br\/portal\/carne-bovina-exportacao-para-os-eua-pode-voltar\/#article","isPartOf":{"@id":"https:\/\/acrimat.org.br\/portal\/carne-bovina-exportacao-para-os-eua-pode-voltar\/"},"author":{"name":"P\u00e9ricles C\u00e2ndido","@id":"https:\/\/acrimat.org.br\/portal\/#\/schema\/person\/18df8bcf6890e924fe5d8b5afd2bec0f"},"headline":"Carne bovina: exporta\u00e7\u00e3o para os EUA pode voltar?","datePublished":"2017-12-14T11:49:44+00:00","mainEntityOfPage":{"@id":"https:\/\/acrimat.org.br\/portal\/carne-bovina-exportacao-para-os-eua-pode-voltar\/"},"wordCount":64,"publisher":{"@id":"https:\/\/acrimat.org.br\/portal\/#organization"},"image":{"@id":"https:\/\/acrimat.org.br\/portal\/carne-bovina-exportacao-para-os-eua-pode-voltar\/#primaryimage"},"thumbnailUrl":"https:\/\/acrimat.org.br\/portal\/wp-content\/uploads\/2017\/12\/1513205879197.jpg","articleSection":["Destaques","Not\u00edcias"],"inLanguage":"pt-BR"},{"@type":"WebPage","@id":"https:\/\/acrimat.org.br\/portal\/carne-bovina-exportacao-para-os-eua-pode-voltar\/","url":"https:\/\/acrimat.org.br\/portal\/carne-bovina-exportacao-para-os-eua-pode-voltar\/","name":"Carne bovina: exporta\u00e7\u00e3o para os EUA pode voltar? - Acrimat","isPartOf":{"@id":"https:\/\/acrimat.org.br\/portal\/#website"},"primaryImageOfPage":{"@id":"https:\/\/acrimat.org.br\/portal\/carne-bovina-exportacao-para-os-eua-pode-voltar\/#primaryimage"},"image":{"@id":"https:\/\/acrimat.org.br\/portal\/carne-bovina-exportacao-para-os-eua-pode-voltar\/#primaryimage"},"thumbnailUrl":"https:\/\/acrimat.org.br\/portal\/wp-content\/uploads\/2017\/12\/1513205879197.jpg","datePublished":"2017-12-14T11:49:44+00:00","breadcrumb":{"@id":"https:\/\/acrimat.org.br\/portal\/carne-bovina-exportacao-para-os-eua-pode-voltar\/#breadcrumb"},"inLanguage":"pt-BR","potentialAction":[{"@type":"ReadAction","target":["https:\/\/acrimat.org.br\/portal\/carne-bovina-exportacao-para-os-eua-pode-voltar\/"]}]},{"@type":"ImageObject","inLanguage":"pt-BR","@id":"https:\/\/acrimat.org.br\/portal\/carne-bovina-exportacao-para-os-eua-pode-voltar\/#primaryimage","url":"https:\/\/acrimat.org.br\/portal\/wp-content\/uploads\/2017\/12\/1513205879197.jpg","contentUrl":"https:\/\/acrimat.org.br\/portal\/wp-content\/uploads\/2017\/12\/1513205879197.jpg","width":640,"height":476},{"@type":"BreadcrumbList","@id":"https:\/\/acrimat.org.br\/portal\/carne-bovina-exportacao-para-os-eua-pode-voltar\/#breadcrumb","itemListElement":[{"@type":"ListItem","position":1,"name":"In\u00edcio","item":"https:\/\/acrimat.org.br\/portal\/"},{"@type":"ListItem","position":2,"name":"Carne bovina: exporta\u00e7\u00e3o para os EUA pode voltar?"}]},{"@type":"WebSite","@id":"https:\/\/acrimat.org.br\/portal\/#website","url":"https:\/\/acrimat.org.br\/portal\/","name":"Acrimat","description":"Associa\u00e7\u00e3o dos Criadores de Mato Grosso","publisher":{"@id":"https:\/\/acrimat.org.br\/portal\/#organization"},"potentialAction":[{"@type":"SearchAction","target":{"@type":"EntryPoint","urlTemplate":"https:\/\/acrimat.org.br\/portal\/?s={search_term_string}"},"query-input":{"@type":"PropertyValueSpecification","valueRequired":true,"valueName":"search_term_string"}}],"inLanguage":"pt-BR"},{"@type":"Organization","@id":"https:\/\/acrimat.org.br\/portal\/#organization","name":"Associa\u00e7\u00e3o dos Criadores de Mato Grosso","url":"https:\/\/acrimat.org.br\/portal\/","logo":{"@type":"ImageObject","inLanguage":"pt-BR","@id":"https:\/\/acrimat.org.br\/portal\/#\/schema\/logo\/image\/","url":"https:\/\/acrimat.org.br\/portal\/wp-content\/uploads\/2018\/03\/logo-peq-original.png","contentUrl":"https:\/\/acrimat.org.br\/portal\/wp-content\/uploads\/2018\/03\/logo-peq-original.png","width":174,"height":171,"caption":"Associa\u00e7\u00e3o dos Criadores de Mato Grosso"},"image":{"@id":"https:\/\/acrimat.org.br\/portal\/#\/schema\/logo\/image\/"}},{"@type":"Person","@id":"https:\/\/acrimat.org.br\/portal\/#\/schema\/person\/18df8bcf6890e924fe5d8b5afd2bec0f","name":"P\u00e9ricles C\u00e2ndido","image":{"@type":"ImageObject","inLanguage":"pt-BR","@id":"https:\/\/acrimat.org.br\/portal\/#\/schema\/person\/image\/","url":"https:\/\/secure.gravatar.com\/avatar\/33e2a2b971dc363ed2df53d0d3bfbd18?s=96&d=mm&r=g","contentUrl":"https:\/\/secure.gravatar.com\/avatar\/33e2a2b971dc363ed2df53d0d3bfbd18?s=96&d=mm&r=g","caption":"P\u00e9ricles C\u00e2ndido"},"sameAs":["ascom@acrimat.org.br"],"url":"https:\/\/acrimat.org.br\/portal\/author\/designergrafico\/"}]}},"_links":{"self":[{"href":"https:\/\/acrimat.org.br\/portal\/wp-json\/wp\/v2\/posts\/97985312","targetHints":{"allow":["GET"]}}],"collection":[{"href":"https:\/\/acrimat.org.br\/portal\/wp-json\/wp\/v2\/posts"}],"about":[{"href":"https:\/\/acrimat.org.br\/portal\/wp-json\/wp\/v2\/types\/post"}],"author":[{"embeddable":true,"href":"https:\/\/acrimat.org.br\/portal\/wp-json\/wp\/v2\/users\/11"}],"replies":[{"embeddable":true,"href":"https:\/\/acrimat.org.br\/portal\/wp-json\/wp\/v2\/comments?post=97985312"}],"version-history":[{"count":3,"href":"https:\/\/acrimat.org.br\/portal\/wp-json\/wp\/v2\/posts\/97985312\/revisions"}],"predecessor-version":[{"id":97985315,"href":"https:\/\/acrimat.org.br\/portal\/wp-json\/wp\/v2\/posts\/97985312\/revisions\/97985315"}],"wp:featuredmedia":[{"embeddable":true,"href":"https:\/\/acrimat.org.br\/portal\/wp-json\/wp\/v2\/media\/97985316"}],"wp:attachment":[{"href":"https:\/\/acrimat.org.br\/portal\/wp-json\/wp\/v2\/media?parent=97985312"}],"wp:term":[{"taxonomy":"category","embeddable":true,"href":"https:\/\/acrimat.org.br\/portal\/wp-json\/wp\/v2\/categories?post=97985312"},{"taxonomy":"post_tag","embeddable":true,"href":"https:\/\/acrimat.org.br\/portal\/wp-json\/wp\/v2\/tags?post=97985312"}],"curies":[{"name":"wp","href":"https:\/\/api.w.org\/{rel}","templated":true}]}}