{"id":97985333,"date":"2017-12-15T12:07:04","date_gmt":"2017-12-15T15:07:04","guid":{"rendered":"http:\/\/acrimat.org.br\/portal\/?p=97985333"},"modified":"2017-12-15T12:07:04","modified_gmt":"2017-12-15T15:07:04","slug":"imea-projeta-aumento-na-producao-de-algodao-e-queda-nas-de-milho-e-soja","status":"publish","type":"post","link":"https:\/\/acrimat.org.br\/portal\/imea-projeta-aumento-na-producao-de-algodao-e-queda-nas-de-milho-e-soja\/","title":{"rendered":"Imea projeta aumento na produ\u00e7\u00e3o de algod\u00e3o e queda nas de milho e soja"},"content":{"rendered":"<p>Das principais commodities agr\u00edcolas produzidas em Mato Grosso, o Instituto Mato-grossense de Economia Agropecu\u00e1ria (Imea) aponta uma proje\u00e7\u00e3o significativa de aumento de 15,8% na \u00e1rea e 9,5% na produ\u00e7\u00e3o do algod\u00e3o. Em rela\u00e7\u00e3o ao milho, a previs\u00e3o \u00e9 de queda de 18,75% na produ\u00e7\u00e3o e\u00a0 10,34% na \u00e1rea de milho.<\/p>\n<p>No caso do milho, diferentemente de 2017, cuja produ\u00e7\u00e3o alcan\u00e7ou 30,45 milh\u00f5es de toneladas, a perspectiva para 2018 \u00e9 de que os produtores colham cerca de 24,74 milh\u00f5es de toneladas. A produtividade m\u00e9dia deve ficar em 97,1 sacas por hectare, ou seja, 9,37% a menos do que no ciclo anterior (107,1 sacas\/ha).<\/p>\n<p>Os dados fazem parte do balan\u00e7o da produ\u00e7\u00e3o agropecu\u00e1ria de Mato Grosso em 2017 e das proje\u00e7\u00f5es para 2018, divulgados nesta quinta-feira (14\/11).<\/p>\n<p>O cen\u00e1rio de incertezas clim\u00e1ticas e os pre\u00e7os baixos s\u00e3o os principais fatores para tais quedas. Conforme o gestor t\u00e9cnico do Imea, \u00c2ngelo Ozelame, o alto custo de produ\u00e7\u00e3o continua pesando no bolso do produtor mato-grossense e isso, consequentemente, pode reduzir os investimentos em tecnologia.<\/p>\n<p>Em rela\u00e7\u00e3o ao algod\u00e3o, apesar de as condi\u00e7\u00f5es clim\u00e1ticas da nova safra serem decisivas, a previs\u00e3o para a cultura \u00e9 animadora. A \u00e1rea e a produ\u00e7\u00e3o ir\u00e3o aumentar, mas h\u00e1 uma leve perspectiva de queda de 5,40% na produtividade devido a fatores clim\u00e1ticos.<\/p>\n<p>No caso da soja, a estimativa \u00e9 de estabilidade na \u00e1rea, com um aumento de 0,17%. Mas existe uma expectativa de queda na produtividade de 2,31% e, consequentemente, uma queda na produ\u00e7\u00e3o de 2,14%. \u201cPor\u00e9m ainda \u00e9 uma produ\u00e7\u00e3o bastante significativa para Mato Grosso, de 30,6 milh\u00f5es de toneladas, apesar dessa queda na produtividade\u201d, explicou Ozelame.<\/p>\n<p>H\u00e1 tamb\u00e9m uma expectativa de redu\u00e7\u00e3o nos custos de produ\u00e7\u00e3o de soja em compara\u00e7\u00e3o \u00e0 safra passada, motivada pela queda no d\u00f3lar.<\/p>\n<p><strong>Pecu\u00e1ria<\/strong><\/p>\n<p>Na bovinocultura de corte, o pecuarista sofreu com a queda nos pre\u00e7os da arroba do boi. A retra\u00e7\u00e3o foi bem expressiva devido a problemas da porteira para fora, como a opera\u00e7\u00e3o Carne Fraca, a dela\u00e7\u00e3o do grupo JBS e o embargo dos Estados Unidos a carne brasileira. Mas o segundo semestre foi de recupera\u00e7\u00e3o e o pre\u00e7o da arroba do boi deve terminar o ano acima de R$ 130.<\/p>\n<p>Para 2018, as expectativas de melhorias na economia brasileira podem movimentar a demanda interna por carne. Al\u00e9m disso, a demanda crescente da China, Hong Kong e Ir\u00e3 deve manter as exporta\u00e7\u00f5es da prote\u00edna animal aquecidas.<\/p>\n<p>De acordo com Ozelame, com uma maior quantidade de f\u00eameas descartadas, o abate total de bovinos em Mato Grosso pode crescer em rela\u00e7\u00e3o a 2017.<\/p>\n<p><strong>Leite<\/strong><\/p>\n<p>No setor l\u00e1cteo a aten\u00e7\u00e3o deve ser com a perspectiva de pre\u00e7os est\u00e1veis. No entanto, h\u00e1 mais possibilidade de queda do que de alta. Existe uma instabilidade quanto \u00e0 produ\u00e7\u00e3o e custo devido aos riscos clim\u00e1ticos.<\/p>\n<p><strong>Conjuntura Econ\u00f4mica <\/strong><\/p>\n<p>No cen\u00e1rio nacional, a previs\u00e3o para 2018 sob o ponto de vista econ\u00f4mico \u00e9 positiva. O Produto Interno Bruto (PIB) inicia o ano com uma proje\u00e7\u00e3o de crescimento de aproximadamente 2,6%. H\u00e1 uma tend\u00eancia de estabilidade nas taxas de juros, incentivando assim os investimentos na economia do pa\u00eds.<\/p>\n<p>\u201cEste deve ser um ano positivo para o Brasil. Com a recupera\u00e7\u00e3o, principalmente, dos empregos e isso beneficia o agroneg\u00f3cio brasileiro, especialmente de Mato Grosso. Esse \u00e9 um cen\u00e1rio muito mais positivo do que foi 2017, por\u00e9m, cheio de desafios\u201d, confirmou o superintendente do Imea, Daniel Latorraca.<\/p>\n<p>Para ver o estudo completo clique <span style=\"color: #0000ff;\"><a style=\"color: #0000ff;\" href=\"http:\/\/www.sistemafamato.org.br\/portal\/arquivos\/14122017111251.pdf\"><strong>aqui<\/strong><\/a><\/span>.<\/p>\n","protected":false},"excerpt":{"rendered":"<p>Para 2018, as expectativas de melhorias na economia brasileira podem movimentar a demanda interna por carne<\/p>\n","protected":false},"author":11,"featured_media":97985334,"comment_status":"closed","ping_status":"closed","sticky":false,"template":"","format":"standard","meta":{"footnotes":""},"categories":[6,1],"tags":[],"class_list":["post-97985333","post","type-post","status-publish","format-standard","has-post-thumbnail","hentry","category-destaque","category-noticia"],"yoast_head":"<!-- This site is optimized with the Yoast SEO plugin v24.8.1 - https:\/\/yoast.com\/wordpress\/plugins\/seo\/ -->\n<title>Imea projeta aumento na produ\u00e7\u00e3o de algod\u00e3o e queda nas de milho e soja - Acrimat<\/title>\n<meta name=\"robots\" content=\"index, follow, max-snippet:-1, max-image-preview:large, max-video-preview:-1\" \/>\n<link rel=\"canonical\" href=\"https:\/\/acrimat.org.br\/portal\/imea-projeta-aumento-na-producao-de-algodao-e-queda-nas-de-milho-e-soja\/\" \/>\n<meta property=\"og:locale\" content=\"pt_BR\" \/>\n<meta property=\"og:type\" content=\"article\" \/>\n<meta property=\"og:title\" content=\"Imea projeta aumento na produ\u00e7\u00e3o de algod\u00e3o e queda nas de milho e soja - Acrimat\" \/>\n<meta property=\"og:description\" content=\"Para 2018, as expectativas de melhorias na economia brasileira podem movimentar a demanda interna por carne\" \/>\n<meta property=\"og:url\" content=\"https:\/\/acrimat.org.br\/portal\/imea-projeta-aumento-na-producao-de-algodao-e-queda-nas-de-milho-e-soja\/\" \/>\n<meta property=\"og:site_name\" content=\"Acrimat\" \/>\n<meta property=\"article:published_time\" content=\"2017-12-15T15:07:04+00:00\" \/>\n<meta property=\"og:image\" content=\"https:\/\/acrimat.org.br\/portal\/wp-content\/uploads\/2017\/12\/boi.jpg\" \/>\n\t<meta property=\"og:image:width\" content=\"600\" \/>\n\t<meta property=\"og:image:height\" content=\"390\" \/>\n\t<meta property=\"og:image:type\" content=\"image\/jpeg\" \/>\n<meta name=\"author\" content=\"P\u00e9ricles C\u00e2ndido\" \/>\n<meta name=\"twitter:card\" content=\"summary_large_image\" \/>\n<meta name=\"twitter:label1\" content=\"Escrito por\" \/>\n\t<meta name=\"twitter:data1\" content=\"P\u00e9ricles C\u00e2ndido\" \/>\n\t<meta name=\"twitter:label2\" content=\"Est. tempo de leitura\" \/>\n\t<meta name=\"twitter:data2\" content=\"3 minutos\" \/>\n<script type=\"application\/ld+json\" class=\"yoast-schema-graph\">{\"@context\":\"https:\/\/schema.org\",\"@graph\":[{\"@type\":\"Article\",\"@id\":\"https:\/\/acrimat.org.br\/portal\/imea-projeta-aumento-na-producao-de-algodao-e-queda-nas-de-milho-e-soja\/#article\",\"isPartOf\":{\"@id\":\"https:\/\/acrimat.org.br\/portal\/imea-projeta-aumento-na-producao-de-algodao-e-queda-nas-de-milho-e-soja\/\"},\"author\":{\"name\":\"P\u00e9ricles C\u00e2ndido\",\"@id\":\"https:\/\/acrimat.org.br\/portal\/#\/schema\/person\/18df8bcf6890e924fe5d8b5afd2bec0f\"},\"headline\":\"Imea projeta aumento na produ\u00e7\u00e3o de algod\u00e3o e queda nas de milho e soja\",\"datePublished\":\"2017-12-15T15:07:04+00:00\",\"mainEntityOfPage\":{\"@id\":\"https:\/\/acrimat.org.br\/portal\/imea-projeta-aumento-na-producao-de-algodao-e-queda-nas-de-milho-e-soja\/\"},\"wordCount\":614,\"publisher\":{\"@id\":\"https:\/\/acrimat.org.br\/portal\/#organization\"},\"image\":{\"@id\":\"https:\/\/acrimat.org.br\/portal\/imea-projeta-aumento-na-producao-de-algodao-e-queda-nas-de-milho-e-soja\/#primaryimage\"},\"thumbnailUrl\":\"https:\/\/acrimat.org.br\/portal\/wp-content\/uploads\/2017\/12\/boi.jpg\",\"articleSection\":[\"Destaques\",\"Not\u00edcias\"],\"inLanguage\":\"pt-BR\"},{\"@type\":\"WebPage\",\"@id\":\"https:\/\/acrimat.org.br\/portal\/imea-projeta-aumento-na-producao-de-algodao-e-queda-nas-de-milho-e-soja\/\",\"url\":\"https:\/\/acrimat.org.br\/portal\/imea-projeta-aumento-na-producao-de-algodao-e-queda-nas-de-milho-e-soja\/\",\"name\":\"Imea projeta aumento na produ\u00e7\u00e3o de algod\u00e3o e queda nas de milho e soja - Acrimat\",\"isPartOf\":{\"@id\":\"https:\/\/acrimat.org.br\/portal\/#website\"},\"primaryImageOfPage\":{\"@id\":\"https:\/\/acrimat.org.br\/portal\/imea-projeta-aumento-na-producao-de-algodao-e-queda-nas-de-milho-e-soja\/#primaryimage\"},\"image\":{\"@id\":\"https:\/\/acrimat.org.br\/portal\/imea-projeta-aumento-na-producao-de-algodao-e-queda-nas-de-milho-e-soja\/#primaryimage\"},\"thumbnailUrl\":\"https:\/\/acrimat.org.br\/portal\/wp-content\/uploads\/2017\/12\/boi.jpg\",\"datePublished\":\"2017-12-15T15:07:04+00:00\",\"breadcrumb\":{\"@id\":\"https:\/\/acrimat.org.br\/portal\/imea-projeta-aumento-na-producao-de-algodao-e-queda-nas-de-milho-e-soja\/#breadcrumb\"},\"inLanguage\":\"pt-BR\",\"potentialAction\":[{\"@type\":\"ReadAction\",\"target\":[\"https:\/\/acrimat.org.br\/portal\/imea-projeta-aumento-na-producao-de-algodao-e-queda-nas-de-milho-e-soja\/\"]}]},{\"@type\":\"ImageObject\",\"inLanguage\":\"pt-BR\",\"@id\":\"https:\/\/acrimat.org.br\/portal\/imea-projeta-aumento-na-producao-de-algodao-e-queda-nas-de-milho-e-soja\/#primaryimage\",\"url\":\"https:\/\/acrimat.org.br\/portal\/wp-content\/uploads\/2017\/12\/boi.jpg\",\"contentUrl\":\"https:\/\/acrimat.org.br\/portal\/wp-content\/uploads\/2017\/12\/boi.jpg\",\"width\":600,\"height\":390},{\"@type\":\"BreadcrumbList\",\"@id\":\"https:\/\/acrimat.org.br\/portal\/imea-projeta-aumento-na-producao-de-algodao-e-queda-nas-de-milho-e-soja\/#breadcrumb\",\"itemListElement\":[{\"@type\":\"ListItem\",\"position\":1,\"name\":\"In\u00edcio\",\"item\":\"https:\/\/acrimat.org.br\/portal\/\"},{\"@type\":\"ListItem\",\"position\":2,\"name\":\"Imea projeta aumento na produ\u00e7\u00e3o de algod\u00e3o e queda nas de milho e soja\"}]},{\"@type\":\"WebSite\",\"@id\":\"https:\/\/acrimat.org.br\/portal\/#website\",\"url\":\"https:\/\/acrimat.org.br\/portal\/\",\"name\":\"Acrimat\",\"description\":\"Associa\u00e7\u00e3o dos Criadores de Mato Grosso\",\"publisher\":{\"@id\":\"https:\/\/acrimat.org.br\/portal\/#organization\"},\"potentialAction\":[{\"@type\":\"SearchAction\",\"target\":{\"@type\":\"EntryPoint\",\"urlTemplate\":\"https:\/\/acrimat.org.br\/portal\/?s={search_term_string}\"},\"query-input\":{\"@type\":\"PropertyValueSpecification\",\"valueRequired\":true,\"valueName\":\"search_term_string\"}}],\"inLanguage\":\"pt-BR\"},{\"@type\":\"Organization\",\"@id\":\"https:\/\/acrimat.org.br\/portal\/#organization\",\"name\":\"Associa\u00e7\u00e3o dos Criadores de Mato Grosso\",\"url\":\"https:\/\/acrimat.org.br\/portal\/\",\"logo\":{\"@type\":\"ImageObject\",\"inLanguage\":\"pt-BR\",\"@id\":\"https:\/\/acrimat.org.br\/portal\/#\/schema\/logo\/image\/\",\"url\":\"https:\/\/acrimat.org.br\/portal\/wp-content\/uploads\/2018\/03\/logo-peq-original.png\",\"contentUrl\":\"https:\/\/acrimat.org.br\/portal\/wp-content\/uploads\/2018\/03\/logo-peq-original.png\",\"width\":174,\"height\":171,\"caption\":\"Associa\u00e7\u00e3o dos Criadores de Mato Grosso\"},\"image\":{\"@id\":\"https:\/\/acrimat.org.br\/portal\/#\/schema\/logo\/image\/\"}},{\"@type\":\"Person\",\"@id\":\"https:\/\/acrimat.org.br\/portal\/#\/schema\/person\/18df8bcf6890e924fe5d8b5afd2bec0f\",\"name\":\"P\u00e9ricles C\u00e2ndido\",\"image\":{\"@type\":\"ImageObject\",\"inLanguage\":\"pt-BR\",\"@id\":\"https:\/\/acrimat.org.br\/portal\/#\/schema\/person\/image\/\",\"url\":\"https:\/\/secure.gravatar.com\/avatar\/33e2a2b971dc363ed2df53d0d3bfbd18?s=96&d=mm&r=g\",\"contentUrl\":\"https:\/\/secure.gravatar.com\/avatar\/33e2a2b971dc363ed2df53d0d3bfbd18?s=96&d=mm&r=g\",\"caption\":\"P\u00e9ricles C\u00e2ndido\"},\"sameAs\":[\"ascom@acrimat.org.br\"],\"url\":\"https:\/\/acrimat.org.br\/portal\/author\/designergrafico\/\"}]}<\/script>\n<!-- \/ Yoast SEO plugin. -->","yoast_head_json":{"title":"Imea projeta aumento na produ\u00e7\u00e3o de algod\u00e3o e queda nas de milho e soja - Acrimat","robots":{"index":"index","follow":"follow","max-snippet":"max-snippet:-1","max-image-preview":"max-image-preview:large","max-video-preview":"max-video-preview:-1"},"canonical":"https:\/\/acrimat.org.br\/portal\/imea-projeta-aumento-na-producao-de-algodao-e-queda-nas-de-milho-e-soja\/","og_locale":"pt_BR","og_type":"article","og_title":"Imea projeta aumento na produ\u00e7\u00e3o de algod\u00e3o e queda nas de milho e soja - Acrimat","og_description":"Para 2018, as expectativas de melhorias na economia brasileira podem movimentar a demanda interna por carne","og_url":"https:\/\/acrimat.org.br\/portal\/imea-projeta-aumento-na-producao-de-algodao-e-queda-nas-de-milho-e-soja\/","og_site_name":"Acrimat","article_published_time":"2017-12-15T15:07:04+00:00","og_image":[{"width":600,"height":390,"url":"https:\/\/acrimat.org.br\/portal\/wp-content\/uploads\/2017\/12\/boi.jpg","type":"image\/jpeg"}],"author":"P\u00e9ricles C\u00e2ndido","twitter_card":"summary_large_image","twitter_misc":{"Escrito por":"P\u00e9ricles C\u00e2ndido","Est. tempo de leitura":"3 minutos"},"schema":{"@context":"https:\/\/schema.org","@graph":[{"@type":"Article","@id":"https:\/\/acrimat.org.br\/portal\/imea-projeta-aumento-na-producao-de-algodao-e-queda-nas-de-milho-e-soja\/#article","isPartOf":{"@id":"https:\/\/acrimat.org.br\/portal\/imea-projeta-aumento-na-producao-de-algodao-e-queda-nas-de-milho-e-soja\/"},"author":{"name":"P\u00e9ricles C\u00e2ndido","@id":"https:\/\/acrimat.org.br\/portal\/#\/schema\/person\/18df8bcf6890e924fe5d8b5afd2bec0f"},"headline":"Imea projeta aumento na produ\u00e7\u00e3o de algod\u00e3o e queda nas de milho e soja","datePublished":"2017-12-15T15:07:04+00:00","mainEntityOfPage":{"@id":"https:\/\/acrimat.org.br\/portal\/imea-projeta-aumento-na-producao-de-algodao-e-queda-nas-de-milho-e-soja\/"},"wordCount":614,"publisher":{"@id":"https:\/\/acrimat.org.br\/portal\/#organization"},"image":{"@id":"https:\/\/acrimat.org.br\/portal\/imea-projeta-aumento-na-producao-de-algodao-e-queda-nas-de-milho-e-soja\/#primaryimage"},"thumbnailUrl":"https:\/\/acrimat.org.br\/portal\/wp-content\/uploads\/2017\/12\/boi.jpg","articleSection":["Destaques","Not\u00edcias"],"inLanguage":"pt-BR"},{"@type":"WebPage","@id":"https:\/\/acrimat.org.br\/portal\/imea-projeta-aumento-na-producao-de-algodao-e-queda-nas-de-milho-e-soja\/","url":"https:\/\/acrimat.org.br\/portal\/imea-projeta-aumento-na-producao-de-algodao-e-queda-nas-de-milho-e-soja\/","name":"Imea projeta aumento na produ\u00e7\u00e3o de algod\u00e3o e queda nas de milho e soja - Acrimat","isPartOf":{"@id":"https:\/\/acrimat.org.br\/portal\/#website"},"primaryImageOfPage":{"@id":"https:\/\/acrimat.org.br\/portal\/imea-projeta-aumento-na-producao-de-algodao-e-queda-nas-de-milho-e-soja\/#primaryimage"},"image":{"@id":"https:\/\/acrimat.org.br\/portal\/imea-projeta-aumento-na-producao-de-algodao-e-queda-nas-de-milho-e-soja\/#primaryimage"},"thumbnailUrl":"https:\/\/acrimat.org.br\/portal\/wp-content\/uploads\/2017\/12\/boi.jpg","datePublished":"2017-12-15T15:07:04+00:00","breadcrumb":{"@id":"https:\/\/acrimat.org.br\/portal\/imea-projeta-aumento-na-producao-de-algodao-e-queda-nas-de-milho-e-soja\/#breadcrumb"},"inLanguage":"pt-BR","potentialAction":[{"@type":"ReadAction","target":["https:\/\/acrimat.org.br\/portal\/imea-projeta-aumento-na-producao-de-algodao-e-queda-nas-de-milho-e-soja\/"]}]},{"@type":"ImageObject","inLanguage":"pt-BR","@id":"https:\/\/acrimat.org.br\/portal\/imea-projeta-aumento-na-producao-de-algodao-e-queda-nas-de-milho-e-soja\/#primaryimage","url":"https:\/\/acrimat.org.br\/portal\/wp-content\/uploads\/2017\/12\/boi.jpg","contentUrl":"https:\/\/acrimat.org.br\/portal\/wp-content\/uploads\/2017\/12\/boi.jpg","width":600,"height":390},{"@type":"BreadcrumbList","@id":"https:\/\/acrimat.org.br\/portal\/imea-projeta-aumento-na-producao-de-algodao-e-queda-nas-de-milho-e-soja\/#breadcrumb","itemListElement":[{"@type":"ListItem","position":1,"name":"In\u00edcio","item":"https:\/\/acrimat.org.br\/portal\/"},{"@type":"ListItem","position":2,"name":"Imea projeta aumento na produ\u00e7\u00e3o de algod\u00e3o e queda nas de milho e soja"}]},{"@type":"WebSite","@id":"https:\/\/acrimat.org.br\/portal\/#website","url":"https:\/\/acrimat.org.br\/portal\/","name":"Acrimat","description":"Associa\u00e7\u00e3o dos Criadores de Mato Grosso","publisher":{"@id":"https:\/\/acrimat.org.br\/portal\/#organization"},"potentialAction":[{"@type":"SearchAction","target":{"@type":"EntryPoint","urlTemplate":"https:\/\/acrimat.org.br\/portal\/?s={search_term_string}"},"query-input":{"@type":"PropertyValueSpecification","valueRequired":true,"valueName":"search_term_string"}}],"inLanguage":"pt-BR"},{"@type":"Organization","@id":"https:\/\/acrimat.org.br\/portal\/#organization","name":"Associa\u00e7\u00e3o dos Criadores de Mato Grosso","url":"https:\/\/acrimat.org.br\/portal\/","logo":{"@type":"ImageObject","inLanguage":"pt-BR","@id":"https:\/\/acrimat.org.br\/portal\/#\/schema\/logo\/image\/","url":"https:\/\/acrimat.org.br\/portal\/wp-content\/uploads\/2018\/03\/logo-peq-original.png","contentUrl":"https:\/\/acrimat.org.br\/portal\/wp-content\/uploads\/2018\/03\/logo-peq-original.png","width":174,"height":171,"caption":"Associa\u00e7\u00e3o dos Criadores de Mato Grosso"},"image":{"@id":"https:\/\/acrimat.org.br\/portal\/#\/schema\/logo\/image\/"}},{"@type":"Person","@id":"https:\/\/acrimat.org.br\/portal\/#\/schema\/person\/18df8bcf6890e924fe5d8b5afd2bec0f","name":"P\u00e9ricles C\u00e2ndido","image":{"@type":"ImageObject","inLanguage":"pt-BR","@id":"https:\/\/acrimat.org.br\/portal\/#\/schema\/person\/image\/","url":"https:\/\/secure.gravatar.com\/avatar\/33e2a2b971dc363ed2df53d0d3bfbd18?s=96&d=mm&r=g","contentUrl":"https:\/\/secure.gravatar.com\/avatar\/33e2a2b971dc363ed2df53d0d3bfbd18?s=96&d=mm&r=g","caption":"P\u00e9ricles C\u00e2ndido"},"sameAs":["ascom@acrimat.org.br"],"url":"https:\/\/acrimat.org.br\/portal\/author\/designergrafico\/"}]}},"_links":{"self":[{"href":"https:\/\/acrimat.org.br\/portal\/wp-json\/wp\/v2\/posts\/97985333","targetHints":{"allow":["GET"]}}],"collection":[{"href":"https:\/\/acrimat.org.br\/portal\/wp-json\/wp\/v2\/posts"}],"about":[{"href":"https:\/\/acrimat.org.br\/portal\/wp-json\/wp\/v2\/types\/post"}],"author":[{"embeddable":true,"href":"https:\/\/acrimat.org.br\/portal\/wp-json\/wp\/v2\/users\/11"}],"replies":[{"embeddable":true,"href":"https:\/\/acrimat.org.br\/portal\/wp-json\/wp\/v2\/comments?post=97985333"}],"version-history":[{"count":1,"href":"https:\/\/acrimat.org.br\/portal\/wp-json\/wp\/v2\/posts\/97985333\/revisions"}],"predecessor-version":[{"id":97985335,"href":"https:\/\/acrimat.org.br\/portal\/wp-json\/wp\/v2\/posts\/97985333\/revisions\/97985335"}],"wp:featuredmedia":[{"embeddable":true,"href":"https:\/\/acrimat.org.br\/portal\/wp-json\/wp\/v2\/media\/97985334"}],"wp:attachment":[{"href":"https:\/\/acrimat.org.br\/portal\/wp-json\/wp\/v2\/media?parent=97985333"}],"wp:term":[{"taxonomy":"category","embeddable":true,"href":"https:\/\/acrimat.org.br\/portal\/wp-json\/wp\/v2\/categories?post=97985333"},{"taxonomy":"post_tag","embeddable":true,"href":"https:\/\/acrimat.org.br\/portal\/wp-json\/wp\/v2\/tags?post=97985333"}],"curies":[{"name":"wp","href":"https:\/\/api.w.org\/{rel}","templated":true}]}}