{"id":97985336,"date":"2017-12-15T12:19:24","date_gmt":"2017-12-15T15:19:24","guid":{"rendered":"http:\/\/acrimat.org.br\/portal\/?p=97985336"},"modified":"2017-12-15T12:19:24","modified_gmt":"2017-12-15T15:19:24","slug":"adiamento-na-revisao-da-vacina-contra-aftosa-preocupa-setor","status":"publish","type":"post","link":"https:\/\/acrimat.org.br\/portal\/adiamento-na-revisao-da-vacina-contra-aftosa-preocupa-setor\/","title":{"rendered":"Adiamento na revis\u00e3o da vacina contra aftosa preocupa setor"},"content":{"rendered":"<p>O ministro da Agricultura, Blairo Maggi, afirmou que o Brasil deve retomar as exporta\u00e7\u00f5es de carne bovina para os Estados Unidos no come\u00e7o de 2018. No entanto, o setor produtivo discorda, j\u00e1 que a revis\u00e3o da vacina contra aftosa foi adiada por falta de conclus\u00e3o dos testes. Com isso, o objetivo de evitar a rea\u00e7\u00e3o do gado \u00e0 imuniza\u00e7\u00e3o ainda n\u00e3o ser\u00e1 poss\u00edvel.<\/p>\n<p>A ideia era eliminar da formula\u00e7\u00e3o a saponina, subst\u00e2ncia que serve para estimular os anticorpos dos animais, mas que provoca uma rea\u00e7\u00e3o inflamat\u00f3ria considerada normal \u2013 os abcessos. Na avalia\u00e7\u00e3o de pessoas envolvidas nas negocia\u00e7\u00f5es, entretanto, a retirada da saponina pode interferir na imuniza\u00e7\u00e3o e causar outro tipo de rea\u00e7\u00e3o nos animais,\u00a0por isso o atraso na libera\u00e7\u00e3o e a necessidade de serem feitos tr\u00eas lotes de teste. Agora, a previs\u00e3o \u00e9 de que a altera\u00e7\u00e3o ocorra apenas em\u00a02019.<\/p>\n<p>O presidente da Comiss\u00e3o Nacional de Bovinocultura de Corte da Confedera\u00e7\u00e3o da Agricultura e Pecu\u00e1ria do Brasil (CNA), Antonio Pitangui Salvo, diz que o adiamento na libera\u00e7\u00e3o da vacina para os produtores \u00e9 uma surpresa muito negativa. \u201cPorque a gente sabe os malef\u00edcios feitos por essa vacina, no que diz respeito aos abcessos, e os benef\u00edcios que ela nos trouxe podendo exportar para praticamente o mundo inteiro, porque estamos livres h\u00e1 mais de 20 anos da febre aftosa\u201c, diz. Salvo lembra que os Estados Unidos mant\u00eam o embargo \u00e0 carne brasileira, o que afeta profundamente o pre\u00e7o da arroba do boi.<\/p>\n<p><iframe allowfullscreen=\"\" frameborder=\"0\" height=\"360\" mozallowfullscreen=\"\" scrolling=\"no\" src=\"https:\/\/fast.player.liquidplatform.com\/pApiv2\/embed\/91f350247ae22f0adafa6addd8aa23da\/fe446f09fd5ea54f7d0e854b19135db8\" webkitallowfullscreen=\"\" width=\"640\"><\/iframe><\/p>\n<p>Apesar do adiamento da revis\u00e3o da vacina contra aftosa, o presidente da C\u00e2mara Setorial da Cadeia Produtiva de Carne Bovina do Minist\u00e9rio da Agricultura (Mapa), Sebasti\u00e3o Guedes, deu uma boa not\u00edcia: a previs\u00e3o para a retirada da imuniza\u00e7\u00e3o nos estados centrais brasileiros ser\u00e1 feita na mesma \u00e9poca nas \u00e1reas\u00a0de fronteira, com in\u00edcio em 2019 e conclus\u00e3o em 2021. Guedes considera a meta arrojada. \u201cIsso pode acrescentar no faturamento da ind\u00fastria de carne bovina de US$ 1,2 bilh\u00e3o a US$ 1,7 bilh\u00e3o anual, se retirarmos a vacina\u00e7\u00e3o\u201c, afirma.<\/p>\n<p><strong>Agro+ Integridade<\/strong><\/p>\n<p>O\u00a0<strong><a href=\"http:\/\/www.canalrural.com.br\/noticias\/noticias\/governo-lanca-selo-para-empresas-agropecuaria-com-politicas-anticorrupcao-70440\">selo Agro+ Integridade, lan\u00e7ado nesta semana pelo Mapa,<\/a><\/strong>\u00a0n\u00e3o foi bem recebido pelo setor, que acredita que isso faz o pa\u00eds perder ainda mais a credibilidade da qualidade dos produtos exportados. \u201cO Brasil, por diversos problemas vividos neste \u00faltimos tempos, precisa de um carimbo dizendo que a ind\u00fastria \u00e9 correta. Eu n\u00e3o queria estar passando por isso\u201c, diz Salvo.<\/p>\n","protected":false},"excerpt":{"rendered":"<p>A ideia \u00e9 retirar a saponina da composi\u00e7\u00e3o, porque provoca abcessos &#8211; um dos motivos do embargo \u00e0 carne brasileira por parte dos Estados Unidos<\/p>\n","protected":false},"author":11,"featured_media":97985338,"comment_status":"closed","ping_status":"closed","sticky":false,"template":"","format":"standard","meta":{"footnotes":""},"categories":[6,1],"tags":[],"class_list":["post-97985336","post","type-post","status-publish","format-standard","has-post-thumbnail","hentry","category-destaque","category-noticia"],"yoast_head":"<!-- This site is optimized with the Yoast SEO plugin v24.8.1 - https:\/\/yoast.com\/wordpress\/plugins\/seo\/ -->\n<title>Adiamento na revis\u00e3o da vacina contra aftosa preocupa setor - Acrimat<\/title>\n<meta name=\"robots\" content=\"index, follow, max-snippet:-1, max-image-preview:large, max-video-preview:-1\" \/>\n<link rel=\"canonical\" href=\"https:\/\/acrimat.org.br\/portal\/adiamento-na-revisao-da-vacina-contra-aftosa-preocupa-setor\/\" \/>\n<meta property=\"og:locale\" content=\"pt_BR\" \/>\n<meta property=\"og:type\" content=\"article\" \/>\n<meta property=\"og:title\" content=\"Adiamento na revis\u00e3o da vacina contra aftosa preocupa setor - Acrimat\" \/>\n<meta property=\"og:description\" content=\"A ideia \u00e9 retirar a saponina da composi\u00e7\u00e3o, porque provoca abcessos - um dos motivos do embargo \u00e0 carne brasileira por parte dos Estados Unidos\" \/>\n<meta property=\"og:url\" content=\"https:\/\/acrimat.org.br\/portal\/adiamento-na-revisao-da-vacina-contra-aftosa-preocupa-setor\/\" \/>\n<meta property=\"og:site_name\" content=\"Acrimat\" \/>\n<meta property=\"article:published_time\" content=\"2017-12-15T15:19:24+00:00\" \/>\n<meta property=\"og:image\" content=\"https:\/\/acrimat.org.br\/portal\/wp-content\/uploads\/2017\/12\/vacinacao.jpg\" \/>\n\t<meta property=\"og:image:width\" content=\"600\" \/>\n\t<meta property=\"og:image:height\" content=\"400\" \/>\n\t<meta property=\"og:image:type\" content=\"image\/jpeg\" \/>\n<meta name=\"author\" content=\"P\u00e9ricles C\u00e2ndido\" \/>\n<meta name=\"twitter:card\" content=\"summary_large_image\" \/>\n<meta name=\"twitter:label1\" content=\"Escrito por\" \/>\n\t<meta name=\"twitter:data1\" content=\"P\u00e9ricles C\u00e2ndido\" \/>\n\t<meta name=\"twitter:label2\" content=\"Est. tempo de leitura\" \/>\n\t<meta name=\"twitter:data2\" content=\"2 minutos\" \/>\n<script type=\"application\/ld+json\" class=\"yoast-schema-graph\">{\"@context\":\"https:\/\/schema.org\",\"@graph\":[{\"@type\":\"Article\",\"@id\":\"https:\/\/acrimat.org.br\/portal\/adiamento-na-revisao-da-vacina-contra-aftosa-preocupa-setor\/#article\",\"isPartOf\":{\"@id\":\"https:\/\/acrimat.org.br\/portal\/adiamento-na-revisao-da-vacina-contra-aftosa-preocupa-setor\/\"},\"author\":{\"name\":\"P\u00e9ricles C\u00e2ndido\",\"@id\":\"https:\/\/acrimat.org.br\/portal\/#\/schema\/person\/18df8bcf6890e924fe5d8b5afd2bec0f\"},\"headline\":\"Adiamento na revis\u00e3o da vacina contra aftosa preocupa setor\",\"datePublished\":\"2017-12-15T15:19:24+00:00\",\"mainEntityOfPage\":{\"@id\":\"https:\/\/acrimat.org.br\/portal\/adiamento-na-revisao-da-vacina-contra-aftosa-preocupa-setor\/\"},\"wordCount\":437,\"publisher\":{\"@id\":\"https:\/\/acrimat.org.br\/portal\/#organization\"},\"image\":{\"@id\":\"https:\/\/acrimat.org.br\/portal\/adiamento-na-revisao-da-vacina-contra-aftosa-preocupa-setor\/#primaryimage\"},\"thumbnailUrl\":\"https:\/\/acrimat.org.br\/portal\/wp-content\/uploads\/2017\/12\/vacinacao.jpg\",\"articleSection\":[\"Destaques\",\"Not\u00edcias\"],\"inLanguage\":\"pt-BR\"},{\"@type\":\"WebPage\",\"@id\":\"https:\/\/acrimat.org.br\/portal\/adiamento-na-revisao-da-vacina-contra-aftosa-preocupa-setor\/\",\"url\":\"https:\/\/acrimat.org.br\/portal\/adiamento-na-revisao-da-vacina-contra-aftosa-preocupa-setor\/\",\"name\":\"Adiamento na revis\u00e3o da vacina contra aftosa preocupa setor - Acrimat\",\"isPartOf\":{\"@id\":\"https:\/\/acrimat.org.br\/portal\/#website\"},\"primaryImageOfPage\":{\"@id\":\"https:\/\/acrimat.org.br\/portal\/adiamento-na-revisao-da-vacina-contra-aftosa-preocupa-setor\/#primaryimage\"},\"image\":{\"@id\":\"https:\/\/acrimat.org.br\/portal\/adiamento-na-revisao-da-vacina-contra-aftosa-preocupa-setor\/#primaryimage\"},\"thumbnailUrl\":\"https:\/\/acrimat.org.br\/portal\/wp-content\/uploads\/2017\/12\/vacinacao.jpg\",\"datePublished\":\"2017-12-15T15:19:24+00:00\",\"breadcrumb\":{\"@id\":\"https:\/\/acrimat.org.br\/portal\/adiamento-na-revisao-da-vacina-contra-aftosa-preocupa-setor\/#breadcrumb\"},\"inLanguage\":\"pt-BR\",\"potentialAction\":[{\"@type\":\"ReadAction\",\"target\":[\"https:\/\/acrimat.org.br\/portal\/adiamento-na-revisao-da-vacina-contra-aftosa-preocupa-setor\/\"]}]},{\"@type\":\"ImageObject\",\"inLanguage\":\"pt-BR\",\"@id\":\"https:\/\/acrimat.org.br\/portal\/adiamento-na-revisao-da-vacina-contra-aftosa-preocupa-setor\/#primaryimage\",\"url\":\"https:\/\/acrimat.org.br\/portal\/wp-content\/uploads\/2017\/12\/vacinacao.jpg\",\"contentUrl\":\"https:\/\/acrimat.org.br\/portal\/wp-content\/uploads\/2017\/12\/vacinacao.jpg\",\"width\":600,\"height\":400},{\"@type\":\"BreadcrumbList\",\"@id\":\"https:\/\/acrimat.org.br\/portal\/adiamento-na-revisao-da-vacina-contra-aftosa-preocupa-setor\/#breadcrumb\",\"itemListElement\":[{\"@type\":\"ListItem\",\"position\":1,\"name\":\"In\u00edcio\",\"item\":\"https:\/\/acrimat.org.br\/portal\/\"},{\"@type\":\"ListItem\",\"position\":2,\"name\":\"Adiamento na revis\u00e3o da vacina contra aftosa preocupa setor\"}]},{\"@type\":\"WebSite\",\"@id\":\"https:\/\/acrimat.org.br\/portal\/#website\",\"url\":\"https:\/\/acrimat.org.br\/portal\/\",\"name\":\"Acrimat\",\"description\":\"Associa\u00e7\u00e3o dos Criadores de Mato Grosso\",\"publisher\":{\"@id\":\"https:\/\/acrimat.org.br\/portal\/#organization\"},\"potentialAction\":[{\"@type\":\"SearchAction\",\"target\":{\"@type\":\"EntryPoint\",\"urlTemplate\":\"https:\/\/acrimat.org.br\/portal\/?s={search_term_string}\"},\"query-input\":{\"@type\":\"PropertyValueSpecification\",\"valueRequired\":true,\"valueName\":\"search_term_string\"}}],\"inLanguage\":\"pt-BR\"},{\"@type\":\"Organization\",\"@id\":\"https:\/\/acrimat.org.br\/portal\/#organization\",\"name\":\"Associa\u00e7\u00e3o dos Criadores de Mato Grosso\",\"url\":\"https:\/\/acrimat.org.br\/portal\/\",\"logo\":{\"@type\":\"ImageObject\",\"inLanguage\":\"pt-BR\",\"@id\":\"https:\/\/acrimat.org.br\/portal\/#\/schema\/logo\/image\/\",\"url\":\"https:\/\/acrimat.org.br\/portal\/wp-content\/uploads\/2018\/03\/logo-peq-original.png\",\"contentUrl\":\"https:\/\/acrimat.org.br\/portal\/wp-content\/uploads\/2018\/03\/logo-peq-original.png\",\"width\":174,\"height\":171,\"caption\":\"Associa\u00e7\u00e3o dos Criadores de Mato Grosso\"},\"image\":{\"@id\":\"https:\/\/acrimat.org.br\/portal\/#\/schema\/logo\/image\/\"}},{\"@type\":\"Person\",\"@id\":\"https:\/\/acrimat.org.br\/portal\/#\/schema\/person\/18df8bcf6890e924fe5d8b5afd2bec0f\",\"name\":\"P\u00e9ricles C\u00e2ndido\",\"image\":{\"@type\":\"ImageObject\",\"inLanguage\":\"pt-BR\",\"@id\":\"https:\/\/acrimat.org.br\/portal\/#\/schema\/person\/image\/\",\"url\":\"https:\/\/secure.gravatar.com\/avatar\/33e2a2b971dc363ed2df53d0d3bfbd18?s=96&d=mm&r=g\",\"contentUrl\":\"https:\/\/secure.gravatar.com\/avatar\/33e2a2b971dc363ed2df53d0d3bfbd18?s=96&d=mm&r=g\",\"caption\":\"P\u00e9ricles C\u00e2ndido\"},\"sameAs\":[\"ascom@acrimat.org.br\"],\"url\":\"https:\/\/acrimat.org.br\/portal\/author\/designergrafico\/\"}]}<\/script>\n<!-- \/ Yoast SEO plugin. -->","yoast_head_json":{"title":"Adiamento na revis\u00e3o da vacina contra aftosa preocupa setor - Acrimat","robots":{"index":"index","follow":"follow","max-snippet":"max-snippet:-1","max-image-preview":"max-image-preview:large","max-video-preview":"max-video-preview:-1"},"canonical":"https:\/\/acrimat.org.br\/portal\/adiamento-na-revisao-da-vacina-contra-aftosa-preocupa-setor\/","og_locale":"pt_BR","og_type":"article","og_title":"Adiamento na revis\u00e3o da vacina contra aftosa preocupa setor - Acrimat","og_description":"A ideia \u00e9 retirar a saponina da composi\u00e7\u00e3o, porque provoca abcessos - um dos motivos do embargo \u00e0 carne brasileira por parte dos Estados Unidos","og_url":"https:\/\/acrimat.org.br\/portal\/adiamento-na-revisao-da-vacina-contra-aftosa-preocupa-setor\/","og_site_name":"Acrimat","article_published_time":"2017-12-15T15:19:24+00:00","og_image":[{"width":600,"height":400,"url":"https:\/\/acrimat.org.br\/portal\/wp-content\/uploads\/2017\/12\/vacinacao.jpg","type":"image\/jpeg"}],"author":"P\u00e9ricles C\u00e2ndido","twitter_card":"summary_large_image","twitter_misc":{"Escrito por":"P\u00e9ricles C\u00e2ndido","Est. tempo de leitura":"2 minutos"},"schema":{"@context":"https:\/\/schema.org","@graph":[{"@type":"Article","@id":"https:\/\/acrimat.org.br\/portal\/adiamento-na-revisao-da-vacina-contra-aftosa-preocupa-setor\/#article","isPartOf":{"@id":"https:\/\/acrimat.org.br\/portal\/adiamento-na-revisao-da-vacina-contra-aftosa-preocupa-setor\/"},"author":{"name":"P\u00e9ricles C\u00e2ndido","@id":"https:\/\/acrimat.org.br\/portal\/#\/schema\/person\/18df8bcf6890e924fe5d8b5afd2bec0f"},"headline":"Adiamento na revis\u00e3o da vacina contra aftosa preocupa setor","datePublished":"2017-12-15T15:19:24+00:00","mainEntityOfPage":{"@id":"https:\/\/acrimat.org.br\/portal\/adiamento-na-revisao-da-vacina-contra-aftosa-preocupa-setor\/"},"wordCount":437,"publisher":{"@id":"https:\/\/acrimat.org.br\/portal\/#organization"},"image":{"@id":"https:\/\/acrimat.org.br\/portal\/adiamento-na-revisao-da-vacina-contra-aftosa-preocupa-setor\/#primaryimage"},"thumbnailUrl":"https:\/\/acrimat.org.br\/portal\/wp-content\/uploads\/2017\/12\/vacinacao.jpg","articleSection":["Destaques","Not\u00edcias"],"inLanguage":"pt-BR"},{"@type":"WebPage","@id":"https:\/\/acrimat.org.br\/portal\/adiamento-na-revisao-da-vacina-contra-aftosa-preocupa-setor\/","url":"https:\/\/acrimat.org.br\/portal\/adiamento-na-revisao-da-vacina-contra-aftosa-preocupa-setor\/","name":"Adiamento na revis\u00e3o da vacina contra aftosa preocupa setor - Acrimat","isPartOf":{"@id":"https:\/\/acrimat.org.br\/portal\/#website"},"primaryImageOfPage":{"@id":"https:\/\/acrimat.org.br\/portal\/adiamento-na-revisao-da-vacina-contra-aftosa-preocupa-setor\/#primaryimage"},"image":{"@id":"https:\/\/acrimat.org.br\/portal\/adiamento-na-revisao-da-vacina-contra-aftosa-preocupa-setor\/#primaryimage"},"thumbnailUrl":"https:\/\/acrimat.org.br\/portal\/wp-content\/uploads\/2017\/12\/vacinacao.jpg","datePublished":"2017-12-15T15:19:24+00:00","breadcrumb":{"@id":"https:\/\/acrimat.org.br\/portal\/adiamento-na-revisao-da-vacina-contra-aftosa-preocupa-setor\/#breadcrumb"},"inLanguage":"pt-BR","potentialAction":[{"@type":"ReadAction","target":["https:\/\/acrimat.org.br\/portal\/adiamento-na-revisao-da-vacina-contra-aftosa-preocupa-setor\/"]}]},{"@type":"ImageObject","inLanguage":"pt-BR","@id":"https:\/\/acrimat.org.br\/portal\/adiamento-na-revisao-da-vacina-contra-aftosa-preocupa-setor\/#primaryimage","url":"https:\/\/acrimat.org.br\/portal\/wp-content\/uploads\/2017\/12\/vacinacao.jpg","contentUrl":"https:\/\/acrimat.org.br\/portal\/wp-content\/uploads\/2017\/12\/vacinacao.jpg","width":600,"height":400},{"@type":"BreadcrumbList","@id":"https:\/\/acrimat.org.br\/portal\/adiamento-na-revisao-da-vacina-contra-aftosa-preocupa-setor\/#breadcrumb","itemListElement":[{"@type":"ListItem","position":1,"name":"In\u00edcio","item":"https:\/\/acrimat.org.br\/portal\/"},{"@type":"ListItem","position":2,"name":"Adiamento na revis\u00e3o da vacina contra aftosa preocupa setor"}]},{"@type":"WebSite","@id":"https:\/\/acrimat.org.br\/portal\/#website","url":"https:\/\/acrimat.org.br\/portal\/","name":"Acrimat","description":"Associa\u00e7\u00e3o dos Criadores de Mato Grosso","publisher":{"@id":"https:\/\/acrimat.org.br\/portal\/#organization"},"potentialAction":[{"@type":"SearchAction","target":{"@type":"EntryPoint","urlTemplate":"https:\/\/acrimat.org.br\/portal\/?s={search_term_string}"},"query-input":{"@type":"PropertyValueSpecification","valueRequired":true,"valueName":"search_term_string"}}],"inLanguage":"pt-BR"},{"@type":"Organization","@id":"https:\/\/acrimat.org.br\/portal\/#organization","name":"Associa\u00e7\u00e3o dos Criadores de Mato Grosso","url":"https:\/\/acrimat.org.br\/portal\/","logo":{"@type":"ImageObject","inLanguage":"pt-BR","@id":"https:\/\/acrimat.org.br\/portal\/#\/schema\/logo\/image\/","url":"https:\/\/acrimat.org.br\/portal\/wp-content\/uploads\/2018\/03\/logo-peq-original.png","contentUrl":"https:\/\/acrimat.org.br\/portal\/wp-content\/uploads\/2018\/03\/logo-peq-original.png","width":174,"height":171,"caption":"Associa\u00e7\u00e3o dos Criadores de Mato Grosso"},"image":{"@id":"https:\/\/acrimat.org.br\/portal\/#\/schema\/logo\/image\/"}},{"@type":"Person","@id":"https:\/\/acrimat.org.br\/portal\/#\/schema\/person\/18df8bcf6890e924fe5d8b5afd2bec0f","name":"P\u00e9ricles C\u00e2ndido","image":{"@type":"ImageObject","inLanguage":"pt-BR","@id":"https:\/\/acrimat.org.br\/portal\/#\/schema\/person\/image\/","url":"https:\/\/secure.gravatar.com\/avatar\/33e2a2b971dc363ed2df53d0d3bfbd18?s=96&d=mm&r=g","contentUrl":"https:\/\/secure.gravatar.com\/avatar\/33e2a2b971dc363ed2df53d0d3bfbd18?s=96&d=mm&r=g","caption":"P\u00e9ricles C\u00e2ndido"},"sameAs":["ascom@acrimat.org.br"],"url":"https:\/\/acrimat.org.br\/portal\/author\/designergrafico\/"}]}},"_links":{"self":[{"href":"https:\/\/acrimat.org.br\/portal\/wp-json\/wp\/v2\/posts\/97985336","targetHints":{"allow":["GET"]}}],"collection":[{"href":"https:\/\/acrimat.org.br\/portal\/wp-json\/wp\/v2\/posts"}],"about":[{"href":"https:\/\/acrimat.org.br\/portal\/wp-json\/wp\/v2\/types\/post"}],"author":[{"embeddable":true,"href":"https:\/\/acrimat.org.br\/portal\/wp-json\/wp\/v2\/users\/11"}],"replies":[{"embeddable":true,"href":"https:\/\/acrimat.org.br\/portal\/wp-json\/wp\/v2\/comments?post=97985336"}],"version-history":[{"count":1,"href":"https:\/\/acrimat.org.br\/portal\/wp-json\/wp\/v2\/posts\/97985336\/revisions"}],"predecessor-version":[{"id":97985337,"href":"https:\/\/acrimat.org.br\/portal\/wp-json\/wp\/v2\/posts\/97985336\/revisions\/97985337"}],"wp:featuredmedia":[{"embeddable":true,"href":"https:\/\/acrimat.org.br\/portal\/wp-json\/wp\/v2\/media\/97985338"}],"wp:attachment":[{"href":"https:\/\/acrimat.org.br\/portal\/wp-json\/wp\/v2\/media?parent=97985336"}],"wp:term":[{"taxonomy":"category","embeddable":true,"href":"https:\/\/acrimat.org.br\/portal\/wp-json\/wp\/v2\/categories?post=97985336"},{"taxonomy":"post_tag","embeddable":true,"href":"https:\/\/acrimat.org.br\/portal\/wp-json\/wp\/v2\/tags?post=97985336"}],"curies":[{"name":"wp","href":"https:\/\/api.w.org\/{rel}","templated":true}]}}