{"id":97985456,"date":"2018-01-08T09:24:56","date_gmt":"2018-01-08T12:24:56","guid":{"rendered":"http:\/\/acrimat.org.br\/portal\/?p=97985456"},"modified":"2018-01-08T09:26:08","modified_gmt":"2018-01-08T12:26:08","slug":"se-quiser-atender-demanda-brasil-tera-que-criar-mais-bois-confinados","status":"publish","type":"post","link":"https:\/\/acrimat.org.br\/portal\/se-quiser-atender-demanda-brasil-tera-que-criar-mais-bois-confinados\/","title":{"rendered":"Se quiser atender demanda, Brasil ter\u00e1 que criar mais bois confinados"},"content":{"rendered":"<p>Mesmo ap\u00f3s um ano turbulento para o setor, os pecuaristas do Brasil avan\u00e7aram em uma particularidade: o confinamento, utilizado na termina\u00e7\u00e3o para o abate. O volume de animais confinados cresceu 5,5%, segundo a Associa\u00e7\u00e3o Nacional da Pecu\u00e1ria Intensiva &#8211; Assocon. Inicialmente, a expectativa era de 25%.<\/p>\n<p>\u201cO principal problema foi no mercado do boi gordo, que desvalorizou no primeiro semestre por conta de not\u00edcias relacionadas \u00e0 Opera\u00e7\u00e3o Carne Fraca, \u00e0 instabilidade do mercado e pelo fraco consumo interno, impactando a demanda. Isso fez o pecuarista colocar o p\u00e9 no freio\u201d, explica o gerente executivo da Assocon, Bruno Andrade. Dezenas de pa\u00edses decretaram embargo \u00e0 carne brasileira, san\u00e7\u00f5es que foram sendo retiradas ao longo dos meses.<\/p>\n<p>De acordo com o levantamento da entidade, realizado com seus associados em 1,4 mil unidades de confinamento nos estados de S\u00e3o Paulo, Paran\u00e1, Minas Gerais, Mato Grosso, Mato Grosso do Sul, Goi\u00e1s, Rond\u00f4nia e Tocantins, o volume de bovinos confinados em 2017 atingiu 3,4 milh\u00f5es de animais. No ano anterior, eram 3,2 milh\u00f5es. Estima-se que o total nacional, incluindo dados de n\u00e3o associados, seja entre 4,5 e 5 milh\u00f5es de animais confinados.<\/p>\n<p>Leia a not\u00edcia na \u00edntegra no site da <a href=\"http:\/\/www.gazetadopovo.com.br\/agronegocio\/pecuaria\/bovinos\/se-quiser-atender-demanda-brasil-tera-que-criar-mais-bois-confinados-czxd7r2gc9gfph453lulzhl0r\"><strong><span style=\"color: #333399;\">Gazeta do Povo<\/span><\/strong><\/a>.<\/p>\n","protected":false},"excerpt":{"rendered":"<p>Mesmo ap\u00f3s um ano turbulento para o setor, os pecuaristas do Brasil avan\u00e7aram em uma particularidade: o confinamento, utilizado na termina\u00e7\u00e3o para o abate<\/p>\n","protected":false},"author":11,"featured_media":97985457,"comment_status":"closed","ping_status":"closed","sticky":false,"template":"","format":"standard","meta":{"footnotes":""},"categories":[6,1],"tags":[],"class_list":["post-97985456","post","type-post","status-publish","format-standard","has-post-thumbnail","hentry","category-destaque","category-noticia"],"yoast_head":"<!-- This site is optimized with the Yoast SEO plugin v24.8.1 - https:\/\/yoast.com\/wordpress\/plugins\/seo\/ -->\n<title>Se quiser atender demanda, Brasil ter\u00e1 que criar mais bois confinados - Acrimat<\/title>\n<meta name=\"robots\" content=\"index, follow, max-snippet:-1, max-image-preview:large, max-video-preview:-1\" \/>\n<link rel=\"canonical\" href=\"https:\/\/acrimat.org.br\/portal\/se-quiser-atender-demanda-brasil-tera-que-criar-mais-bois-confinados\/\" \/>\n<meta property=\"og:locale\" content=\"pt_BR\" \/>\n<meta property=\"og:type\" content=\"article\" \/>\n<meta property=\"og:title\" content=\"Se quiser atender demanda, Brasil ter\u00e1 que criar mais bois confinados - Acrimat\" \/>\n<meta property=\"og:description\" content=\"Mesmo ap\u00f3s um ano turbulento para o setor, os pecuaristas do Brasil avan\u00e7aram em uma particularidade: o confinamento, utilizado na termina\u00e7\u00e3o para o abate\" \/>\n<meta property=\"og:url\" content=\"https:\/\/acrimat.org.br\/portal\/se-quiser-atender-demanda-brasil-tera-que-criar-mais-bois-confinados\/\" \/>\n<meta property=\"og:site_name\" content=\"Acrimat\" \/>\n<meta property=\"article:published_time\" content=\"2018-01-08T12:24:56+00:00\" \/>\n<meta property=\"article:modified_time\" content=\"2018-01-08T12:26:08+00:00\" \/>\n<meta property=\"og:image\" content=\"https:\/\/acrimat.org.br\/portal\/wp-content\/uploads\/2018\/01\/confinamento2.jpg\" \/>\n\t<meta property=\"og:image:width\" content=\"730\" \/>\n\t<meta property=\"og:image:height\" content=\"502\" \/>\n\t<meta property=\"og:image:type\" content=\"image\/jpeg\" \/>\n<meta name=\"author\" content=\"P\u00e9ricles C\u00e2ndido\" \/>\n<meta name=\"twitter:card\" content=\"summary_large_image\" \/>\n<meta name=\"twitter:label1\" content=\"Escrito por\" \/>\n\t<meta name=\"twitter:data1\" content=\"P\u00e9ricles C\u00e2ndido\" \/>\n\t<meta name=\"twitter:label2\" content=\"Est. tempo de leitura\" \/>\n\t<meta name=\"twitter:data2\" content=\"1 minuto\" \/>\n<script type=\"application\/ld+json\" class=\"yoast-schema-graph\">{\"@context\":\"https:\/\/schema.org\",\"@graph\":[{\"@type\":\"Article\",\"@id\":\"https:\/\/acrimat.org.br\/portal\/se-quiser-atender-demanda-brasil-tera-que-criar-mais-bois-confinados\/#article\",\"isPartOf\":{\"@id\":\"https:\/\/acrimat.org.br\/portal\/se-quiser-atender-demanda-brasil-tera-que-criar-mais-bois-confinados\/\"},\"author\":{\"name\":\"P\u00e9ricles C\u00e2ndido\",\"@id\":\"https:\/\/acrimat.org.br\/portal\/#\/schema\/person\/18df8bcf6890e924fe5d8b5afd2bec0f\"},\"headline\":\"Se quiser atender demanda, Brasil ter\u00e1 que criar mais bois confinados\",\"datePublished\":\"2018-01-08T12:24:56+00:00\",\"dateModified\":\"2018-01-08T12:26:08+00:00\",\"mainEntityOfPage\":{\"@id\":\"https:\/\/acrimat.org.br\/portal\/se-quiser-atender-demanda-brasil-tera-que-criar-mais-bois-confinados\/\"},\"wordCount\":215,\"publisher\":{\"@id\":\"https:\/\/acrimat.org.br\/portal\/#organization\"},\"image\":{\"@id\":\"https:\/\/acrimat.org.br\/portal\/se-quiser-atender-demanda-brasil-tera-que-criar-mais-bois-confinados\/#primaryimage\"},\"thumbnailUrl\":\"https:\/\/acrimat.org.br\/portal\/wp-content\/uploads\/2018\/01\/confinamento2.jpg\",\"articleSection\":[\"Destaques\",\"Not\u00edcias\"],\"inLanguage\":\"pt-BR\"},{\"@type\":\"WebPage\",\"@id\":\"https:\/\/acrimat.org.br\/portal\/se-quiser-atender-demanda-brasil-tera-que-criar-mais-bois-confinados\/\",\"url\":\"https:\/\/acrimat.org.br\/portal\/se-quiser-atender-demanda-brasil-tera-que-criar-mais-bois-confinados\/\",\"name\":\"Se quiser atender demanda, Brasil ter\u00e1 que criar mais bois confinados - Acrimat\",\"isPartOf\":{\"@id\":\"https:\/\/acrimat.org.br\/portal\/#website\"},\"primaryImageOfPage\":{\"@id\":\"https:\/\/acrimat.org.br\/portal\/se-quiser-atender-demanda-brasil-tera-que-criar-mais-bois-confinados\/#primaryimage\"},\"image\":{\"@id\":\"https:\/\/acrimat.org.br\/portal\/se-quiser-atender-demanda-brasil-tera-que-criar-mais-bois-confinados\/#primaryimage\"},\"thumbnailUrl\":\"https:\/\/acrimat.org.br\/portal\/wp-content\/uploads\/2018\/01\/confinamento2.jpg\",\"datePublished\":\"2018-01-08T12:24:56+00:00\",\"dateModified\":\"2018-01-08T12:26:08+00:00\",\"breadcrumb\":{\"@id\":\"https:\/\/acrimat.org.br\/portal\/se-quiser-atender-demanda-brasil-tera-que-criar-mais-bois-confinados\/#breadcrumb\"},\"inLanguage\":\"pt-BR\",\"potentialAction\":[{\"@type\":\"ReadAction\",\"target\":[\"https:\/\/acrimat.org.br\/portal\/se-quiser-atender-demanda-brasil-tera-que-criar-mais-bois-confinados\/\"]}]},{\"@type\":\"ImageObject\",\"inLanguage\":\"pt-BR\",\"@id\":\"https:\/\/acrimat.org.br\/portal\/se-quiser-atender-demanda-brasil-tera-que-criar-mais-bois-confinados\/#primaryimage\",\"url\":\"https:\/\/acrimat.org.br\/portal\/wp-content\/uploads\/2018\/01\/confinamento2.jpg\",\"contentUrl\":\"https:\/\/acrimat.org.br\/portal\/wp-content\/uploads\/2018\/01\/confinamento2.jpg\",\"width\":730,\"height\":502},{\"@type\":\"BreadcrumbList\",\"@id\":\"https:\/\/acrimat.org.br\/portal\/se-quiser-atender-demanda-brasil-tera-que-criar-mais-bois-confinados\/#breadcrumb\",\"itemListElement\":[{\"@type\":\"ListItem\",\"position\":1,\"name\":\"In\u00edcio\",\"item\":\"https:\/\/acrimat.org.br\/portal\/\"},{\"@type\":\"ListItem\",\"position\":2,\"name\":\"Se quiser atender demanda, Brasil ter\u00e1 que criar mais bois confinados\"}]},{\"@type\":\"WebSite\",\"@id\":\"https:\/\/acrimat.org.br\/portal\/#website\",\"url\":\"https:\/\/acrimat.org.br\/portal\/\",\"name\":\"Acrimat\",\"description\":\"Associa\u00e7\u00e3o dos Criadores de Mato Grosso\",\"publisher\":{\"@id\":\"https:\/\/acrimat.org.br\/portal\/#organization\"},\"potentialAction\":[{\"@type\":\"SearchAction\",\"target\":{\"@type\":\"EntryPoint\",\"urlTemplate\":\"https:\/\/acrimat.org.br\/portal\/?s={search_term_string}\"},\"query-input\":{\"@type\":\"PropertyValueSpecification\",\"valueRequired\":true,\"valueName\":\"search_term_string\"}}],\"inLanguage\":\"pt-BR\"},{\"@type\":\"Organization\",\"@id\":\"https:\/\/acrimat.org.br\/portal\/#organization\",\"name\":\"Associa\u00e7\u00e3o dos Criadores de Mato Grosso\",\"url\":\"https:\/\/acrimat.org.br\/portal\/\",\"logo\":{\"@type\":\"ImageObject\",\"inLanguage\":\"pt-BR\",\"@id\":\"https:\/\/acrimat.org.br\/portal\/#\/schema\/logo\/image\/\",\"url\":\"https:\/\/acrimat.org.br\/portal\/wp-content\/uploads\/2018\/03\/logo-peq-original.png\",\"contentUrl\":\"https:\/\/acrimat.org.br\/portal\/wp-content\/uploads\/2018\/03\/logo-peq-original.png\",\"width\":174,\"height\":171,\"caption\":\"Associa\u00e7\u00e3o dos Criadores de Mato Grosso\"},\"image\":{\"@id\":\"https:\/\/acrimat.org.br\/portal\/#\/schema\/logo\/image\/\"}},{\"@type\":\"Person\",\"@id\":\"https:\/\/acrimat.org.br\/portal\/#\/schema\/person\/18df8bcf6890e924fe5d8b5afd2bec0f\",\"name\":\"P\u00e9ricles C\u00e2ndido\",\"image\":{\"@type\":\"ImageObject\",\"inLanguage\":\"pt-BR\",\"@id\":\"https:\/\/acrimat.org.br\/portal\/#\/schema\/person\/image\/\",\"url\":\"https:\/\/secure.gravatar.com\/avatar\/33e2a2b971dc363ed2df53d0d3bfbd18?s=96&d=mm&r=g\",\"contentUrl\":\"https:\/\/secure.gravatar.com\/avatar\/33e2a2b971dc363ed2df53d0d3bfbd18?s=96&d=mm&r=g\",\"caption\":\"P\u00e9ricles C\u00e2ndido\"},\"sameAs\":[\"ascom@acrimat.org.br\"],\"url\":\"https:\/\/acrimat.org.br\/portal\/author\/designergrafico\/\"}]}<\/script>\n<!-- \/ Yoast SEO plugin. -->","yoast_head_json":{"title":"Se quiser atender demanda, Brasil ter\u00e1 que criar mais bois confinados - Acrimat","robots":{"index":"index","follow":"follow","max-snippet":"max-snippet:-1","max-image-preview":"max-image-preview:large","max-video-preview":"max-video-preview:-1"},"canonical":"https:\/\/acrimat.org.br\/portal\/se-quiser-atender-demanda-brasil-tera-que-criar-mais-bois-confinados\/","og_locale":"pt_BR","og_type":"article","og_title":"Se quiser atender demanda, Brasil ter\u00e1 que criar mais bois confinados - Acrimat","og_description":"Mesmo ap\u00f3s um ano turbulento para o setor, os pecuaristas do Brasil avan\u00e7aram em uma particularidade: o confinamento, utilizado na termina\u00e7\u00e3o para o abate","og_url":"https:\/\/acrimat.org.br\/portal\/se-quiser-atender-demanda-brasil-tera-que-criar-mais-bois-confinados\/","og_site_name":"Acrimat","article_published_time":"2018-01-08T12:24:56+00:00","article_modified_time":"2018-01-08T12:26:08+00:00","og_image":[{"width":730,"height":502,"url":"https:\/\/acrimat.org.br\/portal\/wp-content\/uploads\/2018\/01\/confinamento2.jpg","type":"image\/jpeg"}],"author":"P\u00e9ricles C\u00e2ndido","twitter_card":"summary_large_image","twitter_misc":{"Escrito por":"P\u00e9ricles C\u00e2ndido","Est. tempo de leitura":"1 minuto"},"schema":{"@context":"https:\/\/schema.org","@graph":[{"@type":"Article","@id":"https:\/\/acrimat.org.br\/portal\/se-quiser-atender-demanda-brasil-tera-que-criar-mais-bois-confinados\/#article","isPartOf":{"@id":"https:\/\/acrimat.org.br\/portal\/se-quiser-atender-demanda-brasil-tera-que-criar-mais-bois-confinados\/"},"author":{"name":"P\u00e9ricles C\u00e2ndido","@id":"https:\/\/acrimat.org.br\/portal\/#\/schema\/person\/18df8bcf6890e924fe5d8b5afd2bec0f"},"headline":"Se quiser atender demanda, Brasil ter\u00e1 que criar mais bois confinados","datePublished":"2018-01-08T12:24:56+00:00","dateModified":"2018-01-08T12:26:08+00:00","mainEntityOfPage":{"@id":"https:\/\/acrimat.org.br\/portal\/se-quiser-atender-demanda-brasil-tera-que-criar-mais-bois-confinados\/"},"wordCount":215,"publisher":{"@id":"https:\/\/acrimat.org.br\/portal\/#organization"},"image":{"@id":"https:\/\/acrimat.org.br\/portal\/se-quiser-atender-demanda-brasil-tera-que-criar-mais-bois-confinados\/#primaryimage"},"thumbnailUrl":"https:\/\/acrimat.org.br\/portal\/wp-content\/uploads\/2018\/01\/confinamento2.jpg","articleSection":["Destaques","Not\u00edcias"],"inLanguage":"pt-BR"},{"@type":"WebPage","@id":"https:\/\/acrimat.org.br\/portal\/se-quiser-atender-demanda-brasil-tera-que-criar-mais-bois-confinados\/","url":"https:\/\/acrimat.org.br\/portal\/se-quiser-atender-demanda-brasil-tera-que-criar-mais-bois-confinados\/","name":"Se quiser atender demanda, Brasil ter\u00e1 que criar mais bois confinados - Acrimat","isPartOf":{"@id":"https:\/\/acrimat.org.br\/portal\/#website"},"primaryImageOfPage":{"@id":"https:\/\/acrimat.org.br\/portal\/se-quiser-atender-demanda-brasil-tera-que-criar-mais-bois-confinados\/#primaryimage"},"image":{"@id":"https:\/\/acrimat.org.br\/portal\/se-quiser-atender-demanda-brasil-tera-que-criar-mais-bois-confinados\/#primaryimage"},"thumbnailUrl":"https:\/\/acrimat.org.br\/portal\/wp-content\/uploads\/2018\/01\/confinamento2.jpg","datePublished":"2018-01-08T12:24:56+00:00","dateModified":"2018-01-08T12:26:08+00:00","breadcrumb":{"@id":"https:\/\/acrimat.org.br\/portal\/se-quiser-atender-demanda-brasil-tera-que-criar-mais-bois-confinados\/#breadcrumb"},"inLanguage":"pt-BR","potentialAction":[{"@type":"ReadAction","target":["https:\/\/acrimat.org.br\/portal\/se-quiser-atender-demanda-brasil-tera-que-criar-mais-bois-confinados\/"]}]},{"@type":"ImageObject","inLanguage":"pt-BR","@id":"https:\/\/acrimat.org.br\/portal\/se-quiser-atender-demanda-brasil-tera-que-criar-mais-bois-confinados\/#primaryimage","url":"https:\/\/acrimat.org.br\/portal\/wp-content\/uploads\/2018\/01\/confinamento2.jpg","contentUrl":"https:\/\/acrimat.org.br\/portal\/wp-content\/uploads\/2018\/01\/confinamento2.jpg","width":730,"height":502},{"@type":"BreadcrumbList","@id":"https:\/\/acrimat.org.br\/portal\/se-quiser-atender-demanda-brasil-tera-que-criar-mais-bois-confinados\/#breadcrumb","itemListElement":[{"@type":"ListItem","position":1,"name":"In\u00edcio","item":"https:\/\/acrimat.org.br\/portal\/"},{"@type":"ListItem","position":2,"name":"Se quiser atender demanda, Brasil ter\u00e1 que criar mais bois confinados"}]},{"@type":"WebSite","@id":"https:\/\/acrimat.org.br\/portal\/#website","url":"https:\/\/acrimat.org.br\/portal\/","name":"Acrimat","description":"Associa\u00e7\u00e3o dos Criadores de Mato Grosso","publisher":{"@id":"https:\/\/acrimat.org.br\/portal\/#organization"},"potentialAction":[{"@type":"SearchAction","target":{"@type":"EntryPoint","urlTemplate":"https:\/\/acrimat.org.br\/portal\/?s={search_term_string}"},"query-input":{"@type":"PropertyValueSpecification","valueRequired":true,"valueName":"search_term_string"}}],"inLanguage":"pt-BR"},{"@type":"Organization","@id":"https:\/\/acrimat.org.br\/portal\/#organization","name":"Associa\u00e7\u00e3o dos Criadores de Mato Grosso","url":"https:\/\/acrimat.org.br\/portal\/","logo":{"@type":"ImageObject","inLanguage":"pt-BR","@id":"https:\/\/acrimat.org.br\/portal\/#\/schema\/logo\/image\/","url":"https:\/\/acrimat.org.br\/portal\/wp-content\/uploads\/2018\/03\/logo-peq-original.png","contentUrl":"https:\/\/acrimat.org.br\/portal\/wp-content\/uploads\/2018\/03\/logo-peq-original.png","width":174,"height":171,"caption":"Associa\u00e7\u00e3o dos Criadores de Mato Grosso"},"image":{"@id":"https:\/\/acrimat.org.br\/portal\/#\/schema\/logo\/image\/"}},{"@type":"Person","@id":"https:\/\/acrimat.org.br\/portal\/#\/schema\/person\/18df8bcf6890e924fe5d8b5afd2bec0f","name":"P\u00e9ricles C\u00e2ndido","image":{"@type":"ImageObject","inLanguage":"pt-BR","@id":"https:\/\/acrimat.org.br\/portal\/#\/schema\/person\/image\/","url":"https:\/\/secure.gravatar.com\/avatar\/33e2a2b971dc363ed2df53d0d3bfbd18?s=96&d=mm&r=g","contentUrl":"https:\/\/secure.gravatar.com\/avatar\/33e2a2b971dc363ed2df53d0d3bfbd18?s=96&d=mm&r=g","caption":"P\u00e9ricles C\u00e2ndido"},"sameAs":["ascom@acrimat.org.br"],"url":"https:\/\/acrimat.org.br\/portal\/author\/designergrafico\/"}]}},"_links":{"self":[{"href":"https:\/\/acrimat.org.br\/portal\/wp-json\/wp\/v2\/posts\/97985456","targetHints":{"allow":["GET"]}}],"collection":[{"href":"https:\/\/acrimat.org.br\/portal\/wp-json\/wp\/v2\/posts"}],"about":[{"href":"https:\/\/acrimat.org.br\/portal\/wp-json\/wp\/v2\/types\/post"}],"author":[{"embeddable":true,"href":"https:\/\/acrimat.org.br\/portal\/wp-json\/wp\/v2\/users\/11"}],"replies":[{"embeddable":true,"href":"https:\/\/acrimat.org.br\/portal\/wp-json\/wp\/v2\/comments?post=97985456"}],"version-history":[{"count":2,"href":"https:\/\/acrimat.org.br\/portal\/wp-json\/wp\/v2\/posts\/97985456\/revisions"}],"predecessor-version":[{"id":97985460,"href":"https:\/\/acrimat.org.br\/portal\/wp-json\/wp\/v2\/posts\/97985456\/revisions\/97985460"}],"wp:featuredmedia":[{"embeddable":true,"href":"https:\/\/acrimat.org.br\/portal\/wp-json\/wp\/v2\/media\/97985457"}],"wp:attachment":[{"href":"https:\/\/acrimat.org.br\/portal\/wp-json\/wp\/v2\/media?parent=97985456"}],"wp:term":[{"taxonomy":"category","embeddable":true,"href":"https:\/\/acrimat.org.br\/portal\/wp-json\/wp\/v2\/categories?post=97985456"},{"taxonomy":"post_tag","embeddable":true,"href":"https:\/\/acrimat.org.br\/portal\/wp-json\/wp\/v2\/tags?post=97985456"}],"curies":[{"name":"wp","href":"https:\/\/api.w.org\/{rel}","templated":true}]}}