{"id":97985469,"date":"2018-01-09T08:47:15","date_gmt":"2018-01-09T11:47:15","guid":{"rendered":"http:\/\/acrimat.org.br\/portal\/?p=97985469"},"modified":"2018-01-09T08:53:27","modified_gmt":"2018-01-09T11:53:27","slug":"variacao-dos-precos-do-boi-gordo","status":"publish","type":"post","link":"https:\/\/acrimat.org.br\/portal\/variacao-dos-precos-do-boi-gordo\/","title":{"rendered":"Varia\u00e7\u00e3o dos pre\u00e7os do boi gordo"},"content":{"rendered":"<p>Tipicamente, a demanda por carne bovina \u00e9 menor no come\u00e7o do ano. Isto ocorre pelas d\u00edvidas contra\u00eddas na \u00e9poca das festas, impostos, entre outros gastos.<\/p>\n<p>Este cen\u00e1rio, associado ao per\u00edodo de safra, deve manter o produtor atento ao mercado, caso haja gado pr\u00f3ximo da venda.<\/p>\n<p>Por outro lado, a oferta de gado de pastagem pode ser postergada, o que n\u00e3o ocorre com o confinamento, onde o per\u00edodo de reten\u00e7\u00e3o poss\u00edvel \u00e9 m\u00ednimo. Isso muitas vezes ameniza os movimentos negativos de pre\u00e7os.<\/p>\n<p>Analisamos as varia\u00e7\u00f5es das cota\u00e7\u00f5es do boi gordo entre dezembro e janeiro. Veja a figura abaixo:<\/p>\n<p><a href=\"http:\/\/acrimat.org.br\/portal\/wp-content\/uploads\/2018\/01\/12820.jpg\"><img fetchpriority=\"high\" decoding=\"async\" class=\"alignnone size-full wp-image-97985470\" src=\"http:\/\/acrimat.org.br\/portal\/wp-content\/uploads\/2018\/01\/12820.jpg\" alt=\"\" width=\"350\" height=\"235\" srcset=\"https:\/\/acrimat.org.br\/portal\/wp-content\/uploads\/2018\/01\/12820.jpg 350w, https:\/\/acrimat.org.br\/portal\/wp-content\/uploads\/2018\/01\/12820-300x201.jpg 300w, https:\/\/acrimat.org.br\/portal\/wp-content\/uploads\/2018\/01\/12820-250x168.jpg 250w, https:\/\/acrimat.org.br\/portal\/wp-content\/uploads\/2018\/01\/12820-268x180.jpg 268w, https:\/\/acrimat.org.br\/portal\/wp-content\/uploads\/2018\/01\/12820-272x182.jpg 272w\" sizes=\"(max-width: 350px) 100vw, 350px\" \/><\/a><\/p>\n<p>Na m\u00e9dia do per\u00edodo apresentado, as cota\u00e7\u00f5es cederam 0,3% entre dezembro e janeiro, mas n\u00e3o h\u00e1 um padr\u00e3o claro, houve onze quedas e seis valoriza\u00e7\u00f5es.<\/p>\n<p>No entanto, considerando a conjuntura e a expectativa de oferta de f\u00eameas maior em 2017, \u00e9 poss\u00edvel termos um mercado pressionado nas pr\u00f3ximas semanas.<\/p>\n<p>O produtor sempre deve focar nos resultados de ganho de peso e custos, sem depender de altas de pre\u00e7os para avaliar uma poss\u00edvel reten\u00e7\u00e3o das boiadas.<\/p>\n","protected":false},"excerpt":{"rendered":"<p>Entre dezembro e janeiro, cota\u00e7\u00f5es m\u00e9dias do boi gordo recuaram 0,3%<\/p>\n","protected":false},"author":11,"featured_media":97985471,"comment_status":"closed","ping_status":"closed","sticky":false,"template":"","format":"standard","meta":{"footnotes":""},"categories":[6,1],"tags":[],"class_list":["post-97985469","post","type-post","status-publish","format-standard","has-post-thumbnail","hentry","category-destaque","category-noticia"],"yoast_head":"<!-- This site is optimized with the Yoast SEO plugin v24.8.1 - https:\/\/yoast.com\/wordpress\/plugins\/seo\/ -->\n<title>Varia\u00e7\u00e3o dos pre\u00e7os do boi gordo - Acrimat<\/title>\n<meta name=\"robots\" content=\"index, follow, max-snippet:-1, max-image-preview:large, max-video-preview:-1\" \/>\n<link rel=\"canonical\" href=\"https:\/\/acrimat.org.br\/portal\/variacao-dos-precos-do-boi-gordo\/\" \/>\n<meta property=\"og:locale\" content=\"pt_BR\" \/>\n<meta property=\"og:type\" content=\"article\" \/>\n<meta property=\"og:title\" content=\"Varia\u00e7\u00e3o dos pre\u00e7os do boi gordo - Acrimat\" \/>\n<meta property=\"og:description\" content=\"Entre dezembro e janeiro, cota\u00e7\u00f5es m\u00e9dias do boi gordo recuaram 0,3%\" \/>\n<meta property=\"og:url\" content=\"https:\/\/acrimat.org.br\/portal\/variacao-dos-precos-do-boi-gordo\/\" \/>\n<meta property=\"og:site_name\" content=\"Acrimat\" \/>\n<meta property=\"article:published_time\" content=\"2018-01-09T11:47:15+00:00\" \/>\n<meta property=\"article:modified_time\" content=\"2018-01-09T11:53:27+00:00\" \/>\n<meta property=\"og:image\" content=\"https:\/\/acrimat.org.br\/portal\/wp-content\/uploads\/2018\/01\/gado4.jpg\" \/>\n\t<meta property=\"og:image:width\" content=\"730\" \/>\n\t<meta property=\"og:image:height\" content=\"502\" \/>\n\t<meta property=\"og:image:type\" content=\"image\/jpeg\" \/>\n<meta name=\"author\" content=\"P\u00e9ricles C\u00e2ndido\" \/>\n<meta name=\"twitter:card\" content=\"summary_large_image\" \/>\n<meta name=\"twitter:label1\" content=\"Escrito por\" \/>\n\t<meta name=\"twitter:data1\" content=\"P\u00e9ricles C\u00e2ndido\" \/>\n\t<meta name=\"twitter:label2\" content=\"Est. tempo de leitura\" \/>\n\t<meta name=\"twitter:data2\" content=\"1 minuto\" \/>\n<script type=\"application\/ld+json\" class=\"yoast-schema-graph\">{\"@context\":\"https:\/\/schema.org\",\"@graph\":[{\"@type\":\"Article\",\"@id\":\"https:\/\/acrimat.org.br\/portal\/variacao-dos-precos-do-boi-gordo\/#article\",\"isPartOf\":{\"@id\":\"https:\/\/acrimat.org.br\/portal\/variacao-dos-precos-do-boi-gordo\/\"},\"author\":{\"name\":\"P\u00e9ricles C\u00e2ndido\",\"@id\":\"https:\/\/acrimat.org.br\/portal\/#\/schema\/person\/18df8bcf6890e924fe5d8b5afd2bec0f\"},\"headline\":\"Varia\u00e7\u00e3o dos pre\u00e7os do boi gordo\",\"datePublished\":\"2018-01-09T11:47:15+00:00\",\"dateModified\":\"2018-01-09T11:53:27+00:00\",\"mainEntityOfPage\":{\"@id\":\"https:\/\/acrimat.org.br\/portal\/variacao-dos-precos-do-boi-gordo\/\"},\"wordCount\":201,\"publisher\":{\"@id\":\"https:\/\/acrimat.org.br\/portal\/#organization\"},\"image\":{\"@id\":\"https:\/\/acrimat.org.br\/portal\/variacao-dos-precos-do-boi-gordo\/#primaryimage\"},\"thumbnailUrl\":\"https:\/\/acrimat.org.br\/portal\/wp-content\/uploads\/2018\/01\/gado4.jpg\",\"articleSection\":[\"Destaques\",\"Not\u00edcias\"],\"inLanguage\":\"pt-BR\"},{\"@type\":\"WebPage\",\"@id\":\"https:\/\/acrimat.org.br\/portal\/variacao-dos-precos-do-boi-gordo\/\",\"url\":\"https:\/\/acrimat.org.br\/portal\/variacao-dos-precos-do-boi-gordo\/\",\"name\":\"Varia\u00e7\u00e3o dos pre\u00e7os do boi gordo - Acrimat\",\"isPartOf\":{\"@id\":\"https:\/\/acrimat.org.br\/portal\/#website\"},\"primaryImageOfPage\":{\"@id\":\"https:\/\/acrimat.org.br\/portal\/variacao-dos-precos-do-boi-gordo\/#primaryimage\"},\"image\":{\"@id\":\"https:\/\/acrimat.org.br\/portal\/variacao-dos-precos-do-boi-gordo\/#primaryimage\"},\"thumbnailUrl\":\"https:\/\/acrimat.org.br\/portal\/wp-content\/uploads\/2018\/01\/gado4.jpg\",\"datePublished\":\"2018-01-09T11:47:15+00:00\",\"dateModified\":\"2018-01-09T11:53:27+00:00\",\"breadcrumb\":{\"@id\":\"https:\/\/acrimat.org.br\/portal\/variacao-dos-precos-do-boi-gordo\/#breadcrumb\"},\"inLanguage\":\"pt-BR\",\"potentialAction\":[{\"@type\":\"ReadAction\",\"target\":[\"https:\/\/acrimat.org.br\/portal\/variacao-dos-precos-do-boi-gordo\/\"]}]},{\"@type\":\"ImageObject\",\"inLanguage\":\"pt-BR\",\"@id\":\"https:\/\/acrimat.org.br\/portal\/variacao-dos-precos-do-boi-gordo\/#primaryimage\",\"url\":\"https:\/\/acrimat.org.br\/portal\/wp-content\/uploads\/2018\/01\/gado4.jpg\",\"contentUrl\":\"https:\/\/acrimat.org.br\/portal\/wp-content\/uploads\/2018\/01\/gado4.jpg\",\"width\":730,\"height\":502},{\"@type\":\"BreadcrumbList\",\"@id\":\"https:\/\/acrimat.org.br\/portal\/variacao-dos-precos-do-boi-gordo\/#breadcrumb\",\"itemListElement\":[{\"@type\":\"ListItem\",\"position\":1,\"name\":\"In\u00edcio\",\"item\":\"https:\/\/acrimat.org.br\/portal\/\"},{\"@type\":\"ListItem\",\"position\":2,\"name\":\"Varia\u00e7\u00e3o dos pre\u00e7os do boi gordo\"}]},{\"@type\":\"WebSite\",\"@id\":\"https:\/\/acrimat.org.br\/portal\/#website\",\"url\":\"https:\/\/acrimat.org.br\/portal\/\",\"name\":\"Acrimat\",\"description\":\"Associa\u00e7\u00e3o dos Criadores de Mato Grosso\",\"publisher\":{\"@id\":\"https:\/\/acrimat.org.br\/portal\/#organization\"},\"potentialAction\":[{\"@type\":\"SearchAction\",\"target\":{\"@type\":\"EntryPoint\",\"urlTemplate\":\"https:\/\/acrimat.org.br\/portal\/?s={search_term_string}\"},\"query-input\":{\"@type\":\"PropertyValueSpecification\",\"valueRequired\":true,\"valueName\":\"search_term_string\"}}],\"inLanguage\":\"pt-BR\"},{\"@type\":\"Organization\",\"@id\":\"https:\/\/acrimat.org.br\/portal\/#organization\",\"name\":\"Associa\u00e7\u00e3o dos Criadores de Mato Grosso\",\"url\":\"https:\/\/acrimat.org.br\/portal\/\",\"logo\":{\"@type\":\"ImageObject\",\"inLanguage\":\"pt-BR\",\"@id\":\"https:\/\/acrimat.org.br\/portal\/#\/schema\/logo\/image\/\",\"url\":\"https:\/\/acrimat.org.br\/portal\/wp-content\/uploads\/2018\/03\/logo-peq-original.png\",\"contentUrl\":\"https:\/\/acrimat.org.br\/portal\/wp-content\/uploads\/2018\/03\/logo-peq-original.png\",\"width\":174,\"height\":171,\"caption\":\"Associa\u00e7\u00e3o dos Criadores de Mato Grosso\"},\"image\":{\"@id\":\"https:\/\/acrimat.org.br\/portal\/#\/schema\/logo\/image\/\"}},{\"@type\":\"Person\",\"@id\":\"https:\/\/acrimat.org.br\/portal\/#\/schema\/person\/18df8bcf6890e924fe5d8b5afd2bec0f\",\"name\":\"P\u00e9ricles C\u00e2ndido\",\"image\":{\"@type\":\"ImageObject\",\"inLanguage\":\"pt-BR\",\"@id\":\"https:\/\/acrimat.org.br\/portal\/#\/schema\/person\/image\/\",\"url\":\"https:\/\/secure.gravatar.com\/avatar\/33e2a2b971dc363ed2df53d0d3bfbd18?s=96&d=mm&r=g\",\"contentUrl\":\"https:\/\/secure.gravatar.com\/avatar\/33e2a2b971dc363ed2df53d0d3bfbd18?s=96&d=mm&r=g\",\"caption\":\"P\u00e9ricles C\u00e2ndido\"},\"sameAs\":[\"ascom@acrimat.org.br\"],\"url\":\"https:\/\/acrimat.org.br\/portal\/author\/designergrafico\/\"}]}<\/script>\n<!-- \/ Yoast SEO plugin. -->","yoast_head_json":{"title":"Varia\u00e7\u00e3o dos pre\u00e7os do boi gordo - Acrimat","robots":{"index":"index","follow":"follow","max-snippet":"max-snippet:-1","max-image-preview":"max-image-preview:large","max-video-preview":"max-video-preview:-1"},"canonical":"https:\/\/acrimat.org.br\/portal\/variacao-dos-precos-do-boi-gordo\/","og_locale":"pt_BR","og_type":"article","og_title":"Varia\u00e7\u00e3o dos pre\u00e7os do boi gordo - Acrimat","og_description":"Entre dezembro e janeiro, cota\u00e7\u00f5es m\u00e9dias do boi gordo recuaram 0,3%","og_url":"https:\/\/acrimat.org.br\/portal\/variacao-dos-precos-do-boi-gordo\/","og_site_name":"Acrimat","article_published_time":"2018-01-09T11:47:15+00:00","article_modified_time":"2018-01-09T11:53:27+00:00","og_image":[{"width":730,"height":502,"url":"https:\/\/acrimat.org.br\/portal\/wp-content\/uploads\/2018\/01\/gado4.jpg","type":"image\/jpeg"}],"author":"P\u00e9ricles C\u00e2ndido","twitter_card":"summary_large_image","twitter_misc":{"Escrito por":"P\u00e9ricles C\u00e2ndido","Est. tempo de leitura":"1 minuto"},"schema":{"@context":"https:\/\/schema.org","@graph":[{"@type":"Article","@id":"https:\/\/acrimat.org.br\/portal\/variacao-dos-precos-do-boi-gordo\/#article","isPartOf":{"@id":"https:\/\/acrimat.org.br\/portal\/variacao-dos-precos-do-boi-gordo\/"},"author":{"name":"P\u00e9ricles C\u00e2ndido","@id":"https:\/\/acrimat.org.br\/portal\/#\/schema\/person\/18df8bcf6890e924fe5d8b5afd2bec0f"},"headline":"Varia\u00e7\u00e3o dos pre\u00e7os do boi gordo","datePublished":"2018-01-09T11:47:15+00:00","dateModified":"2018-01-09T11:53:27+00:00","mainEntityOfPage":{"@id":"https:\/\/acrimat.org.br\/portal\/variacao-dos-precos-do-boi-gordo\/"},"wordCount":201,"publisher":{"@id":"https:\/\/acrimat.org.br\/portal\/#organization"},"image":{"@id":"https:\/\/acrimat.org.br\/portal\/variacao-dos-precos-do-boi-gordo\/#primaryimage"},"thumbnailUrl":"https:\/\/acrimat.org.br\/portal\/wp-content\/uploads\/2018\/01\/gado4.jpg","articleSection":["Destaques","Not\u00edcias"],"inLanguage":"pt-BR"},{"@type":"WebPage","@id":"https:\/\/acrimat.org.br\/portal\/variacao-dos-precos-do-boi-gordo\/","url":"https:\/\/acrimat.org.br\/portal\/variacao-dos-precos-do-boi-gordo\/","name":"Varia\u00e7\u00e3o dos pre\u00e7os do boi gordo - Acrimat","isPartOf":{"@id":"https:\/\/acrimat.org.br\/portal\/#website"},"primaryImageOfPage":{"@id":"https:\/\/acrimat.org.br\/portal\/variacao-dos-precos-do-boi-gordo\/#primaryimage"},"image":{"@id":"https:\/\/acrimat.org.br\/portal\/variacao-dos-precos-do-boi-gordo\/#primaryimage"},"thumbnailUrl":"https:\/\/acrimat.org.br\/portal\/wp-content\/uploads\/2018\/01\/gado4.jpg","datePublished":"2018-01-09T11:47:15+00:00","dateModified":"2018-01-09T11:53:27+00:00","breadcrumb":{"@id":"https:\/\/acrimat.org.br\/portal\/variacao-dos-precos-do-boi-gordo\/#breadcrumb"},"inLanguage":"pt-BR","potentialAction":[{"@type":"ReadAction","target":["https:\/\/acrimat.org.br\/portal\/variacao-dos-precos-do-boi-gordo\/"]}]},{"@type":"ImageObject","inLanguage":"pt-BR","@id":"https:\/\/acrimat.org.br\/portal\/variacao-dos-precos-do-boi-gordo\/#primaryimage","url":"https:\/\/acrimat.org.br\/portal\/wp-content\/uploads\/2018\/01\/gado4.jpg","contentUrl":"https:\/\/acrimat.org.br\/portal\/wp-content\/uploads\/2018\/01\/gado4.jpg","width":730,"height":502},{"@type":"BreadcrumbList","@id":"https:\/\/acrimat.org.br\/portal\/variacao-dos-precos-do-boi-gordo\/#breadcrumb","itemListElement":[{"@type":"ListItem","position":1,"name":"In\u00edcio","item":"https:\/\/acrimat.org.br\/portal\/"},{"@type":"ListItem","position":2,"name":"Varia\u00e7\u00e3o dos pre\u00e7os do boi gordo"}]},{"@type":"WebSite","@id":"https:\/\/acrimat.org.br\/portal\/#website","url":"https:\/\/acrimat.org.br\/portal\/","name":"Acrimat","description":"Associa\u00e7\u00e3o dos Criadores de Mato Grosso","publisher":{"@id":"https:\/\/acrimat.org.br\/portal\/#organization"},"potentialAction":[{"@type":"SearchAction","target":{"@type":"EntryPoint","urlTemplate":"https:\/\/acrimat.org.br\/portal\/?s={search_term_string}"},"query-input":{"@type":"PropertyValueSpecification","valueRequired":true,"valueName":"search_term_string"}}],"inLanguage":"pt-BR"},{"@type":"Organization","@id":"https:\/\/acrimat.org.br\/portal\/#organization","name":"Associa\u00e7\u00e3o dos Criadores de Mato Grosso","url":"https:\/\/acrimat.org.br\/portal\/","logo":{"@type":"ImageObject","inLanguage":"pt-BR","@id":"https:\/\/acrimat.org.br\/portal\/#\/schema\/logo\/image\/","url":"https:\/\/acrimat.org.br\/portal\/wp-content\/uploads\/2018\/03\/logo-peq-original.png","contentUrl":"https:\/\/acrimat.org.br\/portal\/wp-content\/uploads\/2018\/03\/logo-peq-original.png","width":174,"height":171,"caption":"Associa\u00e7\u00e3o dos Criadores de Mato Grosso"},"image":{"@id":"https:\/\/acrimat.org.br\/portal\/#\/schema\/logo\/image\/"}},{"@type":"Person","@id":"https:\/\/acrimat.org.br\/portal\/#\/schema\/person\/18df8bcf6890e924fe5d8b5afd2bec0f","name":"P\u00e9ricles C\u00e2ndido","image":{"@type":"ImageObject","inLanguage":"pt-BR","@id":"https:\/\/acrimat.org.br\/portal\/#\/schema\/person\/image\/","url":"https:\/\/secure.gravatar.com\/avatar\/33e2a2b971dc363ed2df53d0d3bfbd18?s=96&d=mm&r=g","contentUrl":"https:\/\/secure.gravatar.com\/avatar\/33e2a2b971dc363ed2df53d0d3bfbd18?s=96&d=mm&r=g","caption":"P\u00e9ricles C\u00e2ndido"},"sameAs":["ascom@acrimat.org.br"],"url":"https:\/\/acrimat.org.br\/portal\/author\/designergrafico\/"}]}},"_links":{"self":[{"href":"https:\/\/acrimat.org.br\/portal\/wp-json\/wp\/v2\/posts\/97985469","targetHints":{"allow":["GET"]}}],"collection":[{"href":"https:\/\/acrimat.org.br\/portal\/wp-json\/wp\/v2\/posts"}],"about":[{"href":"https:\/\/acrimat.org.br\/portal\/wp-json\/wp\/v2\/types\/post"}],"author":[{"embeddable":true,"href":"https:\/\/acrimat.org.br\/portal\/wp-json\/wp\/v2\/users\/11"}],"replies":[{"embeddable":true,"href":"https:\/\/acrimat.org.br\/portal\/wp-json\/wp\/v2\/comments?post=97985469"}],"version-history":[{"count":1,"href":"https:\/\/acrimat.org.br\/portal\/wp-json\/wp\/v2\/posts\/97985469\/revisions"}],"predecessor-version":[{"id":97985472,"href":"https:\/\/acrimat.org.br\/portal\/wp-json\/wp\/v2\/posts\/97985469\/revisions\/97985472"}],"wp:featuredmedia":[{"embeddable":true,"href":"https:\/\/acrimat.org.br\/portal\/wp-json\/wp\/v2\/media\/97985471"}],"wp:attachment":[{"href":"https:\/\/acrimat.org.br\/portal\/wp-json\/wp\/v2\/media?parent=97985469"}],"wp:term":[{"taxonomy":"category","embeddable":true,"href":"https:\/\/acrimat.org.br\/portal\/wp-json\/wp\/v2\/categories?post=97985469"},{"taxonomy":"post_tag","embeddable":true,"href":"https:\/\/acrimat.org.br\/portal\/wp-json\/wp\/v2\/tags?post=97985469"}],"curies":[{"name":"wp","href":"https:\/\/api.w.org\/{rel}","templated":true}]}}