{"id":97985495,"date":"2018-01-11T10:14:40","date_gmt":"2018-01-11T13:14:40","guid":{"rendered":"http:\/\/acrimat.org.br\/portal\/?p=97985495"},"modified":"2018-01-11T11:16:59","modified_gmt":"2018-01-11T14:16:59","slug":"incerteza-politica-ameaca-acordo-entre-mercosul-e-ue","status":"publish","type":"post","link":"https:\/\/acrimat.org.br\/portal\/incerteza-politica-ameaca-acordo-entre-mercosul-e-ue\/","title":{"rendered":"Incerteza pol\u00edtica amea\u00e7a acordo entre Mercosul e UE"},"content":{"rendered":"<p>Incertezas pol\u00edticas na Europa se transformam em amea\u00e7as para o acordo entre Mercosul e UE e, na Alemanha, negociadores j\u00e1 admitem que existe um risco de que o entendimento seja adiado para 2019.<\/p>\n<p>Em dezembro, os dois blocos estiveram pr\u00f3ximos de um acordo, depois de 18 anos de negocia\u00e7\u00f5es. Mas, segundo o Mercosul, Bruxelas n\u00e3o ofereceu uma abertura suficiente no setor de carnes e etanol e o impasse n\u00e3o conseguiu ser superado. O bloco sul-americano chegou a elevar sua proposta para atender aos negociadores europeus. Mas n\u00e3o houve uma reciprocidade.<\/p>\n<p>O entendimento era de que o processo seria retomado em janeiro e que, ao longo do m\u00eas, novos encontros t\u00e9cnicos poderiam ocorrer. Mas, em Bruxelas, negociadores admitem que o processo est\u00e1 emperrado.<\/p>\n<p>O que ningu\u00e9m previa era que o governo da Alemanha fosse paralisado por uma incapacidade de Angela Merkel em formar um governo depois das elei\u00e7\u00f5es. O espa\u00e7o vazio deixado por Berlim em Bruxelas tem sido ocupado pela Fran\u00e7a, um dos pa\u00edses mais hesitantes em fechar um acordo comercial com o Mercosul. Se existe setores como o de vinhos que querem maior abertura ao mercado sul-americano, outros como o de a\u00e7\u00facar rejeitam qualquer oferta.<\/p>\n<p>Se n\u00e3o bastasse, a presid\u00eancia tempor\u00e1ria do bloco foi para a Bulg\u00e1ria, governo pouco interessado em um acordo comercial com o Mercosul que represente a entrada de novos produtos agr\u00edcolas para concorrer com os seus nos grandes mercados europeus.<\/p>\n<p>Nos bastidores, um dos negociadores mais experientes da Europa, Jean-Luc Demarty, ir\u00e1 se aposentar, o que tamb\u00e9m deixa um v\u00e1cuo no processo nos pr\u00f3ximos meses. Mas, do lado do Mercosul, negociadores insistem que n\u00e3o ter\u00e3o nada de novo a apresentar enquanto a proposta dos europeus no setor agr\u00edcola n\u00e3o for revista. Por enquanto, por\u00e9m, a oferta europeia \u00e9 de uma cota de 70 mil toneladas de carnes para o Mercosul, algo considerado como insuficiente.<\/p>\n<p>O bloco sul-americano, por\u00e9m, tamb\u00e9m tem seus prazos pol\u00edticos. Brasil e Paraguai passam por elei\u00e7\u00f5es e negociadores europeus temem que, depois de abril, ambos os governos estejam concentrados em sua pol\u00edtica dom\u00e9stica, com pouco espa\u00e7o para fazer manobras que possam deixar insatisfeitos certos interesses econ\u00f4micos.<\/p>\n<p>Nesta semana, o secret\u00e1rio de Economia da Alemanha, Matthias Machnig, alertou que se um entendimento n\u00e3o for obtido at\u00e9 o final de janeiro, todo o processo pode ser congelado e restabelecido apenas em 2019.<\/p>\n<p>Mas, nos bastidores, a diplomacia sul-americana tamb\u00e9m tenta alertar que n\u00e3o aceitaria que os europeus coloquem a culpa no Mercosul por um evento fracasso na negocia\u00e7\u00e3o. Para o Brasil, por exemplo, existem todas as condi\u00e7\u00f5es para que o acordo possa ser conclu\u00eddo em 2018.<\/p>\n<p>Para os europeus, o prazo de 2019 tamb\u00e9m \u00e9 relevante. O ano marcar\u00e1 a renova\u00e7\u00e3o do Parlamento Europeu e do comando da Comiss\u00e3o Europeia, o que significa que pouco poder\u00e1 ser feito.<\/p>\n","protected":false},"excerpt":{"rendered":"<p>O bloco sul-americano chegou a elevar sua proposta para atender aos negociadores europeus. Mas n\u00e3o houve uma reciprocidade.<\/p>\n","protected":false},"author":7,"featured_media":97985451,"comment_status":"closed","ping_status":"closed","sticky":false,"template":"","format":"standard","meta":{"footnotes":""},"categories":[6,1],"tags":[],"class_list":["post-97985495","post","type-post","status-publish","format-standard","has-post-thumbnail","hentry","category-destaque","category-noticia"],"yoast_head":"<!-- This site is optimized with the Yoast SEO plugin v24.8.1 - https:\/\/yoast.com\/wordpress\/plugins\/seo\/ -->\n<title>Incerteza pol\u00edtica amea\u00e7a acordo entre Mercosul e UE - Acrimat<\/title>\n<meta name=\"robots\" content=\"index, follow, max-snippet:-1, max-image-preview:large, max-video-preview:-1\" \/>\n<link rel=\"canonical\" href=\"https:\/\/acrimat.org.br\/portal\/incerteza-politica-ameaca-acordo-entre-mercosul-e-ue\/\" \/>\n<meta property=\"og:locale\" content=\"pt_BR\" \/>\n<meta property=\"og:type\" content=\"article\" \/>\n<meta property=\"og:title\" content=\"Incerteza pol\u00edtica amea\u00e7a acordo entre Mercosul e UE - Acrimat\" \/>\n<meta property=\"og:description\" content=\"O bloco sul-americano chegou a elevar sua proposta para atender aos negociadores europeus. Mas n\u00e3o houve uma reciprocidade.\" \/>\n<meta property=\"og:url\" content=\"https:\/\/acrimat.org.br\/portal\/incerteza-politica-ameaca-acordo-entre-mercosul-e-ue\/\" \/>\n<meta property=\"og:site_name\" content=\"Acrimat\" \/>\n<meta property=\"article:published_time\" content=\"2018-01-11T13:14:40+00:00\" \/>\n<meta property=\"article:modified_time\" content=\"2018-01-11T14:16:59+00:00\" \/>\n<meta property=\"og:image\" content=\"https:\/\/acrimat.org.br\/portal\/wp-content\/uploads\/2018\/01\/frigorifico4.jpg\" \/>\n\t<meta property=\"og:image:width\" content=\"640\" \/>\n\t<meta property=\"og:image:height\" content=\"440\" \/>\n\t<meta property=\"og:image:type\" content=\"image\/jpeg\" \/>\n<meta name=\"author\" content=\"Assessoria de comunica\u00e7\u00e3o ACRIMAT\" \/>\n<meta name=\"twitter:card\" content=\"summary_large_image\" \/>\n<meta name=\"twitter:label1\" content=\"Escrito por\" \/>\n\t<meta name=\"twitter:data1\" content=\"Assessoria de comunica\u00e7\u00e3o ACRIMAT\" \/>\n\t<meta name=\"twitter:label2\" content=\"Est. tempo de leitura\" \/>\n\t<meta name=\"twitter:data2\" content=\"3 minutos\" \/>\n<script type=\"application\/ld+json\" class=\"yoast-schema-graph\">{\"@context\":\"https:\/\/schema.org\",\"@graph\":[{\"@type\":\"Article\",\"@id\":\"https:\/\/acrimat.org.br\/portal\/incerteza-politica-ameaca-acordo-entre-mercosul-e-ue\/#article\",\"isPartOf\":{\"@id\":\"https:\/\/acrimat.org.br\/portal\/incerteza-politica-ameaca-acordo-entre-mercosul-e-ue\/\"},\"author\":{\"name\":\"Assessoria de comunica\u00e7\u00e3o ACRIMAT\",\"@id\":\"https:\/\/acrimat.org.br\/portal\/#\/schema\/person\/a309b9496344ff991e8e1b1d751fdd7b\"},\"headline\":\"Incerteza pol\u00edtica amea\u00e7a acordo entre Mercosul e UE\",\"datePublished\":\"2018-01-11T13:14:40+00:00\",\"dateModified\":\"2018-01-11T14:16:59+00:00\",\"mainEntityOfPage\":{\"@id\":\"https:\/\/acrimat.org.br\/portal\/incerteza-politica-ameaca-acordo-entre-mercosul-e-ue\/\"},\"wordCount\":511,\"publisher\":{\"@id\":\"https:\/\/acrimat.org.br\/portal\/#organization\"},\"image\":{\"@id\":\"https:\/\/acrimat.org.br\/portal\/incerteza-politica-ameaca-acordo-entre-mercosul-e-ue\/#primaryimage\"},\"thumbnailUrl\":\"https:\/\/acrimat.org.br\/portal\/wp-content\/uploads\/2018\/01\/frigorifico4.jpg\",\"articleSection\":[\"Destaques\",\"Not\u00edcias\"],\"inLanguage\":\"pt-BR\"},{\"@type\":\"WebPage\",\"@id\":\"https:\/\/acrimat.org.br\/portal\/incerteza-politica-ameaca-acordo-entre-mercosul-e-ue\/\",\"url\":\"https:\/\/acrimat.org.br\/portal\/incerteza-politica-ameaca-acordo-entre-mercosul-e-ue\/\",\"name\":\"Incerteza pol\u00edtica amea\u00e7a acordo entre Mercosul e UE - Acrimat\",\"isPartOf\":{\"@id\":\"https:\/\/acrimat.org.br\/portal\/#website\"},\"primaryImageOfPage\":{\"@id\":\"https:\/\/acrimat.org.br\/portal\/incerteza-politica-ameaca-acordo-entre-mercosul-e-ue\/#primaryimage\"},\"image\":{\"@id\":\"https:\/\/acrimat.org.br\/portal\/incerteza-politica-ameaca-acordo-entre-mercosul-e-ue\/#primaryimage\"},\"thumbnailUrl\":\"https:\/\/acrimat.org.br\/portal\/wp-content\/uploads\/2018\/01\/frigorifico4.jpg\",\"datePublished\":\"2018-01-11T13:14:40+00:00\",\"dateModified\":\"2018-01-11T14:16:59+00:00\",\"breadcrumb\":{\"@id\":\"https:\/\/acrimat.org.br\/portal\/incerteza-politica-ameaca-acordo-entre-mercosul-e-ue\/#breadcrumb\"},\"inLanguage\":\"pt-BR\",\"potentialAction\":[{\"@type\":\"ReadAction\",\"target\":[\"https:\/\/acrimat.org.br\/portal\/incerteza-politica-ameaca-acordo-entre-mercosul-e-ue\/\"]}]},{\"@type\":\"ImageObject\",\"inLanguage\":\"pt-BR\",\"@id\":\"https:\/\/acrimat.org.br\/portal\/incerteza-politica-ameaca-acordo-entre-mercosul-e-ue\/#primaryimage\",\"url\":\"https:\/\/acrimat.org.br\/portal\/wp-content\/uploads\/2018\/01\/frigorifico4.jpg\",\"contentUrl\":\"https:\/\/acrimat.org.br\/portal\/wp-content\/uploads\/2018\/01\/frigorifico4.jpg\",\"width\":640,\"height\":440},{\"@type\":\"BreadcrumbList\",\"@id\":\"https:\/\/acrimat.org.br\/portal\/incerteza-politica-ameaca-acordo-entre-mercosul-e-ue\/#breadcrumb\",\"itemListElement\":[{\"@type\":\"ListItem\",\"position\":1,\"name\":\"In\u00edcio\",\"item\":\"https:\/\/acrimat.org.br\/portal\/\"},{\"@type\":\"ListItem\",\"position\":2,\"name\":\"Incerteza pol\u00edtica amea\u00e7a acordo entre Mercosul e UE\"}]},{\"@type\":\"WebSite\",\"@id\":\"https:\/\/acrimat.org.br\/portal\/#website\",\"url\":\"https:\/\/acrimat.org.br\/portal\/\",\"name\":\"Acrimat\",\"description\":\"Associa\u00e7\u00e3o dos Criadores de Mato Grosso\",\"publisher\":{\"@id\":\"https:\/\/acrimat.org.br\/portal\/#organization\"},\"potentialAction\":[{\"@type\":\"SearchAction\",\"target\":{\"@type\":\"EntryPoint\",\"urlTemplate\":\"https:\/\/acrimat.org.br\/portal\/?s={search_term_string}\"},\"query-input\":{\"@type\":\"PropertyValueSpecification\",\"valueRequired\":true,\"valueName\":\"search_term_string\"}}],\"inLanguage\":\"pt-BR\"},{\"@type\":\"Organization\",\"@id\":\"https:\/\/acrimat.org.br\/portal\/#organization\",\"name\":\"Associa\u00e7\u00e3o dos Criadores de Mato Grosso\",\"url\":\"https:\/\/acrimat.org.br\/portal\/\",\"logo\":{\"@type\":\"ImageObject\",\"inLanguage\":\"pt-BR\",\"@id\":\"https:\/\/acrimat.org.br\/portal\/#\/schema\/logo\/image\/\",\"url\":\"https:\/\/acrimat.org.br\/portal\/wp-content\/uploads\/2018\/03\/logo-peq-original.png\",\"contentUrl\":\"https:\/\/acrimat.org.br\/portal\/wp-content\/uploads\/2018\/03\/logo-peq-original.png\",\"width\":174,\"height\":171,\"caption\":\"Associa\u00e7\u00e3o dos Criadores de Mato Grosso\"},\"image\":{\"@id\":\"https:\/\/acrimat.org.br\/portal\/#\/schema\/logo\/image\/\"}},{\"@type\":\"Person\",\"@id\":\"https:\/\/acrimat.org.br\/portal\/#\/schema\/person\/a309b9496344ff991e8e1b1d751fdd7b\",\"name\":\"Assessoria de comunica\u00e7\u00e3o ACRIMAT\",\"image\":{\"@type\":\"ImageObject\",\"inLanguage\":\"pt-BR\",\"@id\":\"https:\/\/acrimat.org.br\/portal\/#\/schema\/person\/image\/\",\"url\":\"https:\/\/secure.gravatar.com\/avatar\/2f9c28e64c317bcd762b25cb1575f1b4?s=96&d=mm&r=g\",\"contentUrl\":\"https:\/\/secure.gravatar.com\/avatar\/2f9c28e64c317bcd762b25cb1575f1b4?s=96&d=mm&r=g\",\"caption\":\"Assessoria de comunica\u00e7\u00e3o ACRIMAT\"},\"sameAs\":[\"http:\/\/acrimat.org.br\/\"],\"url\":\"https:\/\/acrimat.org.br\/portal\/author\/ascom\/\"}]}<\/script>\n<!-- \/ Yoast SEO plugin. -->","yoast_head_json":{"title":"Incerteza pol\u00edtica amea\u00e7a acordo entre Mercosul e UE - Acrimat","robots":{"index":"index","follow":"follow","max-snippet":"max-snippet:-1","max-image-preview":"max-image-preview:large","max-video-preview":"max-video-preview:-1"},"canonical":"https:\/\/acrimat.org.br\/portal\/incerteza-politica-ameaca-acordo-entre-mercosul-e-ue\/","og_locale":"pt_BR","og_type":"article","og_title":"Incerteza pol\u00edtica amea\u00e7a acordo entre Mercosul e UE - Acrimat","og_description":"O bloco sul-americano chegou a elevar sua proposta para atender aos negociadores europeus. Mas n\u00e3o houve uma reciprocidade.","og_url":"https:\/\/acrimat.org.br\/portal\/incerteza-politica-ameaca-acordo-entre-mercosul-e-ue\/","og_site_name":"Acrimat","article_published_time":"2018-01-11T13:14:40+00:00","article_modified_time":"2018-01-11T14:16:59+00:00","og_image":[{"width":640,"height":440,"url":"https:\/\/acrimat.org.br\/portal\/wp-content\/uploads\/2018\/01\/frigorifico4.jpg","type":"image\/jpeg"}],"author":"Assessoria de comunica\u00e7\u00e3o ACRIMAT","twitter_card":"summary_large_image","twitter_misc":{"Escrito por":"Assessoria de comunica\u00e7\u00e3o ACRIMAT","Est. tempo de leitura":"3 minutos"},"schema":{"@context":"https:\/\/schema.org","@graph":[{"@type":"Article","@id":"https:\/\/acrimat.org.br\/portal\/incerteza-politica-ameaca-acordo-entre-mercosul-e-ue\/#article","isPartOf":{"@id":"https:\/\/acrimat.org.br\/portal\/incerteza-politica-ameaca-acordo-entre-mercosul-e-ue\/"},"author":{"name":"Assessoria de comunica\u00e7\u00e3o ACRIMAT","@id":"https:\/\/acrimat.org.br\/portal\/#\/schema\/person\/a309b9496344ff991e8e1b1d751fdd7b"},"headline":"Incerteza pol\u00edtica amea\u00e7a acordo entre Mercosul e UE","datePublished":"2018-01-11T13:14:40+00:00","dateModified":"2018-01-11T14:16:59+00:00","mainEntityOfPage":{"@id":"https:\/\/acrimat.org.br\/portal\/incerteza-politica-ameaca-acordo-entre-mercosul-e-ue\/"},"wordCount":511,"publisher":{"@id":"https:\/\/acrimat.org.br\/portal\/#organization"},"image":{"@id":"https:\/\/acrimat.org.br\/portal\/incerteza-politica-ameaca-acordo-entre-mercosul-e-ue\/#primaryimage"},"thumbnailUrl":"https:\/\/acrimat.org.br\/portal\/wp-content\/uploads\/2018\/01\/frigorifico4.jpg","articleSection":["Destaques","Not\u00edcias"],"inLanguage":"pt-BR"},{"@type":"WebPage","@id":"https:\/\/acrimat.org.br\/portal\/incerteza-politica-ameaca-acordo-entre-mercosul-e-ue\/","url":"https:\/\/acrimat.org.br\/portal\/incerteza-politica-ameaca-acordo-entre-mercosul-e-ue\/","name":"Incerteza pol\u00edtica amea\u00e7a acordo entre Mercosul e UE - Acrimat","isPartOf":{"@id":"https:\/\/acrimat.org.br\/portal\/#website"},"primaryImageOfPage":{"@id":"https:\/\/acrimat.org.br\/portal\/incerteza-politica-ameaca-acordo-entre-mercosul-e-ue\/#primaryimage"},"image":{"@id":"https:\/\/acrimat.org.br\/portal\/incerteza-politica-ameaca-acordo-entre-mercosul-e-ue\/#primaryimage"},"thumbnailUrl":"https:\/\/acrimat.org.br\/portal\/wp-content\/uploads\/2018\/01\/frigorifico4.jpg","datePublished":"2018-01-11T13:14:40+00:00","dateModified":"2018-01-11T14:16:59+00:00","breadcrumb":{"@id":"https:\/\/acrimat.org.br\/portal\/incerteza-politica-ameaca-acordo-entre-mercosul-e-ue\/#breadcrumb"},"inLanguage":"pt-BR","potentialAction":[{"@type":"ReadAction","target":["https:\/\/acrimat.org.br\/portal\/incerteza-politica-ameaca-acordo-entre-mercosul-e-ue\/"]}]},{"@type":"ImageObject","inLanguage":"pt-BR","@id":"https:\/\/acrimat.org.br\/portal\/incerteza-politica-ameaca-acordo-entre-mercosul-e-ue\/#primaryimage","url":"https:\/\/acrimat.org.br\/portal\/wp-content\/uploads\/2018\/01\/frigorifico4.jpg","contentUrl":"https:\/\/acrimat.org.br\/portal\/wp-content\/uploads\/2018\/01\/frigorifico4.jpg","width":640,"height":440},{"@type":"BreadcrumbList","@id":"https:\/\/acrimat.org.br\/portal\/incerteza-politica-ameaca-acordo-entre-mercosul-e-ue\/#breadcrumb","itemListElement":[{"@type":"ListItem","position":1,"name":"In\u00edcio","item":"https:\/\/acrimat.org.br\/portal\/"},{"@type":"ListItem","position":2,"name":"Incerteza pol\u00edtica amea\u00e7a acordo entre Mercosul e UE"}]},{"@type":"WebSite","@id":"https:\/\/acrimat.org.br\/portal\/#website","url":"https:\/\/acrimat.org.br\/portal\/","name":"Acrimat","description":"Associa\u00e7\u00e3o dos Criadores de Mato Grosso","publisher":{"@id":"https:\/\/acrimat.org.br\/portal\/#organization"},"potentialAction":[{"@type":"SearchAction","target":{"@type":"EntryPoint","urlTemplate":"https:\/\/acrimat.org.br\/portal\/?s={search_term_string}"},"query-input":{"@type":"PropertyValueSpecification","valueRequired":true,"valueName":"search_term_string"}}],"inLanguage":"pt-BR"},{"@type":"Organization","@id":"https:\/\/acrimat.org.br\/portal\/#organization","name":"Associa\u00e7\u00e3o dos Criadores de Mato Grosso","url":"https:\/\/acrimat.org.br\/portal\/","logo":{"@type":"ImageObject","inLanguage":"pt-BR","@id":"https:\/\/acrimat.org.br\/portal\/#\/schema\/logo\/image\/","url":"https:\/\/acrimat.org.br\/portal\/wp-content\/uploads\/2018\/03\/logo-peq-original.png","contentUrl":"https:\/\/acrimat.org.br\/portal\/wp-content\/uploads\/2018\/03\/logo-peq-original.png","width":174,"height":171,"caption":"Associa\u00e7\u00e3o dos Criadores de Mato Grosso"},"image":{"@id":"https:\/\/acrimat.org.br\/portal\/#\/schema\/logo\/image\/"}},{"@type":"Person","@id":"https:\/\/acrimat.org.br\/portal\/#\/schema\/person\/a309b9496344ff991e8e1b1d751fdd7b","name":"Assessoria de comunica\u00e7\u00e3o ACRIMAT","image":{"@type":"ImageObject","inLanguage":"pt-BR","@id":"https:\/\/acrimat.org.br\/portal\/#\/schema\/person\/image\/","url":"https:\/\/secure.gravatar.com\/avatar\/2f9c28e64c317bcd762b25cb1575f1b4?s=96&d=mm&r=g","contentUrl":"https:\/\/secure.gravatar.com\/avatar\/2f9c28e64c317bcd762b25cb1575f1b4?s=96&d=mm&r=g","caption":"Assessoria de comunica\u00e7\u00e3o ACRIMAT"},"sameAs":["http:\/\/acrimat.org.br\/"],"url":"https:\/\/acrimat.org.br\/portal\/author\/ascom\/"}]}},"_links":{"self":[{"href":"https:\/\/acrimat.org.br\/portal\/wp-json\/wp\/v2\/posts\/97985495","targetHints":{"allow":["GET"]}}],"collection":[{"href":"https:\/\/acrimat.org.br\/portal\/wp-json\/wp\/v2\/posts"}],"about":[{"href":"https:\/\/acrimat.org.br\/portal\/wp-json\/wp\/v2\/types\/post"}],"author":[{"embeddable":true,"href":"https:\/\/acrimat.org.br\/portal\/wp-json\/wp\/v2\/users\/7"}],"replies":[{"embeddable":true,"href":"https:\/\/acrimat.org.br\/portal\/wp-json\/wp\/v2\/comments?post=97985495"}],"version-history":[{"count":1,"href":"https:\/\/acrimat.org.br\/portal\/wp-json\/wp\/v2\/posts\/97985495\/revisions"}],"predecessor-version":[{"id":97985496,"href":"https:\/\/acrimat.org.br\/portal\/wp-json\/wp\/v2\/posts\/97985495\/revisions\/97985496"}],"wp:featuredmedia":[{"embeddable":true,"href":"https:\/\/acrimat.org.br\/portal\/wp-json\/wp\/v2\/media\/97985451"}],"wp:attachment":[{"href":"https:\/\/acrimat.org.br\/portal\/wp-json\/wp\/v2\/media?parent=97985495"}],"wp:term":[{"taxonomy":"category","embeddable":true,"href":"https:\/\/acrimat.org.br\/portal\/wp-json\/wp\/v2\/categories?post=97985495"},{"taxonomy":"post_tag","embeddable":true,"href":"https:\/\/acrimat.org.br\/portal\/wp-json\/wp\/v2\/tags?post=97985495"}],"curies":[{"name":"wp","href":"https:\/\/api.w.org\/{rel}","templated":true}]}}