{"id":97985501,"date":"2018-01-11T10:27:13","date_gmt":"2018-01-11T13:27:13","guid":{"rendered":"http:\/\/acrimat.org.br\/portal\/?p=97985501"},"modified":"2018-01-11T11:36:38","modified_gmt":"2018-01-11T14:36:38","slug":"mato-grosso-pode-ampliar-exportacoes-com-o-reconhecimento-do-pais-como-livre-da-aftosa","status":"publish","type":"post","link":"https:\/\/acrimat.org.br\/portal\/mato-grosso-pode-ampliar-exportacoes-com-o-reconhecimento-do-pais-como-livre-da-aftosa\/","title":{"rendered":"Exporta\u00e7\u00f5es devem crescer com o reconhecimento da OIE"},"content":{"rendered":"<p>Assim que o Brasil for reconhecido como pa\u00eds livre da febre aftosa pela Organiza\u00e7\u00e3o Mundial de Sa\u00fade Animal (OIE), que deve acontecer no m\u00eas de maio, o estado de Mato Grosso deve aumentar as exporta\u00e7\u00f5es de carne.<\/p>\n<p>O Minist\u00e9rio da Agricultura, Pecu\u00e1ria e Abastecimento (Mapa) espera que a OIE fa\u00e7a o reconhecimento durante a reuni\u00e3o anual, em Paris.<\/p>\n<p>Segundo a Pasta e representantes do setor pecu\u00e1rio, a certifica\u00e7\u00e3o vai contribuir para ampliar e abrir novos mercados internacionais \u00e0s carnes brasileiras e, consequentemente, as provenientes de Mato Grosso, que completa este m\u00eas 22 anos sem aftosa. No in\u00edcio de dezembro, o Mapa declarou novas zonas livres da febre aftosa com vacina\u00e7\u00e3o no Amap\u00e1, Roraima, grande parte do Amazonas e \u00e1reas de prote\u00e7\u00e3o no Par\u00e1, finalizando nacionalmente o processo de erradica\u00e7\u00e3o da doen\u00e7a.<\/p>\n<p>Em abril, completaram-se 11 anos sem registro de aftosa no pa\u00eds. De acordo com Francisco Manzi, diretor t\u00e9cnico da Associa\u00e7\u00e3o dos Criadores de Mato Grosso (Acrimat), o Estado j\u00e1 est\u00e1 livre da febre aftosa com vacina\u00e7\u00e3o h\u00e1 22 anos e em breve ir\u00e1 ser retirada a vacina. \u201cNo pr\u00f3ximo ano, o estado de Rond\u00f4nia e Acre tamb\u00e9m estar\u00e3o em fase de retirada da vacina\u00e7\u00e3o. Em Mato Grosso ser\u00e1 a partir de 2021, no \u00faltimo bloco. No entanto, estamos observando bastante este programa de retirada da vacina porque Rond\u00f4nia faz divisa com o Estado e teremos que acompanhar como ser\u00e1 a rea\u00e7\u00e3o\u201d.<\/p>\n<p>Al\u00e9m dos estados, Mato Grosso ainda tem o desafio por ser regi\u00e3o de fronteira internacional. \u201cPor causa disso, h\u00e1 anos j\u00e1 fazemos o acompanhamento de forma especial na fronteira, levando a vacina\u00e7\u00e3o para estas regi\u00f5es como os munic\u00edpios que fazem divisa com a Bol\u00edvia. Com a retirada da vacina, os \u00f3rg\u00e3os de vigil\u00e2ncia sanit\u00e1ria precisar\u00e3o estar atentos para agir de forma r\u00e1pida em caso de alguma ocorr\u00eancia, para impedir a propaga\u00e7\u00e3o do v\u00edrus\u201d, salienta.<\/p>\n","protected":false},"excerpt":{"rendered":"<p>O Minist\u00e9rio da Agricultura, Pecu\u00e1ria e Abastecimento (Mapa) espera que a OIE fa\u00e7a o reconhecimento durante a reuni\u00e3o anual, em Paris.<\/p>\n","protected":false},"author":7,"featured_media":97984541,"comment_status":"closed","ping_status":"closed","sticky":false,"template":"","format":"standard","meta":{"footnotes":""},"categories":[6,1],"tags":[],"class_list":["post-97985501","post","type-post","status-publish","format-standard","has-post-thumbnail","hentry","category-destaque","category-noticia"],"yoast_head":"<!-- This site is optimized with the Yoast SEO plugin v24.8.1 - https:\/\/yoast.com\/wordpress\/plugins\/seo\/ -->\n<title>Exporta\u00e7\u00f5es devem crescer com o reconhecimento da OIE - Acrimat<\/title>\n<meta name=\"robots\" content=\"index, follow, max-snippet:-1, max-image-preview:large, max-video-preview:-1\" \/>\n<link rel=\"canonical\" href=\"https:\/\/acrimat.org.br\/portal\/mato-grosso-pode-ampliar-exportacoes-com-o-reconhecimento-do-pais-como-livre-da-aftosa\/\" \/>\n<meta property=\"og:locale\" content=\"pt_BR\" \/>\n<meta property=\"og:type\" content=\"article\" \/>\n<meta property=\"og:title\" content=\"Exporta\u00e7\u00f5es devem crescer com o reconhecimento da OIE - Acrimat\" \/>\n<meta property=\"og:description\" content=\"O Minist\u00e9rio da Agricultura, Pecu\u00e1ria e Abastecimento (Mapa) espera que a OIE fa\u00e7a o reconhecimento durante a reuni\u00e3o anual, em Paris.\" \/>\n<meta property=\"og:url\" content=\"https:\/\/acrimat.org.br\/portal\/mato-grosso-pode-ampliar-exportacoes-com-o-reconhecimento-do-pais-como-livre-da-aftosa\/\" \/>\n<meta property=\"og:site_name\" content=\"Acrimat\" \/>\n<meta property=\"article:published_time\" content=\"2018-01-11T13:27:13+00:00\" \/>\n<meta property=\"article:modified_time\" content=\"2018-01-11T14:36:38+00:00\" \/>\n<meta property=\"og:image\" content=\"https:\/\/acrimat.org.br\/portal\/wp-content\/uploads\/2017\/10\/vacinacao.jpg\" \/>\n\t<meta property=\"og:image:width\" content=\"600\" \/>\n\t<meta property=\"og:image:height\" content=\"400\" \/>\n\t<meta property=\"og:image:type\" content=\"image\/jpeg\" \/>\n<meta name=\"author\" content=\"Assessoria de comunica\u00e7\u00e3o ACRIMAT\" \/>\n<meta name=\"twitter:card\" content=\"summary_large_image\" \/>\n<meta name=\"twitter:label1\" content=\"Escrito por\" \/>\n\t<meta name=\"twitter:data1\" content=\"Assessoria de comunica\u00e7\u00e3o ACRIMAT\" \/>\n\t<meta name=\"twitter:label2\" content=\"Est. tempo de leitura\" \/>\n\t<meta name=\"twitter:data2\" content=\"2 minutos\" \/>\n<script type=\"application\/ld+json\" class=\"yoast-schema-graph\">{\"@context\":\"https:\/\/schema.org\",\"@graph\":[{\"@type\":\"Article\",\"@id\":\"https:\/\/acrimat.org.br\/portal\/mato-grosso-pode-ampliar-exportacoes-com-o-reconhecimento-do-pais-como-livre-da-aftosa\/#article\",\"isPartOf\":{\"@id\":\"https:\/\/acrimat.org.br\/portal\/mato-grosso-pode-ampliar-exportacoes-com-o-reconhecimento-do-pais-como-livre-da-aftosa\/\"},\"author\":{\"name\":\"Assessoria de comunica\u00e7\u00e3o ACRIMAT\",\"@id\":\"https:\/\/acrimat.org.br\/portal\/#\/schema\/person\/a309b9496344ff991e8e1b1d751fdd7b\"},\"headline\":\"Exporta\u00e7\u00f5es devem crescer com o reconhecimento da OIE\",\"datePublished\":\"2018-01-11T13:27:13+00:00\",\"dateModified\":\"2018-01-11T14:36:38+00:00\",\"mainEntityOfPage\":{\"@id\":\"https:\/\/acrimat.org.br\/portal\/mato-grosso-pode-ampliar-exportacoes-com-o-reconhecimento-do-pais-como-livre-da-aftosa\/\"},\"wordCount\":353,\"publisher\":{\"@id\":\"https:\/\/acrimat.org.br\/portal\/#organization\"},\"image\":{\"@id\":\"https:\/\/acrimat.org.br\/portal\/mato-grosso-pode-ampliar-exportacoes-com-o-reconhecimento-do-pais-como-livre-da-aftosa\/#primaryimage\"},\"thumbnailUrl\":\"https:\/\/acrimat.org.br\/portal\/wp-content\/uploads\/2017\/10\/vacinacao.jpg\",\"articleSection\":[\"Destaques\",\"Not\u00edcias\"],\"inLanguage\":\"pt-BR\"},{\"@type\":\"WebPage\",\"@id\":\"https:\/\/acrimat.org.br\/portal\/mato-grosso-pode-ampliar-exportacoes-com-o-reconhecimento-do-pais-como-livre-da-aftosa\/\",\"url\":\"https:\/\/acrimat.org.br\/portal\/mato-grosso-pode-ampliar-exportacoes-com-o-reconhecimento-do-pais-como-livre-da-aftosa\/\",\"name\":\"Exporta\u00e7\u00f5es devem crescer com o reconhecimento da OIE - Acrimat\",\"isPartOf\":{\"@id\":\"https:\/\/acrimat.org.br\/portal\/#website\"},\"primaryImageOfPage\":{\"@id\":\"https:\/\/acrimat.org.br\/portal\/mato-grosso-pode-ampliar-exportacoes-com-o-reconhecimento-do-pais-como-livre-da-aftosa\/#primaryimage\"},\"image\":{\"@id\":\"https:\/\/acrimat.org.br\/portal\/mato-grosso-pode-ampliar-exportacoes-com-o-reconhecimento-do-pais-como-livre-da-aftosa\/#primaryimage\"},\"thumbnailUrl\":\"https:\/\/acrimat.org.br\/portal\/wp-content\/uploads\/2017\/10\/vacinacao.jpg\",\"datePublished\":\"2018-01-11T13:27:13+00:00\",\"dateModified\":\"2018-01-11T14:36:38+00:00\",\"breadcrumb\":{\"@id\":\"https:\/\/acrimat.org.br\/portal\/mato-grosso-pode-ampliar-exportacoes-com-o-reconhecimento-do-pais-como-livre-da-aftosa\/#breadcrumb\"},\"inLanguage\":\"pt-BR\",\"potentialAction\":[{\"@type\":\"ReadAction\",\"target\":[\"https:\/\/acrimat.org.br\/portal\/mato-grosso-pode-ampliar-exportacoes-com-o-reconhecimento-do-pais-como-livre-da-aftosa\/\"]}]},{\"@type\":\"ImageObject\",\"inLanguage\":\"pt-BR\",\"@id\":\"https:\/\/acrimat.org.br\/portal\/mato-grosso-pode-ampliar-exportacoes-com-o-reconhecimento-do-pais-como-livre-da-aftosa\/#primaryimage\",\"url\":\"https:\/\/acrimat.org.br\/portal\/wp-content\/uploads\/2017\/10\/vacinacao.jpg\",\"contentUrl\":\"https:\/\/acrimat.org.br\/portal\/wp-content\/uploads\/2017\/10\/vacinacao.jpg\",\"width\":600,\"height\":400},{\"@type\":\"BreadcrumbList\",\"@id\":\"https:\/\/acrimat.org.br\/portal\/mato-grosso-pode-ampliar-exportacoes-com-o-reconhecimento-do-pais-como-livre-da-aftosa\/#breadcrumb\",\"itemListElement\":[{\"@type\":\"ListItem\",\"position\":1,\"name\":\"In\u00edcio\",\"item\":\"https:\/\/acrimat.org.br\/portal\/\"},{\"@type\":\"ListItem\",\"position\":2,\"name\":\"Exporta\u00e7\u00f5es devem crescer com o reconhecimento da OIE\"}]},{\"@type\":\"WebSite\",\"@id\":\"https:\/\/acrimat.org.br\/portal\/#website\",\"url\":\"https:\/\/acrimat.org.br\/portal\/\",\"name\":\"Acrimat\",\"description\":\"Associa\u00e7\u00e3o dos Criadores de Mato Grosso\",\"publisher\":{\"@id\":\"https:\/\/acrimat.org.br\/portal\/#organization\"},\"potentialAction\":[{\"@type\":\"SearchAction\",\"target\":{\"@type\":\"EntryPoint\",\"urlTemplate\":\"https:\/\/acrimat.org.br\/portal\/?s={search_term_string}\"},\"query-input\":{\"@type\":\"PropertyValueSpecification\",\"valueRequired\":true,\"valueName\":\"search_term_string\"}}],\"inLanguage\":\"pt-BR\"},{\"@type\":\"Organization\",\"@id\":\"https:\/\/acrimat.org.br\/portal\/#organization\",\"name\":\"Associa\u00e7\u00e3o dos Criadores de Mato Grosso\",\"url\":\"https:\/\/acrimat.org.br\/portal\/\",\"logo\":{\"@type\":\"ImageObject\",\"inLanguage\":\"pt-BR\",\"@id\":\"https:\/\/acrimat.org.br\/portal\/#\/schema\/logo\/image\/\",\"url\":\"https:\/\/acrimat.org.br\/portal\/wp-content\/uploads\/2018\/03\/logo-peq-original.png\",\"contentUrl\":\"https:\/\/acrimat.org.br\/portal\/wp-content\/uploads\/2018\/03\/logo-peq-original.png\",\"width\":174,\"height\":171,\"caption\":\"Associa\u00e7\u00e3o dos Criadores de Mato Grosso\"},\"image\":{\"@id\":\"https:\/\/acrimat.org.br\/portal\/#\/schema\/logo\/image\/\"}},{\"@type\":\"Person\",\"@id\":\"https:\/\/acrimat.org.br\/portal\/#\/schema\/person\/a309b9496344ff991e8e1b1d751fdd7b\",\"name\":\"Assessoria de comunica\u00e7\u00e3o ACRIMAT\",\"image\":{\"@type\":\"ImageObject\",\"inLanguage\":\"pt-BR\",\"@id\":\"https:\/\/acrimat.org.br\/portal\/#\/schema\/person\/image\/\",\"url\":\"https:\/\/secure.gravatar.com\/avatar\/2f9c28e64c317bcd762b25cb1575f1b4?s=96&d=mm&r=g\",\"contentUrl\":\"https:\/\/secure.gravatar.com\/avatar\/2f9c28e64c317bcd762b25cb1575f1b4?s=96&d=mm&r=g\",\"caption\":\"Assessoria de comunica\u00e7\u00e3o ACRIMAT\"},\"sameAs\":[\"http:\/\/acrimat.org.br\/\"],\"url\":\"https:\/\/acrimat.org.br\/portal\/author\/ascom\/\"}]}<\/script>\n<!-- \/ Yoast SEO plugin. -->","yoast_head_json":{"title":"Exporta\u00e7\u00f5es devem crescer com o reconhecimento da OIE - Acrimat","robots":{"index":"index","follow":"follow","max-snippet":"max-snippet:-1","max-image-preview":"max-image-preview:large","max-video-preview":"max-video-preview:-1"},"canonical":"https:\/\/acrimat.org.br\/portal\/mato-grosso-pode-ampliar-exportacoes-com-o-reconhecimento-do-pais-como-livre-da-aftosa\/","og_locale":"pt_BR","og_type":"article","og_title":"Exporta\u00e7\u00f5es devem crescer com o reconhecimento da OIE - Acrimat","og_description":"O Minist\u00e9rio da Agricultura, Pecu\u00e1ria e Abastecimento (Mapa) espera que a OIE fa\u00e7a o reconhecimento durante a reuni\u00e3o anual, em Paris.","og_url":"https:\/\/acrimat.org.br\/portal\/mato-grosso-pode-ampliar-exportacoes-com-o-reconhecimento-do-pais-como-livre-da-aftosa\/","og_site_name":"Acrimat","article_published_time":"2018-01-11T13:27:13+00:00","article_modified_time":"2018-01-11T14:36:38+00:00","og_image":[{"width":600,"height":400,"url":"https:\/\/acrimat.org.br\/portal\/wp-content\/uploads\/2017\/10\/vacinacao.jpg","type":"image\/jpeg"}],"author":"Assessoria de comunica\u00e7\u00e3o ACRIMAT","twitter_card":"summary_large_image","twitter_misc":{"Escrito por":"Assessoria de comunica\u00e7\u00e3o ACRIMAT","Est. tempo de leitura":"2 minutos"},"schema":{"@context":"https:\/\/schema.org","@graph":[{"@type":"Article","@id":"https:\/\/acrimat.org.br\/portal\/mato-grosso-pode-ampliar-exportacoes-com-o-reconhecimento-do-pais-como-livre-da-aftosa\/#article","isPartOf":{"@id":"https:\/\/acrimat.org.br\/portal\/mato-grosso-pode-ampliar-exportacoes-com-o-reconhecimento-do-pais-como-livre-da-aftosa\/"},"author":{"name":"Assessoria de comunica\u00e7\u00e3o ACRIMAT","@id":"https:\/\/acrimat.org.br\/portal\/#\/schema\/person\/a309b9496344ff991e8e1b1d751fdd7b"},"headline":"Exporta\u00e7\u00f5es devem crescer com o reconhecimento da OIE","datePublished":"2018-01-11T13:27:13+00:00","dateModified":"2018-01-11T14:36:38+00:00","mainEntityOfPage":{"@id":"https:\/\/acrimat.org.br\/portal\/mato-grosso-pode-ampliar-exportacoes-com-o-reconhecimento-do-pais-como-livre-da-aftosa\/"},"wordCount":353,"publisher":{"@id":"https:\/\/acrimat.org.br\/portal\/#organization"},"image":{"@id":"https:\/\/acrimat.org.br\/portal\/mato-grosso-pode-ampliar-exportacoes-com-o-reconhecimento-do-pais-como-livre-da-aftosa\/#primaryimage"},"thumbnailUrl":"https:\/\/acrimat.org.br\/portal\/wp-content\/uploads\/2017\/10\/vacinacao.jpg","articleSection":["Destaques","Not\u00edcias"],"inLanguage":"pt-BR"},{"@type":"WebPage","@id":"https:\/\/acrimat.org.br\/portal\/mato-grosso-pode-ampliar-exportacoes-com-o-reconhecimento-do-pais-como-livre-da-aftosa\/","url":"https:\/\/acrimat.org.br\/portal\/mato-grosso-pode-ampliar-exportacoes-com-o-reconhecimento-do-pais-como-livre-da-aftosa\/","name":"Exporta\u00e7\u00f5es devem crescer com o reconhecimento da OIE - Acrimat","isPartOf":{"@id":"https:\/\/acrimat.org.br\/portal\/#website"},"primaryImageOfPage":{"@id":"https:\/\/acrimat.org.br\/portal\/mato-grosso-pode-ampliar-exportacoes-com-o-reconhecimento-do-pais-como-livre-da-aftosa\/#primaryimage"},"image":{"@id":"https:\/\/acrimat.org.br\/portal\/mato-grosso-pode-ampliar-exportacoes-com-o-reconhecimento-do-pais-como-livre-da-aftosa\/#primaryimage"},"thumbnailUrl":"https:\/\/acrimat.org.br\/portal\/wp-content\/uploads\/2017\/10\/vacinacao.jpg","datePublished":"2018-01-11T13:27:13+00:00","dateModified":"2018-01-11T14:36:38+00:00","breadcrumb":{"@id":"https:\/\/acrimat.org.br\/portal\/mato-grosso-pode-ampliar-exportacoes-com-o-reconhecimento-do-pais-como-livre-da-aftosa\/#breadcrumb"},"inLanguage":"pt-BR","potentialAction":[{"@type":"ReadAction","target":["https:\/\/acrimat.org.br\/portal\/mato-grosso-pode-ampliar-exportacoes-com-o-reconhecimento-do-pais-como-livre-da-aftosa\/"]}]},{"@type":"ImageObject","inLanguage":"pt-BR","@id":"https:\/\/acrimat.org.br\/portal\/mato-grosso-pode-ampliar-exportacoes-com-o-reconhecimento-do-pais-como-livre-da-aftosa\/#primaryimage","url":"https:\/\/acrimat.org.br\/portal\/wp-content\/uploads\/2017\/10\/vacinacao.jpg","contentUrl":"https:\/\/acrimat.org.br\/portal\/wp-content\/uploads\/2017\/10\/vacinacao.jpg","width":600,"height":400},{"@type":"BreadcrumbList","@id":"https:\/\/acrimat.org.br\/portal\/mato-grosso-pode-ampliar-exportacoes-com-o-reconhecimento-do-pais-como-livre-da-aftosa\/#breadcrumb","itemListElement":[{"@type":"ListItem","position":1,"name":"In\u00edcio","item":"https:\/\/acrimat.org.br\/portal\/"},{"@type":"ListItem","position":2,"name":"Exporta\u00e7\u00f5es devem crescer com o reconhecimento da OIE"}]},{"@type":"WebSite","@id":"https:\/\/acrimat.org.br\/portal\/#website","url":"https:\/\/acrimat.org.br\/portal\/","name":"Acrimat","description":"Associa\u00e7\u00e3o dos Criadores de Mato Grosso","publisher":{"@id":"https:\/\/acrimat.org.br\/portal\/#organization"},"potentialAction":[{"@type":"SearchAction","target":{"@type":"EntryPoint","urlTemplate":"https:\/\/acrimat.org.br\/portal\/?s={search_term_string}"},"query-input":{"@type":"PropertyValueSpecification","valueRequired":true,"valueName":"search_term_string"}}],"inLanguage":"pt-BR"},{"@type":"Organization","@id":"https:\/\/acrimat.org.br\/portal\/#organization","name":"Associa\u00e7\u00e3o dos Criadores de Mato Grosso","url":"https:\/\/acrimat.org.br\/portal\/","logo":{"@type":"ImageObject","inLanguage":"pt-BR","@id":"https:\/\/acrimat.org.br\/portal\/#\/schema\/logo\/image\/","url":"https:\/\/acrimat.org.br\/portal\/wp-content\/uploads\/2018\/03\/logo-peq-original.png","contentUrl":"https:\/\/acrimat.org.br\/portal\/wp-content\/uploads\/2018\/03\/logo-peq-original.png","width":174,"height":171,"caption":"Associa\u00e7\u00e3o dos Criadores de Mato Grosso"},"image":{"@id":"https:\/\/acrimat.org.br\/portal\/#\/schema\/logo\/image\/"}},{"@type":"Person","@id":"https:\/\/acrimat.org.br\/portal\/#\/schema\/person\/a309b9496344ff991e8e1b1d751fdd7b","name":"Assessoria de comunica\u00e7\u00e3o ACRIMAT","image":{"@type":"ImageObject","inLanguage":"pt-BR","@id":"https:\/\/acrimat.org.br\/portal\/#\/schema\/person\/image\/","url":"https:\/\/secure.gravatar.com\/avatar\/2f9c28e64c317bcd762b25cb1575f1b4?s=96&d=mm&r=g","contentUrl":"https:\/\/secure.gravatar.com\/avatar\/2f9c28e64c317bcd762b25cb1575f1b4?s=96&d=mm&r=g","caption":"Assessoria de comunica\u00e7\u00e3o ACRIMAT"},"sameAs":["http:\/\/acrimat.org.br\/"],"url":"https:\/\/acrimat.org.br\/portal\/author\/ascom\/"}]}},"_links":{"self":[{"href":"https:\/\/acrimat.org.br\/portal\/wp-json\/wp\/v2\/posts\/97985501","targetHints":{"allow":["GET"]}}],"collection":[{"href":"https:\/\/acrimat.org.br\/portal\/wp-json\/wp\/v2\/posts"}],"about":[{"href":"https:\/\/acrimat.org.br\/portal\/wp-json\/wp\/v2\/types\/post"}],"author":[{"embeddable":true,"href":"https:\/\/acrimat.org.br\/portal\/wp-json\/wp\/v2\/users\/7"}],"replies":[{"embeddable":true,"href":"https:\/\/acrimat.org.br\/portal\/wp-json\/wp\/v2\/comments?post=97985501"}],"version-history":[{"count":4,"href":"https:\/\/acrimat.org.br\/portal\/wp-json\/wp\/v2\/posts\/97985501\/revisions"}],"predecessor-version":[{"id":97985506,"href":"https:\/\/acrimat.org.br\/portal\/wp-json\/wp\/v2\/posts\/97985501\/revisions\/97985506"}],"wp:featuredmedia":[{"embeddable":true,"href":"https:\/\/acrimat.org.br\/portal\/wp-json\/wp\/v2\/media\/97984541"}],"wp:attachment":[{"href":"https:\/\/acrimat.org.br\/portal\/wp-json\/wp\/v2\/media?parent=97985501"}],"wp:term":[{"taxonomy":"category","embeddable":true,"href":"https:\/\/acrimat.org.br\/portal\/wp-json\/wp\/v2\/categories?post=97985501"},{"taxonomy":"post_tag","embeddable":true,"href":"https:\/\/acrimat.org.br\/portal\/wp-json\/wp\/v2\/tags?post=97985501"}],"curies":[{"name":"wp","href":"https:\/\/api.w.org\/{rel}","templated":true}]}}