{"id":97985541,"date":"2018-01-16T11:26:15","date_gmt":"2018-01-16T14:26:15","guid":{"rendered":"http:\/\/acrimat.org.br\/portal\/?p=97985541"},"modified":"2018-01-16T11:46:03","modified_gmt":"2018-01-16T14:46:03","slug":"setor-de-carne-bovina-espera-melhora-em-2018","status":"publish","type":"post","link":"https:\/\/acrimat.org.br\/portal\/setor-de-carne-bovina-espera-melhora-em-2018\/","title":{"rendered":"Setor de carne bovina espera melhora em 2018"},"content":{"rendered":"<p>Setor de carne bovina espera melhora em 2018 O setor de carne bovina viver\u00e1 nos pr\u00f3ximos meses momentos melhores do que os de 2017. O ano passado foi marcado por crises oriundas principalmente da falta de uma fiscaliza\u00e7\u00e3o sanit\u00e1ria s\u00e9ria. A desconfian\u00e7a sobre o sistema brasileiro ainda persiste, mas oferta e demanda de carne dever\u00e3o prevalecer sobre essa desconfian\u00e7a.<\/p>\n<p>Jos\u00e9 Vicente Ferraz, da Informa Economics FNP, considera que a pr\u00f3pria economia vai melhorar o desempenho do setor. Os sinais de crescimento, se concretizados, v\u00e3o elevar a renda e a capacidade de compra dos consumidores. O analista atribui ainda a evolu\u00e7\u00e3o do setor \u00e0s elei\u00e7\u00f5es e \u00e0 Copa do Mundo. &#8220;Esses dois eventos sempre animam a economia.&#8221; Ferraz diz que os sinais vindos do exterior tamb\u00e9m s\u00e3o bons para o mercado de carne bovina.<\/p>\n<p>A demanda externa cresce, e o Brasil \u00e9 um dos principais fornecedores de prote\u00edna para o mundo. Embora ainda sob a desconfian\u00e7a da Opera\u00e7\u00e3o Carne Fraca, as exporta\u00e7\u00f5es deste ano dever\u00e3o ser melhores do que as de 2017. &#8220;O mundo precisa muito da carne brasileira, e ser\u00e1 dif\u00edcil uma substitui\u00e7\u00e3o do pa\u00eds por outro mercado&#8221;, diz Ferraz.<\/p>\n<p>O Brasil tem um produto de boa qualidade para oferecer ao mercado externo, mas &#8220;a carne top sair\u00e1 do Uruguai e da Austr\u00e1lia&#8221;, acrescenta. Na avalia\u00e7\u00e3o de Ferraz, estruturalmente h\u00e1 um gargalo na oferta de carne, mas, em 2018, o volume vai superar os de 2016 e de 2017. Oferta adequada e demanda crescente v\u00e3o garantir estabilidade ou at\u00e9 eleva\u00e7\u00e3o dos pre\u00e7os, acredita o analista da Informa Economics. &#8220;N\u00e3o ser\u00e1 uma evolu\u00e7\u00e3o dos sonhos para os pecuaristas, mas esse cen\u00e1rio favor\u00e1vel contrasta com o dos outros setores da economia brasileira, que t\u00eam desempenho pior&#8221;, diz ele.<\/p>\n<p>O aumento da demanda pelo produto brasileiro n\u00e3o pode fazer o pa\u00eds se acomodar na quest\u00e3o da fiscaliza\u00e7\u00e3o da carne. &#8220;Se o Brasil n\u00e3o moralizar o sistema de controle sanit\u00e1rio, vai pagar caro no futuro.&#8221; Ferraz acredita que uma evolu\u00e7\u00e3o nesse sistema de controle vir\u00e1 s\u00f3 com o pr\u00f3ximo governo. Uma das primeiras coisas a serem feitas ser\u00e1 retirar a fiscaliza\u00e7\u00e3o da influ\u00eancia pol\u00edtica, implantando um sistema sanit\u00e1rio &#8220;t\u00e9cnico e correto&#8221;.<\/p>\n<p>Ex-ministro Roberto Rodrigues sugere rever metas na Embrapa<\/p>\n<p>Nenhum pa\u00eds vai para a frente sem ci\u00eancia e tecnologia. Como o Brasil tem uma voca\u00e7\u00e3o agropecu\u00e1ria muito grande, a ci\u00eancia e a pesquisa s\u00e3o fundamentais nessa \u00e1rea. A avalia\u00e7\u00e3o \u00e9 do ex-ministro da Agricultura Roberto Rodrigues, ao se posicionar sobre as discuss\u00f5es atuais sobre a Embrapa. H\u00e1 anos que vem ocorrendo o desmantelamento dos centros de tecnologia, tanto na \u00e1rea federal como na estadual.<\/p>\n<p>O or\u00e7amento diminui e \u00e9 corrigido basicamente para prover fundos para o pagamentos de sal\u00e1rios. Rodrigues prop\u00f5e uma revis\u00e3o dos objetivos desses centros por meio uma reestrutura\u00e7\u00e3o e uma revis\u00e3o de estrat\u00e9gias e de m\u00e9todos. No caso da Embrapa, sugere a contrata\u00e7\u00e3o de uma consultoria independente e neutra para revis\u00e3o de metas.<\/p>\n<p>&nbsp;<\/p>\n<p>Caf\u00e9 &#8211; O Brasil come\u00e7a o ano com eleva\u00e7\u00e3o nas exporta\u00e7\u00f5es de caf\u00e9. As vendas externas por dia \u00fatil somam 121 mil sacas, 8% mais do que em igual per\u00edodo de 2017.<\/p>\n<p>Caf\u00e9 2 &#8211; Mantido o ritmo, a exporta\u00e7\u00e3o deste m\u00eas atingir\u00e1 2,7 milh\u00f5es de sacas, conforme dados da Secex. Em 2017, foram 2,5 milh\u00f5es.<\/p>\n<p>Milho &#8211; A exporta\u00e7\u00e3o de milho tamb\u00e9m promete ser aquecida no m\u00eas. A m\u00e9dia di\u00e1ria indica volume total de 3,6 milh\u00f5es de toneladas para o m\u00eas, acima do 1,5 milh\u00e3o de janeiro de 2017.<\/p>\n<p>Soja &#8211; Os EUA reduziram suas perspectivas de exporta\u00e7\u00e3o de soja para 58,8 milh\u00f5es de toneladas na safra 2017\/18. Em novembro, previam 61,2 milh\u00f5es. Sombra brasileira &#8211; A queda se deve ao ritmo das vendas do Brasil. S\u00f3 nos nove primeiros dias deste m\u00eas, as exporta\u00e7\u00f5es j\u00e1 somam 694 mil toneladas. Mantido esse ritmo, v\u00e3o superar o recorde de 1 milh\u00e3o de toneladas de janeiro de 2012, segundo Daniele Siqueira, da AgRural.<\/p>\n","protected":false},"excerpt":{"rendered":"<p>O segmento produtivo viver\u00e1 nos pr\u00f3ximos meses momentos melhores do que os de 2017. <\/p>\n","protected":false},"author":7,"featured_media":97985038,"comment_status":"closed","ping_status":"closed","sticky":false,"template":"","format":"standard","meta":{"footnotes":""},"categories":[6,1],"tags":[],"class_list":["post-97985541","post","type-post","status-publish","format-standard","has-post-thumbnail","hentry","category-destaque","category-noticia"],"yoast_head":"<!-- This site is optimized with the Yoast SEO plugin v24.8.1 - https:\/\/yoast.com\/wordpress\/plugins\/seo\/ -->\n<title>Setor de carne bovina espera melhora em 2018 - Acrimat<\/title>\n<meta name=\"robots\" content=\"index, follow, max-snippet:-1, max-image-preview:large, max-video-preview:-1\" \/>\n<link rel=\"canonical\" href=\"https:\/\/acrimat.org.br\/portal\/setor-de-carne-bovina-espera-melhora-em-2018\/\" \/>\n<meta property=\"og:locale\" content=\"pt_BR\" \/>\n<meta property=\"og:type\" content=\"article\" \/>\n<meta property=\"og:title\" content=\"Setor de carne bovina espera melhora em 2018 - Acrimat\" \/>\n<meta property=\"og:description\" content=\"O segmento produtivo viver\u00e1 nos pr\u00f3ximos meses momentos melhores do que os de 2017.\" \/>\n<meta property=\"og:url\" content=\"https:\/\/acrimat.org.br\/portal\/setor-de-carne-bovina-espera-melhora-em-2018\/\" \/>\n<meta property=\"og:site_name\" content=\"Acrimat\" \/>\n<meta property=\"article:published_time\" content=\"2018-01-16T14:26:15+00:00\" \/>\n<meta property=\"article:modified_time\" content=\"2018-01-16T14:46:03+00:00\" \/>\n<meta property=\"og:image\" content=\"https:\/\/acrimat.org.br\/portal\/wp-content\/uploads\/2017\/11\/carne-mercado3.jpg\" \/>\n\t<meta property=\"og:image:width\" content=\"730\" \/>\n\t<meta property=\"og:image:height\" content=\"502\" \/>\n\t<meta property=\"og:image:type\" content=\"image\/jpeg\" \/>\n<meta name=\"author\" content=\"Assessoria de comunica\u00e7\u00e3o ACRIMAT\" \/>\n<meta name=\"twitter:card\" content=\"summary_large_image\" \/>\n<meta name=\"twitter:label1\" content=\"Escrito por\" \/>\n\t<meta name=\"twitter:data1\" content=\"Assessoria de comunica\u00e7\u00e3o ACRIMAT\" \/>\n\t<meta name=\"twitter:label2\" content=\"Est. tempo de leitura\" \/>\n\t<meta name=\"twitter:data2\" content=\"4 minutos\" \/>\n<script type=\"application\/ld+json\" class=\"yoast-schema-graph\">{\"@context\":\"https:\/\/schema.org\",\"@graph\":[{\"@type\":\"Article\",\"@id\":\"https:\/\/acrimat.org.br\/portal\/setor-de-carne-bovina-espera-melhora-em-2018\/#article\",\"isPartOf\":{\"@id\":\"https:\/\/acrimat.org.br\/portal\/setor-de-carne-bovina-espera-melhora-em-2018\/\"},\"author\":{\"name\":\"Assessoria de comunica\u00e7\u00e3o ACRIMAT\",\"@id\":\"https:\/\/acrimat.org.br\/portal\/#\/schema\/person\/a309b9496344ff991e8e1b1d751fdd7b\"},\"headline\":\"Setor de carne bovina espera melhora em 2018\",\"datePublished\":\"2018-01-16T14:26:15+00:00\",\"dateModified\":\"2018-01-16T14:46:03+00:00\",\"mainEntityOfPage\":{\"@id\":\"https:\/\/acrimat.org.br\/portal\/setor-de-carne-bovina-espera-melhora-em-2018\/\"},\"wordCount\":711,\"publisher\":{\"@id\":\"https:\/\/acrimat.org.br\/portal\/#organization\"},\"image\":{\"@id\":\"https:\/\/acrimat.org.br\/portal\/setor-de-carne-bovina-espera-melhora-em-2018\/#primaryimage\"},\"thumbnailUrl\":\"https:\/\/acrimat.org.br\/portal\/wp-content\/uploads\/2017\/11\/carne-mercado3.jpg\",\"articleSection\":[\"Destaques\",\"Not\u00edcias\"],\"inLanguage\":\"pt-BR\"},{\"@type\":\"WebPage\",\"@id\":\"https:\/\/acrimat.org.br\/portal\/setor-de-carne-bovina-espera-melhora-em-2018\/\",\"url\":\"https:\/\/acrimat.org.br\/portal\/setor-de-carne-bovina-espera-melhora-em-2018\/\",\"name\":\"Setor de carne bovina espera melhora em 2018 - Acrimat\",\"isPartOf\":{\"@id\":\"https:\/\/acrimat.org.br\/portal\/#website\"},\"primaryImageOfPage\":{\"@id\":\"https:\/\/acrimat.org.br\/portal\/setor-de-carne-bovina-espera-melhora-em-2018\/#primaryimage\"},\"image\":{\"@id\":\"https:\/\/acrimat.org.br\/portal\/setor-de-carne-bovina-espera-melhora-em-2018\/#primaryimage\"},\"thumbnailUrl\":\"https:\/\/acrimat.org.br\/portal\/wp-content\/uploads\/2017\/11\/carne-mercado3.jpg\",\"datePublished\":\"2018-01-16T14:26:15+00:00\",\"dateModified\":\"2018-01-16T14:46:03+00:00\",\"breadcrumb\":{\"@id\":\"https:\/\/acrimat.org.br\/portal\/setor-de-carne-bovina-espera-melhora-em-2018\/#breadcrumb\"},\"inLanguage\":\"pt-BR\",\"potentialAction\":[{\"@type\":\"ReadAction\",\"target\":[\"https:\/\/acrimat.org.br\/portal\/setor-de-carne-bovina-espera-melhora-em-2018\/\"]}]},{\"@type\":\"ImageObject\",\"inLanguage\":\"pt-BR\",\"@id\":\"https:\/\/acrimat.org.br\/portal\/setor-de-carne-bovina-espera-melhora-em-2018\/#primaryimage\",\"url\":\"https:\/\/acrimat.org.br\/portal\/wp-content\/uploads\/2017\/11\/carne-mercado3.jpg\",\"contentUrl\":\"https:\/\/acrimat.org.br\/portal\/wp-content\/uploads\/2017\/11\/carne-mercado3.jpg\",\"width\":730,\"height\":502},{\"@type\":\"BreadcrumbList\",\"@id\":\"https:\/\/acrimat.org.br\/portal\/setor-de-carne-bovina-espera-melhora-em-2018\/#breadcrumb\",\"itemListElement\":[{\"@type\":\"ListItem\",\"position\":1,\"name\":\"In\u00edcio\",\"item\":\"https:\/\/acrimat.org.br\/portal\/\"},{\"@type\":\"ListItem\",\"position\":2,\"name\":\"Setor de carne bovina espera melhora em 2018\"}]},{\"@type\":\"WebSite\",\"@id\":\"https:\/\/acrimat.org.br\/portal\/#website\",\"url\":\"https:\/\/acrimat.org.br\/portal\/\",\"name\":\"Acrimat\",\"description\":\"Associa\u00e7\u00e3o dos Criadores de Mato Grosso\",\"publisher\":{\"@id\":\"https:\/\/acrimat.org.br\/portal\/#organization\"},\"potentialAction\":[{\"@type\":\"SearchAction\",\"target\":{\"@type\":\"EntryPoint\",\"urlTemplate\":\"https:\/\/acrimat.org.br\/portal\/?s={search_term_string}\"},\"query-input\":{\"@type\":\"PropertyValueSpecification\",\"valueRequired\":true,\"valueName\":\"search_term_string\"}}],\"inLanguage\":\"pt-BR\"},{\"@type\":\"Organization\",\"@id\":\"https:\/\/acrimat.org.br\/portal\/#organization\",\"name\":\"Associa\u00e7\u00e3o dos Criadores de Mato Grosso\",\"url\":\"https:\/\/acrimat.org.br\/portal\/\",\"logo\":{\"@type\":\"ImageObject\",\"inLanguage\":\"pt-BR\",\"@id\":\"https:\/\/acrimat.org.br\/portal\/#\/schema\/logo\/image\/\",\"url\":\"https:\/\/acrimat.org.br\/portal\/wp-content\/uploads\/2018\/03\/logo-peq-original.png\",\"contentUrl\":\"https:\/\/acrimat.org.br\/portal\/wp-content\/uploads\/2018\/03\/logo-peq-original.png\",\"width\":174,\"height\":171,\"caption\":\"Associa\u00e7\u00e3o dos Criadores de Mato Grosso\"},\"image\":{\"@id\":\"https:\/\/acrimat.org.br\/portal\/#\/schema\/logo\/image\/\"}},{\"@type\":\"Person\",\"@id\":\"https:\/\/acrimat.org.br\/portal\/#\/schema\/person\/a309b9496344ff991e8e1b1d751fdd7b\",\"name\":\"Assessoria de comunica\u00e7\u00e3o ACRIMAT\",\"image\":{\"@type\":\"ImageObject\",\"inLanguage\":\"pt-BR\",\"@id\":\"https:\/\/acrimat.org.br\/portal\/#\/schema\/person\/image\/\",\"url\":\"https:\/\/secure.gravatar.com\/avatar\/2f9c28e64c317bcd762b25cb1575f1b4?s=96&d=mm&r=g\",\"contentUrl\":\"https:\/\/secure.gravatar.com\/avatar\/2f9c28e64c317bcd762b25cb1575f1b4?s=96&d=mm&r=g\",\"caption\":\"Assessoria de comunica\u00e7\u00e3o ACRIMAT\"},\"sameAs\":[\"http:\/\/acrimat.org.br\/\"],\"url\":\"https:\/\/acrimat.org.br\/portal\/author\/ascom\/\"}]}<\/script>\n<!-- \/ Yoast SEO plugin. -->","yoast_head_json":{"title":"Setor de carne bovina espera melhora em 2018 - Acrimat","robots":{"index":"index","follow":"follow","max-snippet":"max-snippet:-1","max-image-preview":"max-image-preview:large","max-video-preview":"max-video-preview:-1"},"canonical":"https:\/\/acrimat.org.br\/portal\/setor-de-carne-bovina-espera-melhora-em-2018\/","og_locale":"pt_BR","og_type":"article","og_title":"Setor de carne bovina espera melhora em 2018 - Acrimat","og_description":"O segmento produtivo viver\u00e1 nos pr\u00f3ximos meses momentos melhores do que os de 2017.","og_url":"https:\/\/acrimat.org.br\/portal\/setor-de-carne-bovina-espera-melhora-em-2018\/","og_site_name":"Acrimat","article_published_time":"2018-01-16T14:26:15+00:00","article_modified_time":"2018-01-16T14:46:03+00:00","og_image":[{"width":730,"height":502,"url":"https:\/\/acrimat.org.br\/portal\/wp-content\/uploads\/2017\/11\/carne-mercado3.jpg","type":"image\/jpeg"}],"author":"Assessoria de comunica\u00e7\u00e3o ACRIMAT","twitter_card":"summary_large_image","twitter_misc":{"Escrito por":"Assessoria de comunica\u00e7\u00e3o ACRIMAT","Est. tempo de leitura":"4 minutos"},"schema":{"@context":"https:\/\/schema.org","@graph":[{"@type":"Article","@id":"https:\/\/acrimat.org.br\/portal\/setor-de-carne-bovina-espera-melhora-em-2018\/#article","isPartOf":{"@id":"https:\/\/acrimat.org.br\/portal\/setor-de-carne-bovina-espera-melhora-em-2018\/"},"author":{"name":"Assessoria de comunica\u00e7\u00e3o ACRIMAT","@id":"https:\/\/acrimat.org.br\/portal\/#\/schema\/person\/a309b9496344ff991e8e1b1d751fdd7b"},"headline":"Setor de carne bovina espera melhora em 2018","datePublished":"2018-01-16T14:26:15+00:00","dateModified":"2018-01-16T14:46:03+00:00","mainEntityOfPage":{"@id":"https:\/\/acrimat.org.br\/portal\/setor-de-carne-bovina-espera-melhora-em-2018\/"},"wordCount":711,"publisher":{"@id":"https:\/\/acrimat.org.br\/portal\/#organization"},"image":{"@id":"https:\/\/acrimat.org.br\/portal\/setor-de-carne-bovina-espera-melhora-em-2018\/#primaryimage"},"thumbnailUrl":"https:\/\/acrimat.org.br\/portal\/wp-content\/uploads\/2017\/11\/carne-mercado3.jpg","articleSection":["Destaques","Not\u00edcias"],"inLanguage":"pt-BR"},{"@type":"WebPage","@id":"https:\/\/acrimat.org.br\/portal\/setor-de-carne-bovina-espera-melhora-em-2018\/","url":"https:\/\/acrimat.org.br\/portal\/setor-de-carne-bovina-espera-melhora-em-2018\/","name":"Setor de carne bovina espera melhora em 2018 - Acrimat","isPartOf":{"@id":"https:\/\/acrimat.org.br\/portal\/#website"},"primaryImageOfPage":{"@id":"https:\/\/acrimat.org.br\/portal\/setor-de-carne-bovina-espera-melhora-em-2018\/#primaryimage"},"image":{"@id":"https:\/\/acrimat.org.br\/portal\/setor-de-carne-bovina-espera-melhora-em-2018\/#primaryimage"},"thumbnailUrl":"https:\/\/acrimat.org.br\/portal\/wp-content\/uploads\/2017\/11\/carne-mercado3.jpg","datePublished":"2018-01-16T14:26:15+00:00","dateModified":"2018-01-16T14:46:03+00:00","breadcrumb":{"@id":"https:\/\/acrimat.org.br\/portal\/setor-de-carne-bovina-espera-melhora-em-2018\/#breadcrumb"},"inLanguage":"pt-BR","potentialAction":[{"@type":"ReadAction","target":["https:\/\/acrimat.org.br\/portal\/setor-de-carne-bovina-espera-melhora-em-2018\/"]}]},{"@type":"ImageObject","inLanguage":"pt-BR","@id":"https:\/\/acrimat.org.br\/portal\/setor-de-carne-bovina-espera-melhora-em-2018\/#primaryimage","url":"https:\/\/acrimat.org.br\/portal\/wp-content\/uploads\/2017\/11\/carne-mercado3.jpg","contentUrl":"https:\/\/acrimat.org.br\/portal\/wp-content\/uploads\/2017\/11\/carne-mercado3.jpg","width":730,"height":502},{"@type":"BreadcrumbList","@id":"https:\/\/acrimat.org.br\/portal\/setor-de-carne-bovina-espera-melhora-em-2018\/#breadcrumb","itemListElement":[{"@type":"ListItem","position":1,"name":"In\u00edcio","item":"https:\/\/acrimat.org.br\/portal\/"},{"@type":"ListItem","position":2,"name":"Setor de carne bovina espera melhora em 2018"}]},{"@type":"WebSite","@id":"https:\/\/acrimat.org.br\/portal\/#website","url":"https:\/\/acrimat.org.br\/portal\/","name":"Acrimat","description":"Associa\u00e7\u00e3o dos Criadores de Mato Grosso","publisher":{"@id":"https:\/\/acrimat.org.br\/portal\/#organization"},"potentialAction":[{"@type":"SearchAction","target":{"@type":"EntryPoint","urlTemplate":"https:\/\/acrimat.org.br\/portal\/?s={search_term_string}"},"query-input":{"@type":"PropertyValueSpecification","valueRequired":true,"valueName":"search_term_string"}}],"inLanguage":"pt-BR"},{"@type":"Organization","@id":"https:\/\/acrimat.org.br\/portal\/#organization","name":"Associa\u00e7\u00e3o dos Criadores de Mato Grosso","url":"https:\/\/acrimat.org.br\/portal\/","logo":{"@type":"ImageObject","inLanguage":"pt-BR","@id":"https:\/\/acrimat.org.br\/portal\/#\/schema\/logo\/image\/","url":"https:\/\/acrimat.org.br\/portal\/wp-content\/uploads\/2018\/03\/logo-peq-original.png","contentUrl":"https:\/\/acrimat.org.br\/portal\/wp-content\/uploads\/2018\/03\/logo-peq-original.png","width":174,"height":171,"caption":"Associa\u00e7\u00e3o dos Criadores de Mato Grosso"},"image":{"@id":"https:\/\/acrimat.org.br\/portal\/#\/schema\/logo\/image\/"}},{"@type":"Person","@id":"https:\/\/acrimat.org.br\/portal\/#\/schema\/person\/a309b9496344ff991e8e1b1d751fdd7b","name":"Assessoria de comunica\u00e7\u00e3o ACRIMAT","image":{"@type":"ImageObject","inLanguage":"pt-BR","@id":"https:\/\/acrimat.org.br\/portal\/#\/schema\/person\/image\/","url":"https:\/\/secure.gravatar.com\/avatar\/2f9c28e64c317bcd762b25cb1575f1b4?s=96&d=mm&r=g","contentUrl":"https:\/\/secure.gravatar.com\/avatar\/2f9c28e64c317bcd762b25cb1575f1b4?s=96&d=mm&r=g","caption":"Assessoria de comunica\u00e7\u00e3o ACRIMAT"},"sameAs":["http:\/\/acrimat.org.br\/"],"url":"https:\/\/acrimat.org.br\/portal\/author\/ascom\/"}]}},"_links":{"self":[{"href":"https:\/\/acrimat.org.br\/portal\/wp-json\/wp\/v2\/posts\/97985541","targetHints":{"allow":["GET"]}}],"collection":[{"href":"https:\/\/acrimat.org.br\/portal\/wp-json\/wp\/v2\/posts"}],"about":[{"href":"https:\/\/acrimat.org.br\/portal\/wp-json\/wp\/v2\/types\/post"}],"author":[{"embeddable":true,"href":"https:\/\/acrimat.org.br\/portal\/wp-json\/wp\/v2\/users\/7"}],"replies":[{"embeddable":true,"href":"https:\/\/acrimat.org.br\/portal\/wp-json\/wp\/v2\/comments?post=97985541"}],"version-history":[{"count":1,"href":"https:\/\/acrimat.org.br\/portal\/wp-json\/wp\/v2\/posts\/97985541\/revisions"}],"predecessor-version":[{"id":97985542,"href":"https:\/\/acrimat.org.br\/portal\/wp-json\/wp\/v2\/posts\/97985541\/revisions\/97985542"}],"wp:featuredmedia":[{"embeddable":true,"href":"https:\/\/acrimat.org.br\/portal\/wp-json\/wp\/v2\/media\/97985038"}],"wp:attachment":[{"href":"https:\/\/acrimat.org.br\/portal\/wp-json\/wp\/v2\/media?parent=97985541"}],"wp:term":[{"taxonomy":"category","embeddable":true,"href":"https:\/\/acrimat.org.br\/portal\/wp-json\/wp\/v2\/categories?post=97985541"},{"taxonomy":"post_tag","embeddable":true,"href":"https:\/\/acrimat.org.br\/portal\/wp-json\/wp\/v2\/tags?post=97985541"}],"curies":[{"name":"wp","href":"https:\/\/api.w.org\/{rel}","templated":true}]}}