{"id":97985553,"date":"2018-01-18T07:16:14","date_gmt":"2018-01-18T10:16:14","guid":{"rendered":"http:\/\/acrimat.org.br\/portal\/?p=97985553"},"modified":"2018-01-18T09:05:42","modified_gmt":"2018-01-18T12:05:42","slug":"as-responsabilidades-e-compromissos-para-eficiencia-na-erradicacao-da-febre-aftosa","status":"publish","type":"post","link":"https:\/\/acrimat.org.br\/portal\/as-responsabilidades-e-compromissos-para-eficiencia-na-erradicacao-da-febre-aftosa\/","title":{"rendered":"As responsabilidades e compromissos para efici\u00eancia"},"content":{"rendered":"<p>O Instituto de Defesa Agropecu\u00e1ria de Mato Grosso (Indea-MT) acaba de divulgar o resultado da segunda etapa de vacina\u00e7\u00e3o contra febre aftosa, realizada no m\u00eas de novembro \u00faltimo. Os \u00edndices de vacina\u00e7\u00e3o ultrapassaram 99%, demonstrando novamente o trabalho s\u00e9rio do Minist\u00e9rio da Agricultura, do Indea e, principalmente, dos produtores que s\u00e3o respons\u00e1veis pela compra, armazenamento e conserva\u00e7\u00e3o, aplica\u00e7\u00e3o e comunica\u00e7\u00e3o ao \u00f3rg\u00e3o de defesa.<\/p>\n<p>Desde 2007 que esses \u00edndices s\u00e3o maiores do que 90%, numa n\u00edtida demonstra\u00e7\u00e3o de comprometimento dos \u00f3rg\u00e3os e dos produtores. Simultaneamente, o Minist\u00e9rio da Agricultura reconheceu o Brasil inteiro como livre da febre aftosa com vacina\u00e7\u00e3o e espera esse mesmo reconhecimento do \u00f3rg\u00e3o maior da sanidade animal mundial, (OIE) nos pr\u00f3ximos meses.<\/p>\n<p>Mato Grosso completa, neste m\u00eas, 22 anos sem o registro de nenhum foco sequer dessa enfermidade. O \u00faltimo registro ocorreu no dia 17 de janeiro de 1996, no munic\u00edpio de Col\u00edder, ao norte do estado.<\/p>\n<p>Mas para ilustrar a situa\u00e7\u00e3o sanit\u00e1ria que atingimos, vamos fazer uma analogia com a seguran\u00e7a p\u00fablica. Imaginem uma cidade, estado ou pa\u00eds onde h\u00e1 22 anos n\u00e3o houvesse nenhum caso de arrombamento a resid\u00eancia ou empresa. A sensa\u00e7\u00e3o de seguran\u00e7a nos levaria a pensar que n\u00e3o seria mais necess\u00e1ria a contrata\u00e7\u00e3o de empresa de monitoramento, cercas el\u00e9tricas, concertinas ou at\u00e9 mesmo a manuten\u00e7\u00e3o ou constru\u00e7\u00e3o de muro. Custos que poderiam ser eliminados do or\u00e7amento familiar.<\/p>\n<p>Nesta mesma linha de racioc\u00ednio, o Minist\u00e9rio da Agricultura, Pecu\u00e1ria e Abastecimento criou, dentro do Programa Nacional de Erradica\u00e7\u00e3o da Febre Aftosa, a meta de se retirar a vacina\u00e7\u00e3o at\u00e9 o ano de 2021 em todo o pa\u00eds.<\/p>\n<p>Parar de vacinar tem suas vantagens, inclusive para o produtor. N\u00e3o precisaria mais comprar, armazenar, conservar e aplicar o medicamento, evitando tamb\u00e9m o stress da aplica\u00e7\u00e3o, eventuais acidentes que ocorrem no manejo e problemas com abscessos de vacina ocasionados, quer seja por falha na aplica\u00e7\u00e3o, ou pela rea\u00e7\u00e3o vacinal causada pelo ve\u00edculo da vacina. Fato que j\u00e1 gerou dissabores nas nossas exporta\u00e7\u00f5es. A cadeia de valor do nosso produto ganharia como um todo, e a nossa carne alcan\u00e7aria a mesa dos consumidores de ainda mais pa\u00edses.<\/p>\n<p>Por outro lado, ficar\u00edamos muito mais vulner\u00e1veis. Assim como o ladr\u00e3o encontraria o alvo sem restri\u00e7\u00f5es, o v\u00edrus da febre aftosa, quando ou se chegar, teria acesso a um rebanho desprotegido. O preju\u00edzo seria muito maior e a doen\u00e7a poderia se alastrar com muito mais facilidade.<\/p>\n<p>Mesmo assim, produtor, que sempre efetuou a sua li\u00e7\u00e3o de casa est\u00e1 disposto a dar mais esse passo. Se o for preparado para auxiliar na identifica\u00e7\u00e3o do foco e puder contar com um sistema de vigil\u00e2ncia forte, um \u00f3rg\u00e3o de defesa sanit\u00e1ria treinado e de plant\u00e3o para minimizar o problema o mais r\u00e1pido poss\u00edvel, o setor como um todo poder\u00e1 agir antes que eventuais problemas atinjam propor\u00e7\u00f5es maiores.<\/p>\n<p>Cuidar da defesa sanit\u00e1ria \u00e9 fun\u00e7\u00e3o do estado, previsto na constitui\u00e7\u00e3o. O produtor, que sempre fez a sua parte, como demonstra os n\u00fameros efetivos da vacina\u00e7\u00e3o e sempre em busca de garantir o futuro do seu neg\u00f3cio e a seguran\u00e7a alimentar dos consumidores do seu produto, est\u00e1 disposto a ajudar.<\/p>\n","protected":false},"excerpt":{"rendered":"<p>As responsabilidades e compromissos para efici\u00eancia na erradica\u00e7\u00e3o da febre aftosa<\/p>\n","protected":false},"author":7,"featured_media":97985178,"comment_status":"closed","ping_status":"closed","sticky":false,"template":"","format":"standard","meta":{"footnotes":""},"categories":[8,6,1],"tags":[],"class_list":["post-97985553","post","type-post","status-publish","format-standard","has-post-thumbnail","hentry","category-artigo","category-destaque","category-noticia"],"yoast_head":"<!-- This site is optimized with the Yoast SEO plugin v24.8.1 - https:\/\/yoast.com\/wordpress\/plugins\/seo\/ -->\n<title>As responsabilidades e compromissos para efici\u00eancia - Acrimat<\/title>\n<meta name=\"robots\" content=\"index, follow, max-snippet:-1, max-image-preview:large, max-video-preview:-1\" \/>\n<link rel=\"canonical\" href=\"https:\/\/acrimat.org.br\/portal\/as-responsabilidades-e-compromissos-para-eficiencia-na-erradicacao-da-febre-aftosa\/\" \/>\n<meta property=\"og:locale\" content=\"pt_BR\" \/>\n<meta property=\"og:type\" content=\"article\" \/>\n<meta property=\"og:title\" content=\"As responsabilidades e compromissos para efici\u00eancia - Acrimat\" \/>\n<meta property=\"og:description\" content=\"As responsabilidades e compromissos para efici\u00eancia na erradica\u00e7\u00e3o da febre aftosa\" \/>\n<meta property=\"og:url\" content=\"https:\/\/acrimat.org.br\/portal\/as-responsabilidades-e-compromissos-para-eficiencia-na-erradicacao-da-febre-aftosa\/\" \/>\n<meta property=\"og:site_name\" content=\"Acrimat\" \/>\n<meta property=\"article:published_time\" content=\"2018-01-18T10:16:14+00:00\" \/>\n<meta property=\"article:modified_time\" content=\"2018-01-18T12:05:42+00:00\" \/>\n<meta property=\"og:image\" content=\"https:\/\/acrimat.org.br\/portal\/wp-content\/uploads\/2017\/12\/vacinacao-aftosa.jpg\" \/>\n\t<meta property=\"og:image:width\" content=\"900\" \/>\n\t<meta property=\"og:image:height\" content=\"667\" \/>\n\t<meta property=\"og:image:type\" content=\"image\/jpeg\" \/>\n<meta name=\"author\" content=\"Assessoria de comunica\u00e7\u00e3o ACRIMAT\" \/>\n<meta name=\"twitter:card\" content=\"summary_large_image\" \/>\n<meta name=\"twitter:label1\" content=\"Escrito por\" \/>\n\t<meta name=\"twitter:data1\" content=\"Assessoria de comunica\u00e7\u00e3o ACRIMAT\" \/>\n\t<meta name=\"twitter:label2\" content=\"Est. tempo de leitura\" \/>\n\t<meta name=\"twitter:data2\" content=\"3 minutos\" \/>\n<script type=\"application\/ld+json\" class=\"yoast-schema-graph\">{\"@context\":\"https:\/\/schema.org\",\"@graph\":[{\"@type\":\"Article\",\"@id\":\"https:\/\/acrimat.org.br\/portal\/as-responsabilidades-e-compromissos-para-eficiencia-na-erradicacao-da-febre-aftosa\/#article\",\"isPartOf\":{\"@id\":\"https:\/\/acrimat.org.br\/portal\/as-responsabilidades-e-compromissos-para-eficiencia-na-erradicacao-da-febre-aftosa\/\"},\"author\":{\"name\":\"Assessoria de comunica\u00e7\u00e3o ACRIMAT\",\"@id\":\"https:\/\/acrimat.org.br\/portal\/#\/schema\/person\/a309b9496344ff991e8e1b1d751fdd7b\"},\"headline\":\"As responsabilidades e compromissos para efici\u00eancia\",\"datePublished\":\"2018-01-18T10:16:14+00:00\",\"dateModified\":\"2018-01-18T12:05:42+00:00\",\"mainEntityOfPage\":{\"@id\":\"https:\/\/acrimat.org.br\/portal\/as-responsabilidades-e-compromissos-para-eficiencia-na-erradicacao-da-febre-aftosa\/\"},\"wordCount\":589,\"publisher\":{\"@id\":\"https:\/\/acrimat.org.br\/portal\/#organization\"},\"image\":{\"@id\":\"https:\/\/acrimat.org.br\/portal\/as-responsabilidades-e-compromissos-para-eficiencia-na-erradicacao-da-febre-aftosa\/#primaryimage\"},\"thumbnailUrl\":\"https:\/\/acrimat.org.br\/portal\/wp-content\/uploads\/2017\/12\/vacinacao-aftosa.jpg\",\"articleSection\":[\"Artigos\",\"Destaques\",\"Not\u00edcias\"],\"inLanguage\":\"pt-BR\"},{\"@type\":\"WebPage\",\"@id\":\"https:\/\/acrimat.org.br\/portal\/as-responsabilidades-e-compromissos-para-eficiencia-na-erradicacao-da-febre-aftosa\/\",\"url\":\"https:\/\/acrimat.org.br\/portal\/as-responsabilidades-e-compromissos-para-eficiencia-na-erradicacao-da-febre-aftosa\/\",\"name\":\"As responsabilidades e compromissos para efici\u00eancia - Acrimat\",\"isPartOf\":{\"@id\":\"https:\/\/acrimat.org.br\/portal\/#website\"},\"primaryImageOfPage\":{\"@id\":\"https:\/\/acrimat.org.br\/portal\/as-responsabilidades-e-compromissos-para-eficiencia-na-erradicacao-da-febre-aftosa\/#primaryimage\"},\"image\":{\"@id\":\"https:\/\/acrimat.org.br\/portal\/as-responsabilidades-e-compromissos-para-eficiencia-na-erradicacao-da-febre-aftosa\/#primaryimage\"},\"thumbnailUrl\":\"https:\/\/acrimat.org.br\/portal\/wp-content\/uploads\/2017\/12\/vacinacao-aftosa.jpg\",\"datePublished\":\"2018-01-18T10:16:14+00:00\",\"dateModified\":\"2018-01-18T12:05:42+00:00\",\"breadcrumb\":{\"@id\":\"https:\/\/acrimat.org.br\/portal\/as-responsabilidades-e-compromissos-para-eficiencia-na-erradicacao-da-febre-aftosa\/#breadcrumb\"},\"inLanguage\":\"pt-BR\",\"potentialAction\":[{\"@type\":\"ReadAction\",\"target\":[\"https:\/\/acrimat.org.br\/portal\/as-responsabilidades-e-compromissos-para-eficiencia-na-erradicacao-da-febre-aftosa\/\"]}]},{\"@type\":\"ImageObject\",\"inLanguage\":\"pt-BR\",\"@id\":\"https:\/\/acrimat.org.br\/portal\/as-responsabilidades-e-compromissos-para-eficiencia-na-erradicacao-da-febre-aftosa\/#primaryimage\",\"url\":\"https:\/\/acrimat.org.br\/portal\/wp-content\/uploads\/2017\/12\/vacinacao-aftosa.jpg\",\"contentUrl\":\"https:\/\/acrimat.org.br\/portal\/wp-content\/uploads\/2017\/12\/vacinacao-aftosa.jpg\",\"width\":900,\"height\":667},{\"@type\":\"BreadcrumbList\",\"@id\":\"https:\/\/acrimat.org.br\/portal\/as-responsabilidades-e-compromissos-para-eficiencia-na-erradicacao-da-febre-aftosa\/#breadcrumb\",\"itemListElement\":[{\"@type\":\"ListItem\",\"position\":1,\"name\":\"In\u00edcio\",\"item\":\"https:\/\/acrimat.org.br\/portal\/\"},{\"@type\":\"ListItem\",\"position\":2,\"name\":\"As responsabilidades e compromissos para efici\u00eancia\"}]},{\"@type\":\"WebSite\",\"@id\":\"https:\/\/acrimat.org.br\/portal\/#website\",\"url\":\"https:\/\/acrimat.org.br\/portal\/\",\"name\":\"Acrimat\",\"description\":\"Associa\u00e7\u00e3o dos Criadores de Mato Grosso\",\"publisher\":{\"@id\":\"https:\/\/acrimat.org.br\/portal\/#organization\"},\"potentialAction\":[{\"@type\":\"SearchAction\",\"target\":{\"@type\":\"EntryPoint\",\"urlTemplate\":\"https:\/\/acrimat.org.br\/portal\/?s={search_term_string}\"},\"query-input\":{\"@type\":\"PropertyValueSpecification\",\"valueRequired\":true,\"valueName\":\"search_term_string\"}}],\"inLanguage\":\"pt-BR\"},{\"@type\":\"Organization\",\"@id\":\"https:\/\/acrimat.org.br\/portal\/#organization\",\"name\":\"Associa\u00e7\u00e3o dos Criadores de Mato Grosso\",\"url\":\"https:\/\/acrimat.org.br\/portal\/\",\"logo\":{\"@type\":\"ImageObject\",\"inLanguage\":\"pt-BR\",\"@id\":\"https:\/\/acrimat.org.br\/portal\/#\/schema\/logo\/image\/\",\"url\":\"https:\/\/acrimat.org.br\/portal\/wp-content\/uploads\/2018\/03\/logo-peq-original.png\",\"contentUrl\":\"https:\/\/acrimat.org.br\/portal\/wp-content\/uploads\/2018\/03\/logo-peq-original.png\",\"width\":174,\"height\":171,\"caption\":\"Associa\u00e7\u00e3o dos Criadores de Mato Grosso\"},\"image\":{\"@id\":\"https:\/\/acrimat.org.br\/portal\/#\/schema\/logo\/image\/\"}},{\"@type\":\"Person\",\"@id\":\"https:\/\/acrimat.org.br\/portal\/#\/schema\/person\/a309b9496344ff991e8e1b1d751fdd7b\",\"name\":\"Assessoria de comunica\u00e7\u00e3o ACRIMAT\",\"image\":{\"@type\":\"ImageObject\",\"inLanguage\":\"pt-BR\",\"@id\":\"https:\/\/acrimat.org.br\/portal\/#\/schema\/person\/image\/\",\"url\":\"https:\/\/secure.gravatar.com\/avatar\/2f9c28e64c317bcd762b25cb1575f1b4?s=96&d=mm&r=g\",\"contentUrl\":\"https:\/\/secure.gravatar.com\/avatar\/2f9c28e64c317bcd762b25cb1575f1b4?s=96&d=mm&r=g\",\"caption\":\"Assessoria de comunica\u00e7\u00e3o ACRIMAT\"},\"sameAs\":[\"http:\/\/acrimat.org.br\/\"],\"url\":\"https:\/\/acrimat.org.br\/portal\/author\/ascom\/\"}]}<\/script>\n<!-- \/ Yoast SEO plugin. -->","yoast_head_json":{"title":"As responsabilidades e compromissos para efici\u00eancia - Acrimat","robots":{"index":"index","follow":"follow","max-snippet":"max-snippet:-1","max-image-preview":"max-image-preview:large","max-video-preview":"max-video-preview:-1"},"canonical":"https:\/\/acrimat.org.br\/portal\/as-responsabilidades-e-compromissos-para-eficiencia-na-erradicacao-da-febre-aftosa\/","og_locale":"pt_BR","og_type":"article","og_title":"As responsabilidades e compromissos para efici\u00eancia - Acrimat","og_description":"As responsabilidades e compromissos para efici\u00eancia na erradica\u00e7\u00e3o da febre aftosa","og_url":"https:\/\/acrimat.org.br\/portal\/as-responsabilidades-e-compromissos-para-eficiencia-na-erradicacao-da-febre-aftosa\/","og_site_name":"Acrimat","article_published_time":"2018-01-18T10:16:14+00:00","article_modified_time":"2018-01-18T12:05:42+00:00","og_image":[{"width":900,"height":667,"url":"https:\/\/acrimat.org.br\/portal\/wp-content\/uploads\/2017\/12\/vacinacao-aftosa.jpg","type":"image\/jpeg"}],"author":"Assessoria de comunica\u00e7\u00e3o ACRIMAT","twitter_card":"summary_large_image","twitter_misc":{"Escrito por":"Assessoria de comunica\u00e7\u00e3o ACRIMAT","Est. tempo de leitura":"3 minutos"},"schema":{"@context":"https:\/\/schema.org","@graph":[{"@type":"Article","@id":"https:\/\/acrimat.org.br\/portal\/as-responsabilidades-e-compromissos-para-eficiencia-na-erradicacao-da-febre-aftosa\/#article","isPartOf":{"@id":"https:\/\/acrimat.org.br\/portal\/as-responsabilidades-e-compromissos-para-eficiencia-na-erradicacao-da-febre-aftosa\/"},"author":{"name":"Assessoria de comunica\u00e7\u00e3o ACRIMAT","@id":"https:\/\/acrimat.org.br\/portal\/#\/schema\/person\/a309b9496344ff991e8e1b1d751fdd7b"},"headline":"As responsabilidades e compromissos para efici\u00eancia","datePublished":"2018-01-18T10:16:14+00:00","dateModified":"2018-01-18T12:05:42+00:00","mainEntityOfPage":{"@id":"https:\/\/acrimat.org.br\/portal\/as-responsabilidades-e-compromissos-para-eficiencia-na-erradicacao-da-febre-aftosa\/"},"wordCount":589,"publisher":{"@id":"https:\/\/acrimat.org.br\/portal\/#organization"},"image":{"@id":"https:\/\/acrimat.org.br\/portal\/as-responsabilidades-e-compromissos-para-eficiencia-na-erradicacao-da-febre-aftosa\/#primaryimage"},"thumbnailUrl":"https:\/\/acrimat.org.br\/portal\/wp-content\/uploads\/2017\/12\/vacinacao-aftosa.jpg","articleSection":["Artigos","Destaques","Not\u00edcias"],"inLanguage":"pt-BR"},{"@type":"WebPage","@id":"https:\/\/acrimat.org.br\/portal\/as-responsabilidades-e-compromissos-para-eficiencia-na-erradicacao-da-febre-aftosa\/","url":"https:\/\/acrimat.org.br\/portal\/as-responsabilidades-e-compromissos-para-eficiencia-na-erradicacao-da-febre-aftosa\/","name":"As responsabilidades e compromissos para efici\u00eancia - Acrimat","isPartOf":{"@id":"https:\/\/acrimat.org.br\/portal\/#website"},"primaryImageOfPage":{"@id":"https:\/\/acrimat.org.br\/portal\/as-responsabilidades-e-compromissos-para-eficiencia-na-erradicacao-da-febre-aftosa\/#primaryimage"},"image":{"@id":"https:\/\/acrimat.org.br\/portal\/as-responsabilidades-e-compromissos-para-eficiencia-na-erradicacao-da-febre-aftosa\/#primaryimage"},"thumbnailUrl":"https:\/\/acrimat.org.br\/portal\/wp-content\/uploads\/2017\/12\/vacinacao-aftosa.jpg","datePublished":"2018-01-18T10:16:14+00:00","dateModified":"2018-01-18T12:05:42+00:00","breadcrumb":{"@id":"https:\/\/acrimat.org.br\/portal\/as-responsabilidades-e-compromissos-para-eficiencia-na-erradicacao-da-febre-aftosa\/#breadcrumb"},"inLanguage":"pt-BR","potentialAction":[{"@type":"ReadAction","target":["https:\/\/acrimat.org.br\/portal\/as-responsabilidades-e-compromissos-para-eficiencia-na-erradicacao-da-febre-aftosa\/"]}]},{"@type":"ImageObject","inLanguage":"pt-BR","@id":"https:\/\/acrimat.org.br\/portal\/as-responsabilidades-e-compromissos-para-eficiencia-na-erradicacao-da-febre-aftosa\/#primaryimage","url":"https:\/\/acrimat.org.br\/portal\/wp-content\/uploads\/2017\/12\/vacinacao-aftosa.jpg","contentUrl":"https:\/\/acrimat.org.br\/portal\/wp-content\/uploads\/2017\/12\/vacinacao-aftosa.jpg","width":900,"height":667},{"@type":"BreadcrumbList","@id":"https:\/\/acrimat.org.br\/portal\/as-responsabilidades-e-compromissos-para-eficiencia-na-erradicacao-da-febre-aftosa\/#breadcrumb","itemListElement":[{"@type":"ListItem","position":1,"name":"In\u00edcio","item":"https:\/\/acrimat.org.br\/portal\/"},{"@type":"ListItem","position":2,"name":"As responsabilidades e compromissos para efici\u00eancia"}]},{"@type":"WebSite","@id":"https:\/\/acrimat.org.br\/portal\/#website","url":"https:\/\/acrimat.org.br\/portal\/","name":"Acrimat","description":"Associa\u00e7\u00e3o dos Criadores de Mato Grosso","publisher":{"@id":"https:\/\/acrimat.org.br\/portal\/#organization"},"potentialAction":[{"@type":"SearchAction","target":{"@type":"EntryPoint","urlTemplate":"https:\/\/acrimat.org.br\/portal\/?s={search_term_string}"},"query-input":{"@type":"PropertyValueSpecification","valueRequired":true,"valueName":"search_term_string"}}],"inLanguage":"pt-BR"},{"@type":"Organization","@id":"https:\/\/acrimat.org.br\/portal\/#organization","name":"Associa\u00e7\u00e3o dos Criadores de Mato Grosso","url":"https:\/\/acrimat.org.br\/portal\/","logo":{"@type":"ImageObject","inLanguage":"pt-BR","@id":"https:\/\/acrimat.org.br\/portal\/#\/schema\/logo\/image\/","url":"https:\/\/acrimat.org.br\/portal\/wp-content\/uploads\/2018\/03\/logo-peq-original.png","contentUrl":"https:\/\/acrimat.org.br\/portal\/wp-content\/uploads\/2018\/03\/logo-peq-original.png","width":174,"height":171,"caption":"Associa\u00e7\u00e3o dos Criadores de Mato Grosso"},"image":{"@id":"https:\/\/acrimat.org.br\/portal\/#\/schema\/logo\/image\/"}},{"@type":"Person","@id":"https:\/\/acrimat.org.br\/portal\/#\/schema\/person\/a309b9496344ff991e8e1b1d751fdd7b","name":"Assessoria de comunica\u00e7\u00e3o ACRIMAT","image":{"@type":"ImageObject","inLanguage":"pt-BR","@id":"https:\/\/acrimat.org.br\/portal\/#\/schema\/person\/image\/","url":"https:\/\/secure.gravatar.com\/avatar\/2f9c28e64c317bcd762b25cb1575f1b4?s=96&d=mm&r=g","contentUrl":"https:\/\/secure.gravatar.com\/avatar\/2f9c28e64c317bcd762b25cb1575f1b4?s=96&d=mm&r=g","caption":"Assessoria de comunica\u00e7\u00e3o ACRIMAT"},"sameAs":["http:\/\/acrimat.org.br\/"],"url":"https:\/\/acrimat.org.br\/portal\/author\/ascom\/"}]}},"_links":{"self":[{"href":"https:\/\/acrimat.org.br\/portal\/wp-json\/wp\/v2\/posts\/97985553","targetHints":{"allow":["GET"]}}],"collection":[{"href":"https:\/\/acrimat.org.br\/portal\/wp-json\/wp\/v2\/posts"}],"about":[{"href":"https:\/\/acrimat.org.br\/portal\/wp-json\/wp\/v2\/types\/post"}],"author":[{"embeddable":true,"href":"https:\/\/acrimat.org.br\/portal\/wp-json\/wp\/v2\/users\/7"}],"replies":[{"embeddable":true,"href":"https:\/\/acrimat.org.br\/portal\/wp-json\/wp\/v2\/comments?post=97985553"}],"version-history":[{"count":2,"href":"https:\/\/acrimat.org.br\/portal\/wp-json\/wp\/v2\/posts\/97985553\/revisions"}],"predecessor-version":[{"id":97985568,"href":"https:\/\/acrimat.org.br\/portal\/wp-json\/wp\/v2\/posts\/97985553\/revisions\/97985568"}],"wp:featuredmedia":[{"embeddable":true,"href":"https:\/\/acrimat.org.br\/portal\/wp-json\/wp\/v2\/media\/97985178"}],"wp:attachment":[{"href":"https:\/\/acrimat.org.br\/portal\/wp-json\/wp\/v2\/media?parent=97985553"}],"wp:term":[{"taxonomy":"category","embeddable":true,"href":"https:\/\/acrimat.org.br\/portal\/wp-json\/wp\/v2\/categories?post=97985553"},{"taxonomy":"post_tag","embeddable":true,"href":"https:\/\/acrimat.org.br\/portal\/wp-json\/wp\/v2\/tags?post=97985553"}],"curies":[{"name":"wp","href":"https:\/\/api.w.org\/{rel}","templated":true}]}}