{"id":97985561,"date":"2018-01-18T08:58:49","date_gmt":"2018-01-18T11:58:49","guid":{"rendered":"http:\/\/acrimat.org.br\/portal\/?p=97985561"},"modified":"2018-01-18T09:12:08","modified_gmt":"2018-01-18T12:12:08","slug":"apos-recorde-valor-de-producao-pode-ter-menor-patamar-em-cincoanos","status":"publish","type":"post","link":"https:\/\/acrimat.org.br\/portal\/apos-recorde-valor-de-producao-pode-ter-menor-patamar-em-cincoanos\/","title":{"rendered":"Valor de produ\u00e7\u00e3o pode ter menor patamar"},"content":{"rendered":"<p>Ap\u00f3s o recorde de 2017, o valor da produ\u00e7\u00e3o agropecu\u00e1ria nacional poder\u00e1 recuar para o menor patamar em cinco anos em 2018.<\/p>\n<p>As estimativas iniciais da Secretaria de Pol\u00edtica Agr\u00edcola do Minist\u00e9rio da Agricultura indicam receitas de R$ 521,7 bilh\u00f5es neste ano, 3,4% menos do que os R$ 540,3 bilh\u00f5es de 2017.<\/p>\n<p>O recuo do VBP (valor Bruto da Produ\u00e7\u00e3o) dever\u00e1 ocorrer porque as condi\u00e7\u00f5es clim\u00e1ticas e a produtividade favor\u00e1veis do ano passado n\u00e3o dever\u00e3o se confirmar neste.<\/p>\n<p>A queda poder\u00e1 ser suavizada, no entanto, por aumento de \u00e1rea em alguns produtos e recupera\u00e7\u00e3o de pre\u00e7os em outros.<\/p>\n<p>Um dos destaques deste ano ser\u00e1 a soja, conforme mostra pesquisa de Jos\u00e9 Garcia Gasques, coordenador-geral de Estudos e An\u00e1lises da Secretaria de Pol\u00edtica Agr\u00edcola. A \u00e1rea subiu para 35 milh\u00f5es de hectares, o que garante patamares de produ\u00e7\u00e3o pr\u00f3ximos aos de 2017.<\/p>\n<p>Al\u00e9m disso, a demanda mundial pela soja brasileira tem crescimento constante. No ano passado, o pa\u00eds colocou 68 milh\u00f5es de toneladas no exterior. N\u00famero que dever\u00e1 ser repetido neste ano.<\/p>\n<p>A estimativa de Gasques para a soja \u00e9 de um valor bruto de R$ 120,3 bilh\u00f5es, 1,4% mais do que em 2017.<\/p>\n<p>O levantamento de VBP feito pelo Minist\u00e9rio da Agricultura engloba 25 produtos, ficando de fora o fumo. Desta lista, 12 tiveram alta em 2017. Neste ano, se as estimativas da Secretaria de Pol\u00edtica Agr\u00edcola se confirmarem, ser\u00e3o 10.<\/p>\n<p>As lavouras, devido \u00e0 supersafra de 241 milh\u00f5es de toneladas apontadas pelo IBGE, tiveram um VBP de R$ 364,6 bilh\u00f5es, 4,2% mais do que em 2016. Para este ano, por\u00e9m, est\u00e1 previsto um recuo para R$ 346,5 bilh\u00f5es, 5% menos.<\/p>\n<p>J\u00e1 a pecu\u00e1ria tem um desempenho melhor em 2018. Ap\u00f3s uma queda de 4,1% no ano passado, o valor de produ\u00e7\u00e3o deste ano fica est\u00e1vel em R$ 175,2 bilh\u00f5es.<\/p>\n<p>O mau desempenho da pecu\u00e1ria em 2017 ocorreu devido \u00e0s opera\u00e7\u00f5es da Pol\u00edcia Federal no setor.<\/p>\n<p>Houve um travamento das vendas internas no primeiro semestre, provocando redu\u00e7\u00e3o de pre\u00e7os. Al\u00e9m disso, as exporta\u00e7\u00f5es de carnes tamb\u00e9m foram afetadas durante v\u00e1rios meses.<\/p>\n<p>Para 2018, a demanda interna poder\u00e1 melhorar, devido a uma retomada da economia. A externa, aquecida, tamb\u00e9m poder\u00e1 ajudar.<\/p>\n<p>No setor de lavouras, o algod\u00e3o volta a ter um VBP recorde, atingindo R$ 21,8 bilh\u00f5es, quase o dobro do que vinha registrando em anos anteriores. O caf\u00e9 tamb\u00e9m se recupera, somando R$ 22,8 bilh\u00f5es.<\/p>\n<p>China encolhe&#8230; &#8211; As exporta\u00e7\u00f5es de carne su\u00edna da Uni\u00e3o Europeia para a China ca\u00edram 27% no ano passado, em rela\u00e7\u00e3o a 2016. De janeiro a novembro, os europeus colocaram apenas 1,28 milh\u00e3o de toneladas no mercado chin\u00eas.<\/p>\n<p>&#8230;e R\u00fassia n\u00e3o volta &#8211; Os russos eram os preferidos dos europeus nas exporta\u00e7\u00f5es de carne su\u00edna at\u00e9 a crise da Ucr\u00e2nia, em 2014. A partir dela, a R\u00fassia fechou as portas para a Uni\u00e3o Europeia e n\u00e3o consta mais da lista dos principais importadores.<\/p>\n","protected":false},"excerpt":{"rendered":"<p>J\u00e1 a pecu\u00e1ria tem um desempenho melhor em 2018. Ap\u00f3s uma queda de 4,1% no ano passado.<\/p>\n","protected":false},"author":7,"featured_media":97984957,"comment_status":"closed","ping_status":"closed","sticky":false,"template":"","format":"standard","meta":{"footnotes":""},"categories":[6,1],"tags":[],"class_list":["post-97985561","post","type-post","status-publish","format-standard","has-post-thumbnail","hentry","category-destaque","category-noticia"],"yoast_head":"<!-- This site is optimized with the Yoast SEO plugin v24.8.1 - https:\/\/yoast.com\/wordpress\/plugins\/seo\/ -->\n<title>Valor de produ\u00e7\u00e3o pode ter menor patamar - Acrimat<\/title>\n<meta name=\"robots\" content=\"index, follow, max-snippet:-1, max-image-preview:large, max-video-preview:-1\" \/>\n<link rel=\"canonical\" href=\"https:\/\/acrimat.org.br\/portal\/apos-recorde-valor-de-producao-pode-ter-menor-patamar-em-cincoanos\/\" \/>\n<meta property=\"og:locale\" content=\"pt_BR\" \/>\n<meta property=\"og:type\" content=\"article\" \/>\n<meta property=\"og:title\" content=\"Valor de produ\u00e7\u00e3o pode ter menor patamar - Acrimat\" \/>\n<meta property=\"og:description\" content=\"J\u00e1 a pecu\u00e1ria tem um desempenho melhor em 2018. Ap\u00f3s uma queda de 4,1% no ano passado.\" \/>\n<meta property=\"og:url\" content=\"https:\/\/acrimat.org.br\/portal\/apos-recorde-valor-de-producao-pode-ter-menor-patamar-em-cincoanos\/\" \/>\n<meta property=\"og:site_name\" content=\"Acrimat\" \/>\n<meta property=\"article:published_time\" content=\"2018-01-18T11:58:49+00:00\" \/>\n<meta property=\"article:modified_time\" content=\"2018-01-18T12:12:08+00:00\" \/>\n<meta property=\"og:image\" content=\"https:\/\/acrimat.org.br\/portal\/wp-content\/uploads\/2017\/11\/897-pastagem-1.jpg\" \/>\n\t<meta property=\"og:image:width\" content=\"640\" \/>\n\t<meta property=\"og:image:height\" content=\"480\" \/>\n\t<meta property=\"og:image:type\" content=\"image\/jpeg\" \/>\n<meta name=\"author\" content=\"Assessoria de comunica\u00e7\u00e3o ACRIMAT\" \/>\n<meta name=\"twitter:card\" content=\"summary_large_image\" \/>\n<meta name=\"twitter:label1\" content=\"Escrito por\" \/>\n\t<meta name=\"twitter:data1\" content=\"Assessoria de comunica\u00e7\u00e3o ACRIMAT\" \/>\n\t<meta name=\"twitter:label2\" content=\"Est. tempo de leitura\" \/>\n\t<meta name=\"twitter:data2\" content=\"3 minutos\" \/>\n<script type=\"application\/ld+json\" class=\"yoast-schema-graph\">{\"@context\":\"https:\/\/schema.org\",\"@graph\":[{\"@type\":\"Article\",\"@id\":\"https:\/\/acrimat.org.br\/portal\/apos-recorde-valor-de-producao-pode-ter-menor-patamar-em-cincoanos\/#article\",\"isPartOf\":{\"@id\":\"https:\/\/acrimat.org.br\/portal\/apos-recorde-valor-de-producao-pode-ter-menor-patamar-em-cincoanos\/\"},\"author\":{\"name\":\"Assessoria de comunica\u00e7\u00e3o ACRIMAT\",\"@id\":\"https:\/\/acrimat.org.br\/portal\/#\/schema\/person\/a309b9496344ff991e8e1b1d751fdd7b\"},\"headline\":\"Valor de produ\u00e7\u00e3o pode ter menor patamar\",\"datePublished\":\"2018-01-18T11:58:49+00:00\",\"dateModified\":\"2018-01-18T12:12:08+00:00\",\"mainEntityOfPage\":{\"@id\":\"https:\/\/acrimat.org.br\/portal\/apos-recorde-valor-de-producao-pode-ter-menor-patamar-em-cincoanos\/\"},\"wordCount\":520,\"publisher\":{\"@id\":\"https:\/\/acrimat.org.br\/portal\/#organization\"},\"image\":{\"@id\":\"https:\/\/acrimat.org.br\/portal\/apos-recorde-valor-de-producao-pode-ter-menor-patamar-em-cincoanos\/#primaryimage\"},\"thumbnailUrl\":\"https:\/\/acrimat.org.br\/portal\/wp-content\/uploads\/2017\/11\/897-pastagem-1.jpg\",\"articleSection\":[\"Destaques\",\"Not\u00edcias\"],\"inLanguage\":\"pt-BR\"},{\"@type\":\"WebPage\",\"@id\":\"https:\/\/acrimat.org.br\/portal\/apos-recorde-valor-de-producao-pode-ter-menor-patamar-em-cincoanos\/\",\"url\":\"https:\/\/acrimat.org.br\/portal\/apos-recorde-valor-de-producao-pode-ter-menor-patamar-em-cincoanos\/\",\"name\":\"Valor de produ\u00e7\u00e3o pode ter menor patamar - Acrimat\",\"isPartOf\":{\"@id\":\"https:\/\/acrimat.org.br\/portal\/#website\"},\"primaryImageOfPage\":{\"@id\":\"https:\/\/acrimat.org.br\/portal\/apos-recorde-valor-de-producao-pode-ter-menor-patamar-em-cincoanos\/#primaryimage\"},\"image\":{\"@id\":\"https:\/\/acrimat.org.br\/portal\/apos-recorde-valor-de-producao-pode-ter-menor-patamar-em-cincoanos\/#primaryimage\"},\"thumbnailUrl\":\"https:\/\/acrimat.org.br\/portal\/wp-content\/uploads\/2017\/11\/897-pastagem-1.jpg\",\"datePublished\":\"2018-01-18T11:58:49+00:00\",\"dateModified\":\"2018-01-18T12:12:08+00:00\",\"breadcrumb\":{\"@id\":\"https:\/\/acrimat.org.br\/portal\/apos-recorde-valor-de-producao-pode-ter-menor-patamar-em-cincoanos\/#breadcrumb\"},\"inLanguage\":\"pt-BR\",\"potentialAction\":[{\"@type\":\"ReadAction\",\"target\":[\"https:\/\/acrimat.org.br\/portal\/apos-recorde-valor-de-producao-pode-ter-menor-patamar-em-cincoanos\/\"]}]},{\"@type\":\"ImageObject\",\"inLanguage\":\"pt-BR\",\"@id\":\"https:\/\/acrimat.org.br\/portal\/apos-recorde-valor-de-producao-pode-ter-menor-patamar-em-cincoanos\/#primaryimage\",\"url\":\"https:\/\/acrimat.org.br\/portal\/wp-content\/uploads\/2017\/11\/897-pastagem-1.jpg\",\"contentUrl\":\"https:\/\/acrimat.org.br\/portal\/wp-content\/uploads\/2017\/11\/897-pastagem-1.jpg\",\"width\":640,\"height\":480},{\"@type\":\"BreadcrumbList\",\"@id\":\"https:\/\/acrimat.org.br\/portal\/apos-recorde-valor-de-producao-pode-ter-menor-patamar-em-cincoanos\/#breadcrumb\",\"itemListElement\":[{\"@type\":\"ListItem\",\"position\":1,\"name\":\"In\u00edcio\",\"item\":\"https:\/\/acrimat.org.br\/portal\/\"},{\"@type\":\"ListItem\",\"position\":2,\"name\":\"Valor de produ\u00e7\u00e3o pode ter menor patamar\"}]},{\"@type\":\"WebSite\",\"@id\":\"https:\/\/acrimat.org.br\/portal\/#website\",\"url\":\"https:\/\/acrimat.org.br\/portal\/\",\"name\":\"Acrimat\",\"description\":\"Associa\u00e7\u00e3o dos Criadores de Mato Grosso\",\"publisher\":{\"@id\":\"https:\/\/acrimat.org.br\/portal\/#organization\"},\"potentialAction\":[{\"@type\":\"SearchAction\",\"target\":{\"@type\":\"EntryPoint\",\"urlTemplate\":\"https:\/\/acrimat.org.br\/portal\/?s={search_term_string}\"},\"query-input\":{\"@type\":\"PropertyValueSpecification\",\"valueRequired\":true,\"valueName\":\"search_term_string\"}}],\"inLanguage\":\"pt-BR\"},{\"@type\":\"Organization\",\"@id\":\"https:\/\/acrimat.org.br\/portal\/#organization\",\"name\":\"Associa\u00e7\u00e3o dos Criadores de Mato Grosso\",\"url\":\"https:\/\/acrimat.org.br\/portal\/\",\"logo\":{\"@type\":\"ImageObject\",\"inLanguage\":\"pt-BR\",\"@id\":\"https:\/\/acrimat.org.br\/portal\/#\/schema\/logo\/image\/\",\"url\":\"https:\/\/acrimat.org.br\/portal\/wp-content\/uploads\/2018\/03\/logo-peq-original.png\",\"contentUrl\":\"https:\/\/acrimat.org.br\/portal\/wp-content\/uploads\/2018\/03\/logo-peq-original.png\",\"width\":174,\"height\":171,\"caption\":\"Associa\u00e7\u00e3o dos Criadores de Mato Grosso\"},\"image\":{\"@id\":\"https:\/\/acrimat.org.br\/portal\/#\/schema\/logo\/image\/\"}},{\"@type\":\"Person\",\"@id\":\"https:\/\/acrimat.org.br\/portal\/#\/schema\/person\/a309b9496344ff991e8e1b1d751fdd7b\",\"name\":\"Assessoria de comunica\u00e7\u00e3o ACRIMAT\",\"image\":{\"@type\":\"ImageObject\",\"inLanguage\":\"pt-BR\",\"@id\":\"https:\/\/acrimat.org.br\/portal\/#\/schema\/person\/image\/\",\"url\":\"https:\/\/secure.gravatar.com\/avatar\/2f9c28e64c317bcd762b25cb1575f1b4?s=96&d=mm&r=g\",\"contentUrl\":\"https:\/\/secure.gravatar.com\/avatar\/2f9c28e64c317bcd762b25cb1575f1b4?s=96&d=mm&r=g\",\"caption\":\"Assessoria de comunica\u00e7\u00e3o ACRIMAT\"},\"sameAs\":[\"http:\/\/acrimat.org.br\/\"],\"url\":\"https:\/\/acrimat.org.br\/portal\/author\/ascom\/\"}]}<\/script>\n<!-- \/ Yoast SEO plugin. -->","yoast_head_json":{"title":"Valor de produ\u00e7\u00e3o pode ter menor patamar - Acrimat","robots":{"index":"index","follow":"follow","max-snippet":"max-snippet:-1","max-image-preview":"max-image-preview:large","max-video-preview":"max-video-preview:-1"},"canonical":"https:\/\/acrimat.org.br\/portal\/apos-recorde-valor-de-producao-pode-ter-menor-patamar-em-cincoanos\/","og_locale":"pt_BR","og_type":"article","og_title":"Valor de produ\u00e7\u00e3o pode ter menor patamar - Acrimat","og_description":"J\u00e1 a pecu\u00e1ria tem um desempenho melhor em 2018. Ap\u00f3s uma queda de 4,1% no ano passado.","og_url":"https:\/\/acrimat.org.br\/portal\/apos-recorde-valor-de-producao-pode-ter-menor-patamar-em-cincoanos\/","og_site_name":"Acrimat","article_published_time":"2018-01-18T11:58:49+00:00","article_modified_time":"2018-01-18T12:12:08+00:00","og_image":[{"width":640,"height":480,"url":"https:\/\/acrimat.org.br\/portal\/wp-content\/uploads\/2017\/11\/897-pastagem-1.jpg","type":"image\/jpeg"}],"author":"Assessoria de comunica\u00e7\u00e3o ACRIMAT","twitter_card":"summary_large_image","twitter_misc":{"Escrito por":"Assessoria de comunica\u00e7\u00e3o ACRIMAT","Est. tempo de leitura":"3 minutos"},"schema":{"@context":"https:\/\/schema.org","@graph":[{"@type":"Article","@id":"https:\/\/acrimat.org.br\/portal\/apos-recorde-valor-de-producao-pode-ter-menor-patamar-em-cincoanos\/#article","isPartOf":{"@id":"https:\/\/acrimat.org.br\/portal\/apos-recorde-valor-de-producao-pode-ter-menor-patamar-em-cincoanos\/"},"author":{"name":"Assessoria de comunica\u00e7\u00e3o ACRIMAT","@id":"https:\/\/acrimat.org.br\/portal\/#\/schema\/person\/a309b9496344ff991e8e1b1d751fdd7b"},"headline":"Valor de produ\u00e7\u00e3o pode ter menor patamar","datePublished":"2018-01-18T11:58:49+00:00","dateModified":"2018-01-18T12:12:08+00:00","mainEntityOfPage":{"@id":"https:\/\/acrimat.org.br\/portal\/apos-recorde-valor-de-producao-pode-ter-menor-patamar-em-cincoanos\/"},"wordCount":520,"publisher":{"@id":"https:\/\/acrimat.org.br\/portal\/#organization"},"image":{"@id":"https:\/\/acrimat.org.br\/portal\/apos-recorde-valor-de-producao-pode-ter-menor-patamar-em-cincoanos\/#primaryimage"},"thumbnailUrl":"https:\/\/acrimat.org.br\/portal\/wp-content\/uploads\/2017\/11\/897-pastagem-1.jpg","articleSection":["Destaques","Not\u00edcias"],"inLanguage":"pt-BR"},{"@type":"WebPage","@id":"https:\/\/acrimat.org.br\/portal\/apos-recorde-valor-de-producao-pode-ter-menor-patamar-em-cincoanos\/","url":"https:\/\/acrimat.org.br\/portal\/apos-recorde-valor-de-producao-pode-ter-menor-patamar-em-cincoanos\/","name":"Valor de produ\u00e7\u00e3o pode ter menor patamar - Acrimat","isPartOf":{"@id":"https:\/\/acrimat.org.br\/portal\/#website"},"primaryImageOfPage":{"@id":"https:\/\/acrimat.org.br\/portal\/apos-recorde-valor-de-producao-pode-ter-menor-patamar-em-cincoanos\/#primaryimage"},"image":{"@id":"https:\/\/acrimat.org.br\/portal\/apos-recorde-valor-de-producao-pode-ter-menor-patamar-em-cincoanos\/#primaryimage"},"thumbnailUrl":"https:\/\/acrimat.org.br\/portal\/wp-content\/uploads\/2017\/11\/897-pastagem-1.jpg","datePublished":"2018-01-18T11:58:49+00:00","dateModified":"2018-01-18T12:12:08+00:00","breadcrumb":{"@id":"https:\/\/acrimat.org.br\/portal\/apos-recorde-valor-de-producao-pode-ter-menor-patamar-em-cincoanos\/#breadcrumb"},"inLanguage":"pt-BR","potentialAction":[{"@type":"ReadAction","target":["https:\/\/acrimat.org.br\/portal\/apos-recorde-valor-de-producao-pode-ter-menor-patamar-em-cincoanos\/"]}]},{"@type":"ImageObject","inLanguage":"pt-BR","@id":"https:\/\/acrimat.org.br\/portal\/apos-recorde-valor-de-producao-pode-ter-menor-patamar-em-cincoanos\/#primaryimage","url":"https:\/\/acrimat.org.br\/portal\/wp-content\/uploads\/2017\/11\/897-pastagem-1.jpg","contentUrl":"https:\/\/acrimat.org.br\/portal\/wp-content\/uploads\/2017\/11\/897-pastagem-1.jpg","width":640,"height":480},{"@type":"BreadcrumbList","@id":"https:\/\/acrimat.org.br\/portal\/apos-recorde-valor-de-producao-pode-ter-menor-patamar-em-cincoanos\/#breadcrumb","itemListElement":[{"@type":"ListItem","position":1,"name":"In\u00edcio","item":"https:\/\/acrimat.org.br\/portal\/"},{"@type":"ListItem","position":2,"name":"Valor de produ\u00e7\u00e3o pode ter menor patamar"}]},{"@type":"WebSite","@id":"https:\/\/acrimat.org.br\/portal\/#website","url":"https:\/\/acrimat.org.br\/portal\/","name":"Acrimat","description":"Associa\u00e7\u00e3o dos Criadores de Mato Grosso","publisher":{"@id":"https:\/\/acrimat.org.br\/portal\/#organization"},"potentialAction":[{"@type":"SearchAction","target":{"@type":"EntryPoint","urlTemplate":"https:\/\/acrimat.org.br\/portal\/?s={search_term_string}"},"query-input":{"@type":"PropertyValueSpecification","valueRequired":true,"valueName":"search_term_string"}}],"inLanguage":"pt-BR"},{"@type":"Organization","@id":"https:\/\/acrimat.org.br\/portal\/#organization","name":"Associa\u00e7\u00e3o dos Criadores de Mato Grosso","url":"https:\/\/acrimat.org.br\/portal\/","logo":{"@type":"ImageObject","inLanguage":"pt-BR","@id":"https:\/\/acrimat.org.br\/portal\/#\/schema\/logo\/image\/","url":"https:\/\/acrimat.org.br\/portal\/wp-content\/uploads\/2018\/03\/logo-peq-original.png","contentUrl":"https:\/\/acrimat.org.br\/portal\/wp-content\/uploads\/2018\/03\/logo-peq-original.png","width":174,"height":171,"caption":"Associa\u00e7\u00e3o dos Criadores de Mato Grosso"},"image":{"@id":"https:\/\/acrimat.org.br\/portal\/#\/schema\/logo\/image\/"}},{"@type":"Person","@id":"https:\/\/acrimat.org.br\/portal\/#\/schema\/person\/a309b9496344ff991e8e1b1d751fdd7b","name":"Assessoria de comunica\u00e7\u00e3o ACRIMAT","image":{"@type":"ImageObject","inLanguage":"pt-BR","@id":"https:\/\/acrimat.org.br\/portal\/#\/schema\/person\/image\/","url":"https:\/\/secure.gravatar.com\/avatar\/2f9c28e64c317bcd762b25cb1575f1b4?s=96&d=mm&r=g","contentUrl":"https:\/\/secure.gravatar.com\/avatar\/2f9c28e64c317bcd762b25cb1575f1b4?s=96&d=mm&r=g","caption":"Assessoria de comunica\u00e7\u00e3o ACRIMAT"},"sameAs":["http:\/\/acrimat.org.br\/"],"url":"https:\/\/acrimat.org.br\/portal\/author\/ascom\/"}]}},"_links":{"self":[{"href":"https:\/\/acrimat.org.br\/portal\/wp-json\/wp\/v2\/posts\/97985561","targetHints":{"allow":["GET"]}}],"collection":[{"href":"https:\/\/acrimat.org.br\/portal\/wp-json\/wp\/v2\/posts"}],"about":[{"href":"https:\/\/acrimat.org.br\/portal\/wp-json\/wp\/v2\/types\/post"}],"author":[{"embeddable":true,"href":"https:\/\/acrimat.org.br\/portal\/wp-json\/wp\/v2\/users\/7"}],"replies":[{"embeddable":true,"href":"https:\/\/acrimat.org.br\/portal\/wp-json\/wp\/v2\/comments?post=97985561"}],"version-history":[{"count":5,"href":"https:\/\/acrimat.org.br\/portal\/wp-json\/wp\/v2\/posts\/97985561\/revisions"}],"predecessor-version":[{"id":97985573,"href":"https:\/\/acrimat.org.br\/portal\/wp-json\/wp\/v2\/posts\/97985561\/revisions\/97985573"}],"wp:featuredmedia":[{"embeddable":true,"href":"https:\/\/acrimat.org.br\/portal\/wp-json\/wp\/v2\/media\/97984957"}],"wp:attachment":[{"href":"https:\/\/acrimat.org.br\/portal\/wp-json\/wp\/v2\/media?parent=97985561"}],"wp:term":[{"taxonomy":"category","embeddable":true,"href":"https:\/\/acrimat.org.br\/portal\/wp-json\/wp\/v2\/categories?post=97985561"},{"taxonomy":"post_tag","embeddable":true,"href":"https:\/\/acrimat.org.br\/portal\/wp-json\/wp\/v2\/tags?post=97985561"}],"curies":[{"name":"wp","href":"https:\/\/api.w.org\/{rel}","templated":true}]}}