{"id":97985565,"date":"2018-01-18T09:02:48","date_gmt":"2018-01-18T12:02:48","guid":{"rendered":"http:\/\/acrimat.org.br\/portal\/?p=97985565"},"modified":"2018-01-18T09:11:30","modified_gmt":"2018-01-18T12:11:30","slug":"receita-gerada-no-campo-cai","status":"publish","type":"post","link":"https:\/\/acrimat.org.br\/portal\/receita-gerada-no-campo-cai\/","title":{"rendered":"Receita gerada no campo caiu no ano passado"},"content":{"rendered":"<p>O Valor Bruto da Produ\u00e7\u00e3o Agropecu\u00e1ria (VBP) de Mato Grosso encerrou 2017 com o menor montante em 4 anos, em R$ 69,815 bilh\u00f5es. A cifra caiu 3,3% em rela\u00e7\u00e3o ao ano anterior, quando atingiu R$ 72,223 bilh\u00f5es. A baixa foi influenciada pela redu\u00e7\u00e3o nos pre\u00e7os de produtos com grande representatividade no VBP, como a soja, cujo valor retraiu 9,64% de um ano para o outro. A baixa na receita total \u00e9 resultado de queda tanto nas lavouras quanto na pecu\u00e1ria.<\/p>\n<p>A renda com as lavouras, cujo volume representa 79% do VBP, retraiu 2,8% de 2016 para 2017. No ano passado, o faturamento da agricultura atingiu R$ 55,312 bilh\u00f5es, com queda em rela\u00e7\u00e3o ao ano anterior, quando somaram R$ 56,910 bilh\u00f5es. No ano passado, alguns produtos tiveram incremento no VBP, a exemplo do algod\u00e3o, cujo valor gerado com a venda da fibra subiu de R$ 11,927 bilh\u00f5es para R$ 14,180 bilh\u00f5es. A alta no faturamento foi de 18,89% no decorrer de 1 ano. A cana-de -a\u00e7\u00facar \u00e9 outro produto que teve valoriza\u00e7\u00e3o, com aumento de 36,87% no per\u00edodo. Passou de R$ 1,395 bilh\u00e3o para R$ 1,910 bilh\u00e3o.<\/p>\n<p>Na contram\u00e3o dessas culturas, os principais gr\u00e3os produzidos no Estado apresentaram redu\u00e7\u00e3o no VBP, em virtude da retra\u00e7\u00e3o no pre\u00e7o. A maior safra da hist\u00f3ria de Mato Grosso contou com forte perda no valor de commodities como soja e milho. No caso da soja, que sozinha representa 41% do VBP total de Mato Grosso, a queda chegou a 9% na varia\u00e7\u00e3o anual, passando de R$ 31,890 bilh\u00f5es para R$ 28,814 bilh\u00f5es.<\/p>\n<p>O milho, que \u00e9 um dos produtos que mais perdeu valor no ano passado, teve o VBP achatado em 12%, embora a safra tenha expandido 59% em volume, passando de 19,097 milh\u00f5es de toneladas na temporada 2015\/2016 para 30,451 milh\u00f5es (t) na \u00faltima safra. \u201cTudo isso s\u00f3 demonstra o que temos dito constantemente. A safra do ano passado n\u00e3o resultou em ganho ao produtor, pois a queda foi acentuada\u201d, comenta o presidente da Associa\u00e7\u00e3o dos Produtores de Soja e Milho (Aprosoja\/MT), Ant\u00f4nio Galvan. \u201cO encolhimento no faturamento est\u00e1 levando os produtores, cada vez mais, a recorrerem aos financiamentos para custear a lavoura. H\u00e1 3 safras, 40% dos produtores custeavam a produ\u00e7\u00e3o com recursos pr\u00f3prios. Nesta safra, j\u00e1 s\u00e3o 19%. A desvaloriza\u00e7\u00e3o do produto acaba resultando em inadimpl\u00eancia\u201d, completa Galvan.<\/p>\n<p>A pecu\u00e1ria de Mato Grosso (bovinos, su\u00ednos, frango, leite e ovos) tamb\u00e9m apresentou recuo, de 5,29% no VBP. Foram R$ 14,502 bilh\u00f5es em 2017 contra R$15,313 bilh\u00f5es em 2016. De todas as cria\u00e7\u00f5es, somente a de su\u00ednos apresentou alta, que chegou a 11,7%, saindo de R$ 807,065 milh\u00f5es para R$ 901,533 milh\u00f5es. A produ\u00e7\u00e3o de bovinos fechou o ano com queda de 2,15%, saindo de R$ 10,811 bilh\u00f5es para R$ 10,578 bilh\u00f5es.<\/p>\n","protected":false},"excerpt":{"rendered":"<p>VBP de MT \u00e9 o menor desde 2013, quando atingiu R$ 67,826 bilh\u00f5es<\/p>\n","protected":false},"author":7,"featured_media":97984670,"comment_status":"closed","ping_status":"closed","sticky":false,"template":"","format":"standard","meta":{"footnotes":""},"categories":[6,1],"tags":[],"class_list":["post-97985565","post","type-post","status-publish","format-standard","has-post-thumbnail","hentry","category-destaque","category-noticia"],"yoast_head":"<!-- This site is optimized with the Yoast SEO plugin v24.8.1 - https:\/\/yoast.com\/wordpress\/plugins\/seo\/ -->\n<title>Receita gerada no campo caiu no ano passado - Acrimat<\/title>\n<meta name=\"robots\" content=\"index, follow, max-snippet:-1, max-image-preview:large, max-video-preview:-1\" \/>\n<link rel=\"canonical\" href=\"https:\/\/acrimat.org.br\/portal\/receita-gerada-no-campo-cai\/\" \/>\n<meta property=\"og:locale\" content=\"pt_BR\" \/>\n<meta property=\"og:type\" content=\"article\" \/>\n<meta property=\"og:title\" content=\"Receita gerada no campo caiu no ano passado - Acrimat\" \/>\n<meta property=\"og:description\" content=\"VBP de MT \u00e9 o menor desde 2013, quando atingiu R$ 67,826 bilh\u00f5es\" \/>\n<meta property=\"og:url\" content=\"https:\/\/acrimat.org.br\/portal\/receita-gerada-no-campo-cai\/\" \/>\n<meta property=\"og:site_name\" content=\"Acrimat\" \/>\n<meta property=\"article:published_time\" content=\"2018-01-18T12:02:48+00:00\" \/>\n<meta property=\"article:modified_time\" content=\"2018-01-18T12:11:30+00:00\" \/>\n<meta property=\"og:image\" content=\"https:\/\/acrimat.org.br\/portal\/wp-content\/uploads\/2017\/11\/1501713947795.jpg\" \/>\n\t<meta property=\"og:image:width\" content=\"640\" \/>\n\t<meta property=\"og:image:height\" content=\"427\" \/>\n\t<meta property=\"og:image:type\" content=\"image\/jpeg\" \/>\n<meta name=\"author\" content=\"Assessoria de comunica\u00e7\u00e3o ACRIMAT\" \/>\n<meta name=\"twitter:card\" content=\"summary_large_image\" \/>\n<meta name=\"twitter:label1\" content=\"Escrito por\" \/>\n\t<meta name=\"twitter:data1\" content=\"Assessoria de comunica\u00e7\u00e3o ACRIMAT\" \/>\n\t<meta name=\"twitter:label2\" content=\"Est. tempo de leitura\" \/>\n\t<meta name=\"twitter:data2\" content=\"2 minutos\" \/>\n<script type=\"application\/ld+json\" class=\"yoast-schema-graph\">{\"@context\":\"https:\/\/schema.org\",\"@graph\":[{\"@type\":\"Article\",\"@id\":\"https:\/\/acrimat.org.br\/portal\/receita-gerada-no-campo-cai\/#article\",\"isPartOf\":{\"@id\":\"https:\/\/acrimat.org.br\/portal\/receita-gerada-no-campo-cai\/\"},\"author\":{\"name\":\"Assessoria de comunica\u00e7\u00e3o ACRIMAT\",\"@id\":\"https:\/\/acrimat.org.br\/portal\/#\/schema\/person\/a309b9496344ff991e8e1b1d751fdd7b\"},\"headline\":\"Receita gerada no campo caiu no ano passado\",\"datePublished\":\"2018-01-18T12:02:48+00:00\",\"dateModified\":\"2018-01-18T12:11:30+00:00\",\"mainEntityOfPage\":{\"@id\":\"https:\/\/acrimat.org.br\/portal\/receita-gerada-no-campo-cai\/\"},\"wordCount\":473,\"publisher\":{\"@id\":\"https:\/\/acrimat.org.br\/portal\/#organization\"},\"image\":{\"@id\":\"https:\/\/acrimat.org.br\/portal\/receita-gerada-no-campo-cai\/#primaryimage\"},\"thumbnailUrl\":\"https:\/\/acrimat.org.br\/portal\/wp-content\/uploads\/2017\/11\/1501713947795.jpg\",\"articleSection\":[\"Destaques\",\"Not\u00edcias\"],\"inLanguage\":\"pt-BR\"},{\"@type\":\"WebPage\",\"@id\":\"https:\/\/acrimat.org.br\/portal\/receita-gerada-no-campo-cai\/\",\"url\":\"https:\/\/acrimat.org.br\/portal\/receita-gerada-no-campo-cai\/\",\"name\":\"Receita gerada no campo caiu no ano passado - Acrimat\",\"isPartOf\":{\"@id\":\"https:\/\/acrimat.org.br\/portal\/#website\"},\"primaryImageOfPage\":{\"@id\":\"https:\/\/acrimat.org.br\/portal\/receita-gerada-no-campo-cai\/#primaryimage\"},\"image\":{\"@id\":\"https:\/\/acrimat.org.br\/portal\/receita-gerada-no-campo-cai\/#primaryimage\"},\"thumbnailUrl\":\"https:\/\/acrimat.org.br\/portal\/wp-content\/uploads\/2017\/11\/1501713947795.jpg\",\"datePublished\":\"2018-01-18T12:02:48+00:00\",\"dateModified\":\"2018-01-18T12:11:30+00:00\",\"breadcrumb\":{\"@id\":\"https:\/\/acrimat.org.br\/portal\/receita-gerada-no-campo-cai\/#breadcrumb\"},\"inLanguage\":\"pt-BR\",\"potentialAction\":[{\"@type\":\"ReadAction\",\"target\":[\"https:\/\/acrimat.org.br\/portal\/receita-gerada-no-campo-cai\/\"]}]},{\"@type\":\"ImageObject\",\"inLanguage\":\"pt-BR\",\"@id\":\"https:\/\/acrimat.org.br\/portal\/receita-gerada-no-campo-cai\/#primaryimage\",\"url\":\"https:\/\/acrimat.org.br\/portal\/wp-content\/uploads\/2017\/11\/1501713947795.jpg\",\"contentUrl\":\"https:\/\/acrimat.org.br\/portal\/wp-content\/uploads\/2017\/11\/1501713947795.jpg\",\"width\":640,\"height\":427},{\"@type\":\"BreadcrumbList\",\"@id\":\"https:\/\/acrimat.org.br\/portal\/receita-gerada-no-campo-cai\/#breadcrumb\",\"itemListElement\":[{\"@type\":\"ListItem\",\"position\":1,\"name\":\"In\u00edcio\",\"item\":\"https:\/\/acrimat.org.br\/portal\/\"},{\"@type\":\"ListItem\",\"position\":2,\"name\":\"Receita gerada no campo caiu no ano passado\"}]},{\"@type\":\"WebSite\",\"@id\":\"https:\/\/acrimat.org.br\/portal\/#website\",\"url\":\"https:\/\/acrimat.org.br\/portal\/\",\"name\":\"Acrimat\",\"description\":\"Associa\u00e7\u00e3o dos Criadores de Mato Grosso\",\"publisher\":{\"@id\":\"https:\/\/acrimat.org.br\/portal\/#organization\"},\"potentialAction\":[{\"@type\":\"SearchAction\",\"target\":{\"@type\":\"EntryPoint\",\"urlTemplate\":\"https:\/\/acrimat.org.br\/portal\/?s={search_term_string}\"},\"query-input\":{\"@type\":\"PropertyValueSpecification\",\"valueRequired\":true,\"valueName\":\"search_term_string\"}}],\"inLanguage\":\"pt-BR\"},{\"@type\":\"Organization\",\"@id\":\"https:\/\/acrimat.org.br\/portal\/#organization\",\"name\":\"Associa\u00e7\u00e3o dos Criadores de Mato Grosso\",\"url\":\"https:\/\/acrimat.org.br\/portal\/\",\"logo\":{\"@type\":\"ImageObject\",\"inLanguage\":\"pt-BR\",\"@id\":\"https:\/\/acrimat.org.br\/portal\/#\/schema\/logo\/image\/\",\"url\":\"https:\/\/acrimat.org.br\/portal\/wp-content\/uploads\/2018\/03\/logo-peq-original.png\",\"contentUrl\":\"https:\/\/acrimat.org.br\/portal\/wp-content\/uploads\/2018\/03\/logo-peq-original.png\",\"width\":174,\"height\":171,\"caption\":\"Associa\u00e7\u00e3o dos Criadores de Mato Grosso\"},\"image\":{\"@id\":\"https:\/\/acrimat.org.br\/portal\/#\/schema\/logo\/image\/\"}},{\"@type\":\"Person\",\"@id\":\"https:\/\/acrimat.org.br\/portal\/#\/schema\/person\/a309b9496344ff991e8e1b1d751fdd7b\",\"name\":\"Assessoria de comunica\u00e7\u00e3o ACRIMAT\",\"image\":{\"@type\":\"ImageObject\",\"inLanguage\":\"pt-BR\",\"@id\":\"https:\/\/acrimat.org.br\/portal\/#\/schema\/person\/image\/\",\"url\":\"https:\/\/secure.gravatar.com\/avatar\/2f9c28e64c317bcd762b25cb1575f1b4?s=96&d=mm&r=g\",\"contentUrl\":\"https:\/\/secure.gravatar.com\/avatar\/2f9c28e64c317bcd762b25cb1575f1b4?s=96&d=mm&r=g\",\"caption\":\"Assessoria de comunica\u00e7\u00e3o ACRIMAT\"},\"sameAs\":[\"http:\/\/acrimat.org.br\/\"],\"url\":\"https:\/\/acrimat.org.br\/portal\/author\/ascom\/\"}]}<\/script>\n<!-- \/ Yoast SEO plugin. -->","yoast_head_json":{"title":"Receita gerada no campo caiu no ano passado - Acrimat","robots":{"index":"index","follow":"follow","max-snippet":"max-snippet:-1","max-image-preview":"max-image-preview:large","max-video-preview":"max-video-preview:-1"},"canonical":"https:\/\/acrimat.org.br\/portal\/receita-gerada-no-campo-cai\/","og_locale":"pt_BR","og_type":"article","og_title":"Receita gerada no campo caiu no ano passado - Acrimat","og_description":"VBP de MT \u00e9 o menor desde 2013, quando atingiu R$ 67,826 bilh\u00f5es","og_url":"https:\/\/acrimat.org.br\/portal\/receita-gerada-no-campo-cai\/","og_site_name":"Acrimat","article_published_time":"2018-01-18T12:02:48+00:00","article_modified_time":"2018-01-18T12:11:30+00:00","og_image":[{"width":640,"height":427,"url":"https:\/\/acrimat.org.br\/portal\/wp-content\/uploads\/2017\/11\/1501713947795.jpg","type":"image\/jpeg"}],"author":"Assessoria de comunica\u00e7\u00e3o ACRIMAT","twitter_card":"summary_large_image","twitter_misc":{"Escrito por":"Assessoria de comunica\u00e7\u00e3o ACRIMAT","Est. tempo de leitura":"2 minutos"},"schema":{"@context":"https:\/\/schema.org","@graph":[{"@type":"Article","@id":"https:\/\/acrimat.org.br\/portal\/receita-gerada-no-campo-cai\/#article","isPartOf":{"@id":"https:\/\/acrimat.org.br\/portal\/receita-gerada-no-campo-cai\/"},"author":{"name":"Assessoria de comunica\u00e7\u00e3o ACRIMAT","@id":"https:\/\/acrimat.org.br\/portal\/#\/schema\/person\/a309b9496344ff991e8e1b1d751fdd7b"},"headline":"Receita gerada no campo caiu no ano passado","datePublished":"2018-01-18T12:02:48+00:00","dateModified":"2018-01-18T12:11:30+00:00","mainEntityOfPage":{"@id":"https:\/\/acrimat.org.br\/portal\/receita-gerada-no-campo-cai\/"},"wordCount":473,"publisher":{"@id":"https:\/\/acrimat.org.br\/portal\/#organization"},"image":{"@id":"https:\/\/acrimat.org.br\/portal\/receita-gerada-no-campo-cai\/#primaryimage"},"thumbnailUrl":"https:\/\/acrimat.org.br\/portal\/wp-content\/uploads\/2017\/11\/1501713947795.jpg","articleSection":["Destaques","Not\u00edcias"],"inLanguage":"pt-BR"},{"@type":"WebPage","@id":"https:\/\/acrimat.org.br\/portal\/receita-gerada-no-campo-cai\/","url":"https:\/\/acrimat.org.br\/portal\/receita-gerada-no-campo-cai\/","name":"Receita gerada no campo caiu no ano passado - Acrimat","isPartOf":{"@id":"https:\/\/acrimat.org.br\/portal\/#website"},"primaryImageOfPage":{"@id":"https:\/\/acrimat.org.br\/portal\/receita-gerada-no-campo-cai\/#primaryimage"},"image":{"@id":"https:\/\/acrimat.org.br\/portal\/receita-gerada-no-campo-cai\/#primaryimage"},"thumbnailUrl":"https:\/\/acrimat.org.br\/portal\/wp-content\/uploads\/2017\/11\/1501713947795.jpg","datePublished":"2018-01-18T12:02:48+00:00","dateModified":"2018-01-18T12:11:30+00:00","breadcrumb":{"@id":"https:\/\/acrimat.org.br\/portal\/receita-gerada-no-campo-cai\/#breadcrumb"},"inLanguage":"pt-BR","potentialAction":[{"@type":"ReadAction","target":["https:\/\/acrimat.org.br\/portal\/receita-gerada-no-campo-cai\/"]}]},{"@type":"ImageObject","inLanguage":"pt-BR","@id":"https:\/\/acrimat.org.br\/portal\/receita-gerada-no-campo-cai\/#primaryimage","url":"https:\/\/acrimat.org.br\/portal\/wp-content\/uploads\/2017\/11\/1501713947795.jpg","contentUrl":"https:\/\/acrimat.org.br\/portal\/wp-content\/uploads\/2017\/11\/1501713947795.jpg","width":640,"height":427},{"@type":"BreadcrumbList","@id":"https:\/\/acrimat.org.br\/portal\/receita-gerada-no-campo-cai\/#breadcrumb","itemListElement":[{"@type":"ListItem","position":1,"name":"In\u00edcio","item":"https:\/\/acrimat.org.br\/portal\/"},{"@type":"ListItem","position":2,"name":"Receita gerada no campo caiu no ano passado"}]},{"@type":"WebSite","@id":"https:\/\/acrimat.org.br\/portal\/#website","url":"https:\/\/acrimat.org.br\/portal\/","name":"Acrimat","description":"Associa\u00e7\u00e3o dos Criadores de Mato Grosso","publisher":{"@id":"https:\/\/acrimat.org.br\/portal\/#organization"},"potentialAction":[{"@type":"SearchAction","target":{"@type":"EntryPoint","urlTemplate":"https:\/\/acrimat.org.br\/portal\/?s={search_term_string}"},"query-input":{"@type":"PropertyValueSpecification","valueRequired":true,"valueName":"search_term_string"}}],"inLanguage":"pt-BR"},{"@type":"Organization","@id":"https:\/\/acrimat.org.br\/portal\/#organization","name":"Associa\u00e7\u00e3o dos Criadores de Mato Grosso","url":"https:\/\/acrimat.org.br\/portal\/","logo":{"@type":"ImageObject","inLanguage":"pt-BR","@id":"https:\/\/acrimat.org.br\/portal\/#\/schema\/logo\/image\/","url":"https:\/\/acrimat.org.br\/portal\/wp-content\/uploads\/2018\/03\/logo-peq-original.png","contentUrl":"https:\/\/acrimat.org.br\/portal\/wp-content\/uploads\/2018\/03\/logo-peq-original.png","width":174,"height":171,"caption":"Associa\u00e7\u00e3o dos Criadores de Mato Grosso"},"image":{"@id":"https:\/\/acrimat.org.br\/portal\/#\/schema\/logo\/image\/"}},{"@type":"Person","@id":"https:\/\/acrimat.org.br\/portal\/#\/schema\/person\/a309b9496344ff991e8e1b1d751fdd7b","name":"Assessoria de comunica\u00e7\u00e3o ACRIMAT","image":{"@type":"ImageObject","inLanguage":"pt-BR","@id":"https:\/\/acrimat.org.br\/portal\/#\/schema\/person\/image\/","url":"https:\/\/secure.gravatar.com\/avatar\/2f9c28e64c317bcd762b25cb1575f1b4?s=96&d=mm&r=g","contentUrl":"https:\/\/secure.gravatar.com\/avatar\/2f9c28e64c317bcd762b25cb1575f1b4?s=96&d=mm&r=g","caption":"Assessoria de comunica\u00e7\u00e3o ACRIMAT"},"sameAs":["http:\/\/acrimat.org.br\/"],"url":"https:\/\/acrimat.org.br\/portal\/author\/ascom\/"}]}},"_links":{"self":[{"href":"https:\/\/acrimat.org.br\/portal\/wp-json\/wp\/v2\/posts\/97985565","targetHints":{"allow":["GET"]}}],"collection":[{"href":"https:\/\/acrimat.org.br\/portal\/wp-json\/wp\/v2\/posts"}],"about":[{"href":"https:\/\/acrimat.org.br\/portal\/wp-json\/wp\/v2\/types\/post"}],"author":[{"embeddable":true,"href":"https:\/\/acrimat.org.br\/portal\/wp-json\/wp\/v2\/users\/7"}],"replies":[{"embeddable":true,"href":"https:\/\/acrimat.org.br\/portal\/wp-json\/wp\/v2\/comments?post=97985565"}],"version-history":[{"count":2,"href":"https:\/\/acrimat.org.br\/portal\/wp-json\/wp\/v2\/posts\/97985565\/revisions"}],"predecessor-version":[{"id":97985571,"href":"https:\/\/acrimat.org.br\/portal\/wp-json\/wp\/v2\/posts\/97985565\/revisions\/97985571"}],"wp:featuredmedia":[{"embeddable":true,"href":"https:\/\/acrimat.org.br\/portal\/wp-json\/wp\/v2\/media\/97984670"}],"wp:attachment":[{"href":"https:\/\/acrimat.org.br\/portal\/wp-json\/wp\/v2\/media?parent=97985565"}],"wp:term":[{"taxonomy":"category","embeddable":true,"href":"https:\/\/acrimat.org.br\/portal\/wp-json\/wp\/v2\/categories?post=97985565"},{"taxonomy":"post_tag","embeddable":true,"href":"https:\/\/acrimat.org.br\/portal\/wp-json\/wp\/v2\/tags?post=97985565"}],"curies":[{"name":"wp","href":"https:\/\/api.w.org\/{rel}","templated":true}]}}