{"id":97985569,"date":"2018-01-18T09:10:33","date_gmt":"2018-01-18T12:10:33","guid":{"rendered":"http:\/\/acrimat.org.br\/portal\/?p=97985569"},"modified":"2018-01-19T08:54:17","modified_gmt":"2018-01-19T11:54:17","slug":"abate-de-femeas-bovinas-cresce-13-e-alcanca-maior-participacao-desde-2014","status":"publish","type":"post","link":"https:\/\/acrimat.org.br\/portal\/abate-de-femeas-bovinas-cresce-13-e-alcanca-maior-participacao-desde-2014\/","title":{"rendered":"Abate de f\u00eameas bovinas aumenta 13% em 2017"},"content":{"rendered":"<p>O abate de f\u00eameas bovinas registrou crescimento de 13,2% no ano passado e alcan\u00e7ou a representa\u00e7\u00e3o de 42% do total de abates em Mato Grosso. Esse \u00edndice foi na contram\u00e3o do registro de abate de machos &#8211; que registrou queda de 2,4% &#8211; e \u00e9 o maior para o estado desde 2014 (42,5%).<\/p>\n<p>Os n\u00fameros foram apresentados na manh\u00e3 de ontem (15) pelo Instituto de Defesa Agropecu\u00e1ria do Estado de Mato Grosso (Indea\/MT). No ano passado, foram abatidos 4,9 milh\u00f5es de animais, um aumento de 3,5% na compara\u00e7\u00e3o com 2016.<\/p>\n<p>A regi\u00e3o onde o abate de vacas foi mais representativo foi a Noroeste, com 56,9%, seguido pelo Nordeste (52,2%); Norte (48,8%); Centro-Sul (40,8%); Sudeste (37,7%); Oeste (36,3%) e M\u00e9dio-Norte (27%).<\/p>\n<p>Segundo o Instituto Mato-grossense de Economia Agropecu\u00e1ria (Imea), a previs\u00e3o \u00e9 que em 2018 a tend\u00eancia de abate de f\u00eameas permane\u00e7a \u201cj\u00e1 que o criador ainda n\u00e3o visualiza a plena recupera\u00e7\u00e3o nas cota\u00e7\u00f5es do bezerro e observa na venda das vacas uma forma de fazer caixa\u201d.<\/p>\n<p>&nbsp;<\/p>\n<p><strong>Ciclo da pecu\u00e1ria<\/strong><\/p>\n<p>O presidente do Sindicato Rural de Cuiab\u00e1, Jorge Pires, pontua que a diminui\u00e7\u00e3o do abate de machos est\u00e1 ligada a redu\u00e7\u00e3o do ICMS dado pelo Governo Estadual para o transporte de boi em p\u00e9 para outras unidades federativas.<\/p>\n<p>No caso das vacas, ele afirma que o trabalho \u201cfoi da porteira para dentro, que fez o produtor entender ser invi\u00e1vel manter a f\u00eamea vazia dentro da propriedade\u201d.<\/p>\n<p>Amado de Oliveira Filho, consultor t\u00e9cnico da Associa\u00e7\u00e3o dos Criadores de Mato Grosso (Acrimat) explica ao\u00a0 que\u00a0 a alta no abate de vacas \u00e9 natural e representa um movimento j\u00e1 esperado pelo setor. O chamado \u201cciclo da pecu\u00e1ria\u201d \u00e9 uma flutua\u00e7\u00e3o que ocorre quando existe uma grande oferta de bois gordos e os pre\u00e7os de bezerros, bois magros e matrizes caem.<\/p>\n<p>Por causa dessa queda nos pre\u00e7os, os pecuaristas optam por abater as vacas. A op\u00e7\u00e3o faz com que no futuro exista certa escassez de bois, que \u00e9 seguida por altas no pre\u00e7o, uma vez que a oferta diminuiu e, com isso o rebanho \u00e9 renovado.<\/p>\n<p>\u201c\u00c9 algo que ocorre a cada 4 ou 5 anos e n\u00e3o \u00e9 nenhuma novidade. Esse movimento \u00e9 positivo porque indica que em um futuro pr\u00f3ximo teremos melhores pre\u00e7os nas arrobas. Com isso, a remunera\u00e7\u00e3o do produtor vai aumentar e ele vai conseguir reinvestir, o que estava sendo feito em menor escala recentemente\u201d, argumenta Amado.<\/p>\n<p>O consultor diz, ainda, que a tend\u00eancia nos pr\u00f3ximos anos e que chegue ao consumidor uma quantia ainda maior da prote\u00edna animal de alta qualidade, por conta da maior sele\u00e7\u00e3o dos animais negociados aos frigor\u00edficos. (Com Assessoria)<\/p>\n","protected":false},"excerpt":{"rendered":"<p>No ano passado, foram abatidos 4,9 milh\u00f5es de animais, um aumento de 3,5% na compara\u00e7\u00e3o com 2016.<\/p>\n","protected":false},"author":7,"featured_media":97985145,"comment_status":"closed","ping_status":"closed","sticky":false,"template":"","format":"standard","meta":{"footnotes":""},"categories":[6,1],"tags":[],"class_list":["post-97985569","post","type-post","status-publish","format-standard","has-post-thumbnail","hentry","category-destaque","category-noticia"],"yoast_head":"<!-- This site is optimized with the Yoast SEO plugin v24.8.1 - https:\/\/yoast.com\/wordpress\/plugins\/seo\/ -->\n<title>Abate de f\u00eameas bovinas aumenta 13% em 2017 - Acrimat<\/title>\n<meta name=\"robots\" content=\"index, follow, max-snippet:-1, max-image-preview:large, max-video-preview:-1\" \/>\n<link rel=\"canonical\" href=\"https:\/\/acrimat.org.br\/portal\/abate-de-femeas-bovinas-cresce-13-e-alcanca-maior-participacao-desde-2014\/\" \/>\n<meta property=\"og:locale\" content=\"pt_BR\" \/>\n<meta property=\"og:type\" content=\"article\" \/>\n<meta property=\"og:title\" content=\"Abate de f\u00eameas bovinas aumenta 13% em 2017 - Acrimat\" \/>\n<meta property=\"og:description\" content=\"No ano passado, foram abatidos 4,9 milh\u00f5es de animais, um aumento de 3,5% na compara\u00e7\u00e3o com 2016.\" \/>\n<meta property=\"og:url\" content=\"https:\/\/acrimat.org.br\/portal\/abate-de-femeas-bovinas-cresce-13-e-alcanca-maior-participacao-desde-2014\/\" \/>\n<meta property=\"og:site_name\" content=\"Acrimat\" \/>\n<meta property=\"article:published_time\" content=\"2018-01-18T12:10:33+00:00\" \/>\n<meta property=\"article:modified_time\" content=\"2018-01-19T11:54:17+00:00\" \/>\n<meta property=\"og:image\" content=\"https:\/\/acrimat.org.br\/portal\/wp-content\/uploads\/2017\/12\/exportacao-carne-bovina-salgada.jpg\" \/>\n\t<meta property=\"og:image:width\" content=\"730\" \/>\n\t<meta property=\"og:image:height\" content=\"502\" \/>\n\t<meta property=\"og:image:type\" content=\"image\/jpeg\" \/>\n<meta name=\"author\" content=\"Assessoria de comunica\u00e7\u00e3o ACRIMAT\" \/>\n<meta name=\"twitter:card\" content=\"summary_large_image\" \/>\n<meta name=\"twitter:label1\" content=\"Escrito por\" \/>\n\t<meta name=\"twitter:data1\" content=\"Assessoria de comunica\u00e7\u00e3o ACRIMAT\" \/>\n\t<meta name=\"twitter:label2\" content=\"Est. tempo de leitura\" \/>\n\t<meta name=\"twitter:data2\" content=\"2 minutos\" \/>\n<script type=\"application\/ld+json\" class=\"yoast-schema-graph\">{\"@context\":\"https:\/\/schema.org\",\"@graph\":[{\"@type\":\"Article\",\"@id\":\"https:\/\/acrimat.org.br\/portal\/abate-de-femeas-bovinas-cresce-13-e-alcanca-maior-participacao-desde-2014\/#article\",\"isPartOf\":{\"@id\":\"https:\/\/acrimat.org.br\/portal\/abate-de-femeas-bovinas-cresce-13-e-alcanca-maior-participacao-desde-2014\/\"},\"author\":{\"name\":\"Assessoria de comunica\u00e7\u00e3o ACRIMAT\",\"@id\":\"https:\/\/acrimat.org.br\/portal\/#\/schema\/person\/a309b9496344ff991e8e1b1d751fdd7b\"},\"headline\":\"Abate de f\u00eameas bovinas aumenta 13% em 2017\",\"datePublished\":\"2018-01-18T12:10:33+00:00\",\"dateModified\":\"2018-01-19T11:54:17+00:00\",\"mainEntityOfPage\":{\"@id\":\"https:\/\/acrimat.org.br\/portal\/abate-de-femeas-bovinas-cresce-13-e-alcanca-maior-participacao-desde-2014\/\"},\"wordCount\":454,\"publisher\":{\"@id\":\"https:\/\/acrimat.org.br\/portal\/#organization\"},\"image\":{\"@id\":\"https:\/\/acrimat.org.br\/portal\/abate-de-femeas-bovinas-cresce-13-e-alcanca-maior-participacao-desde-2014\/#primaryimage\"},\"thumbnailUrl\":\"https:\/\/acrimat.org.br\/portal\/wp-content\/uploads\/2017\/12\/exportacao-carne-bovina-salgada.jpg\",\"articleSection\":[\"Destaques\",\"Not\u00edcias\"],\"inLanguage\":\"pt-BR\"},{\"@type\":\"WebPage\",\"@id\":\"https:\/\/acrimat.org.br\/portal\/abate-de-femeas-bovinas-cresce-13-e-alcanca-maior-participacao-desde-2014\/\",\"url\":\"https:\/\/acrimat.org.br\/portal\/abate-de-femeas-bovinas-cresce-13-e-alcanca-maior-participacao-desde-2014\/\",\"name\":\"Abate de f\u00eameas bovinas aumenta 13% em 2017 - Acrimat\",\"isPartOf\":{\"@id\":\"https:\/\/acrimat.org.br\/portal\/#website\"},\"primaryImageOfPage\":{\"@id\":\"https:\/\/acrimat.org.br\/portal\/abate-de-femeas-bovinas-cresce-13-e-alcanca-maior-participacao-desde-2014\/#primaryimage\"},\"image\":{\"@id\":\"https:\/\/acrimat.org.br\/portal\/abate-de-femeas-bovinas-cresce-13-e-alcanca-maior-participacao-desde-2014\/#primaryimage\"},\"thumbnailUrl\":\"https:\/\/acrimat.org.br\/portal\/wp-content\/uploads\/2017\/12\/exportacao-carne-bovina-salgada.jpg\",\"datePublished\":\"2018-01-18T12:10:33+00:00\",\"dateModified\":\"2018-01-19T11:54:17+00:00\",\"breadcrumb\":{\"@id\":\"https:\/\/acrimat.org.br\/portal\/abate-de-femeas-bovinas-cresce-13-e-alcanca-maior-participacao-desde-2014\/#breadcrumb\"},\"inLanguage\":\"pt-BR\",\"potentialAction\":[{\"@type\":\"ReadAction\",\"target\":[\"https:\/\/acrimat.org.br\/portal\/abate-de-femeas-bovinas-cresce-13-e-alcanca-maior-participacao-desde-2014\/\"]}]},{\"@type\":\"ImageObject\",\"inLanguage\":\"pt-BR\",\"@id\":\"https:\/\/acrimat.org.br\/portal\/abate-de-femeas-bovinas-cresce-13-e-alcanca-maior-participacao-desde-2014\/#primaryimage\",\"url\":\"https:\/\/acrimat.org.br\/portal\/wp-content\/uploads\/2017\/12\/exportacao-carne-bovina-salgada.jpg\",\"contentUrl\":\"https:\/\/acrimat.org.br\/portal\/wp-content\/uploads\/2017\/12\/exportacao-carne-bovina-salgada.jpg\",\"width\":730,\"height\":502},{\"@type\":\"BreadcrumbList\",\"@id\":\"https:\/\/acrimat.org.br\/portal\/abate-de-femeas-bovinas-cresce-13-e-alcanca-maior-participacao-desde-2014\/#breadcrumb\",\"itemListElement\":[{\"@type\":\"ListItem\",\"position\":1,\"name\":\"In\u00edcio\",\"item\":\"https:\/\/acrimat.org.br\/portal\/\"},{\"@type\":\"ListItem\",\"position\":2,\"name\":\"Abate de f\u00eameas bovinas aumenta 13% em 2017\"}]},{\"@type\":\"WebSite\",\"@id\":\"https:\/\/acrimat.org.br\/portal\/#website\",\"url\":\"https:\/\/acrimat.org.br\/portal\/\",\"name\":\"Acrimat\",\"description\":\"Associa\u00e7\u00e3o dos Criadores de Mato Grosso\",\"publisher\":{\"@id\":\"https:\/\/acrimat.org.br\/portal\/#organization\"},\"potentialAction\":[{\"@type\":\"SearchAction\",\"target\":{\"@type\":\"EntryPoint\",\"urlTemplate\":\"https:\/\/acrimat.org.br\/portal\/?s={search_term_string}\"},\"query-input\":{\"@type\":\"PropertyValueSpecification\",\"valueRequired\":true,\"valueName\":\"search_term_string\"}}],\"inLanguage\":\"pt-BR\"},{\"@type\":\"Organization\",\"@id\":\"https:\/\/acrimat.org.br\/portal\/#organization\",\"name\":\"Associa\u00e7\u00e3o dos Criadores de Mato Grosso\",\"url\":\"https:\/\/acrimat.org.br\/portal\/\",\"logo\":{\"@type\":\"ImageObject\",\"inLanguage\":\"pt-BR\",\"@id\":\"https:\/\/acrimat.org.br\/portal\/#\/schema\/logo\/image\/\",\"url\":\"https:\/\/acrimat.org.br\/portal\/wp-content\/uploads\/2018\/03\/logo-peq-original.png\",\"contentUrl\":\"https:\/\/acrimat.org.br\/portal\/wp-content\/uploads\/2018\/03\/logo-peq-original.png\",\"width\":174,\"height\":171,\"caption\":\"Associa\u00e7\u00e3o dos Criadores de Mato Grosso\"},\"image\":{\"@id\":\"https:\/\/acrimat.org.br\/portal\/#\/schema\/logo\/image\/\"}},{\"@type\":\"Person\",\"@id\":\"https:\/\/acrimat.org.br\/portal\/#\/schema\/person\/a309b9496344ff991e8e1b1d751fdd7b\",\"name\":\"Assessoria de comunica\u00e7\u00e3o ACRIMAT\",\"image\":{\"@type\":\"ImageObject\",\"inLanguage\":\"pt-BR\",\"@id\":\"https:\/\/acrimat.org.br\/portal\/#\/schema\/person\/image\/\",\"url\":\"https:\/\/secure.gravatar.com\/avatar\/2f9c28e64c317bcd762b25cb1575f1b4?s=96&d=mm&r=g\",\"contentUrl\":\"https:\/\/secure.gravatar.com\/avatar\/2f9c28e64c317bcd762b25cb1575f1b4?s=96&d=mm&r=g\",\"caption\":\"Assessoria de comunica\u00e7\u00e3o ACRIMAT\"},\"sameAs\":[\"http:\/\/acrimat.org.br\/\"],\"url\":\"https:\/\/acrimat.org.br\/portal\/author\/ascom\/\"}]}<\/script>\n<!-- \/ Yoast SEO plugin. -->","yoast_head_json":{"title":"Abate de f\u00eameas bovinas aumenta 13% em 2017 - Acrimat","robots":{"index":"index","follow":"follow","max-snippet":"max-snippet:-1","max-image-preview":"max-image-preview:large","max-video-preview":"max-video-preview:-1"},"canonical":"https:\/\/acrimat.org.br\/portal\/abate-de-femeas-bovinas-cresce-13-e-alcanca-maior-participacao-desde-2014\/","og_locale":"pt_BR","og_type":"article","og_title":"Abate de f\u00eameas bovinas aumenta 13% em 2017 - Acrimat","og_description":"No ano passado, foram abatidos 4,9 milh\u00f5es de animais, um aumento de 3,5% na compara\u00e7\u00e3o com 2016.","og_url":"https:\/\/acrimat.org.br\/portal\/abate-de-femeas-bovinas-cresce-13-e-alcanca-maior-participacao-desde-2014\/","og_site_name":"Acrimat","article_published_time":"2018-01-18T12:10:33+00:00","article_modified_time":"2018-01-19T11:54:17+00:00","og_image":[{"width":730,"height":502,"url":"https:\/\/acrimat.org.br\/portal\/wp-content\/uploads\/2017\/12\/exportacao-carne-bovina-salgada.jpg","type":"image\/jpeg"}],"author":"Assessoria de comunica\u00e7\u00e3o ACRIMAT","twitter_card":"summary_large_image","twitter_misc":{"Escrito por":"Assessoria de comunica\u00e7\u00e3o ACRIMAT","Est. tempo de leitura":"2 minutos"},"schema":{"@context":"https:\/\/schema.org","@graph":[{"@type":"Article","@id":"https:\/\/acrimat.org.br\/portal\/abate-de-femeas-bovinas-cresce-13-e-alcanca-maior-participacao-desde-2014\/#article","isPartOf":{"@id":"https:\/\/acrimat.org.br\/portal\/abate-de-femeas-bovinas-cresce-13-e-alcanca-maior-participacao-desde-2014\/"},"author":{"name":"Assessoria de comunica\u00e7\u00e3o ACRIMAT","@id":"https:\/\/acrimat.org.br\/portal\/#\/schema\/person\/a309b9496344ff991e8e1b1d751fdd7b"},"headline":"Abate de f\u00eameas bovinas aumenta 13% em 2017","datePublished":"2018-01-18T12:10:33+00:00","dateModified":"2018-01-19T11:54:17+00:00","mainEntityOfPage":{"@id":"https:\/\/acrimat.org.br\/portal\/abate-de-femeas-bovinas-cresce-13-e-alcanca-maior-participacao-desde-2014\/"},"wordCount":454,"publisher":{"@id":"https:\/\/acrimat.org.br\/portal\/#organization"},"image":{"@id":"https:\/\/acrimat.org.br\/portal\/abate-de-femeas-bovinas-cresce-13-e-alcanca-maior-participacao-desde-2014\/#primaryimage"},"thumbnailUrl":"https:\/\/acrimat.org.br\/portal\/wp-content\/uploads\/2017\/12\/exportacao-carne-bovina-salgada.jpg","articleSection":["Destaques","Not\u00edcias"],"inLanguage":"pt-BR"},{"@type":"WebPage","@id":"https:\/\/acrimat.org.br\/portal\/abate-de-femeas-bovinas-cresce-13-e-alcanca-maior-participacao-desde-2014\/","url":"https:\/\/acrimat.org.br\/portal\/abate-de-femeas-bovinas-cresce-13-e-alcanca-maior-participacao-desde-2014\/","name":"Abate de f\u00eameas bovinas aumenta 13% em 2017 - Acrimat","isPartOf":{"@id":"https:\/\/acrimat.org.br\/portal\/#website"},"primaryImageOfPage":{"@id":"https:\/\/acrimat.org.br\/portal\/abate-de-femeas-bovinas-cresce-13-e-alcanca-maior-participacao-desde-2014\/#primaryimage"},"image":{"@id":"https:\/\/acrimat.org.br\/portal\/abate-de-femeas-bovinas-cresce-13-e-alcanca-maior-participacao-desde-2014\/#primaryimage"},"thumbnailUrl":"https:\/\/acrimat.org.br\/portal\/wp-content\/uploads\/2017\/12\/exportacao-carne-bovina-salgada.jpg","datePublished":"2018-01-18T12:10:33+00:00","dateModified":"2018-01-19T11:54:17+00:00","breadcrumb":{"@id":"https:\/\/acrimat.org.br\/portal\/abate-de-femeas-bovinas-cresce-13-e-alcanca-maior-participacao-desde-2014\/#breadcrumb"},"inLanguage":"pt-BR","potentialAction":[{"@type":"ReadAction","target":["https:\/\/acrimat.org.br\/portal\/abate-de-femeas-bovinas-cresce-13-e-alcanca-maior-participacao-desde-2014\/"]}]},{"@type":"ImageObject","inLanguage":"pt-BR","@id":"https:\/\/acrimat.org.br\/portal\/abate-de-femeas-bovinas-cresce-13-e-alcanca-maior-participacao-desde-2014\/#primaryimage","url":"https:\/\/acrimat.org.br\/portal\/wp-content\/uploads\/2017\/12\/exportacao-carne-bovina-salgada.jpg","contentUrl":"https:\/\/acrimat.org.br\/portal\/wp-content\/uploads\/2017\/12\/exportacao-carne-bovina-salgada.jpg","width":730,"height":502},{"@type":"BreadcrumbList","@id":"https:\/\/acrimat.org.br\/portal\/abate-de-femeas-bovinas-cresce-13-e-alcanca-maior-participacao-desde-2014\/#breadcrumb","itemListElement":[{"@type":"ListItem","position":1,"name":"In\u00edcio","item":"https:\/\/acrimat.org.br\/portal\/"},{"@type":"ListItem","position":2,"name":"Abate de f\u00eameas bovinas aumenta 13% em 2017"}]},{"@type":"WebSite","@id":"https:\/\/acrimat.org.br\/portal\/#website","url":"https:\/\/acrimat.org.br\/portal\/","name":"Acrimat","description":"Associa\u00e7\u00e3o dos Criadores de Mato Grosso","publisher":{"@id":"https:\/\/acrimat.org.br\/portal\/#organization"},"potentialAction":[{"@type":"SearchAction","target":{"@type":"EntryPoint","urlTemplate":"https:\/\/acrimat.org.br\/portal\/?s={search_term_string}"},"query-input":{"@type":"PropertyValueSpecification","valueRequired":true,"valueName":"search_term_string"}}],"inLanguage":"pt-BR"},{"@type":"Organization","@id":"https:\/\/acrimat.org.br\/portal\/#organization","name":"Associa\u00e7\u00e3o dos Criadores de Mato Grosso","url":"https:\/\/acrimat.org.br\/portal\/","logo":{"@type":"ImageObject","inLanguage":"pt-BR","@id":"https:\/\/acrimat.org.br\/portal\/#\/schema\/logo\/image\/","url":"https:\/\/acrimat.org.br\/portal\/wp-content\/uploads\/2018\/03\/logo-peq-original.png","contentUrl":"https:\/\/acrimat.org.br\/portal\/wp-content\/uploads\/2018\/03\/logo-peq-original.png","width":174,"height":171,"caption":"Associa\u00e7\u00e3o dos Criadores de Mato Grosso"},"image":{"@id":"https:\/\/acrimat.org.br\/portal\/#\/schema\/logo\/image\/"}},{"@type":"Person","@id":"https:\/\/acrimat.org.br\/portal\/#\/schema\/person\/a309b9496344ff991e8e1b1d751fdd7b","name":"Assessoria de comunica\u00e7\u00e3o ACRIMAT","image":{"@type":"ImageObject","inLanguage":"pt-BR","@id":"https:\/\/acrimat.org.br\/portal\/#\/schema\/person\/image\/","url":"https:\/\/secure.gravatar.com\/avatar\/2f9c28e64c317bcd762b25cb1575f1b4?s=96&d=mm&r=g","contentUrl":"https:\/\/secure.gravatar.com\/avatar\/2f9c28e64c317bcd762b25cb1575f1b4?s=96&d=mm&r=g","caption":"Assessoria de comunica\u00e7\u00e3o ACRIMAT"},"sameAs":["http:\/\/acrimat.org.br\/"],"url":"https:\/\/acrimat.org.br\/portal\/author\/ascom\/"}]}},"_links":{"self":[{"href":"https:\/\/acrimat.org.br\/portal\/wp-json\/wp\/v2\/posts\/97985569","targetHints":{"allow":["GET"]}}],"collection":[{"href":"https:\/\/acrimat.org.br\/portal\/wp-json\/wp\/v2\/posts"}],"about":[{"href":"https:\/\/acrimat.org.br\/portal\/wp-json\/wp\/v2\/types\/post"}],"author":[{"embeddable":true,"href":"https:\/\/acrimat.org.br\/portal\/wp-json\/wp\/v2\/users\/7"}],"replies":[{"embeddable":true,"href":"https:\/\/acrimat.org.br\/portal\/wp-json\/wp\/v2\/comments?post=97985569"}],"version-history":[{"count":3,"href":"https:\/\/acrimat.org.br\/portal\/wp-json\/wp\/v2\/posts\/97985569\/revisions"}],"predecessor-version":[{"id":97985590,"href":"https:\/\/acrimat.org.br\/portal\/wp-json\/wp\/v2\/posts\/97985569\/revisions\/97985590"}],"wp:featuredmedia":[{"embeddable":true,"href":"https:\/\/acrimat.org.br\/portal\/wp-json\/wp\/v2\/media\/97985145"}],"wp:attachment":[{"href":"https:\/\/acrimat.org.br\/portal\/wp-json\/wp\/v2\/media?parent=97985569"}],"wp:term":[{"taxonomy":"category","embeddable":true,"href":"https:\/\/acrimat.org.br\/portal\/wp-json\/wp\/v2\/categories?post=97985569"},{"taxonomy":"post_tag","embeddable":true,"href":"https:\/\/acrimat.org.br\/portal\/wp-json\/wp\/v2\/tags?post=97985569"}],"curies":[{"name":"wp","href":"https:\/\/api.w.org\/{rel}","templated":true}]}}