{"id":97985579,"date":"2018-01-19T08:31:34","date_gmt":"2018-01-19T11:31:34","guid":{"rendered":"http:\/\/acrimat.org.br\/portal\/?p=97985579"},"modified":"2018-01-19T08:52:55","modified_gmt":"2018-01-19T11:52:55","slug":"isencao-de-tributos-para-racao-bovina-e-aprovada-em-comissao-na-camara","status":"publish","type":"post","link":"https:\/\/acrimat.org.br\/portal\/isencao-de-tributos-para-racao-bovina-e-aprovada-em-comissao-na-camara\/","title":{"rendered":"Isen\u00e7\u00e3o de tributos para ra\u00e7\u00e3o bovina \u00e9 aprovada na C\u00e2mara"},"content":{"rendered":"<p>Foi aprovado na Comiss\u00e3o de Agricultura, Pecu\u00e1ria, Abastecimento e Desenvolvimento Rural da C\u00e2mara dos Deputados, nessa ter\u00e7a-feira (19), o Projeto de Lei 6380\/16 Lei que isenta a contribui\u00e7\u00e3o tribut\u00e1ria (PIS\/Pasep e Cofins) incidente sobre a importa\u00e7\u00e3o e a receita bruta do com\u00e9rcio dom\u00e9stico de ra\u00e7\u00e3o para bovinos e b\u00fafalos. Agora, a proposta segue para an\u00e1lise terminativa nas comiss\u00f5es de Finan\u00e7as e Tributa\u00e7\u00e3o e de Constitui\u00e7\u00e3o e Justi\u00e7a e de Cidadania.<\/p>\n<p>De autoria do deputado Jer\u00f4nimo Goergen (PP-RS), membro da Frente Parlamentar da Agropecu\u00e1ria (FPA), o PL contou com a relatoria do deputado Evair de Melo (PV-ES), tamb\u00e9m integrante da Frente. Para o relator, a medida tem influ\u00eancia positiva no custo de vida dos brasileiros. \u201cO benef\u00edcio reduzir\u00e1 o valor da produ\u00e7\u00e3o pecu\u00e1ria e deve repercutir nos pre\u00e7os dos produtos, com efeito positivo sobre o custo de vida da popula\u00e7\u00e3o brasileira, favorecendo o controle inflacion\u00e1rio\u201d, destacou Evair. Segundo o deputado Goergen, autor do projeto, as tarifas tribut\u00e1rias chegam a elevar em mais de 9% o pre\u00e7o final do leite e da carne.<\/p>\n<p>Com o objetivo de compensar a ren\u00fancia fiscal, o projeto sugere a unifica\u00e7\u00e3o das al\u00edquotas da contribui\u00e7\u00e3o sobre a receita bruta das empresas de ra\u00e7\u00e3o destinada \u00e0 Seguridade Social (4,5%<\/p>\n<p>e 2,5%), em substitui\u00e7\u00e3o \u00e0 contribui\u00e7\u00e3o previdenci\u00e1ria patronal. Para o presidente da Abraleite, Geraldo Borges, a isen\u00e7\u00e3o trar\u00e1 competitividade aos l\u00e1cteos brasileiros no mercado internacional, al\u00e9m de desonerar a cadeia produtiva do leite no Brasil.<\/p>\n","protected":false},"excerpt":{"rendered":"<p>As tarifas tribut\u00e1rias chegam a elevar em mais de 9% o pre\u00e7o final do leite e da carne.<\/p>\n","protected":false},"author":7,"featured_media":97984851,"comment_status":"closed","ping_status":"closed","sticky":false,"template":"","format":"standard","meta":{"footnotes":""},"categories":[6,1],"tags":[],"class_list":["post-97985579","post","type-post","status-publish","format-standard","has-post-thumbnail","hentry","category-destaque","category-noticia"],"yoast_head":"<!-- This site is optimized with the Yoast SEO plugin v24.8.1 - https:\/\/yoast.com\/wordpress\/plugins\/seo\/ -->\n<title>Isen\u00e7\u00e3o de tributos para ra\u00e7\u00e3o bovina \u00e9 aprovada na C\u00e2mara - Acrimat<\/title>\n<meta name=\"robots\" content=\"index, follow, max-snippet:-1, max-image-preview:large, max-video-preview:-1\" \/>\n<link rel=\"canonical\" href=\"https:\/\/acrimat.org.br\/portal\/isencao-de-tributos-para-racao-bovina-e-aprovada-em-comissao-na-camara\/\" \/>\n<meta property=\"og:locale\" content=\"pt_BR\" \/>\n<meta property=\"og:type\" content=\"article\" \/>\n<meta property=\"og:title\" content=\"Isen\u00e7\u00e3o de tributos para ra\u00e7\u00e3o bovina \u00e9 aprovada na C\u00e2mara - Acrimat\" \/>\n<meta property=\"og:description\" content=\"As tarifas tribut\u00e1rias chegam a elevar em mais de 9% o pre\u00e7o final do leite e da carne.\" \/>\n<meta property=\"og:url\" content=\"https:\/\/acrimat.org.br\/portal\/isencao-de-tributos-para-racao-bovina-e-aprovada-em-comissao-na-camara\/\" \/>\n<meta property=\"og:site_name\" content=\"Acrimat\" \/>\n<meta property=\"article:published_time\" content=\"2018-01-19T11:31:34+00:00\" \/>\n<meta property=\"article:modified_time\" content=\"2018-01-19T11:52:55+00:00\" \/>\n<meta property=\"og:image\" content=\"https:\/\/acrimat.org.br\/portal\/wp-content\/uploads\/2017\/11\/confinamento5.jpg\" \/>\n\t<meta property=\"og:image:width\" content=\"730\" \/>\n\t<meta property=\"og:image:height\" content=\"502\" \/>\n\t<meta property=\"og:image:type\" content=\"image\/jpeg\" \/>\n<meta name=\"author\" content=\"Assessoria de comunica\u00e7\u00e3o ACRIMAT\" \/>\n<meta name=\"twitter:card\" content=\"summary_large_image\" \/>\n<meta name=\"twitter:label1\" content=\"Escrito por\" \/>\n\t<meta name=\"twitter:data1\" content=\"Assessoria de comunica\u00e7\u00e3o ACRIMAT\" \/>\n\t<meta name=\"twitter:label2\" content=\"Est. tempo de leitura\" \/>\n\t<meta name=\"twitter:data2\" content=\"1 minuto\" \/>\n<script type=\"application\/ld+json\" class=\"yoast-schema-graph\">{\"@context\":\"https:\/\/schema.org\",\"@graph\":[{\"@type\":\"Article\",\"@id\":\"https:\/\/acrimat.org.br\/portal\/isencao-de-tributos-para-racao-bovina-e-aprovada-em-comissao-na-camara\/#article\",\"isPartOf\":{\"@id\":\"https:\/\/acrimat.org.br\/portal\/isencao-de-tributos-para-racao-bovina-e-aprovada-em-comissao-na-camara\/\"},\"author\":{\"name\":\"Assessoria de comunica\u00e7\u00e3o ACRIMAT\",\"@id\":\"https:\/\/acrimat.org.br\/portal\/#\/schema\/person\/a309b9496344ff991e8e1b1d751fdd7b\"},\"headline\":\"Isen\u00e7\u00e3o de tributos para ra\u00e7\u00e3o bovina \u00e9 aprovada na C\u00e2mara\",\"datePublished\":\"2018-01-19T11:31:34+00:00\",\"dateModified\":\"2018-01-19T11:52:55+00:00\",\"mainEntityOfPage\":{\"@id\":\"https:\/\/acrimat.org.br\/portal\/isencao-de-tributos-para-racao-bovina-e-aprovada-em-comissao-na-camara\/\"},\"wordCount\":282,\"publisher\":{\"@id\":\"https:\/\/acrimat.org.br\/portal\/#organization\"},\"image\":{\"@id\":\"https:\/\/acrimat.org.br\/portal\/isencao-de-tributos-para-racao-bovina-e-aprovada-em-comissao-na-camara\/#primaryimage\"},\"thumbnailUrl\":\"https:\/\/acrimat.org.br\/portal\/wp-content\/uploads\/2017\/11\/confinamento5.jpg\",\"articleSection\":[\"Destaques\",\"Not\u00edcias\"],\"inLanguage\":\"pt-BR\"},{\"@type\":\"WebPage\",\"@id\":\"https:\/\/acrimat.org.br\/portal\/isencao-de-tributos-para-racao-bovina-e-aprovada-em-comissao-na-camara\/\",\"url\":\"https:\/\/acrimat.org.br\/portal\/isencao-de-tributos-para-racao-bovina-e-aprovada-em-comissao-na-camara\/\",\"name\":\"Isen\u00e7\u00e3o de tributos para ra\u00e7\u00e3o bovina \u00e9 aprovada na C\u00e2mara - Acrimat\",\"isPartOf\":{\"@id\":\"https:\/\/acrimat.org.br\/portal\/#website\"},\"primaryImageOfPage\":{\"@id\":\"https:\/\/acrimat.org.br\/portal\/isencao-de-tributos-para-racao-bovina-e-aprovada-em-comissao-na-camara\/#primaryimage\"},\"image\":{\"@id\":\"https:\/\/acrimat.org.br\/portal\/isencao-de-tributos-para-racao-bovina-e-aprovada-em-comissao-na-camara\/#primaryimage\"},\"thumbnailUrl\":\"https:\/\/acrimat.org.br\/portal\/wp-content\/uploads\/2017\/11\/confinamento5.jpg\",\"datePublished\":\"2018-01-19T11:31:34+00:00\",\"dateModified\":\"2018-01-19T11:52:55+00:00\",\"breadcrumb\":{\"@id\":\"https:\/\/acrimat.org.br\/portal\/isencao-de-tributos-para-racao-bovina-e-aprovada-em-comissao-na-camara\/#breadcrumb\"},\"inLanguage\":\"pt-BR\",\"potentialAction\":[{\"@type\":\"ReadAction\",\"target\":[\"https:\/\/acrimat.org.br\/portal\/isencao-de-tributos-para-racao-bovina-e-aprovada-em-comissao-na-camara\/\"]}]},{\"@type\":\"ImageObject\",\"inLanguage\":\"pt-BR\",\"@id\":\"https:\/\/acrimat.org.br\/portal\/isencao-de-tributos-para-racao-bovina-e-aprovada-em-comissao-na-camara\/#primaryimage\",\"url\":\"https:\/\/acrimat.org.br\/portal\/wp-content\/uploads\/2017\/11\/confinamento5.jpg\",\"contentUrl\":\"https:\/\/acrimat.org.br\/portal\/wp-content\/uploads\/2017\/11\/confinamento5.jpg\",\"width\":730,\"height\":502},{\"@type\":\"BreadcrumbList\",\"@id\":\"https:\/\/acrimat.org.br\/portal\/isencao-de-tributos-para-racao-bovina-e-aprovada-em-comissao-na-camara\/#breadcrumb\",\"itemListElement\":[{\"@type\":\"ListItem\",\"position\":1,\"name\":\"In\u00edcio\",\"item\":\"https:\/\/acrimat.org.br\/portal\/\"},{\"@type\":\"ListItem\",\"position\":2,\"name\":\"Isen\u00e7\u00e3o de tributos para ra\u00e7\u00e3o bovina \u00e9 aprovada na C\u00e2mara\"}]},{\"@type\":\"WebSite\",\"@id\":\"https:\/\/acrimat.org.br\/portal\/#website\",\"url\":\"https:\/\/acrimat.org.br\/portal\/\",\"name\":\"Acrimat\",\"description\":\"Associa\u00e7\u00e3o dos Criadores de Mato Grosso\",\"publisher\":{\"@id\":\"https:\/\/acrimat.org.br\/portal\/#organization\"},\"potentialAction\":[{\"@type\":\"SearchAction\",\"target\":{\"@type\":\"EntryPoint\",\"urlTemplate\":\"https:\/\/acrimat.org.br\/portal\/?s={search_term_string}\"},\"query-input\":{\"@type\":\"PropertyValueSpecification\",\"valueRequired\":true,\"valueName\":\"search_term_string\"}}],\"inLanguage\":\"pt-BR\"},{\"@type\":\"Organization\",\"@id\":\"https:\/\/acrimat.org.br\/portal\/#organization\",\"name\":\"Associa\u00e7\u00e3o dos Criadores de Mato Grosso\",\"url\":\"https:\/\/acrimat.org.br\/portal\/\",\"logo\":{\"@type\":\"ImageObject\",\"inLanguage\":\"pt-BR\",\"@id\":\"https:\/\/acrimat.org.br\/portal\/#\/schema\/logo\/image\/\",\"url\":\"https:\/\/acrimat.org.br\/portal\/wp-content\/uploads\/2018\/03\/logo-peq-original.png\",\"contentUrl\":\"https:\/\/acrimat.org.br\/portal\/wp-content\/uploads\/2018\/03\/logo-peq-original.png\",\"width\":174,\"height\":171,\"caption\":\"Associa\u00e7\u00e3o dos Criadores de Mato Grosso\"},\"image\":{\"@id\":\"https:\/\/acrimat.org.br\/portal\/#\/schema\/logo\/image\/\"}},{\"@type\":\"Person\",\"@id\":\"https:\/\/acrimat.org.br\/portal\/#\/schema\/person\/a309b9496344ff991e8e1b1d751fdd7b\",\"name\":\"Assessoria de comunica\u00e7\u00e3o ACRIMAT\",\"image\":{\"@type\":\"ImageObject\",\"inLanguage\":\"pt-BR\",\"@id\":\"https:\/\/acrimat.org.br\/portal\/#\/schema\/person\/image\/\",\"url\":\"https:\/\/secure.gravatar.com\/avatar\/2f9c28e64c317bcd762b25cb1575f1b4?s=96&d=mm&r=g\",\"contentUrl\":\"https:\/\/secure.gravatar.com\/avatar\/2f9c28e64c317bcd762b25cb1575f1b4?s=96&d=mm&r=g\",\"caption\":\"Assessoria de comunica\u00e7\u00e3o ACRIMAT\"},\"sameAs\":[\"http:\/\/acrimat.org.br\/\"],\"url\":\"https:\/\/acrimat.org.br\/portal\/author\/ascom\/\"}]}<\/script>\n<!-- \/ Yoast SEO plugin. -->","yoast_head_json":{"title":"Isen\u00e7\u00e3o de tributos para ra\u00e7\u00e3o bovina \u00e9 aprovada na C\u00e2mara - Acrimat","robots":{"index":"index","follow":"follow","max-snippet":"max-snippet:-1","max-image-preview":"max-image-preview:large","max-video-preview":"max-video-preview:-1"},"canonical":"https:\/\/acrimat.org.br\/portal\/isencao-de-tributos-para-racao-bovina-e-aprovada-em-comissao-na-camara\/","og_locale":"pt_BR","og_type":"article","og_title":"Isen\u00e7\u00e3o de tributos para ra\u00e7\u00e3o bovina \u00e9 aprovada na C\u00e2mara - Acrimat","og_description":"As tarifas tribut\u00e1rias chegam a elevar em mais de 9% o pre\u00e7o final do leite e da carne.","og_url":"https:\/\/acrimat.org.br\/portal\/isencao-de-tributos-para-racao-bovina-e-aprovada-em-comissao-na-camara\/","og_site_name":"Acrimat","article_published_time":"2018-01-19T11:31:34+00:00","article_modified_time":"2018-01-19T11:52:55+00:00","og_image":[{"width":730,"height":502,"url":"https:\/\/acrimat.org.br\/portal\/wp-content\/uploads\/2017\/11\/confinamento5.jpg","type":"image\/jpeg"}],"author":"Assessoria de comunica\u00e7\u00e3o ACRIMAT","twitter_card":"summary_large_image","twitter_misc":{"Escrito por":"Assessoria de comunica\u00e7\u00e3o ACRIMAT","Est. tempo de leitura":"1 minuto"},"schema":{"@context":"https:\/\/schema.org","@graph":[{"@type":"Article","@id":"https:\/\/acrimat.org.br\/portal\/isencao-de-tributos-para-racao-bovina-e-aprovada-em-comissao-na-camara\/#article","isPartOf":{"@id":"https:\/\/acrimat.org.br\/portal\/isencao-de-tributos-para-racao-bovina-e-aprovada-em-comissao-na-camara\/"},"author":{"name":"Assessoria de comunica\u00e7\u00e3o ACRIMAT","@id":"https:\/\/acrimat.org.br\/portal\/#\/schema\/person\/a309b9496344ff991e8e1b1d751fdd7b"},"headline":"Isen\u00e7\u00e3o de tributos para ra\u00e7\u00e3o bovina \u00e9 aprovada na C\u00e2mara","datePublished":"2018-01-19T11:31:34+00:00","dateModified":"2018-01-19T11:52:55+00:00","mainEntityOfPage":{"@id":"https:\/\/acrimat.org.br\/portal\/isencao-de-tributos-para-racao-bovina-e-aprovada-em-comissao-na-camara\/"},"wordCount":282,"publisher":{"@id":"https:\/\/acrimat.org.br\/portal\/#organization"},"image":{"@id":"https:\/\/acrimat.org.br\/portal\/isencao-de-tributos-para-racao-bovina-e-aprovada-em-comissao-na-camara\/#primaryimage"},"thumbnailUrl":"https:\/\/acrimat.org.br\/portal\/wp-content\/uploads\/2017\/11\/confinamento5.jpg","articleSection":["Destaques","Not\u00edcias"],"inLanguage":"pt-BR"},{"@type":"WebPage","@id":"https:\/\/acrimat.org.br\/portal\/isencao-de-tributos-para-racao-bovina-e-aprovada-em-comissao-na-camara\/","url":"https:\/\/acrimat.org.br\/portal\/isencao-de-tributos-para-racao-bovina-e-aprovada-em-comissao-na-camara\/","name":"Isen\u00e7\u00e3o de tributos para ra\u00e7\u00e3o bovina \u00e9 aprovada na C\u00e2mara - Acrimat","isPartOf":{"@id":"https:\/\/acrimat.org.br\/portal\/#website"},"primaryImageOfPage":{"@id":"https:\/\/acrimat.org.br\/portal\/isencao-de-tributos-para-racao-bovina-e-aprovada-em-comissao-na-camara\/#primaryimage"},"image":{"@id":"https:\/\/acrimat.org.br\/portal\/isencao-de-tributos-para-racao-bovina-e-aprovada-em-comissao-na-camara\/#primaryimage"},"thumbnailUrl":"https:\/\/acrimat.org.br\/portal\/wp-content\/uploads\/2017\/11\/confinamento5.jpg","datePublished":"2018-01-19T11:31:34+00:00","dateModified":"2018-01-19T11:52:55+00:00","breadcrumb":{"@id":"https:\/\/acrimat.org.br\/portal\/isencao-de-tributos-para-racao-bovina-e-aprovada-em-comissao-na-camara\/#breadcrumb"},"inLanguage":"pt-BR","potentialAction":[{"@type":"ReadAction","target":["https:\/\/acrimat.org.br\/portal\/isencao-de-tributos-para-racao-bovina-e-aprovada-em-comissao-na-camara\/"]}]},{"@type":"ImageObject","inLanguage":"pt-BR","@id":"https:\/\/acrimat.org.br\/portal\/isencao-de-tributos-para-racao-bovina-e-aprovada-em-comissao-na-camara\/#primaryimage","url":"https:\/\/acrimat.org.br\/portal\/wp-content\/uploads\/2017\/11\/confinamento5.jpg","contentUrl":"https:\/\/acrimat.org.br\/portal\/wp-content\/uploads\/2017\/11\/confinamento5.jpg","width":730,"height":502},{"@type":"BreadcrumbList","@id":"https:\/\/acrimat.org.br\/portal\/isencao-de-tributos-para-racao-bovina-e-aprovada-em-comissao-na-camara\/#breadcrumb","itemListElement":[{"@type":"ListItem","position":1,"name":"In\u00edcio","item":"https:\/\/acrimat.org.br\/portal\/"},{"@type":"ListItem","position":2,"name":"Isen\u00e7\u00e3o de tributos para ra\u00e7\u00e3o bovina \u00e9 aprovada na C\u00e2mara"}]},{"@type":"WebSite","@id":"https:\/\/acrimat.org.br\/portal\/#website","url":"https:\/\/acrimat.org.br\/portal\/","name":"Acrimat","description":"Associa\u00e7\u00e3o dos Criadores de Mato Grosso","publisher":{"@id":"https:\/\/acrimat.org.br\/portal\/#organization"},"potentialAction":[{"@type":"SearchAction","target":{"@type":"EntryPoint","urlTemplate":"https:\/\/acrimat.org.br\/portal\/?s={search_term_string}"},"query-input":{"@type":"PropertyValueSpecification","valueRequired":true,"valueName":"search_term_string"}}],"inLanguage":"pt-BR"},{"@type":"Organization","@id":"https:\/\/acrimat.org.br\/portal\/#organization","name":"Associa\u00e7\u00e3o dos Criadores de Mato Grosso","url":"https:\/\/acrimat.org.br\/portal\/","logo":{"@type":"ImageObject","inLanguage":"pt-BR","@id":"https:\/\/acrimat.org.br\/portal\/#\/schema\/logo\/image\/","url":"https:\/\/acrimat.org.br\/portal\/wp-content\/uploads\/2018\/03\/logo-peq-original.png","contentUrl":"https:\/\/acrimat.org.br\/portal\/wp-content\/uploads\/2018\/03\/logo-peq-original.png","width":174,"height":171,"caption":"Associa\u00e7\u00e3o dos Criadores de Mato Grosso"},"image":{"@id":"https:\/\/acrimat.org.br\/portal\/#\/schema\/logo\/image\/"}},{"@type":"Person","@id":"https:\/\/acrimat.org.br\/portal\/#\/schema\/person\/a309b9496344ff991e8e1b1d751fdd7b","name":"Assessoria de comunica\u00e7\u00e3o ACRIMAT","image":{"@type":"ImageObject","inLanguage":"pt-BR","@id":"https:\/\/acrimat.org.br\/portal\/#\/schema\/person\/image\/","url":"https:\/\/secure.gravatar.com\/avatar\/2f9c28e64c317bcd762b25cb1575f1b4?s=96&d=mm&r=g","contentUrl":"https:\/\/secure.gravatar.com\/avatar\/2f9c28e64c317bcd762b25cb1575f1b4?s=96&d=mm&r=g","caption":"Assessoria de comunica\u00e7\u00e3o ACRIMAT"},"sameAs":["http:\/\/acrimat.org.br\/"],"url":"https:\/\/acrimat.org.br\/portal\/author\/ascom\/"}]}},"_links":{"self":[{"href":"https:\/\/acrimat.org.br\/portal\/wp-json\/wp\/v2\/posts\/97985579","targetHints":{"allow":["GET"]}}],"collection":[{"href":"https:\/\/acrimat.org.br\/portal\/wp-json\/wp\/v2\/posts"}],"about":[{"href":"https:\/\/acrimat.org.br\/portal\/wp-json\/wp\/v2\/types\/post"}],"author":[{"embeddable":true,"href":"https:\/\/acrimat.org.br\/portal\/wp-json\/wp\/v2\/users\/7"}],"replies":[{"embeddable":true,"href":"https:\/\/acrimat.org.br\/portal\/wp-json\/wp\/v2\/comments?post=97985579"}],"version-history":[{"count":2,"href":"https:\/\/acrimat.org.br\/portal\/wp-json\/wp\/v2\/posts\/97985579\/revisions"}],"predecessor-version":[{"id":97985588,"href":"https:\/\/acrimat.org.br\/portal\/wp-json\/wp\/v2\/posts\/97985579\/revisions\/97985588"}],"wp:featuredmedia":[{"embeddable":true,"href":"https:\/\/acrimat.org.br\/portal\/wp-json\/wp\/v2\/media\/97984851"}],"wp:attachment":[{"href":"https:\/\/acrimat.org.br\/portal\/wp-json\/wp\/v2\/media?parent=97985579"}],"wp:term":[{"taxonomy":"category","embeddable":true,"href":"https:\/\/acrimat.org.br\/portal\/wp-json\/wp\/v2\/categories?post=97985579"},{"taxonomy":"post_tag","embeddable":true,"href":"https:\/\/acrimat.org.br\/portal\/wp-json\/wp\/v2\/tags?post=97985579"}],"curies":[{"name":"wp","href":"https:\/\/api.w.org\/{rel}","templated":true}]}}